{"id":27897,"date":"2022-03-14T20:43:43","date_gmt":"2022-03-14T20:43:43","guid":{"rendered":"https:\/\/blogdoere.com.br\/?p=27897"},"modified":"2022-03-14T20:43:44","modified_gmt":"2022-03-14T20:43:44","slug":"itajuipe-prefeitura-e-crv-assinam-contrato-para-coleta-de-residuo","status":"publish","type":"post","link":"https:\/\/blogdoere.com.br\/?p=27897","title":{"rendered":"ITAJU\u00cdPE: PREFEITURA E CRV ASSINAM CONTRATO PARA COLETA DE RES\u00cdDUO"},"content":{"rendered":"\n<figure class=\"wp-block-gallery has-nested-images columns-default is-cropped wp-block-gallery-1 is-layout-flex wp-block-gallery-is-layout-flex\">\n<figure class=\"wp-block-image size-large\"><img decoding=\"async\" width=\"1024\" height=\"719\" data-id=\"27898\" src=\"https:\/\/blogdoere.com.br\/wp-content\/uploads\/2022\/03\/WhatsApp-Image-2022-03-14-at-17.20.05-1024x719.jpeg\" alt=\"\" class=\"wp-image-27898\" srcset=\"https:\/\/blogdoere.com.br\/wp-content\/uploads\/2022\/03\/WhatsApp-Image-2022-03-14-at-17.20.05-1024x719.jpeg 1024w, https:\/\/blogdoere.com.br\/wp-content\/uploads\/2022\/03\/WhatsApp-Image-2022-03-14-at-17.20.05-300x211.jpeg 300w, https:\/\/blogdoere.com.br\/wp-content\/uploads\/2022\/03\/WhatsApp-Image-2022-03-14-at-17.20.05-768x539.jpeg 768w, https:\/\/blogdoere.com.br\/wp-content\/uploads\/2022\/03\/WhatsApp-Image-2022-03-14-at-17.20.05.jpeg 1382w\" sizes=\"(max-width: 1024px) 100vw, 1024px\" \/><\/figure>\n<\/figure>\n\n\n\n<p><\/p>\n\n\n\n<p class=\"has-text-align-justify\">A Prefeitura de Itaju\u00edpe e a CVR Costa do Cacau assinaram na manh\u00e3 desta segunda-feira (14) o contrato para a destina\u00e7\u00e3o correta de res\u00edduos, que marca o fim do lix\u00e3o no munic\u00edpio. Os res\u00edduos ser\u00e3o enviados ao aterro sanit\u00e1rio da CVR, numa \u00e1rea da 75 hectares as margens da rodovia Ilh\u00e9us-Itabuna, \u00fanica empresa do Sul da Bahia credenciada pelo Inema e Ibama para esse servi\u00e7o, que atende as determina\u00e7\u00f5es do Plano Nacional de Saneamento. No ato de assinatura, o prefeito de Itaju\u00edpe, Marcone Amaral , destacou que \u201ctrata-se de uma data hist\u00f3rica para o munic\u00edpio, j\u00e1 que vamos acabar com o lix\u00e3o e ter a oportunidade de colocar os res\u00edduos num local adequado e tamb\u00e9m de fortalecer a coleta seletiva nas resid\u00eancias. \u00c9 o primeiro passo para que Itaju\u00edpe evolua na conserva\u00e7\u00e3o ambiental, com o desenvolvimento sustent\u00e1vel\u201d. De acordo com o secret\u00e1rio de Agricultura e Meio Ambiente, Vinicyus Costa Guimar\u00e3es, \u201cesse processo vai diminuir bastante o impacto ambiental e fazer com que a popula\u00e7\u00e3o se sinta envolvida atrav\u00e9s da coleta seletiva de lixo\u201d. \u201cA destina\u00e7\u00e3o correta de res\u00edduos vai al\u00e9m da quest\u00e3o ambiental e da atra\u00e7\u00e3o de novos empreendimentos, porque retira fam\u00edlias que viviam no lix\u00e3o e lhes proporciona uma vida digna\u201d, disse o secret\u00e1rio de Desenvolvimento Econ\u00f4mico, Renato Ramos Junior. Itaju\u00edpe \u00e9 a terceira cidade sul baiana a assinar contrato com a CVR Costa do Cacau, que j\u00e1 recebe os res\u00edduos de Itabuna e Ibicara\u00ed, al\u00e9m de empresas privadas. \u201cA partir de Itaju\u00edpe poderemos efetivar contratos com outras prefeituras que fazem parte da Amurc. \u00c9 importante destacar ainda que nossa rela\u00e7\u00e3o com os munic\u00edpios \u00e9 de parceria, trabalhando as quest\u00f5es sociais e ambientais, que a educa\u00e7\u00e3o e o incentivo \u00e0 coleta seletiva\u201d, ressalta o gerente comercial Mauricio Ramos Sena.<\/p>\n\n\n\n<figure class=\"wp-block-gallery has-nested-images columns-default is-cropped wp-block-gallery-2 is-layout-flex wp-block-gallery-is-layout-flex\">\n<figure class=\"wp-block-image size-large\"><img decoding=\"async\" width=\"1024\" height=\"670\" data-id=\"27899\" src=\"https:\/\/blogdoere.com.br\/wp-content\/uploads\/2022\/03\/WhatsApp-Image-2022-03-14-at-17.21.26-1024x670.jpeg\" alt=\"\" class=\"wp-image-27899\" srcset=\"https:\/\/blogdoere.com.br\/wp-content\/uploads\/2022\/03\/WhatsApp-Image-2022-03-14-at-17.21.26-1024x670.jpeg 1024w, https:\/\/blogdoere.com.br\/wp-content\/uploads\/2022\/03\/WhatsApp-Image-2022-03-14-at-17.21.26-300x196.jpeg 300w, https:\/\/blogdoere.com.br\/wp-content\/uploads\/2022\/03\/WhatsApp-Image-2022-03-14-at-17.21.26-768x503.jpeg 768w, https:\/\/blogdoere.com.br\/wp-content\/uploads\/2022\/03\/WhatsApp-Image-2022-03-14-at-17.21.26.jpeg 1280w\" sizes=\"(max-width: 1024px) 100vw, 1024px\" \/><\/figure>\n<\/figure>\n\n\n\n<p class=\"has-text-align-justify\">COLETA SELETIVA<\/p>\n\n\n\n<p class=\"has-text-align-justify\">Tamb\u00e9m foi assinado um conv\u00eanio com a ONG Protetores dos Animais de Itaju\u00edpe-PAITA, que vai absorver os sete trabalhadores do lix\u00e3o, com sal\u00e1rio pago pelo munic\u00edpio, e realiza a coleta seletiva, com renda destinada aos cuidados de cerca de 120 c\u00e3es e gatos. A presidenta da PAITA, Alba Valette, afirma que \u201ca amplia\u00e7\u00e3o da coleta seletiva, com o apoio da Prefeitura e da CVR vai garantir o nosso trabalho em defesa dos animais, permitindo a compra de ra\u00e7\u00e3o e medicamentos\u201d. Para agilizar a coleta seletiva, a CVR Costa do Cacau est\u00e1 doando duas ecobikes, tr\u00eas ecopontos e uma mesa separadora, e a Prefeitura de Itaju\u00edpe doou uma ca\u00e7amba. A meta \u00e9 coletar 30 toneladas m\u00eas de material recicl\u00e1vel.<\/p>\n\n\n\n<p>Por: Daniel Thame<\/p>\n","protected":false},"excerpt":{"rendered":"<p>A Prefeitura de Itaju\u00edpe e a CVR Costa do Cacau assinaram na manh\u00e3 desta segunda-feira (14) o contrato para a destina\u00e7\u00e3o correta de res\u00edduos, que marca o fim do lix\u00e3o&#8230;<\/p>\n","protected":false},"author":1,"featured_media":27898,"comment_status":"open","ping_status":"open","sticky":false,"template":"","format":"standard","meta":{"_editorskit_title_hidden":false,"_editorskit_reading_time":0,"_editorskit_is_block_options_detached":false,"_editorskit_block_options_position":"{}","om_disable_all_campaigns":false,"_mi_skip_tracking":false,"_kad_post_transparent":"","_kad_post_title":"","_kad_post_layout":"","_kad_post_sidebar_id":"","_kad_post_content_style":"","_kad_post_vertical_padding":"","_kad_post_feature":"","_kad_post_feature_position":"","_kad_post_header":false,"_kad_post_footer":false,"footnotes":""},"categories":[56],"tags":[],"class_list":["post-27897","post","type-post","status-publish","format-standard","has-post-thumbnail","hentry","category-meioambiente"],"yoast_head":"<!-- This site is optimized with the Yoast SEO plugin v20.5 - https:\/\/yoast.com\/wordpress\/plugins\/seo\/ -->\n<title>ITAJU\u00cdPE: PREFEITURA E CRV ASSINAM CONTRATO PARA COLETA DE RES\u00cdDUO - blog do er\u00ea<\/title>\n<meta name=\"robots\" content=\"index, follow, max-snippet:-1, max-image-preview:large, max-video-preview:-1\" \/>\n<link rel=\"canonical\" href=\"https:\/\/blogdoere.com.br\/?p=27897\" \/>\n<meta property=\"og:locale\" content=\"pt_PT\" \/>\n<meta property=\"og:type\" content=\"article\" \/>\n<meta property=\"og:title\" content=\"ITAJU\u00cdPE: PREFEITURA E CRV ASSINAM CONTRATO PARA COLETA DE RES\u00cdDUO - blog do er\u00ea\" \/>\n<meta property=\"og:description\" content=\"A Prefeitura de Itaju\u00edpe e a CVR Costa do Cacau assinaram na manh\u00e3 desta segunda-feira (14) o contrato para a destina\u00e7\u00e3o correta de res\u00edduos, que marca o fim do lix\u00e3o...\" \/>\n<meta property=\"og:url\" content=\"https:\/\/blogdoere.com.br\/?p=27897\" \/>\n<meta property=\"og:site_name\" content=\"blog do er\u00ea\" \/>\n<meta property=\"article:published_time\" content=\"2022-03-14T20:43:43+00:00\" \/>\n<meta property=\"article:modified_time\" content=\"2022-03-14T20:43:44+00:00\" \/>\n<meta property=\"og:image\" content=\"https:\/\/blogdoere.com.br\/wp-content\/uploads\/2022\/03\/WhatsApp-Image-2022-03-14-at-17.20.05.jpeg\" \/>\n\t<meta property=\"og:image:width\" content=\"1382\" \/>\n\t<meta property=\"og:image:height\" content=\"970\" \/>\n\t<meta property=\"og:image:type\" content=\"image\/jpeg\" \/>\n<meta name=\"author\" content=\"blogdoere@hotmail.com\" \/>\n<meta name=\"twitter:card\" content=\"summary_large_image\" \/>\n<meta name=\"twitter:label1\" content=\"Escrito por\" \/>\n\t<meta name=\"twitter:data1\" content=\"blogdoere@hotmail.com\" \/>\n\t<meta name=\"twitter:label2\" content=\"Tempo estimado de leitura\" \/>\n\t<meta name=\"twitter:data2\" content=\"3 minutos\" \/>\n<script type=\"application\/ld+json\" class=\"yoast-schema-graph\">{\"@context\":\"https:\/\/schema.org\",\"@graph\":[{\"@type\":\"Article\",\"@id\":\"https:\/\/blogdoere.com.br\/?p=27897#article\",\"isPartOf\":{\"@id\":\"https:\/\/blogdoere.com.br\/?p=27897\"},\"author\":{\"name\":\"blogdoere@hotmail.com\",\"@id\":\"https:\/\/blogdoere.com.br\/#\/schema\/person\/c4f6d566a44c7bacdda563667715d18b\"},\"headline\":\"ITAJU\u00cdPE: PREFEITURA E CRV ASSINAM CONTRATO PARA COLETA DE RES\u00cdDUO\",\"datePublished\":\"2022-03-14T20:43:43+00:00\",\"dateModified\":\"2022-03-14T20:43:44+00:00\",\"mainEntityOfPage\":{\"@id\":\"https:\/\/blogdoere.com.br\/?p=27897\"},\"wordCount\":470,\"commentCount\":0,\"publisher\":{\"@id\":\"https:\/\/blogdoere.com.br\/#organization\"},\"articleSection\":[\"Meio Ambiente\"],\"inLanguage\":\"pt-PT\",\"potentialAction\":[{\"@type\":\"CommentAction\",\"name\":\"Comment\",\"target\":[\"https:\/\/blogdoere.com.br\/?p=27897#respond\"]}]},{\"@type\":\"WebPage\",\"@id\":\"https:\/\/blogdoere.com.br\/?p=27897\",\"url\":\"https:\/\/blogdoere.com.br\/?p=27897\",\"name\":\"ITAJU\u00cdPE: PREFEITURA E CRV ASSINAM CONTRATO PARA COLETA DE RES\u00cdDUO - blog do er\u00ea\",\"isPartOf\":{\"@id\":\"https:\/\/blogdoere.com.br\/#website\"},\"datePublished\":\"2022-03-14T20:43:43+00:00\",\"dateModified\":\"2022-03-14T20:43:44+00:00\",\"breadcrumb\":{\"@id\":\"https:\/\/blogdoere.com.br\/?p=27897#breadcrumb\"},\"inLanguage\":\"pt-PT\",\"potentialAction\":[{\"@type\":\"ReadAction\",\"target\":[\"https:\/\/blogdoere.com.br\/?p=27897\"]}]},{\"@type\":\"BreadcrumbList\",\"@id\":\"https:\/\/blogdoere.com.br\/?p=27897#breadcrumb\",\"itemListElement\":[{\"@type\":\"ListItem\",\"position\":1,\"name\":\"In\u00edcio\",\"item\":\"https:\/\/blogdoere.com.br\/\"},{\"@type\":\"ListItem\",\"position\":2,\"name\":\"ITAJU\u00cdPE: PREFEITURA E CRV ASSINAM CONTRATO PARA COLETA DE RES\u00cdDUO\"}]},{\"@type\":\"WebSite\",\"@id\":\"https:\/\/blogdoere.com.br\/#website\",\"url\":\"https:\/\/blogdoere.com.br\/\",\"name\":\"blog do er\u00ea\",\"description\":\"\",\"publisher\":{\"@id\":\"https:\/\/blogdoere.com.br\/#organization\"},\"potentialAction\":[{\"@type\":\"SearchAction\",\"target\":{\"@type\":\"EntryPoint\",\"urlTemplate\":\"https:\/\/blogdoere.com.br\/?s={search_term_string}\"},\"query-input\":\"required name=search_term_string\"}],\"inLanguage\":\"pt-PT\"},{\"@type\":\"Organization\",\"@id\":\"https:\/\/blogdoere.com.br\/#organization\",\"name\":\"Blog do Er\u00ea\",\"url\":\"https:\/\/blogdoere.com.br\/\",\"logo\":{\"@type\":\"ImageObject\",\"inLanguage\":\"pt-PT\",\"@id\":\"https:\/\/blogdoere.com.br\/#\/schema\/logo\/image\/\",\"url\":\"https:\/\/blogdoere.com.br\/wp-content\/uploads\/2021\/11\/Logo-Ere-1.png\",\"contentUrl\":\"https:\/\/blogdoere.com.br\/wp-content\/uploads\/2021\/11\/Logo-Ere-1.png\",\"width\":1261,\"height\":1330,\"caption\":\"Blog do Er\u00ea\"},\"image\":{\"@id\":\"https:\/\/blogdoere.com.br\/#\/schema\/logo\/image\/\"}},{\"@type\":\"Person\",\"@id\":\"https:\/\/blogdoere.com.br\/#\/schema\/person\/c4f6d566a44c7bacdda563667715d18b\",\"name\":\"blogdoere@hotmail.com\",\"image\":{\"@type\":\"ImageObject\",\"inLanguage\":\"pt-PT\",\"@id\":\"https:\/\/blogdoere.com.br\/#\/schema\/person\/image\/\",\"url\":\"https:\/\/secure.gravatar.com\/avatar\/5684bd39df1289cb639b4ab539d6fcad69420e4a29521548fc078c58ed122fe6?s=96&d=mm&r=g\",\"contentUrl\":\"https:\/\/secure.gravatar.com\/avatar\/5684bd39df1289cb639b4ab539d6fcad69420e4a29521548fc078c58ed122fe6?s=96&d=mm&r=g\",\"caption\":\"blogdoere@hotmail.com\"},\"sameAs\":[\"http:\/\/blogdoere.com.br\"]}]}<\/script>\n<!-- \/ Yoast SEO plugin. -->","yoast_head_json":{"title":"ITAJU\u00cdPE: PREFEITURA E CRV ASSINAM CONTRATO PARA COLETA DE RES\u00cdDUO - blog do er\u00ea","robots":{"index":"index","follow":"follow","max-snippet":"max-snippet:-1","max-image-preview":"max-image-preview:large","max-video-preview":"max-video-preview:-1"},"canonical":"https:\/\/blogdoere.com.br\/?p=27897","og_locale":"pt_PT","og_type":"article","og_title":"ITAJU\u00cdPE: PREFEITURA E CRV ASSINAM CONTRATO PARA COLETA DE RES\u00cdDUO - blog do er\u00ea","og_description":"A Prefeitura de Itaju\u00edpe e a CVR Costa do Cacau assinaram na manh\u00e3 desta segunda-feira (14) o contrato para a destina\u00e7\u00e3o correta de res\u00edduos, que marca o fim do lix\u00e3o...","og_url":"https:\/\/blogdoere.com.br\/?p=27897","og_site_name":"blog do er\u00ea","article_published_time":"2022-03-14T20:43:43+00:00","article_modified_time":"2022-03-14T20:43:44+00:00","og_image":[{"width":1382,"height":970,"url":"https:\/\/blogdoere.com.br\/wp-content\/uploads\/2022\/03\/WhatsApp-Image-2022-03-14-at-17.20.05.jpeg","type":"image\/jpeg"}],"author":"blogdoere@hotmail.com","twitter_card":"summary_large_image","twitter_misc":{"Escrito por":"blogdoere@hotmail.com","Tempo estimado de leitura":"3 minutos"},"schema":{"@context":"https:\/\/schema.org","@graph":[{"@type":"Article","@id":"https:\/\/blogdoere.com.br\/?p=27897#article","isPartOf":{"@id":"https:\/\/blogdoere.com.br\/?p=27897"},"author":{"name":"blogdoere@hotmail.com","@id":"https:\/\/blogdoere.com.br\/#\/schema\/person\/c4f6d566a44c7bacdda563667715d18b"},"headline":"ITAJU\u00cdPE: PREFEITURA E CRV ASSINAM CONTRATO PARA COLETA DE RES\u00cdDUO","datePublished":"2022-03-14T20:43:43+00:00","dateModified":"2022-03-14T20:43:44+00:00","mainEntityOfPage":{"@id":"https:\/\/blogdoere.com.br\/?p=27897"},"wordCount":470,"commentCount":0,"publisher":{"@id":"https:\/\/blogdoere.com.br\/#organization"},"articleSection":["Meio Ambiente"],"inLanguage":"pt-PT","potentialAction":[{"@type":"CommentAction","name":"Comment","target":["https:\/\/blogdoere.com.br\/?p=27897#respond"]}]},{"@type":"WebPage","@id":"https:\/\/blogdoere.com.br\/?p=27897","url":"https:\/\/blogdoere.com.br\/?p=27897","name":"ITAJU\u00cdPE: PREFEITURA E CRV ASSINAM CONTRATO PARA COLETA DE RES\u00cdDUO - blog do er\u00ea","isPartOf":{"@id":"https:\/\/blogdoere.com.br\/#website"},"datePublished":"2022-03-14T20:43:43+00:00","dateModified":"2022-03-14T20:43:44+00:00","breadcrumb":{"@id":"https:\/\/blogdoere.com.br\/?p=27897#breadcrumb"},"inLanguage":"pt-PT","potentialAction":[{"@type":"ReadAction","target":["https:\/\/blogdoere.com.br\/?p=27897"]}]},{"@type":"BreadcrumbList","@id":"https:\/\/blogdoere.com.br\/?p=27897#breadcrumb","itemListElement":[{"@type":"ListItem","position":1,"name":"In\u00edcio","item":"https:\/\/blogdoere.com.br\/"},{"@type":"ListItem","position":2,"name":"ITAJU\u00cdPE: PREFEITURA E CRV ASSINAM CONTRATO PARA COLETA DE RES\u00cdDUO"}]},{"@type":"WebSite","@id":"https:\/\/blogdoere.com.br\/#website","url":"https:\/\/blogdoere.com.br\/","name":"blog do er\u00ea","description":"","publisher":{"@id":"https:\/\/blogdoere.com.br\/#organization"},"potentialAction":[{"@type":"SearchAction","target":{"@type":"EntryPoint","urlTemplate":"https:\/\/blogdoere.com.br\/?s={search_term_string}"},"query-input":"required name=search_term_string"}],"inLanguage":"pt-PT"},{"@type":"Organization","@id":"https:\/\/blogdoere.com.br\/#organization","name":"Blog do Er\u00ea","url":"https:\/\/blogdoere.com.br\/","logo":{"@type":"ImageObject","inLanguage":"pt-PT","@id":"https:\/\/blogdoere.com.br\/#\/schema\/logo\/image\/","url":"https:\/\/blogdoere.com.br\/wp-content\/uploads\/2021\/11\/Logo-Ere-1.png","contentUrl":"https:\/\/blogdoere.com.br\/wp-content\/uploads\/2021\/11\/Logo-Ere-1.png","width":1261,"height":1330,"caption":"Blog do Er\u00ea"},"image":{"@id":"https:\/\/blogdoere.com.br\/#\/schema\/logo\/image\/"}},{"@type":"Person","@id":"https:\/\/blogdoere.com.br\/#\/schema\/person\/c4f6d566a44c7bacdda563667715d18b","name":"blogdoere@hotmail.com","image":{"@type":"ImageObject","inLanguage":"pt-PT","@id":"https:\/\/blogdoere.com.br\/#\/schema\/person\/image\/","url":"https:\/\/secure.gravatar.com\/avatar\/5684bd39df1289cb639b4ab539d6fcad69420e4a29521548fc078c58ed122fe6?s=96&d=mm&r=g","contentUrl":"https:\/\/secure.gravatar.com\/avatar\/5684bd39df1289cb639b4ab539d6fcad69420e4a29521548fc078c58ed122fe6?s=96&d=mm&r=g","caption":"blogdoere@hotmail.com"},"sameAs":["http:\/\/blogdoere.com.br"]}]}},"featured_image_urls":{"full":["https:\/\/blogdoere.com.br\/wp-content\/uploads\/2022\/03\/WhatsApp-Image-2022-03-14-at-17.20.05.jpeg",1382,970,false],"thumbnail":["https:\/\/blogdoere.com.br\/wp-content\/uploads\/2022\/03\/WhatsApp-Image-2022-03-14-at-17.20.05-150x150.jpeg",150,150,true],"medium":["https:\/\/blogdoere.com.br\/wp-content\/uploads\/2022\/03\/WhatsApp-Image-2022-03-14-at-17.20.05-300x211.jpeg",300,211,true],"medium_large":["https:\/\/blogdoere.com.br\/wp-content\/uploads\/2022\/03\/WhatsApp-Image-2022-03-14-at-17.20.05-768x539.jpeg",768,539,true],"large":["https:\/\/blogdoere.com.br\/wp-content\/uploads\/2022\/03\/WhatsApp-Image-2022-03-14-at-17.20.05-1024x719.jpeg",1024,719,true],"1536x1536":["https:\/\/blogdoere.com.br\/wp-content\/uploads\/2022\/03\/WhatsApp-Image-2022-03-14-at-17.20.05.jpeg",1382,970,false],"2048x2048":["https:\/\/blogdoere.com.br\/wp-content\/uploads\/2022\/03\/WhatsApp-Image-2022-03-14-at-17.20.05.jpeg",1382,970,false]},"author_info":{"display_name":"blogdoere@hotmail.com","author_link":"https:\/\/blogdoere.com.br\/?author=1"},"category_info":"<a href=\"https:\/\/blogdoere.com.br\/?cat=56\" rel=\"category\">Meio Ambiente<\/a>","tag_info":"Meio Ambiente","comment_count":"0","_links":{"self":[{"href":"https:\/\/blogdoere.com.br\/index.php?rest_route=\/wp\/v2\/posts\/27897","targetHints":{"allow":["GET"]}}],"collection":[{"href":"https:\/\/blogdoere.com.br\/index.php?rest_route=\/wp\/v2\/posts"}],"about":[{"href":"https:\/\/blogdoere.com.br\/index.php?rest_route=\/wp\/v2\/types\/post"}],"author":[{"embeddable":true,"href":"https:\/\/blogdoere.com.br\/index.php?rest_route=\/wp\/v2\/users\/1"}],"replies":[{"embeddable":true,"href":"https:\/\/blogdoere.com.br\/index.php?rest_route=%2Fwp%2Fv2%2Fcomments&post=27897"}],"version-history":[{"count":1,"href":"https:\/\/blogdoere.com.br\/index.php?rest_route=\/wp\/v2\/posts\/27897\/revisions"}],"predecessor-version":[{"id":27900,"href":"https:\/\/blogdoere.com.br\/index.php?rest_route=\/wp\/v2\/posts\/27897\/revisions\/27900"}],"wp:featuredmedia":[{"embeddable":true,"href":"https:\/\/blogdoere.com.br\/index.php?rest_route=\/wp\/v2\/media\/27898"}],"wp:attachment":[{"href":"https:\/\/blogdoere.com.br\/index.php?rest_route=%2Fwp%2Fv2%2Fmedia&parent=27897"}],"wp:term":[{"taxonomy":"category","embeddable":true,"href":"https:\/\/blogdoere.com.br\/index.php?rest_route=%2Fwp%2Fv2%2Fcategories&post=27897"},{"taxonomy":"post_tag","embeddable":true,"href":"https:\/\/blogdoere.com.br\/index.php?rest_route=%2Fwp%2Fv2%2Ftags&post=27897"}],"curies":[{"name":"wp","href":"https:\/\/api.w.org\/{rel}","templated":true}]}}