{"id":27939,"date":"2022-03-24T18:43:41","date_gmt":"2022-03-24T18:43:41","guid":{"rendered":"https:\/\/blogdoere.com.br\/?p=27939"},"modified":"2022-03-24T18:50:37","modified_gmt":"2022-03-24T18:50:37","slug":"salvador-advogada-maria-helena-de-paula-participa-de-encontro-de-delegados-caab","status":"publish","type":"post","link":"https:\/\/blogdoere.com.br\/?p=27939","title":{"rendered":"SALVADOR: ADVOGADA MARIA HELENA DE PAULA PARTICIPA  DE ENCONTRO DE DELEGADOS CAAB"},"content":{"rendered":"\n<p class=\"has-text-align-justify\">A advogada Maria Helena Paula, nova delegada da Caixa de Assist\u00eancia dos Advogados da Bahia (CAAB) na subse\u00e7\u00e3o da OAB da Bahia em Coaraci, vai participar do Encontro de Delegados CAAB que ser\u00e1 realizado a partir das 08h do dia 26\/03 em Salvador. Com o evento a Caixa de Assist\u00eancia re\u00fane seus representantes nas 36 subse\u00e7\u00f5es da Ordem para planificar a\u00e7\u00f5es para a advocacia do interior baiano no tri\u00eanio 2022-2024. O encontro ser\u00e1 conduzido pelo presidente da CAAB, Maur\u00edcio Leahy.<\/p>\n\n\n\n<figure class=\"wp-block-gallery has-nested-images columns-default is-cropped wp-block-gallery-1 is-layout-flex wp-block-gallery-is-layout-flex\">\n<figure class=\"wp-block-image size-large\"><img decoding=\"async\" width=\"736\" height=\"697\" data-id=\"27940\" src=\"https:\/\/blogdoere.com.br\/wp-content\/uploads\/2022\/03\/WhatsApp-Image-2022-03-24-at-15.31.49.jpeg\" alt=\"\" class=\"wp-image-27940\" srcset=\"https:\/\/blogdoere.com.br\/wp-content\/uploads\/2022\/03\/WhatsApp-Image-2022-03-24-at-15.31.49.jpeg 736w, https:\/\/blogdoere.com.br\/wp-content\/uploads\/2022\/03\/WhatsApp-Image-2022-03-24-at-15.31.49-300x284.jpeg 300w\" sizes=\"(max-width: 736px) 100vw, 736px\" \/><\/figure>\n<\/figure>\n\n\n\n<p class=\"has-text-align-justify\"> \u201c\u00c9 uma grande satisfa\u00e7\u00e3o poder representar a Caixa de Assist\u00eancia na subse\u00e7\u00e3o de Coaraci, pelo segundo mandato consecutivo. Quero agradecer ao presidente Maur\u00edcio Leahy e tamb\u00e9m ao ex-presidente Luiz Coutinho pelo reconhecimento do meu trabalho e mais esse voto de confian\u00e7a! Tenho certeza que continuaremos a fazer um lindo trabalho trazendo benef\u00edcios e fortalecendo ainda mais a nossa classe. Meus sinceros agradecimentos tamb\u00e9m ao presidente da subse\u00e7\u00e3o, Jos\u00e9 Nilton, por sempre confiar em meu empenho junto \u00e0 Ordem. Vamos Juntos nesse Novo Tempo da advocacia baiana\u201d, disse Maria Helena Paula. Para Maur\u00edcio Leahy, o encontro ser\u00e1 o ponto de partida para o planejamento das a\u00e7\u00f5es que ser\u00e3o implementadas pela institui\u00e7\u00e3o elencando as prioridades que melhor atendam as demandas e expectativas de advogados e advogadas que atuam fora da capital. Ainda de acordo com o presidente, esse encontro, al\u00e9m de ser marcado pela possibilidade de contato presencial entre diretoria e delegados, ser\u00e1 o ponto de partida para que a Caixa de Assist\u00eancia comece a coletar informa\u00e7\u00f5es sobre as reais demandas da advocacia em cada uma das 36 subse\u00e7\u00f5es da OAB-BA, o que significa, na pr\u00e1tica, conhecer as necessidades dos colegas em todas as regi\u00f5es do Estado. \u201cUma das principais metas de nossa gest\u00e3o \u00e9 humanizar cada vez mais o atendimento aos associados do interior levando a eles, na medida de poss\u00edvel, todos os servi\u00e7os e benef\u00edcios que a Caixa de Assist\u00eancia disponibiliza para os colegas de Salvador\u201d, frisou Maur\u00edcio Leahy.<\/p>\n","protected":false},"excerpt":{"rendered":"<p>A advogada Maria Helena Paula, nova delegada da Caixa de Assist\u00eancia dos Advogados da Bahia (CAAB) na subse\u00e7\u00e3o da OAB da Bahia em Coaraci, vai participar do Encontro de Delegados&#8230;<\/p>\n","protected":false},"author":1,"featured_media":27940,"comment_status":"open","ping_status":"open","sticky":false,"template":"","format":"standard","meta":{"_editorskit_title_hidden":false,"_editorskit_reading_time":1,"_editorskit_is_block_options_detached":false,"_editorskit_block_options_position":"{}","om_disable_all_campaigns":false,"_mi_skip_tracking":false,"_kad_post_transparent":"","_kad_post_title":"","_kad_post_layout":"","_kad_post_sidebar_id":"","_kad_post_content_style":"","_kad_post_vertical_padding":"","_kad_post_feature":"","_kad_post_feature_position":"","_kad_post_header":false,"_kad_post_footer":false,"footnotes":""},"categories":[74],"tags":[],"class_list":["post-27939","post","type-post","status-publish","format-standard","has-post-thumbnail","hentry","category-direito"],"yoast_head":"<!-- This site is optimized with the Yoast SEO plugin v20.5 - https:\/\/yoast.com\/wordpress\/plugins\/seo\/ -->\n<title>SALVADOR: ADVOGADA MARIA HELENA DE PAULA PARTICIPA DE ENCONTRO DE DELEGADOS CAAB - blog do er\u00ea<\/title>\n<meta name=\"robots\" content=\"index, follow, max-snippet:-1, max-image-preview:large, max-video-preview:-1\" \/>\n<link rel=\"canonical\" href=\"https:\/\/blogdoere.com.br\/?p=27939\" \/>\n<meta property=\"og:locale\" content=\"pt_PT\" \/>\n<meta property=\"og:type\" content=\"article\" \/>\n<meta property=\"og:title\" content=\"SALVADOR: ADVOGADA MARIA HELENA DE PAULA PARTICIPA DE ENCONTRO DE DELEGADOS CAAB - blog do er\u00ea\" \/>\n<meta property=\"og:description\" content=\"A advogada Maria Helena Paula, nova delegada da Caixa de Assist\u00eancia dos Advogados da Bahia (CAAB) na subse\u00e7\u00e3o da OAB da Bahia em Coaraci, vai participar do Encontro de Delegados...\" \/>\n<meta property=\"og:url\" content=\"https:\/\/blogdoere.com.br\/?p=27939\" \/>\n<meta property=\"og:site_name\" content=\"blog do er\u00ea\" \/>\n<meta property=\"article:published_time\" content=\"2022-03-24T18:43:41+00:00\" \/>\n<meta property=\"article:modified_time\" content=\"2022-03-24T18:50:37+00:00\" \/>\n<meta property=\"og:image\" content=\"https:\/\/blogdoere.com.br\/wp-content\/uploads\/2022\/03\/WhatsApp-Image-2022-03-24-at-15.31.49.jpeg\" \/>\n\t<meta property=\"og:image:width\" content=\"736\" \/>\n\t<meta property=\"og:image:height\" content=\"697\" \/>\n\t<meta property=\"og:image:type\" content=\"image\/jpeg\" \/>\n<meta name=\"author\" content=\"blogdoere@hotmail.com\" \/>\n<meta name=\"twitter:card\" content=\"summary_large_image\" \/>\n<meta name=\"twitter:label1\" content=\"Escrito por\" \/>\n\t<meta name=\"twitter:data1\" content=\"blogdoere@hotmail.com\" \/>\n\t<meta name=\"twitter:label2\" content=\"Tempo estimado de leitura\" \/>\n\t<meta name=\"twitter:data2\" content=\"2 minutos\" \/>\n<script type=\"application\/ld+json\" class=\"yoast-schema-graph\">{\"@context\":\"https:\/\/schema.org\",\"@graph\":[{\"@type\":\"Article\",\"@id\":\"https:\/\/blogdoere.com.br\/?p=27939#article\",\"isPartOf\":{\"@id\":\"https:\/\/blogdoere.com.br\/?p=27939\"},\"author\":{\"name\":\"blogdoere@hotmail.com\",\"@id\":\"https:\/\/blogdoere.com.br\/#\/schema\/person\/c4f6d566a44c7bacdda563667715d18b\"},\"headline\":\"SALVADOR: ADVOGADA MARIA HELENA DE PAULA PARTICIPA DE ENCONTRO DE DELEGADOS CAAB\",\"datePublished\":\"2022-03-24T18:43:41+00:00\",\"dateModified\":\"2022-03-24T18:50:37+00:00\",\"mainEntityOfPage\":{\"@id\":\"https:\/\/blogdoere.com.br\/?p=27939\"},\"wordCount\":358,\"commentCount\":0,\"publisher\":{\"@id\":\"https:\/\/blogdoere.com.br\/#organization\"},\"articleSection\":[\"Direito\"],\"inLanguage\":\"pt-PT\",\"potentialAction\":[{\"@type\":\"CommentAction\",\"name\":\"Comment\",\"target\":[\"https:\/\/blogdoere.com.br\/?p=27939#respond\"]}]},{\"@type\":\"WebPage\",\"@id\":\"https:\/\/blogdoere.com.br\/?p=27939\",\"url\":\"https:\/\/blogdoere.com.br\/?p=27939\",\"name\":\"SALVADOR: ADVOGADA MARIA HELENA DE PAULA PARTICIPA DE ENCONTRO DE DELEGADOS CAAB - blog do er\u00ea\",\"isPartOf\":{\"@id\":\"https:\/\/blogdoere.com.br\/#website\"},\"datePublished\":\"2022-03-24T18:43:41+00:00\",\"dateModified\":\"2022-03-24T18:50:37+00:00\",\"breadcrumb\":{\"@id\":\"https:\/\/blogdoere.com.br\/?p=27939#breadcrumb\"},\"inLanguage\":\"pt-PT\",\"potentialAction\":[{\"@type\":\"ReadAction\",\"target\":[\"https:\/\/blogdoere.com.br\/?p=27939\"]}]},{\"@type\":\"BreadcrumbList\",\"@id\":\"https:\/\/blogdoere.com.br\/?p=27939#breadcrumb\",\"itemListElement\":[{\"@type\":\"ListItem\",\"position\":1,\"name\":\"In\u00edcio\",\"item\":\"https:\/\/blogdoere.com.br\/\"},{\"@type\":\"ListItem\",\"position\":2,\"name\":\"SALVADOR: ADVOGADA MARIA HELENA DE PAULA PARTICIPA DE ENCONTRO DE DELEGADOS CAAB\"}]},{\"@type\":\"WebSite\",\"@id\":\"https:\/\/blogdoere.com.br\/#website\",\"url\":\"https:\/\/blogdoere.com.br\/\",\"name\":\"blog do er\u00ea\",\"description\":\"\",\"publisher\":{\"@id\":\"https:\/\/blogdoere.com.br\/#organization\"},\"potentialAction\":[{\"@type\":\"SearchAction\",\"target\":{\"@type\":\"EntryPoint\",\"urlTemplate\":\"https:\/\/blogdoere.com.br\/?s={search_term_string}\"},\"query-input\":\"required name=search_term_string\"}],\"inLanguage\":\"pt-PT\"},{\"@type\":\"Organization\",\"@id\":\"https:\/\/blogdoere.com.br\/#organization\",\"name\":\"Blog do Er\u00ea\",\"url\":\"https:\/\/blogdoere.com.br\/\",\"logo\":{\"@type\":\"ImageObject\",\"inLanguage\":\"pt-PT\",\"@id\":\"https:\/\/blogdoere.com.br\/#\/schema\/logo\/image\/\",\"url\":\"https:\/\/blogdoere.com.br\/wp-content\/uploads\/2021\/11\/Logo-Ere-1.png\",\"contentUrl\":\"https:\/\/blogdoere.com.br\/wp-content\/uploads\/2021\/11\/Logo-Ere-1.png\",\"width\":1261,\"height\":1330,\"caption\":\"Blog do Er\u00ea\"},\"image\":{\"@id\":\"https:\/\/blogdoere.com.br\/#\/schema\/logo\/image\/\"}},{\"@type\":\"Person\",\"@id\":\"https:\/\/blogdoere.com.br\/#\/schema\/person\/c4f6d566a44c7bacdda563667715d18b\",\"name\":\"blogdoere@hotmail.com\",\"image\":{\"@type\":\"ImageObject\",\"inLanguage\":\"pt-PT\",\"@id\":\"https:\/\/blogdoere.com.br\/#\/schema\/person\/image\/\",\"url\":\"https:\/\/secure.gravatar.com\/avatar\/5684bd39df1289cb639b4ab539d6fcad69420e4a29521548fc078c58ed122fe6?s=96&d=mm&r=g\",\"contentUrl\":\"https:\/\/secure.gravatar.com\/avatar\/5684bd39df1289cb639b4ab539d6fcad69420e4a29521548fc078c58ed122fe6?s=96&d=mm&r=g\",\"caption\":\"blogdoere@hotmail.com\"},\"sameAs\":[\"http:\/\/blogdoere.com.br\"]}]}<\/script>\n<!-- \/ Yoast SEO plugin. -->","yoast_head_json":{"title":"SALVADOR: ADVOGADA MARIA HELENA DE PAULA PARTICIPA DE ENCONTRO DE DELEGADOS CAAB - blog do er\u00ea","robots":{"index":"index","follow":"follow","max-snippet":"max-snippet:-1","max-image-preview":"max-image-preview:large","max-video-preview":"max-video-preview:-1"},"canonical":"https:\/\/blogdoere.com.br\/?p=27939","og_locale":"pt_PT","og_type":"article","og_title":"SALVADOR: ADVOGADA MARIA HELENA DE PAULA PARTICIPA DE ENCONTRO DE DELEGADOS CAAB - blog do er\u00ea","og_description":"A advogada Maria Helena Paula, nova delegada da Caixa de Assist\u00eancia dos Advogados da Bahia (CAAB) na subse\u00e7\u00e3o da OAB da Bahia em Coaraci, vai participar do Encontro de Delegados...","og_url":"https:\/\/blogdoere.com.br\/?p=27939","og_site_name":"blog do er\u00ea","article_published_time":"2022-03-24T18:43:41+00:00","article_modified_time":"2022-03-24T18:50:37+00:00","og_image":[{"width":736,"height":697,"url":"https:\/\/blogdoere.com.br\/wp-content\/uploads\/2022\/03\/WhatsApp-Image-2022-03-24-at-15.31.49.jpeg","type":"image\/jpeg"}],"author":"blogdoere@hotmail.com","twitter_card":"summary_large_image","twitter_misc":{"Escrito por":"blogdoere@hotmail.com","Tempo estimado de leitura":"2 minutos"},"schema":{"@context":"https:\/\/schema.org","@graph":[{"@type":"Article","@id":"https:\/\/blogdoere.com.br\/?p=27939#article","isPartOf":{"@id":"https:\/\/blogdoere.com.br\/?p=27939"},"author":{"name":"blogdoere@hotmail.com","@id":"https:\/\/blogdoere.com.br\/#\/schema\/person\/c4f6d566a44c7bacdda563667715d18b"},"headline":"SALVADOR: ADVOGADA MARIA HELENA DE PAULA PARTICIPA DE ENCONTRO DE DELEGADOS CAAB","datePublished":"2022-03-24T18:43:41+00:00","dateModified":"2022-03-24T18:50:37+00:00","mainEntityOfPage":{"@id":"https:\/\/blogdoere.com.br\/?p=27939"},"wordCount":358,"commentCount":0,"publisher":{"@id":"https:\/\/blogdoere.com.br\/#organization"},"articleSection":["Direito"],"inLanguage":"pt-PT","potentialAction":[{"@type":"CommentAction","name":"Comment","target":["https:\/\/blogdoere.com.br\/?p=27939#respond"]}]},{"@type":"WebPage","@id":"https:\/\/blogdoere.com.br\/?p=27939","url":"https:\/\/blogdoere.com.br\/?p=27939","name":"SALVADOR: ADVOGADA MARIA HELENA DE PAULA PARTICIPA DE ENCONTRO DE DELEGADOS CAAB - blog do er\u00ea","isPartOf":{"@id":"https:\/\/blogdoere.com.br\/#website"},"datePublished":"2022-03-24T18:43:41+00:00","dateModified":"2022-03-24T18:50:37+00:00","breadcrumb":{"@id":"https:\/\/blogdoere.com.br\/?p=27939#breadcrumb"},"inLanguage":"pt-PT","potentialAction":[{"@type":"ReadAction","target":["https:\/\/blogdoere.com.br\/?p=27939"]}]},{"@type":"BreadcrumbList","@id":"https:\/\/blogdoere.com.br\/?p=27939#breadcrumb","itemListElement":[{"@type":"ListItem","position":1,"name":"In\u00edcio","item":"https:\/\/blogdoere.com.br\/"},{"@type":"ListItem","position":2,"name":"SALVADOR: ADVOGADA MARIA HELENA DE PAULA PARTICIPA DE ENCONTRO DE DELEGADOS CAAB"}]},{"@type":"WebSite","@id":"https:\/\/blogdoere.com.br\/#website","url":"https:\/\/blogdoere.com.br\/","name":"blog do er\u00ea","description":"","publisher":{"@id":"https:\/\/blogdoere.com.br\/#organization"},"potentialAction":[{"@type":"SearchAction","target":{"@type":"EntryPoint","urlTemplate":"https:\/\/blogdoere.com.br\/?s={search_term_string}"},"query-input":"required name=search_term_string"}],"inLanguage":"pt-PT"},{"@type":"Organization","@id":"https:\/\/blogdoere.com.br\/#organization","name":"Blog do Er\u00ea","url":"https:\/\/blogdoere.com.br\/","logo":{"@type":"ImageObject","inLanguage":"pt-PT","@id":"https:\/\/blogdoere.com.br\/#\/schema\/logo\/image\/","url":"https:\/\/blogdoere.com.br\/wp-content\/uploads\/2021\/11\/Logo-Ere-1.png","contentUrl":"https:\/\/blogdoere.com.br\/wp-content\/uploads\/2021\/11\/Logo-Ere-1.png","width":1261,"height":1330,"caption":"Blog do Er\u00ea"},"image":{"@id":"https:\/\/blogdoere.com.br\/#\/schema\/logo\/image\/"}},{"@type":"Person","@id":"https:\/\/blogdoere.com.br\/#\/schema\/person\/c4f6d566a44c7bacdda563667715d18b","name":"blogdoere@hotmail.com","image":{"@type":"ImageObject","inLanguage":"pt-PT","@id":"https:\/\/blogdoere.com.br\/#\/schema\/person\/image\/","url":"https:\/\/secure.gravatar.com\/avatar\/5684bd39df1289cb639b4ab539d6fcad69420e4a29521548fc078c58ed122fe6?s=96&d=mm&r=g","contentUrl":"https:\/\/secure.gravatar.com\/avatar\/5684bd39df1289cb639b4ab539d6fcad69420e4a29521548fc078c58ed122fe6?s=96&d=mm&r=g","caption":"blogdoere@hotmail.com"},"sameAs":["http:\/\/blogdoere.com.br"]}]}},"featured_image_urls":{"full":["https:\/\/blogdoere.com.br\/wp-content\/uploads\/2022\/03\/WhatsApp-Image-2022-03-24-at-15.31.49.jpeg",736,697,false],"thumbnail":["https:\/\/blogdoere.com.br\/wp-content\/uploads\/2022\/03\/WhatsApp-Image-2022-03-24-at-15.31.49-150x150.jpeg",150,150,true],"medium":["https:\/\/blogdoere.com.br\/wp-content\/uploads\/2022\/03\/WhatsApp-Image-2022-03-24-at-15.31.49-300x284.jpeg",300,284,true],"medium_large":["https:\/\/blogdoere.com.br\/wp-content\/uploads\/2022\/03\/WhatsApp-Image-2022-03-24-at-15.31.49.jpeg",736,697,false],"large":["https:\/\/blogdoere.com.br\/wp-content\/uploads\/2022\/03\/WhatsApp-Image-2022-03-24-at-15.31.49.jpeg",736,697,false],"1536x1536":["https:\/\/blogdoere.com.br\/wp-content\/uploads\/2022\/03\/WhatsApp-Image-2022-03-24-at-15.31.49.jpeg",736,697,false],"2048x2048":["https:\/\/blogdoere.com.br\/wp-content\/uploads\/2022\/03\/WhatsApp-Image-2022-03-24-at-15.31.49.jpeg",736,697,false]},"author_info":{"display_name":"blogdoere@hotmail.com","author_link":"https:\/\/blogdoere.com.br\/?author=1"},"category_info":"<a href=\"https:\/\/blogdoere.com.br\/?cat=74\" rel=\"category\">Direito<\/a>","tag_info":"Direito","comment_count":"0","_links":{"self":[{"href":"https:\/\/blogdoere.com.br\/index.php?rest_route=\/wp\/v2\/posts\/27939","targetHints":{"allow":["GET"]}}],"collection":[{"href":"https:\/\/blogdoere.com.br\/index.php?rest_route=\/wp\/v2\/posts"}],"about":[{"href":"https:\/\/blogdoere.com.br\/index.php?rest_route=\/wp\/v2\/types\/post"}],"author":[{"embeddable":true,"href":"https:\/\/blogdoere.com.br\/index.php?rest_route=\/wp\/v2\/users\/1"}],"replies":[{"embeddable":true,"href":"https:\/\/blogdoere.com.br\/index.php?rest_route=%2Fwp%2Fv2%2Fcomments&post=27939"}],"version-history":[{"count":1,"href":"https:\/\/blogdoere.com.br\/index.php?rest_route=\/wp\/v2\/posts\/27939\/revisions"}],"predecessor-version":[{"id":27941,"href":"https:\/\/blogdoere.com.br\/index.php?rest_route=\/wp\/v2\/posts\/27939\/revisions\/27941"}],"wp:featuredmedia":[{"embeddable":true,"href":"https:\/\/blogdoere.com.br\/index.php?rest_route=\/wp\/v2\/media\/27940"}],"wp:attachment":[{"href":"https:\/\/blogdoere.com.br\/index.php?rest_route=%2Fwp%2Fv2%2Fmedia&parent=27939"}],"wp:term":[{"taxonomy":"category","embeddable":true,"href":"https:\/\/blogdoere.com.br\/index.php?rest_route=%2Fwp%2Fv2%2Fcategories&post=27939"},{"taxonomy":"post_tag","embeddable":true,"href":"https:\/\/blogdoere.com.br\/index.php?rest_route=%2Fwp%2Fv2%2Ftags&post=27939"}],"curies":[{"name":"wp","href":"https:\/\/api.w.org\/{rel}","templated":true}]}}