{"id":27943,"date":"2022-03-24T23:11:39","date_gmt":"2022-03-24T23:11:39","guid":{"rendered":"https:\/\/blogdoere.com.br\/?p=27943"},"modified":"2022-03-25T01:57:43","modified_gmt":"2022-03-25T01:57:43","slug":"itajuipe-prefeito-marcone-pode-renunciar-mandato-nesta-sexta-feira","status":"publish","type":"post","link":"https:\/\/blogdoere.com.br\/?p=27943","title":{"rendered":"ITAJU\u00cdPE: PREFEITO MARCONE PODE RENUNCIAR MANDATO NESTA SEXTA-FEIRA"},"content":{"rendered":"\n<div class=\"wp-block-image caption-align-center\"><figure class=\"aligncenter size-full\"><img decoding=\"async\" width=\"359\" height=\"249\" src=\"https:\/\/blogdoere.com.br\/wp-content\/uploads\/2022\/03\/WhatsApp-Image-2022-03-24-at-17.14.02-1.jpeg\" alt=\"\" class=\"wp-image-27944\" srcset=\"https:\/\/blogdoere.com.br\/wp-content\/uploads\/2022\/03\/WhatsApp-Image-2022-03-24-at-17.14.02-1.jpeg 359w, https:\/\/blogdoere.com.br\/wp-content\/uploads\/2022\/03\/WhatsApp-Image-2022-03-24-at-17.14.02-1-300x208.jpeg 300w\" sizes=\"(max-width: 359px) 100vw, 359px\" \/><\/figure><\/div>\n\n\n\n<p class=\"has-text-align-justify\">Nesta sexta-feira, dia 25 de mar\u00e7o, \u00e0s 11 horas, em entrevista coletiva na Casa da Cultura Junot Matos de Santana, o prefeito de Itaju\u00edpe, Marcone Amaral (PSD), pode renunciar seu mandato para disputar uma das 63 cadeiras na Assembleia Legislativa da Bahia. Gestor de segundo mandato, aprovado pela popula\u00e7\u00e3o itajuipense \u00e9 lideran\u00e7a regional com capacidade gerencial e pol\u00edtica, tem discurso municipalista, \u00e9 presidente da Amurc ( Associa\u00e7\u00e3o dos Munic\u00edpios do Sul, Extremo Sul e Sudoeste da Bahia). Caso o prefeito Marcone passe a bola para o vice-prefeito L\u00e9o da Capoeira(PSD), o mesmo ter\u00e1 pela frente a miss\u00e3o de dar continuidade ao projeto de desenvolvimento do munic\u00edpio implantado pelo ex-jogador do Esporte Clube Vit\u00f3ria. O vice-prefeito L\u00e9o da Capoeira que, sempre atuou nas decis\u00f5es pol\u00edtica e administrativa ao lado do prefeito Marcone, \u00e9 ex-vereador e tem forma\u00e7\u00e3o em gest\u00e3o p\u00fablica, com especializa\u00e7\u00e3o em gest\u00e3o p\u00fablica municipal e desenvolvimento regional.<\/p>\n","protected":false},"excerpt":{"rendered":"<p>Nesta sexta-feira, dia 25 de mar\u00e7o, \u00e0s 11 horas, em entrevista coletiva na Casa da Cultura Junot Matos de Santana, o prefeito de Itaju\u00edpe, Marcone Amaral (PSD), pode renunciar seu&#8230;<\/p>\n","protected":false},"author":1,"featured_media":27944,"comment_status":"open","ping_status":"open","sticky":false,"template":"","format":"standard","meta":{"_editorskit_title_hidden":false,"_editorskit_reading_time":1,"_editorskit_is_block_options_detached":false,"_editorskit_block_options_position":"{}","om_disable_all_campaigns":false,"_mi_skip_tracking":false,"_kad_post_transparent":"","_kad_post_title":"","_kad_post_layout":"","_kad_post_sidebar_id":"","_kad_post_content_style":"","_kad_post_vertical_padding":"","_kad_post_feature":"","_kad_post_feature_position":"","_kad_post_header":false,"_kad_post_footer":false,"footnotes":""},"categories":[32],"tags":[],"class_list":["post-27943","post","type-post","status-publish","format-standard","has-post-thumbnail","hentry","category-politica"],"yoast_head":"<!-- This site is optimized with the Yoast SEO plugin v20.5 - https:\/\/yoast.com\/wordpress\/plugins\/seo\/ -->\n<title>ITAJU\u00cdPE: PREFEITO MARCONE PODE RENUNCIAR MANDATO NESTA SEXTA-FEIRA - blog do er\u00ea<\/title>\n<meta name=\"robots\" content=\"index, follow, max-snippet:-1, max-image-preview:large, max-video-preview:-1\" \/>\n<link rel=\"canonical\" href=\"https:\/\/blogdoere.com.br\/?p=27943\" \/>\n<meta property=\"og:locale\" content=\"pt_PT\" \/>\n<meta property=\"og:type\" content=\"article\" \/>\n<meta property=\"og:title\" content=\"ITAJU\u00cdPE: PREFEITO MARCONE PODE RENUNCIAR MANDATO NESTA SEXTA-FEIRA - blog do er\u00ea\" \/>\n<meta property=\"og:description\" content=\"Nesta sexta-feira, dia 25 de mar\u00e7o, \u00e0s 11 horas, em entrevista coletiva na Casa da Cultura Junot Matos de Santana, o prefeito de Itaju\u00edpe, Marcone Amaral (PSD), pode renunciar seu...\" \/>\n<meta property=\"og:url\" content=\"https:\/\/blogdoere.com.br\/?p=27943\" \/>\n<meta property=\"og:site_name\" content=\"blog do er\u00ea\" \/>\n<meta property=\"article:published_time\" content=\"2022-03-24T23:11:39+00:00\" \/>\n<meta property=\"article:modified_time\" content=\"2022-03-25T01:57:43+00:00\" \/>\n<meta property=\"og:image\" content=\"https:\/\/blogdoere.com.br\/wp-content\/uploads\/2022\/03\/WhatsApp-Image-2022-03-24-at-17.14.02-1.jpeg\" \/>\n\t<meta property=\"og:image:width\" content=\"359\" \/>\n\t<meta property=\"og:image:height\" content=\"249\" \/>\n\t<meta property=\"og:image:type\" content=\"image\/jpeg\" \/>\n<meta name=\"author\" content=\"blogdoere@hotmail.com\" \/>\n<meta name=\"twitter:card\" content=\"summary_large_image\" \/>\n<meta name=\"twitter:label1\" content=\"Escrito por\" \/>\n\t<meta name=\"twitter:data1\" content=\"blogdoere@hotmail.com\" \/>\n\t<meta name=\"twitter:label2\" content=\"Tempo estimado de leitura\" \/>\n\t<meta name=\"twitter:data2\" content=\"1 minuto\" \/>\n<script type=\"application\/ld+json\" class=\"yoast-schema-graph\">{\"@context\":\"https:\/\/schema.org\",\"@graph\":[{\"@type\":\"Article\",\"@id\":\"https:\/\/blogdoere.com.br\/?p=27943#article\",\"isPartOf\":{\"@id\":\"https:\/\/blogdoere.com.br\/?p=27943\"},\"author\":{\"name\":\"blogdoere@hotmail.com\",\"@id\":\"https:\/\/blogdoere.com.br\/#\/schema\/person\/c4f6d566a44c7bacdda563667715d18b\"},\"headline\":\"ITAJU\u00cdPE: PREFEITO MARCONE PODE RENUNCIAR MANDATO NESTA SEXTA-FEIRA\",\"datePublished\":\"2022-03-24T23:11:39+00:00\",\"dateModified\":\"2022-03-25T01:57:43+00:00\",\"mainEntityOfPage\":{\"@id\":\"https:\/\/blogdoere.com.br\/?p=27943\"},\"wordCount\":171,\"commentCount\":0,\"publisher\":{\"@id\":\"https:\/\/blogdoere.com.br\/#organization\"},\"articleSection\":[\"Pol\u00edtica\"],\"inLanguage\":\"pt-PT\",\"potentialAction\":[{\"@type\":\"CommentAction\",\"name\":\"Comment\",\"target\":[\"https:\/\/blogdoere.com.br\/?p=27943#respond\"]}]},{\"@type\":\"WebPage\",\"@id\":\"https:\/\/blogdoere.com.br\/?p=27943\",\"url\":\"https:\/\/blogdoere.com.br\/?p=27943\",\"name\":\"ITAJU\u00cdPE: PREFEITO MARCONE PODE RENUNCIAR MANDATO NESTA SEXTA-FEIRA - blog do er\u00ea\",\"isPartOf\":{\"@id\":\"https:\/\/blogdoere.com.br\/#website\"},\"datePublished\":\"2022-03-24T23:11:39+00:00\",\"dateModified\":\"2022-03-25T01:57:43+00:00\",\"breadcrumb\":{\"@id\":\"https:\/\/blogdoere.com.br\/?p=27943#breadcrumb\"},\"inLanguage\":\"pt-PT\",\"potentialAction\":[{\"@type\":\"ReadAction\",\"target\":[\"https:\/\/blogdoere.com.br\/?p=27943\"]}]},{\"@type\":\"BreadcrumbList\",\"@id\":\"https:\/\/blogdoere.com.br\/?p=27943#breadcrumb\",\"itemListElement\":[{\"@type\":\"ListItem\",\"position\":1,\"name\":\"In\u00edcio\",\"item\":\"https:\/\/blogdoere.com.br\/\"},{\"@type\":\"ListItem\",\"position\":2,\"name\":\"ITAJU\u00cdPE: PREFEITO MARCONE PODE RENUNCIAR MANDATO NESTA SEXTA-FEIRA\"}]},{\"@type\":\"WebSite\",\"@id\":\"https:\/\/blogdoere.com.br\/#website\",\"url\":\"https:\/\/blogdoere.com.br\/\",\"name\":\"blog do er\u00ea\",\"description\":\"\",\"publisher\":{\"@id\":\"https:\/\/blogdoere.com.br\/#organization\"},\"potentialAction\":[{\"@type\":\"SearchAction\",\"target\":{\"@type\":\"EntryPoint\",\"urlTemplate\":\"https:\/\/blogdoere.com.br\/?s={search_term_string}\"},\"query-input\":\"required name=search_term_string\"}],\"inLanguage\":\"pt-PT\"},{\"@type\":\"Organization\",\"@id\":\"https:\/\/blogdoere.com.br\/#organization\",\"name\":\"Blog do Er\u00ea\",\"url\":\"https:\/\/blogdoere.com.br\/\",\"logo\":{\"@type\":\"ImageObject\",\"inLanguage\":\"pt-PT\",\"@id\":\"https:\/\/blogdoere.com.br\/#\/schema\/logo\/image\/\",\"url\":\"https:\/\/blogdoere.com.br\/wp-content\/uploads\/2021\/11\/Logo-Ere-1.png\",\"contentUrl\":\"https:\/\/blogdoere.com.br\/wp-content\/uploads\/2021\/11\/Logo-Ere-1.png\",\"width\":1261,\"height\":1330,\"caption\":\"Blog do Er\u00ea\"},\"image\":{\"@id\":\"https:\/\/blogdoere.com.br\/#\/schema\/logo\/image\/\"}},{\"@type\":\"Person\",\"@id\":\"https:\/\/blogdoere.com.br\/#\/schema\/person\/c4f6d566a44c7bacdda563667715d18b\",\"name\":\"blogdoere@hotmail.com\",\"image\":{\"@type\":\"ImageObject\",\"inLanguage\":\"pt-PT\",\"@id\":\"https:\/\/blogdoere.com.br\/#\/schema\/person\/image\/\",\"url\":\"https:\/\/secure.gravatar.com\/avatar\/5684bd39df1289cb639b4ab539d6fcad69420e4a29521548fc078c58ed122fe6?s=96&d=mm&r=g\",\"contentUrl\":\"https:\/\/secure.gravatar.com\/avatar\/5684bd39df1289cb639b4ab539d6fcad69420e4a29521548fc078c58ed122fe6?s=96&d=mm&r=g\",\"caption\":\"blogdoere@hotmail.com\"},\"sameAs\":[\"http:\/\/blogdoere.com.br\"]}]}<\/script>\n<!-- \/ Yoast SEO plugin. -->","yoast_head_json":{"title":"ITAJU\u00cdPE: PREFEITO MARCONE PODE RENUNCIAR MANDATO NESTA SEXTA-FEIRA - blog do er\u00ea","robots":{"index":"index","follow":"follow","max-snippet":"max-snippet:-1","max-image-preview":"max-image-preview:large","max-video-preview":"max-video-preview:-1"},"canonical":"https:\/\/blogdoere.com.br\/?p=27943","og_locale":"pt_PT","og_type":"article","og_title":"ITAJU\u00cdPE: PREFEITO MARCONE PODE RENUNCIAR MANDATO NESTA SEXTA-FEIRA - blog do er\u00ea","og_description":"Nesta sexta-feira, dia 25 de mar\u00e7o, \u00e0s 11 horas, em entrevista coletiva na Casa da Cultura Junot Matos de Santana, o prefeito de Itaju\u00edpe, Marcone Amaral (PSD), pode renunciar seu...","og_url":"https:\/\/blogdoere.com.br\/?p=27943","og_site_name":"blog do er\u00ea","article_published_time":"2022-03-24T23:11:39+00:00","article_modified_time":"2022-03-25T01:57:43+00:00","og_image":[{"width":359,"height":249,"url":"https:\/\/blogdoere.com.br\/wp-content\/uploads\/2022\/03\/WhatsApp-Image-2022-03-24-at-17.14.02-1.jpeg","type":"image\/jpeg"}],"author":"blogdoere@hotmail.com","twitter_card":"summary_large_image","twitter_misc":{"Escrito por":"blogdoere@hotmail.com","Tempo estimado de leitura":"1 minuto"},"schema":{"@context":"https:\/\/schema.org","@graph":[{"@type":"Article","@id":"https:\/\/blogdoere.com.br\/?p=27943#article","isPartOf":{"@id":"https:\/\/blogdoere.com.br\/?p=27943"},"author":{"name":"blogdoere@hotmail.com","@id":"https:\/\/blogdoere.com.br\/#\/schema\/person\/c4f6d566a44c7bacdda563667715d18b"},"headline":"ITAJU\u00cdPE: PREFEITO MARCONE PODE RENUNCIAR MANDATO NESTA SEXTA-FEIRA","datePublished":"2022-03-24T23:11:39+00:00","dateModified":"2022-03-25T01:57:43+00:00","mainEntityOfPage":{"@id":"https:\/\/blogdoere.com.br\/?p=27943"},"wordCount":171,"commentCount":0,"publisher":{"@id":"https:\/\/blogdoere.com.br\/#organization"},"articleSection":["Pol\u00edtica"],"inLanguage":"pt-PT","potentialAction":[{"@type":"CommentAction","name":"Comment","target":["https:\/\/blogdoere.com.br\/?p=27943#respond"]}]},{"@type":"WebPage","@id":"https:\/\/blogdoere.com.br\/?p=27943","url":"https:\/\/blogdoere.com.br\/?p=27943","name":"ITAJU\u00cdPE: PREFEITO MARCONE PODE RENUNCIAR MANDATO NESTA SEXTA-FEIRA - blog do er\u00ea","isPartOf":{"@id":"https:\/\/blogdoere.com.br\/#website"},"datePublished":"2022-03-24T23:11:39+00:00","dateModified":"2022-03-25T01:57:43+00:00","breadcrumb":{"@id":"https:\/\/blogdoere.com.br\/?p=27943#breadcrumb"},"inLanguage":"pt-PT","potentialAction":[{"@type":"ReadAction","target":["https:\/\/blogdoere.com.br\/?p=27943"]}]},{"@type":"BreadcrumbList","@id":"https:\/\/blogdoere.com.br\/?p=27943#breadcrumb","itemListElement":[{"@type":"ListItem","position":1,"name":"In\u00edcio","item":"https:\/\/blogdoere.com.br\/"},{"@type":"ListItem","position":2,"name":"ITAJU\u00cdPE: PREFEITO MARCONE PODE RENUNCIAR MANDATO NESTA SEXTA-FEIRA"}]},{"@type":"WebSite","@id":"https:\/\/blogdoere.com.br\/#website","url":"https:\/\/blogdoere.com.br\/","name":"blog do er\u00ea","description":"","publisher":{"@id":"https:\/\/blogdoere.com.br\/#organization"},"potentialAction":[{"@type":"SearchAction","target":{"@type":"EntryPoint","urlTemplate":"https:\/\/blogdoere.com.br\/?s={search_term_string}"},"query-input":"required name=search_term_string"}],"inLanguage":"pt-PT"},{"@type":"Organization","@id":"https:\/\/blogdoere.com.br\/#organization","name":"Blog do Er\u00ea","url":"https:\/\/blogdoere.com.br\/","logo":{"@type":"ImageObject","inLanguage":"pt-PT","@id":"https:\/\/blogdoere.com.br\/#\/schema\/logo\/image\/","url":"https:\/\/blogdoere.com.br\/wp-content\/uploads\/2021\/11\/Logo-Ere-1.png","contentUrl":"https:\/\/blogdoere.com.br\/wp-content\/uploads\/2021\/11\/Logo-Ere-1.png","width":1261,"height":1330,"caption":"Blog do Er\u00ea"},"image":{"@id":"https:\/\/blogdoere.com.br\/#\/schema\/logo\/image\/"}},{"@type":"Person","@id":"https:\/\/blogdoere.com.br\/#\/schema\/person\/c4f6d566a44c7bacdda563667715d18b","name":"blogdoere@hotmail.com","image":{"@type":"ImageObject","inLanguage":"pt-PT","@id":"https:\/\/blogdoere.com.br\/#\/schema\/person\/image\/","url":"https:\/\/secure.gravatar.com\/avatar\/5684bd39df1289cb639b4ab539d6fcad69420e4a29521548fc078c58ed122fe6?s=96&d=mm&r=g","contentUrl":"https:\/\/secure.gravatar.com\/avatar\/5684bd39df1289cb639b4ab539d6fcad69420e4a29521548fc078c58ed122fe6?s=96&d=mm&r=g","caption":"blogdoere@hotmail.com"},"sameAs":["http:\/\/blogdoere.com.br"]}]}},"featured_image_urls":{"full":["https:\/\/blogdoere.com.br\/wp-content\/uploads\/2022\/03\/WhatsApp-Image-2022-03-24-at-17.14.02-1.jpeg",359,249,false],"thumbnail":["https:\/\/blogdoere.com.br\/wp-content\/uploads\/2022\/03\/WhatsApp-Image-2022-03-24-at-17.14.02-1-150x150.jpeg",150,150,true],"medium":["https:\/\/blogdoere.com.br\/wp-content\/uploads\/2022\/03\/WhatsApp-Image-2022-03-24-at-17.14.02-1-300x208.jpeg",300,208,true],"medium_large":["https:\/\/blogdoere.com.br\/wp-content\/uploads\/2022\/03\/WhatsApp-Image-2022-03-24-at-17.14.02-1.jpeg",359,249,false],"large":["https:\/\/blogdoere.com.br\/wp-content\/uploads\/2022\/03\/WhatsApp-Image-2022-03-24-at-17.14.02-1.jpeg",359,249,false],"1536x1536":["https:\/\/blogdoere.com.br\/wp-content\/uploads\/2022\/03\/WhatsApp-Image-2022-03-24-at-17.14.02-1.jpeg",359,249,false],"2048x2048":["https:\/\/blogdoere.com.br\/wp-content\/uploads\/2022\/03\/WhatsApp-Image-2022-03-24-at-17.14.02-1.jpeg",359,249,false]},"author_info":{"display_name":"blogdoere@hotmail.com","author_link":"https:\/\/blogdoere.com.br\/?author=1"},"category_info":"<a href=\"https:\/\/blogdoere.com.br\/?cat=32\" rel=\"category\">Pol\u00edtica<\/a>","tag_info":"Pol\u00edtica","comment_count":"0","_links":{"self":[{"href":"https:\/\/blogdoere.com.br\/index.php?rest_route=\/wp\/v2\/posts\/27943","targetHints":{"allow":["GET"]}}],"collection":[{"href":"https:\/\/blogdoere.com.br\/index.php?rest_route=\/wp\/v2\/posts"}],"about":[{"href":"https:\/\/blogdoere.com.br\/index.php?rest_route=\/wp\/v2\/types\/post"}],"author":[{"embeddable":true,"href":"https:\/\/blogdoere.com.br\/index.php?rest_route=\/wp\/v2\/users\/1"}],"replies":[{"embeddable":true,"href":"https:\/\/blogdoere.com.br\/index.php?rest_route=%2Fwp%2Fv2%2Fcomments&post=27943"}],"version-history":[{"count":2,"href":"https:\/\/blogdoere.com.br\/index.php?rest_route=\/wp\/v2\/posts\/27943\/revisions"}],"predecessor-version":[{"id":27948,"href":"https:\/\/blogdoere.com.br\/index.php?rest_route=\/wp\/v2\/posts\/27943\/revisions\/27948"}],"wp:featuredmedia":[{"embeddable":true,"href":"https:\/\/blogdoere.com.br\/index.php?rest_route=\/wp\/v2\/media\/27944"}],"wp:attachment":[{"href":"https:\/\/blogdoere.com.br\/index.php?rest_route=%2Fwp%2Fv2%2Fmedia&parent=27943"}],"wp:term":[{"taxonomy":"category","embeddable":true,"href":"https:\/\/blogdoere.com.br\/index.php?rest_route=%2Fwp%2Fv2%2Fcategories&post=27943"},{"taxonomy":"post_tag","embeddable":true,"href":"https:\/\/blogdoere.com.br\/index.php?rest_route=%2Fwp%2Fv2%2Ftags&post=27943"}],"curies":[{"name":"wp","href":"https:\/\/api.w.org\/{rel}","templated":true}]}}