{"id":27950,"date":"2022-03-27T21:59:14","date_gmt":"2022-03-27T21:59:14","guid":{"rendered":"https:\/\/blogdoere.com.br\/?p=27950"},"modified":"2022-03-27T22:46:30","modified_gmt":"2022-03-27T22:46:30","slug":"eleicao-2022-semana-decisiva-para-os-pretensos-candidatos","status":"publish","type":"post","link":"https:\/\/blogdoere.com.br\/?p=27950","title":{"rendered":"ELEI\u00c7\u00c3O 2022:  SEMANA DECISIVA PARA OS PRETENSOS CANDIDATOS"},"content":{"rendered":"\n<figure class=\"wp-block-gallery has-nested-images columns-default is-cropped wp-block-gallery-1 is-layout-flex wp-block-gallery-is-layout-flex\">\n<figure class=\"wp-block-image size-large\"><img decoding=\"async\" width=\"225\" height=\"225\" data-id=\"27951\" src=\"https:\/\/blogdoere.com.br\/wp-content\/uploads\/2022\/03\/WhatsApp-Image-2022-03-27-at-18.28.37.jpeg\" alt=\"\" class=\"wp-image-27951\" srcset=\"https:\/\/blogdoere.com.br\/wp-content\/uploads\/2022\/03\/WhatsApp-Image-2022-03-27-at-18.28.37.jpeg 225w, https:\/\/blogdoere.com.br\/wp-content\/uploads\/2022\/03\/WhatsApp-Image-2022-03-27-at-18.28.37-150x150.jpeg 150w\" sizes=\"(max-width: 225px) 100vw, 225px\" \/><figcaption>imagem da internet <\/figcaption><\/figure>\n<\/figure>\n\n\n\n<p><\/p>\n\n\n\n<p class=\"has-text-align-justify\">Essa semana que se inicia ser\u00e1 decisiva para os pretensos candidatos a cargos eletivos. Dia 2 de abril, seis meses antes do pleito, come\u00e7a, de fato, o calend\u00e1rio eleitoral. Isso quer dizer que todos os pretensos candidatos devem estar filiados nos seus respectivos partidos. Termina a janela partid\u00e1ria para troca de partidos; para alguns, ren\u00fancia de cargo no Executivo, como foi o caso do prefeito de Itaju\u00edpe e presidente da Amurc (Associa\u00e7\u00e3o dos Munic\u00edpios do Sul, Extremo Sul e Sudoeste da Bahia), Marcone Amaral (PSD), que vai disputar uma das 63 cadeiras na Assembleia Legislativa da Bahia. Conforme os ajustes da lei eleitoral, o tabuleiro da pol\u00edtica est\u00e1 sendo formado paralelamente \u00e0s etapas e os ajustes dos partidos para forma\u00e7\u00e3o das chapas majorit\u00e1rias ou proporcionais. Na Bahia, a chapa do governo j\u00e1 est\u00e1 praticamente definida, faltando anunciar s\u00f3 o vice-governador para o pr\u00e9-candidato Jer\u00f4nimo Rodrigues (PT), o que deve acontecer em ato com a presen\u00e7a do presidente Lula dia 31, em Salvador. J\u00e1 na oposi\u00e7\u00e3o, ACM Neto (UB) tamb\u00e9m n\u00e3o anunciou seu vice-governador, embora o dissidente governista Marcelo Nilo (ainda sem partido) sonha com a vaga. O grande problema \u00e9 que Nilo n\u00e3o tem perfil de vice, principalmente para uma chapa \u201cneocarlista\u201d, por conta do seu estilo arrogante e n\u00e3o tem dinheiro e nem voto. Qui\u00e7\u00e1, ser\u00e1 o maior derrotado nesta elei\u00e7\u00e3o que s\u00f3 est\u00e1 come\u00e7ando. A deputada e presidente do PSB na Bahia L\u00eddice da Mata ter\u00e1 pela frente um grande desafio \u2013 tinha esperan\u00e7a na federa\u00e7\u00e3o partid\u00e1ria, o que n\u00e3o aconteceu; agora, ter\u00e1 que reorganizar o partido em todo o estado para conseguir votos o suficiente para alcan\u00e7ar o quociente eleitoral e se reeleger al\u00e9m de eleger tamb\u00e9m deputados estaduais. No que concerne ao PSB, na regi\u00e3o metropolitana, para a veterana e atuante pol\u00edtica (que j\u00e1 foi vereadora, deputada estadual, primeira e \u00fanica senadora da Bahia e prefeita de Salvador, deputada Federal e Constituinte), n\u00e3o vai ser muito dif\u00edcil. Mas, j\u00e1 no sul da Bahia, em Itabuna, a julgar pela falta de gest\u00e3o partid\u00e1ria e unidade dentro da legenda, se a deputada que \u00e9 presidente estadual do partido n\u00e3o intervir no maior col\u00e9gio eleitoral da regi\u00e3o cacaueira no intuito de alinhar a sigla entorno de um projeto pol\u00edtico que iniba interesses escusos, corre o risco de n\u00e3o ter sequer a metade da vota\u00e7\u00e3o de 2018.<\/p>\n","protected":false},"excerpt":{"rendered":"<p>Essa semana que se inicia ser\u00e1 decisiva para os pretensos candidatos a cargos eletivos. Dia 2 de abril, seis meses antes do pleito, come\u00e7a, de fato, o calend\u00e1rio eleitoral. Isso&#8230;<\/p>\n","protected":false},"author":1,"featured_media":27951,"comment_status":"open","ping_status":"open","sticky":false,"template":"","format":"standard","meta":{"_editorskit_title_hidden":false,"_editorskit_reading_time":2,"_editorskit_is_block_options_detached":false,"_editorskit_block_options_position":"{}","om_disable_all_campaigns":false,"_mi_skip_tracking":false,"_kad_post_transparent":"","_kad_post_title":"","_kad_post_layout":"","_kad_post_sidebar_id":"","_kad_post_content_style":"","_kad_post_vertical_padding":"","_kad_post_feature":"","_kad_post_feature_position":"","_kad_post_header":false,"_kad_post_footer":false,"footnotes":""},"categories":[32],"tags":[],"class_list":["post-27950","post","type-post","status-publish","format-standard","has-post-thumbnail","hentry","category-politica"],"yoast_head":"<!-- This site is optimized with the Yoast SEO plugin v20.5 - https:\/\/yoast.com\/wordpress\/plugins\/seo\/ -->\n<title>ELEI\u00c7\u00c3O 2022: SEMANA DECISIVA PARA OS PRETENSOS CANDIDATOS - blog do er\u00ea<\/title>\n<meta name=\"robots\" content=\"index, follow, max-snippet:-1, max-image-preview:large, max-video-preview:-1\" \/>\n<link rel=\"canonical\" href=\"https:\/\/blogdoere.com.br\/?p=27950\" \/>\n<meta property=\"og:locale\" content=\"pt_PT\" \/>\n<meta property=\"og:type\" content=\"article\" \/>\n<meta property=\"og:title\" content=\"ELEI\u00c7\u00c3O 2022: SEMANA DECISIVA PARA OS PRETENSOS CANDIDATOS - blog do er\u00ea\" \/>\n<meta property=\"og:description\" content=\"Essa semana que se inicia ser\u00e1 decisiva para os pretensos candidatos a cargos eletivos. Dia 2 de abril, seis meses antes do pleito, come\u00e7a, de fato, o calend\u00e1rio eleitoral. Isso...\" \/>\n<meta property=\"og:url\" content=\"https:\/\/blogdoere.com.br\/?p=27950\" \/>\n<meta property=\"og:site_name\" content=\"blog do er\u00ea\" \/>\n<meta property=\"article:published_time\" content=\"2022-03-27T21:59:14+00:00\" \/>\n<meta property=\"article:modified_time\" content=\"2022-03-27T22:46:30+00:00\" \/>\n<meta property=\"og:image\" content=\"https:\/\/blogdoere.com.br\/wp-content\/uploads\/2022\/03\/WhatsApp-Image-2022-03-27-at-18.28.37.jpeg\" \/>\n\t<meta property=\"og:image:width\" content=\"225\" \/>\n\t<meta property=\"og:image:height\" content=\"225\" \/>\n\t<meta property=\"og:image:type\" content=\"image\/jpeg\" \/>\n<meta name=\"author\" content=\"blogdoere@hotmail.com\" \/>\n<meta name=\"twitter:card\" content=\"summary_large_image\" \/>\n<meta name=\"twitter:label1\" content=\"Escrito por\" \/>\n\t<meta name=\"twitter:data1\" content=\"blogdoere@hotmail.com\" \/>\n\t<meta name=\"twitter:label2\" content=\"Tempo estimado de leitura\" \/>\n\t<meta name=\"twitter:data2\" content=\"2 minutos\" \/>\n<script type=\"application\/ld+json\" class=\"yoast-schema-graph\">{\"@context\":\"https:\/\/schema.org\",\"@graph\":[{\"@type\":\"Article\",\"@id\":\"https:\/\/blogdoere.com.br\/?p=27950#article\",\"isPartOf\":{\"@id\":\"https:\/\/blogdoere.com.br\/?p=27950\"},\"author\":{\"name\":\"blogdoere@hotmail.com\",\"@id\":\"https:\/\/blogdoere.com.br\/#\/schema\/person\/c4f6d566a44c7bacdda563667715d18b\"},\"headline\":\"ELEI\u00c7\u00c3O 2022: SEMANA DECISIVA PARA OS PRETENSOS CANDIDATOS\",\"datePublished\":\"2022-03-27T21:59:14+00:00\",\"dateModified\":\"2022-03-27T22:46:30+00:00\",\"mainEntityOfPage\":{\"@id\":\"https:\/\/blogdoere.com.br\/?p=27950\"},\"wordCount\":431,\"commentCount\":0,\"publisher\":{\"@id\":\"https:\/\/blogdoere.com.br\/#organization\"},\"articleSection\":[\"Pol\u00edtica\"],\"inLanguage\":\"pt-PT\",\"potentialAction\":[{\"@type\":\"CommentAction\",\"name\":\"Comment\",\"target\":[\"https:\/\/blogdoere.com.br\/?p=27950#respond\"]}]},{\"@type\":\"WebPage\",\"@id\":\"https:\/\/blogdoere.com.br\/?p=27950\",\"url\":\"https:\/\/blogdoere.com.br\/?p=27950\",\"name\":\"ELEI\u00c7\u00c3O 2022: SEMANA DECISIVA PARA OS PRETENSOS CANDIDATOS - blog do er\u00ea\",\"isPartOf\":{\"@id\":\"https:\/\/blogdoere.com.br\/#website\"},\"datePublished\":\"2022-03-27T21:59:14+00:00\",\"dateModified\":\"2022-03-27T22:46:30+00:00\",\"breadcrumb\":{\"@id\":\"https:\/\/blogdoere.com.br\/?p=27950#breadcrumb\"},\"inLanguage\":\"pt-PT\",\"potentialAction\":[{\"@type\":\"ReadAction\",\"target\":[\"https:\/\/blogdoere.com.br\/?p=27950\"]}]},{\"@type\":\"BreadcrumbList\",\"@id\":\"https:\/\/blogdoere.com.br\/?p=27950#breadcrumb\",\"itemListElement\":[{\"@type\":\"ListItem\",\"position\":1,\"name\":\"In\u00edcio\",\"item\":\"https:\/\/blogdoere.com.br\/\"},{\"@type\":\"ListItem\",\"position\":2,\"name\":\"ELEI\u00c7\u00c3O 2022: SEMANA DECISIVA PARA OS PRETENSOS CANDIDATOS\"}]},{\"@type\":\"WebSite\",\"@id\":\"https:\/\/blogdoere.com.br\/#website\",\"url\":\"https:\/\/blogdoere.com.br\/\",\"name\":\"blog do er\u00ea\",\"description\":\"\",\"publisher\":{\"@id\":\"https:\/\/blogdoere.com.br\/#organization\"},\"potentialAction\":[{\"@type\":\"SearchAction\",\"target\":{\"@type\":\"EntryPoint\",\"urlTemplate\":\"https:\/\/blogdoere.com.br\/?s={search_term_string}\"},\"query-input\":\"required name=search_term_string\"}],\"inLanguage\":\"pt-PT\"},{\"@type\":\"Organization\",\"@id\":\"https:\/\/blogdoere.com.br\/#organization\",\"name\":\"Blog do Er\u00ea\",\"url\":\"https:\/\/blogdoere.com.br\/\",\"logo\":{\"@type\":\"ImageObject\",\"inLanguage\":\"pt-PT\",\"@id\":\"https:\/\/blogdoere.com.br\/#\/schema\/logo\/image\/\",\"url\":\"https:\/\/blogdoere.com.br\/wp-content\/uploads\/2021\/11\/Logo-Ere-1.png\",\"contentUrl\":\"https:\/\/blogdoere.com.br\/wp-content\/uploads\/2021\/11\/Logo-Ere-1.png\",\"width\":1261,\"height\":1330,\"caption\":\"Blog do Er\u00ea\"},\"image\":{\"@id\":\"https:\/\/blogdoere.com.br\/#\/schema\/logo\/image\/\"}},{\"@type\":\"Person\",\"@id\":\"https:\/\/blogdoere.com.br\/#\/schema\/person\/c4f6d566a44c7bacdda563667715d18b\",\"name\":\"blogdoere@hotmail.com\",\"image\":{\"@type\":\"ImageObject\",\"inLanguage\":\"pt-PT\",\"@id\":\"https:\/\/blogdoere.com.br\/#\/schema\/person\/image\/\",\"url\":\"https:\/\/secure.gravatar.com\/avatar\/5684bd39df1289cb639b4ab539d6fcad69420e4a29521548fc078c58ed122fe6?s=96&d=mm&r=g\",\"contentUrl\":\"https:\/\/secure.gravatar.com\/avatar\/5684bd39df1289cb639b4ab539d6fcad69420e4a29521548fc078c58ed122fe6?s=96&d=mm&r=g\",\"caption\":\"blogdoere@hotmail.com\"},\"sameAs\":[\"http:\/\/blogdoere.com.br\"]}]}<\/script>\n<!-- \/ Yoast SEO plugin. -->","yoast_head_json":{"title":"ELEI\u00c7\u00c3O 2022: SEMANA DECISIVA PARA OS PRETENSOS CANDIDATOS - blog do er\u00ea","robots":{"index":"index","follow":"follow","max-snippet":"max-snippet:-1","max-image-preview":"max-image-preview:large","max-video-preview":"max-video-preview:-1"},"canonical":"https:\/\/blogdoere.com.br\/?p=27950","og_locale":"pt_PT","og_type":"article","og_title":"ELEI\u00c7\u00c3O 2022: SEMANA DECISIVA PARA OS PRETENSOS CANDIDATOS - blog do er\u00ea","og_description":"Essa semana que se inicia ser\u00e1 decisiva para os pretensos candidatos a cargos eletivos. Dia 2 de abril, seis meses antes do pleito, come\u00e7a, de fato, o calend\u00e1rio eleitoral. Isso...","og_url":"https:\/\/blogdoere.com.br\/?p=27950","og_site_name":"blog do er\u00ea","article_published_time":"2022-03-27T21:59:14+00:00","article_modified_time":"2022-03-27T22:46:30+00:00","og_image":[{"width":225,"height":225,"url":"https:\/\/blogdoere.com.br\/wp-content\/uploads\/2022\/03\/WhatsApp-Image-2022-03-27-at-18.28.37.jpeg","type":"image\/jpeg"}],"author":"blogdoere@hotmail.com","twitter_card":"summary_large_image","twitter_misc":{"Escrito por":"blogdoere@hotmail.com","Tempo estimado de leitura":"2 minutos"},"schema":{"@context":"https:\/\/schema.org","@graph":[{"@type":"Article","@id":"https:\/\/blogdoere.com.br\/?p=27950#article","isPartOf":{"@id":"https:\/\/blogdoere.com.br\/?p=27950"},"author":{"name":"blogdoere@hotmail.com","@id":"https:\/\/blogdoere.com.br\/#\/schema\/person\/c4f6d566a44c7bacdda563667715d18b"},"headline":"ELEI\u00c7\u00c3O 2022: SEMANA DECISIVA PARA OS PRETENSOS CANDIDATOS","datePublished":"2022-03-27T21:59:14+00:00","dateModified":"2022-03-27T22:46:30+00:00","mainEntityOfPage":{"@id":"https:\/\/blogdoere.com.br\/?p=27950"},"wordCount":431,"commentCount":0,"publisher":{"@id":"https:\/\/blogdoere.com.br\/#organization"},"articleSection":["Pol\u00edtica"],"inLanguage":"pt-PT","potentialAction":[{"@type":"CommentAction","name":"Comment","target":["https:\/\/blogdoere.com.br\/?p=27950#respond"]}]},{"@type":"WebPage","@id":"https:\/\/blogdoere.com.br\/?p=27950","url":"https:\/\/blogdoere.com.br\/?p=27950","name":"ELEI\u00c7\u00c3O 2022: SEMANA DECISIVA PARA OS PRETENSOS CANDIDATOS - blog do er\u00ea","isPartOf":{"@id":"https:\/\/blogdoere.com.br\/#website"},"datePublished":"2022-03-27T21:59:14+00:00","dateModified":"2022-03-27T22:46:30+00:00","breadcrumb":{"@id":"https:\/\/blogdoere.com.br\/?p=27950#breadcrumb"},"inLanguage":"pt-PT","potentialAction":[{"@type":"ReadAction","target":["https:\/\/blogdoere.com.br\/?p=27950"]}]},{"@type":"BreadcrumbList","@id":"https:\/\/blogdoere.com.br\/?p=27950#breadcrumb","itemListElement":[{"@type":"ListItem","position":1,"name":"In\u00edcio","item":"https:\/\/blogdoere.com.br\/"},{"@type":"ListItem","position":2,"name":"ELEI\u00c7\u00c3O 2022: SEMANA DECISIVA PARA OS PRETENSOS CANDIDATOS"}]},{"@type":"WebSite","@id":"https:\/\/blogdoere.com.br\/#website","url":"https:\/\/blogdoere.com.br\/","name":"blog do er\u00ea","description":"","publisher":{"@id":"https:\/\/blogdoere.com.br\/#organization"},"potentialAction":[{"@type":"SearchAction","target":{"@type":"EntryPoint","urlTemplate":"https:\/\/blogdoere.com.br\/?s={search_term_string}"},"query-input":"required name=search_term_string"}],"inLanguage":"pt-PT"},{"@type":"Organization","@id":"https:\/\/blogdoere.com.br\/#organization","name":"Blog do Er\u00ea","url":"https:\/\/blogdoere.com.br\/","logo":{"@type":"ImageObject","inLanguage":"pt-PT","@id":"https:\/\/blogdoere.com.br\/#\/schema\/logo\/image\/","url":"https:\/\/blogdoere.com.br\/wp-content\/uploads\/2021\/11\/Logo-Ere-1.png","contentUrl":"https:\/\/blogdoere.com.br\/wp-content\/uploads\/2021\/11\/Logo-Ere-1.png","width":1261,"height":1330,"caption":"Blog do Er\u00ea"},"image":{"@id":"https:\/\/blogdoere.com.br\/#\/schema\/logo\/image\/"}},{"@type":"Person","@id":"https:\/\/blogdoere.com.br\/#\/schema\/person\/c4f6d566a44c7bacdda563667715d18b","name":"blogdoere@hotmail.com","image":{"@type":"ImageObject","inLanguage":"pt-PT","@id":"https:\/\/blogdoere.com.br\/#\/schema\/person\/image\/","url":"https:\/\/secure.gravatar.com\/avatar\/5684bd39df1289cb639b4ab539d6fcad69420e4a29521548fc078c58ed122fe6?s=96&d=mm&r=g","contentUrl":"https:\/\/secure.gravatar.com\/avatar\/5684bd39df1289cb639b4ab539d6fcad69420e4a29521548fc078c58ed122fe6?s=96&d=mm&r=g","caption":"blogdoere@hotmail.com"},"sameAs":["http:\/\/blogdoere.com.br"]}]}},"featured_image_urls":{"full":["https:\/\/blogdoere.com.br\/wp-content\/uploads\/2022\/03\/WhatsApp-Image-2022-03-27-at-18.28.37.jpeg",225,225,false],"thumbnail":["https:\/\/blogdoere.com.br\/wp-content\/uploads\/2022\/03\/WhatsApp-Image-2022-03-27-at-18.28.37-150x150.jpeg",150,150,true],"medium":["https:\/\/blogdoere.com.br\/wp-content\/uploads\/2022\/03\/WhatsApp-Image-2022-03-27-at-18.28.37.jpeg",225,225,false],"medium_large":["https:\/\/blogdoere.com.br\/wp-content\/uploads\/2022\/03\/WhatsApp-Image-2022-03-27-at-18.28.37.jpeg",225,225,false],"large":["https:\/\/blogdoere.com.br\/wp-content\/uploads\/2022\/03\/WhatsApp-Image-2022-03-27-at-18.28.37.jpeg",225,225,false],"1536x1536":["https:\/\/blogdoere.com.br\/wp-content\/uploads\/2022\/03\/WhatsApp-Image-2022-03-27-at-18.28.37.jpeg",225,225,false],"2048x2048":["https:\/\/blogdoere.com.br\/wp-content\/uploads\/2022\/03\/WhatsApp-Image-2022-03-27-at-18.28.37.jpeg",225,225,false]},"author_info":{"display_name":"blogdoere@hotmail.com","author_link":"https:\/\/blogdoere.com.br\/?author=1"},"category_info":"<a href=\"https:\/\/blogdoere.com.br\/?cat=32\" rel=\"category\">Pol\u00edtica<\/a>","tag_info":"Pol\u00edtica","comment_count":"0","_links":{"self":[{"href":"https:\/\/blogdoere.com.br\/index.php?rest_route=\/wp\/v2\/posts\/27950","targetHints":{"allow":["GET"]}}],"collection":[{"href":"https:\/\/blogdoere.com.br\/index.php?rest_route=\/wp\/v2\/posts"}],"about":[{"href":"https:\/\/blogdoere.com.br\/index.php?rest_route=\/wp\/v2\/types\/post"}],"author":[{"embeddable":true,"href":"https:\/\/blogdoere.com.br\/index.php?rest_route=\/wp\/v2\/users\/1"}],"replies":[{"embeddable":true,"href":"https:\/\/blogdoere.com.br\/index.php?rest_route=%2Fwp%2Fv2%2Fcomments&post=27950"}],"version-history":[{"count":3,"href":"https:\/\/blogdoere.com.br\/index.php?rest_route=\/wp\/v2\/posts\/27950\/revisions"}],"predecessor-version":[{"id":27956,"href":"https:\/\/blogdoere.com.br\/index.php?rest_route=\/wp\/v2\/posts\/27950\/revisions\/27956"}],"wp:featuredmedia":[{"embeddable":true,"href":"https:\/\/blogdoere.com.br\/index.php?rest_route=\/wp\/v2\/media\/27951"}],"wp:attachment":[{"href":"https:\/\/blogdoere.com.br\/index.php?rest_route=%2Fwp%2Fv2%2Fmedia&parent=27950"}],"wp:term":[{"taxonomy":"category","embeddable":true,"href":"https:\/\/blogdoere.com.br\/index.php?rest_route=%2Fwp%2Fv2%2Fcategories&post=27950"},{"taxonomy":"post_tag","embeddable":true,"href":"https:\/\/blogdoere.com.br\/index.php?rest_route=%2Fwp%2Fv2%2Ftags&post=27950"}],"curies":[{"name":"wp","href":"https:\/\/api.w.org\/{rel}","templated":true}]}}