{"id":27957,"date":"2022-03-29T17:06:35","date_gmt":"2022-03-29T17:06:35","guid":{"rendered":"https:\/\/blogdoere.com.br\/?p=27957"},"modified":"2022-03-29T17:07:42","modified_gmt":"2022-03-29T17:07:42","slug":"itabuna-visando-a-alba-marcone-empossa-vinicius-como-presidente-da-amurc","status":"publish","type":"post","link":"https:\/\/blogdoere.com.br\/?p=27957","title":{"rendered":"ITABUNA: VISANDO A ALBA MARCONE EMPOSSA VIN\u00cdCIUS COMO PRESIDENTE DA AMURC"},"content":{"rendered":"\n<figure class=\"wp-block-gallery has-nested-images columns-default is-cropped wp-block-gallery-1 is-layout-flex wp-block-gallery-is-layout-flex\">\n<figure class=\"wp-block-image size-large\"><img decoding=\"async\" width=\"743\" height=\"577\" data-id=\"27958\" src=\"https:\/\/blogdoere.com.br\/wp-content\/uploads\/2022\/03\/WhatsApp-Image-2022-03-29-at-14.01.07.jpeg\" alt=\"\" class=\"wp-image-27958\" srcset=\"https:\/\/blogdoere.com.br\/wp-content\/uploads\/2022\/03\/WhatsApp-Image-2022-03-29-at-14.01.07.jpeg 743w, https:\/\/blogdoere.com.br\/wp-content\/uploads\/2022\/03\/WhatsApp-Image-2022-03-29-at-14.01.07-300x233.jpeg 300w\" sizes=\"(max-width: 743px) 100vw, 743px\" \/><\/figure>\n<\/figure>\n\n\n\n<p><\/p>\n\n\n\n<p class=\"has-text-align-justify\">O presidente da Amurc, Marcone Amaral, anunciou a ren\u00fancia do cargo da entidade nesta ter\u00e7a-feira, 29, para disputar uma vaga na Assembleia Legislativa da Bahia, ao tempo em que empossou o prefeito de Buerarema, Vin\u00edcius Ibrann na presid\u00eancia.Em um momento marcado por grande emo\u00e7\u00e3o, Marcone se despediu dos funcion\u00e1rios deixando uma mensagem de gratid\u00e3o pelo per\u00edodo em que passou \u00e0 frente da entidade municipalista.&#8221;Meus sinceros agradecimentos a toda equipe da Amurc, onde eu tive um dos maiores aprendizados da gest\u00e3o p\u00fablica na defesa das pautas municipalistas, juntamente com todos os prefeitos da nossa regi\u00e3o\u201d.<\/p>\n\n\n\n<figure class=\"wp-block-image size-large\"><img decoding=\"async\" width=\"1024\" height=\"452\" src=\"https:\/\/blogdoere.com.br\/wp-content\/uploads\/2022\/03\/WhatsApp-Image-2022-03-29-at-13.32.55-1024x452.jpeg\" alt=\"\" class=\"wp-image-27959\" srcset=\"https:\/\/blogdoere.com.br\/wp-content\/uploads\/2022\/03\/WhatsApp-Image-2022-03-29-at-13.32.55-1024x452.jpeg 1024w, https:\/\/blogdoere.com.br\/wp-content\/uploads\/2022\/03\/WhatsApp-Image-2022-03-29-at-13.32.55-300x132.jpeg 300w, https:\/\/blogdoere.com.br\/wp-content\/uploads\/2022\/03\/WhatsApp-Image-2022-03-29-at-13.32.55-768x339.jpeg 768w, https:\/\/blogdoere.com.br\/wp-content\/uploads\/2022\/03\/WhatsApp-Image-2022-03-29-at-13.32.55.jpeg 1280w\" sizes=\"(max-width: 1024px) 100vw, 1024px\" \/><\/figure>\n\n\n\n<p class=\"has-text-align-justify\">O prefeito Vinicius, agora, oficialmente, presidente da Associa\u00e7\u00e3o, destacou o grande trabalho desenvolvido por Marcone, no resgate da for\u00e7a da institui\u00e7\u00e3o e da uni\u00e3o entre os prefeitos. \u201cEstarei me empenhando para dar prosseguimento \u00e0s a\u00e7\u00f5es promovidas pelo grande gestor, Marcone Amaral, na defesa dos munic\u00edpios\u201d. Ainda nesta ter\u00e7a-feira, \u00e0s 18 horas, na C\u00e2mara de Vereadores de Itaju\u00edpe, em ato in\u00e9dito na hist\u00f3ria politico e administrativa do munic\u00edpio, o prefeito Marcone Amaral (PSD),  vai renunciar o mandato em seguida a C\u00e2mara de Vereadores  vai empossar o vice-prefeito L\u00e9o da Capoeira prefeito. Informa\u00e7\u00f5es Ascom Amurc<\/p>\n\n\n\n<p><\/p>\n\n\n\n<p><\/p>\n","protected":false},"excerpt":{"rendered":"<p>O presidente da Amurc, Marcone Amaral, anunciou a ren\u00fancia do cargo da entidade nesta ter\u00e7a-feira, 29, para disputar uma vaga na Assembleia Legislativa da Bahia, ao tempo em que empossou&#8230;<\/p>\n","protected":false},"author":1,"featured_media":27958,"comment_status":"open","ping_status":"open","sticky":false,"template":"","format":"standard","meta":{"_editorskit_title_hidden":false,"_editorskit_reading_time":1,"_editorskit_is_block_options_detached":false,"_editorskit_block_options_position":"{}","om_disable_all_campaigns":false,"_mi_skip_tracking":false,"_kad_post_transparent":"","_kad_post_title":"","_kad_post_layout":"","_kad_post_sidebar_id":"","_kad_post_content_style":"","_kad_post_vertical_padding":"","_kad_post_feature":"","_kad_post_feature_position":"","_kad_post_header":false,"_kad_post_footer":false,"footnotes":""},"categories":[32],"tags":[],"class_list":["post-27957","post","type-post","status-publish","format-standard","has-post-thumbnail","hentry","category-politica"],"yoast_head":"<!-- This site is optimized with the Yoast SEO plugin v20.5 - https:\/\/yoast.com\/wordpress\/plugins\/seo\/ -->\n<title>ITABUNA: VISANDO A ALBA MARCONE EMPOSSA VIN\u00cdCIUS COMO PRESIDENTE DA AMURC - blog do er\u00ea<\/title>\n<meta name=\"robots\" content=\"index, follow, max-snippet:-1, max-image-preview:large, max-video-preview:-1\" \/>\n<link rel=\"canonical\" href=\"https:\/\/blogdoere.com.br\/?p=27957\" \/>\n<meta property=\"og:locale\" content=\"pt_PT\" \/>\n<meta property=\"og:type\" content=\"article\" \/>\n<meta property=\"og:title\" content=\"ITABUNA: VISANDO A ALBA MARCONE EMPOSSA VIN\u00cdCIUS COMO PRESIDENTE DA AMURC - blog do er\u00ea\" \/>\n<meta property=\"og:description\" content=\"O presidente da Amurc, Marcone Amaral, anunciou a ren\u00fancia do cargo da entidade nesta ter\u00e7a-feira, 29, para disputar uma vaga na Assembleia Legislativa da Bahia, ao tempo em que empossou...\" \/>\n<meta property=\"og:url\" content=\"https:\/\/blogdoere.com.br\/?p=27957\" \/>\n<meta property=\"og:site_name\" content=\"blog do er\u00ea\" \/>\n<meta property=\"article:published_time\" content=\"2022-03-29T17:06:35+00:00\" \/>\n<meta property=\"article:modified_time\" content=\"2022-03-29T17:07:42+00:00\" \/>\n<meta property=\"og:image\" content=\"https:\/\/blogdoere.com.br\/wp-content\/uploads\/2022\/03\/WhatsApp-Image-2022-03-29-at-14.01.07.jpeg\" \/>\n\t<meta property=\"og:image:width\" content=\"743\" \/>\n\t<meta property=\"og:image:height\" content=\"577\" \/>\n\t<meta property=\"og:image:type\" content=\"image\/jpeg\" \/>\n<meta name=\"author\" content=\"blogdoere@hotmail.com\" \/>\n<meta name=\"twitter:card\" content=\"summary_large_image\" \/>\n<meta name=\"twitter:label1\" content=\"Escrito por\" \/>\n\t<meta name=\"twitter:data1\" content=\"blogdoere@hotmail.com\" \/>\n\t<meta name=\"twitter:label2\" content=\"Tempo estimado de leitura\" \/>\n\t<meta name=\"twitter:data2\" content=\"2 minutos\" \/>\n<script type=\"application\/ld+json\" class=\"yoast-schema-graph\">{\"@context\":\"https:\/\/schema.org\",\"@graph\":[{\"@type\":\"Article\",\"@id\":\"https:\/\/blogdoere.com.br\/?p=27957#article\",\"isPartOf\":{\"@id\":\"https:\/\/blogdoere.com.br\/?p=27957\"},\"author\":{\"name\":\"blogdoere@hotmail.com\",\"@id\":\"https:\/\/blogdoere.com.br\/#\/schema\/person\/c4f6d566a44c7bacdda563667715d18b\"},\"headline\":\"ITABUNA: VISANDO A ALBA MARCONE EMPOSSA VIN\u00cdCIUS COMO PRESIDENTE DA AMURC\",\"datePublished\":\"2022-03-29T17:06:35+00:00\",\"dateModified\":\"2022-03-29T17:07:42+00:00\",\"mainEntityOfPage\":{\"@id\":\"https:\/\/blogdoere.com.br\/?p=27957\"},\"wordCount\":224,\"commentCount\":0,\"publisher\":{\"@id\":\"https:\/\/blogdoere.com.br\/#organization\"},\"articleSection\":[\"Pol\u00edtica\"],\"inLanguage\":\"pt-PT\",\"potentialAction\":[{\"@type\":\"CommentAction\",\"name\":\"Comment\",\"target\":[\"https:\/\/blogdoere.com.br\/?p=27957#respond\"]}]},{\"@type\":\"WebPage\",\"@id\":\"https:\/\/blogdoere.com.br\/?p=27957\",\"url\":\"https:\/\/blogdoere.com.br\/?p=27957\",\"name\":\"ITABUNA: VISANDO A ALBA MARCONE EMPOSSA VIN\u00cdCIUS COMO PRESIDENTE DA AMURC - blog do er\u00ea\",\"isPartOf\":{\"@id\":\"https:\/\/blogdoere.com.br\/#website\"},\"datePublished\":\"2022-03-29T17:06:35+00:00\",\"dateModified\":\"2022-03-29T17:07:42+00:00\",\"breadcrumb\":{\"@id\":\"https:\/\/blogdoere.com.br\/?p=27957#breadcrumb\"},\"inLanguage\":\"pt-PT\",\"potentialAction\":[{\"@type\":\"ReadAction\",\"target\":[\"https:\/\/blogdoere.com.br\/?p=27957\"]}]},{\"@type\":\"BreadcrumbList\",\"@id\":\"https:\/\/blogdoere.com.br\/?p=27957#breadcrumb\",\"itemListElement\":[{\"@type\":\"ListItem\",\"position\":1,\"name\":\"In\u00edcio\",\"item\":\"https:\/\/blogdoere.com.br\/\"},{\"@type\":\"ListItem\",\"position\":2,\"name\":\"ITABUNA: VISANDO A ALBA MARCONE EMPOSSA VIN\u00cdCIUS COMO PRESIDENTE DA AMURC\"}]},{\"@type\":\"WebSite\",\"@id\":\"https:\/\/blogdoere.com.br\/#website\",\"url\":\"https:\/\/blogdoere.com.br\/\",\"name\":\"blog do er\u00ea\",\"description\":\"\",\"publisher\":{\"@id\":\"https:\/\/blogdoere.com.br\/#organization\"},\"potentialAction\":[{\"@type\":\"SearchAction\",\"target\":{\"@type\":\"EntryPoint\",\"urlTemplate\":\"https:\/\/blogdoere.com.br\/?s={search_term_string}\"},\"query-input\":\"required name=search_term_string\"}],\"inLanguage\":\"pt-PT\"},{\"@type\":\"Organization\",\"@id\":\"https:\/\/blogdoere.com.br\/#organization\",\"name\":\"Blog do Er\u00ea\",\"url\":\"https:\/\/blogdoere.com.br\/\",\"logo\":{\"@type\":\"ImageObject\",\"inLanguage\":\"pt-PT\",\"@id\":\"https:\/\/blogdoere.com.br\/#\/schema\/logo\/image\/\",\"url\":\"https:\/\/blogdoere.com.br\/wp-content\/uploads\/2021\/11\/Logo-Ere-1.png\",\"contentUrl\":\"https:\/\/blogdoere.com.br\/wp-content\/uploads\/2021\/11\/Logo-Ere-1.png\",\"width\":1261,\"height\":1330,\"caption\":\"Blog do Er\u00ea\"},\"image\":{\"@id\":\"https:\/\/blogdoere.com.br\/#\/schema\/logo\/image\/\"}},{\"@type\":\"Person\",\"@id\":\"https:\/\/blogdoere.com.br\/#\/schema\/person\/c4f6d566a44c7bacdda563667715d18b\",\"name\":\"blogdoere@hotmail.com\",\"image\":{\"@type\":\"ImageObject\",\"inLanguage\":\"pt-PT\",\"@id\":\"https:\/\/blogdoere.com.br\/#\/schema\/person\/image\/\",\"url\":\"https:\/\/secure.gravatar.com\/avatar\/5684bd39df1289cb639b4ab539d6fcad69420e4a29521548fc078c58ed122fe6?s=96&d=mm&r=g\",\"contentUrl\":\"https:\/\/secure.gravatar.com\/avatar\/5684bd39df1289cb639b4ab539d6fcad69420e4a29521548fc078c58ed122fe6?s=96&d=mm&r=g\",\"caption\":\"blogdoere@hotmail.com\"},\"sameAs\":[\"http:\/\/blogdoere.com.br\"]}]}<\/script>\n<!-- \/ Yoast SEO plugin. -->","yoast_head_json":{"title":"ITABUNA: VISANDO A ALBA MARCONE EMPOSSA VIN\u00cdCIUS COMO PRESIDENTE DA AMURC - blog do er\u00ea","robots":{"index":"index","follow":"follow","max-snippet":"max-snippet:-1","max-image-preview":"max-image-preview:large","max-video-preview":"max-video-preview:-1"},"canonical":"https:\/\/blogdoere.com.br\/?p=27957","og_locale":"pt_PT","og_type":"article","og_title":"ITABUNA: VISANDO A ALBA MARCONE EMPOSSA VIN\u00cdCIUS COMO PRESIDENTE DA AMURC - blog do er\u00ea","og_description":"O presidente da Amurc, Marcone Amaral, anunciou a ren\u00fancia do cargo da entidade nesta ter\u00e7a-feira, 29, para disputar uma vaga na Assembleia Legislativa da Bahia, ao tempo em que empossou...","og_url":"https:\/\/blogdoere.com.br\/?p=27957","og_site_name":"blog do er\u00ea","article_published_time":"2022-03-29T17:06:35+00:00","article_modified_time":"2022-03-29T17:07:42+00:00","og_image":[{"width":743,"height":577,"url":"https:\/\/blogdoere.com.br\/wp-content\/uploads\/2022\/03\/WhatsApp-Image-2022-03-29-at-14.01.07.jpeg","type":"image\/jpeg"}],"author":"blogdoere@hotmail.com","twitter_card":"summary_large_image","twitter_misc":{"Escrito por":"blogdoere@hotmail.com","Tempo estimado de leitura":"2 minutos"},"schema":{"@context":"https:\/\/schema.org","@graph":[{"@type":"Article","@id":"https:\/\/blogdoere.com.br\/?p=27957#article","isPartOf":{"@id":"https:\/\/blogdoere.com.br\/?p=27957"},"author":{"name":"blogdoere@hotmail.com","@id":"https:\/\/blogdoere.com.br\/#\/schema\/person\/c4f6d566a44c7bacdda563667715d18b"},"headline":"ITABUNA: VISANDO A ALBA MARCONE EMPOSSA VIN\u00cdCIUS COMO PRESIDENTE DA AMURC","datePublished":"2022-03-29T17:06:35+00:00","dateModified":"2022-03-29T17:07:42+00:00","mainEntityOfPage":{"@id":"https:\/\/blogdoere.com.br\/?p=27957"},"wordCount":224,"commentCount":0,"publisher":{"@id":"https:\/\/blogdoere.com.br\/#organization"},"articleSection":["Pol\u00edtica"],"inLanguage":"pt-PT","potentialAction":[{"@type":"CommentAction","name":"Comment","target":["https:\/\/blogdoere.com.br\/?p=27957#respond"]}]},{"@type":"WebPage","@id":"https:\/\/blogdoere.com.br\/?p=27957","url":"https:\/\/blogdoere.com.br\/?p=27957","name":"ITABUNA: VISANDO A ALBA MARCONE EMPOSSA VIN\u00cdCIUS COMO PRESIDENTE DA AMURC - blog do er\u00ea","isPartOf":{"@id":"https:\/\/blogdoere.com.br\/#website"},"datePublished":"2022-03-29T17:06:35+00:00","dateModified":"2022-03-29T17:07:42+00:00","breadcrumb":{"@id":"https:\/\/blogdoere.com.br\/?p=27957#breadcrumb"},"inLanguage":"pt-PT","potentialAction":[{"@type":"ReadAction","target":["https:\/\/blogdoere.com.br\/?p=27957"]}]},{"@type":"BreadcrumbList","@id":"https:\/\/blogdoere.com.br\/?p=27957#breadcrumb","itemListElement":[{"@type":"ListItem","position":1,"name":"In\u00edcio","item":"https:\/\/blogdoere.com.br\/"},{"@type":"ListItem","position":2,"name":"ITABUNA: VISANDO A ALBA MARCONE EMPOSSA VIN\u00cdCIUS COMO PRESIDENTE DA AMURC"}]},{"@type":"WebSite","@id":"https:\/\/blogdoere.com.br\/#website","url":"https:\/\/blogdoere.com.br\/","name":"blog do er\u00ea","description":"","publisher":{"@id":"https:\/\/blogdoere.com.br\/#organization"},"potentialAction":[{"@type":"SearchAction","target":{"@type":"EntryPoint","urlTemplate":"https:\/\/blogdoere.com.br\/?s={search_term_string}"},"query-input":"required name=search_term_string"}],"inLanguage":"pt-PT"},{"@type":"Organization","@id":"https:\/\/blogdoere.com.br\/#organization","name":"Blog do Er\u00ea","url":"https:\/\/blogdoere.com.br\/","logo":{"@type":"ImageObject","inLanguage":"pt-PT","@id":"https:\/\/blogdoere.com.br\/#\/schema\/logo\/image\/","url":"https:\/\/blogdoere.com.br\/wp-content\/uploads\/2021\/11\/Logo-Ere-1.png","contentUrl":"https:\/\/blogdoere.com.br\/wp-content\/uploads\/2021\/11\/Logo-Ere-1.png","width":1261,"height":1330,"caption":"Blog do Er\u00ea"},"image":{"@id":"https:\/\/blogdoere.com.br\/#\/schema\/logo\/image\/"}},{"@type":"Person","@id":"https:\/\/blogdoere.com.br\/#\/schema\/person\/c4f6d566a44c7bacdda563667715d18b","name":"blogdoere@hotmail.com","image":{"@type":"ImageObject","inLanguage":"pt-PT","@id":"https:\/\/blogdoere.com.br\/#\/schema\/person\/image\/","url":"https:\/\/secure.gravatar.com\/avatar\/5684bd39df1289cb639b4ab539d6fcad69420e4a29521548fc078c58ed122fe6?s=96&d=mm&r=g","contentUrl":"https:\/\/secure.gravatar.com\/avatar\/5684bd39df1289cb639b4ab539d6fcad69420e4a29521548fc078c58ed122fe6?s=96&d=mm&r=g","caption":"blogdoere@hotmail.com"},"sameAs":["http:\/\/blogdoere.com.br"]}]}},"featured_image_urls":{"full":["https:\/\/blogdoere.com.br\/wp-content\/uploads\/2022\/03\/WhatsApp-Image-2022-03-29-at-14.01.07.jpeg",743,577,false],"thumbnail":["https:\/\/blogdoere.com.br\/wp-content\/uploads\/2022\/03\/WhatsApp-Image-2022-03-29-at-14.01.07-150x150.jpeg",150,150,true],"medium":["https:\/\/blogdoere.com.br\/wp-content\/uploads\/2022\/03\/WhatsApp-Image-2022-03-29-at-14.01.07-300x233.jpeg",300,233,true],"medium_large":["https:\/\/blogdoere.com.br\/wp-content\/uploads\/2022\/03\/WhatsApp-Image-2022-03-29-at-14.01.07.jpeg",743,577,false],"large":["https:\/\/blogdoere.com.br\/wp-content\/uploads\/2022\/03\/WhatsApp-Image-2022-03-29-at-14.01.07.jpeg",743,577,false],"1536x1536":["https:\/\/blogdoere.com.br\/wp-content\/uploads\/2022\/03\/WhatsApp-Image-2022-03-29-at-14.01.07.jpeg",743,577,false],"2048x2048":["https:\/\/blogdoere.com.br\/wp-content\/uploads\/2022\/03\/WhatsApp-Image-2022-03-29-at-14.01.07.jpeg",743,577,false]},"author_info":{"display_name":"blogdoere@hotmail.com","author_link":"https:\/\/blogdoere.com.br\/?author=1"},"category_info":"<a href=\"https:\/\/blogdoere.com.br\/?cat=32\" rel=\"category\">Pol\u00edtica<\/a>","tag_info":"Pol\u00edtica","comment_count":"0","_links":{"self":[{"href":"https:\/\/blogdoere.com.br\/index.php?rest_route=\/wp\/v2\/posts\/27957","targetHints":{"allow":["GET"]}}],"collection":[{"href":"https:\/\/blogdoere.com.br\/index.php?rest_route=\/wp\/v2\/posts"}],"about":[{"href":"https:\/\/blogdoere.com.br\/index.php?rest_route=\/wp\/v2\/types\/post"}],"author":[{"embeddable":true,"href":"https:\/\/blogdoere.com.br\/index.php?rest_route=\/wp\/v2\/users\/1"}],"replies":[{"embeddable":true,"href":"https:\/\/blogdoere.com.br\/index.php?rest_route=%2Fwp%2Fv2%2Fcomments&post=27957"}],"version-history":[{"count":2,"href":"https:\/\/blogdoere.com.br\/index.php?rest_route=\/wp\/v2\/posts\/27957\/revisions"}],"predecessor-version":[{"id":27962,"href":"https:\/\/blogdoere.com.br\/index.php?rest_route=\/wp\/v2\/posts\/27957\/revisions\/27962"}],"wp:featuredmedia":[{"embeddable":true,"href":"https:\/\/blogdoere.com.br\/index.php?rest_route=\/wp\/v2\/media\/27958"}],"wp:attachment":[{"href":"https:\/\/blogdoere.com.br\/index.php?rest_route=%2Fwp%2Fv2%2Fmedia&parent=27957"}],"wp:term":[{"taxonomy":"category","embeddable":true,"href":"https:\/\/blogdoere.com.br\/index.php?rest_route=%2Fwp%2Fv2%2Fcategories&post=27957"},{"taxonomy":"post_tag","embeddable":true,"href":"https:\/\/blogdoere.com.br\/index.php?rest_route=%2Fwp%2Fv2%2Ftags&post=27957"}],"curies":[{"name":"wp","href":"https:\/\/api.w.org\/{rel}","templated":true}]}}