{"id":27981,"date":"2022-04-11T17:02:37","date_gmt":"2022-04-11T17:02:37","guid":{"rendered":"https:\/\/blogdoere.com.br\/?p=27981"},"modified":"2022-04-11T17:08:15","modified_gmt":"2022-04-11T17:08:15","slug":"itabuna-lidice-oficializa-pre-candidatura-de-robson-rigaud-deputado-federal","status":"publish","type":"post","link":"https:\/\/blogdoere.com.br\/?p=27981","title":{"rendered":"ITABUNA: L\u00cdDICE OFICIALIZA PR\u00c9-CANDIDATURA DE ROBSON  RIGAUD DEPUTADO FEDERAL."},"content":{"rendered":"\n<figure class=\"wp-block-gallery has-nested-images columns-default is-cropped wp-block-gallery-1 is-layout-flex wp-block-gallery-is-layout-flex\">\n<figure class=\"wp-block-image size-large\"><img decoding=\"async\" width=\"720\" height=\"496\" data-id=\"27983\" src=\"https:\/\/blogdoere.com.br\/wp-content\/uploads\/2022\/04\/WhatsApp-Image-2022-04-11-at-13.50.09-1-1.jpeg\" alt=\"\" class=\"wp-image-27983\" srcset=\"https:\/\/blogdoere.com.br\/wp-content\/uploads\/2022\/04\/WhatsApp-Image-2022-04-11-at-13.50.09-1-1.jpeg 720w, https:\/\/blogdoere.com.br\/wp-content\/uploads\/2022\/04\/WhatsApp-Image-2022-04-11-at-13.50.09-1-1-300x207.jpeg 300w\" sizes=\"(max-width: 720px) 100vw, 720px\" \/><\/figure>\n<\/figure>\n\n\n\n<p class=\"has-text-align-justify\">Na manh\u00e3 desta segunda-feira (11), a presidente estadual, deputada federal L\u00eddice Mata (PSB) recebeu, na sede da legenda em Salvador, o primeiro suplente de vereador do munic\u00edpio de Itabuna, Robson Rigaud, que entra na disputa das elei\u00e7\u00f5es como pr\u00e9-candidato a deputado federal. <\/p>\n\n\n\n<figure class=\"wp-block-image size-full\"><img decoding=\"async\" width=\"720\" height=\"451\" src=\"https:\/\/blogdoere.com.br\/wp-content\/uploads\/2022\/04\/WhatsApp-Image-2022-04-11-at-13.50.09.jpeg\" alt=\"\" class=\"wp-image-27984\" srcset=\"https:\/\/blogdoere.com.br\/wp-content\/uploads\/2022\/04\/WhatsApp-Image-2022-04-11-at-13.50.09.jpeg 720w, https:\/\/blogdoere.com.br\/wp-content\/uploads\/2022\/04\/WhatsApp-Image-2022-04-11-at-13.50.09-300x188.jpeg 300w\" sizes=\"(max-width: 720px) 100vw, 720px\" \/><\/figure>\n\n\n\n<p class=\"has-text-align-justify\">Rigaud atua na luta em favor da enfermagem, \u00e9 t\u00e9cnico da \u00e1rea h\u00e1 25 anos e h\u00e1 oito anos atua como enfermeiro. O dirigente da Executiva Estadual, Jo\u00e3o Carlos Oliveira, tamb\u00e9m estava presente no encontro que chancela a pr\u00e9-candidatura do enfermeiro que tem como principal pauta a defesa dos direitos da classe trabalhadora.<\/p>\n\n\n\n<p><\/p>\n\n\n\n<p><\/p>\n\n\n\n<figure class=\"wp-block-gallery has-nested-images columns-default is-cropped wp-block-gallery-2 is-layout-flex wp-block-gallery-is-layout-flex\"><\/figure>\n","protected":false},"excerpt":{"rendered":"<p>Na manh\u00e3 desta segunda-feira (11), a presidente estadual, deputada federal L\u00eddice Mata (PSB) recebeu, na sede da legenda em Salvador, o primeiro suplente de vereador do munic\u00edpio de Itabuna, Robson&#8230;<\/p>\n","protected":false},"author":1,"featured_media":27983,"comment_status":"open","ping_status":"open","sticky":false,"template":"","format":"standard","meta":{"_editorskit_title_hidden":false,"_editorskit_reading_time":1,"_editorskit_is_block_options_detached":false,"_editorskit_block_options_position":"{}","om_disable_all_campaigns":false,"_mi_skip_tracking":false,"_kad_post_transparent":"","_kad_post_title":"","_kad_post_layout":"","_kad_post_sidebar_id":"","_kad_post_content_style":"","_kad_post_vertical_padding":"","_kad_post_feature":"","_kad_post_feature_position":"","_kad_post_header":false,"_kad_post_footer":false,"footnotes":""},"categories":[32],"tags":[],"class_list":["post-27981","post","type-post","status-publish","format-standard","has-post-thumbnail","hentry","category-politica"],"yoast_head":"<!-- This site is optimized with the Yoast SEO plugin v20.5 - https:\/\/yoast.com\/wordpress\/plugins\/seo\/ -->\n<title>ITABUNA: L\u00cdDICE OFICIALIZA PR\u00c9-CANDIDATURA DE ROBSON RIGAUD DEPUTADO FEDERAL. - blog do er\u00ea<\/title>\n<meta name=\"robots\" content=\"index, follow, max-snippet:-1, max-image-preview:large, max-video-preview:-1\" \/>\n<link rel=\"canonical\" href=\"https:\/\/blogdoere.com.br\/?p=27981\" \/>\n<meta property=\"og:locale\" content=\"pt_PT\" \/>\n<meta property=\"og:type\" content=\"article\" \/>\n<meta property=\"og:title\" content=\"ITABUNA: L\u00cdDICE OFICIALIZA PR\u00c9-CANDIDATURA DE ROBSON RIGAUD DEPUTADO FEDERAL. - blog do er\u00ea\" \/>\n<meta property=\"og:description\" content=\"Na manh\u00e3 desta segunda-feira (11), a presidente estadual, deputada federal L\u00eddice Mata (PSB) recebeu, na sede da legenda em Salvador, o primeiro suplente de vereador do munic\u00edpio de Itabuna, Robson...\" \/>\n<meta property=\"og:url\" content=\"https:\/\/blogdoere.com.br\/?p=27981\" \/>\n<meta property=\"og:site_name\" content=\"blog do er\u00ea\" \/>\n<meta property=\"article:published_time\" content=\"2022-04-11T17:02:37+00:00\" \/>\n<meta property=\"article:modified_time\" content=\"2022-04-11T17:08:15+00:00\" \/>\n<meta property=\"og:image\" content=\"https:\/\/blogdoere.com.br\/wp-content\/uploads\/2022\/04\/WhatsApp-Image-2022-04-11-at-13.50.09-1-1.jpeg\" \/>\n\t<meta property=\"og:image:width\" content=\"720\" \/>\n\t<meta property=\"og:image:height\" content=\"496\" \/>\n\t<meta property=\"og:image:type\" content=\"image\/jpeg\" \/>\n<meta name=\"author\" content=\"blogdoere@hotmail.com\" \/>\n<meta name=\"twitter:card\" content=\"summary_large_image\" \/>\n<meta name=\"twitter:label1\" content=\"Escrito por\" \/>\n\t<meta name=\"twitter:data1\" content=\"blogdoere@hotmail.com\" \/>\n\t<meta name=\"twitter:label2\" content=\"Tempo estimado de leitura\" \/>\n\t<meta name=\"twitter:data2\" content=\"1 minuto\" \/>\n<script type=\"application\/ld+json\" class=\"yoast-schema-graph\">{\"@context\":\"https:\/\/schema.org\",\"@graph\":[{\"@type\":\"Article\",\"@id\":\"https:\/\/blogdoere.com.br\/?p=27981#article\",\"isPartOf\":{\"@id\":\"https:\/\/blogdoere.com.br\/?p=27981\"},\"author\":{\"name\":\"blogdoere@hotmail.com\",\"@id\":\"https:\/\/blogdoere.com.br\/#\/schema\/person\/c4f6d566a44c7bacdda563667715d18b\"},\"headline\":\"ITABUNA: L\u00cdDICE OFICIALIZA PR\u00c9-CANDIDATURA DE ROBSON RIGAUD DEPUTADO FEDERAL.\",\"datePublished\":\"2022-04-11T17:02:37+00:00\",\"dateModified\":\"2022-04-11T17:08:15+00:00\",\"mainEntityOfPage\":{\"@id\":\"https:\/\/blogdoere.com.br\/?p=27981\"},\"wordCount\":111,\"commentCount\":0,\"publisher\":{\"@id\":\"https:\/\/blogdoere.com.br\/#organization\"},\"articleSection\":[\"Pol\u00edtica\"],\"inLanguage\":\"pt-PT\",\"potentialAction\":[{\"@type\":\"CommentAction\",\"name\":\"Comment\",\"target\":[\"https:\/\/blogdoere.com.br\/?p=27981#respond\"]}]},{\"@type\":\"WebPage\",\"@id\":\"https:\/\/blogdoere.com.br\/?p=27981\",\"url\":\"https:\/\/blogdoere.com.br\/?p=27981\",\"name\":\"ITABUNA: L\u00cdDICE OFICIALIZA PR\u00c9-CANDIDATURA DE ROBSON RIGAUD DEPUTADO FEDERAL. - blog do er\u00ea\",\"isPartOf\":{\"@id\":\"https:\/\/blogdoere.com.br\/#website\"},\"datePublished\":\"2022-04-11T17:02:37+00:00\",\"dateModified\":\"2022-04-11T17:08:15+00:00\",\"breadcrumb\":{\"@id\":\"https:\/\/blogdoere.com.br\/?p=27981#breadcrumb\"},\"inLanguage\":\"pt-PT\",\"potentialAction\":[{\"@type\":\"ReadAction\",\"target\":[\"https:\/\/blogdoere.com.br\/?p=27981\"]}]},{\"@type\":\"BreadcrumbList\",\"@id\":\"https:\/\/blogdoere.com.br\/?p=27981#breadcrumb\",\"itemListElement\":[{\"@type\":\"ListItem\",\"position\":1,\"name\":\"In\u00edcio\",\"item\":\"https:\/\/blogdoere.com.br\/\"},{\"@type\":\"ListItem\",\"position\":2,\"name\":\"ITABUNA: L\u00cdDICE OFICIALIZA PR\u00c9-CANDIDATURA DE ROBSON RIGAUD DEPUTADO FEDERAL.\"}]},{\"@type\":\"WebSite\",\"@id\":\"https:\/\/blogdoere.com.br\/#website\",\"url\":\"https:\/\/blogdoere.com.br\/\",\"name\":\"blog do er\u00ea\",\"description\":\"\",\"publisher\":{\"@id\":\"https:\/\/blogdoere.com.br\/#organization\"},\"potentialAction\":[{\"@type\":\"SearchAction\",\"target\":{\"@type\":\"EntryPoint\",\"urlTemplate\":\"https:\/\/blogdoere.com.br\/?s={search_term_string}\"},\"query-input\":\"required name=search_term_string\"}],\"inLanguage\":\"pt-PT\"},{\"@type\":\"Organization\",\"@id\":\"https:\/\/blogdoere.com.br\/#organization\",\"name\":\"Blog do Er\u00ea\",\"url\":\"https:\/\/blogdoere.com.br\/\",\"logo\":{\"@type\":\"ImageObject\",\"inLanguage\":\"pt-PT\",\"@id\":\"https:\/\/blogdoere.com.br\/#\/schema\/logo\/image\/\",\"url\":\"https:\/\/blogdoere.com.br\/wp-content\/uploads\/2021\/11\/Logo-Ere-1.png\",\"contentUrl\":\"https:\/\/blogdoere.com.br\/wp-content\/uploads\/2021\/11\/Logo-Ere-1.png\",\"width\":1261,\"height\":1330,\"caption\":\"Blog do Er\u00ea\"},\"image\":{\"@id\":\"https:\/\/blogdoere.com.br\/#\/schema\/logo\/image\/\"}},{\"@type\":\"Person\",\"@id\":\"https:\/\/blogdoere.com.br\/#\/schema\/person\/c4f6d566a44c7bacdda563667715d18b\",\"name\":\"blogdoere@hotmail.com\",\"image\":{\"@type\":\"ImageObject\",\"inLanguage\":\"pt-PT\",\"@id\":\"https:\/\/blogdoere.com.br\/#\/schema\/person\/image\/\",\"url\":\"https:\/\/secure.gravatar.com\/avatar\/5684bd39df1289cb639b4ab539d6fcad69420e4a29521548fc078c58ed122fe6?s=96&d=mm&r=g\",\"contentUrl\":\"https:\/\/secure.gravatar.com\/avatar\/5684bd39df1289cb639b4ab539d6fcad69420e4a29521548fc078c58ed122fe6?s=96&d=mm&r=g\",\"caption\":\"blogdoere@hotmail.com\"},\"sameAs\":[\"http:\/\/blogdoere.com.br\"]}]}<\/script>\n<!-- \/ Yoast SEO plugin. -->","yoast_head_json":{"title":"ITABUNA: L\u00cdDICE OFICIALIZA PR\u00c9-CANDIDATURA DE ROBSON RIGAUD DEPUTADO FEDERAL. - blog do er\u00ea","robots":{"index":"index","follow":"follow","max-snippet":"max-snippet:-1","max-image-preview":"max-image-preview:large","max-video-preview":"max-video-preview:-1"},"canonical":"https:\/\/blogdoere.com.br\/?p=27981","og_locale":"pt_PT","og_type":"article","og_title":"ITABUNA: L\u00cdDICE OFICIALIZA PR\u00c9-CANDIDATURA DE ROBSON RIGAUD DEPUTADO FEDERAL. - blog do er\u00ea","og_description":"Na manh\u00e3 desta segunda-feira (11), a presidente estadual, deputada federal L\u00eddice Mata (PSB) recebeu, na sede da legenda em Salvador, o primeiro suplente de vereador do munic\u00edpio de Itabuna, Robson...","og_url":"https:\/\/blogdoere.com.br\/?p=27981","og_site_name":"blog do er\u00ea","article_published_time":"2022-04-11T17:02:37+00:00","article_modified_time":"2022-04-11T17:08:15+00:00","og_image":[{"width":720,"height":496,"url":"https:\/\/blogdoere.com.br\/wp-content\/uploads\/2022\/04\/WhatsApp-Image-2022-04-11-at-13.50.09-1-1.jpeg","type":"image\/jpeg"}],"author":"blogdoere@hotmail.com","twitter_card":"summary_large_image","twitter_misc":{"Escrito por":"blogdoere@hotmail.com","Tempo estimado de leitura":"1 minuto"},"schema":{"@context":"https:\/\/schema.org","@graph":[{"@type":"Article","@id":"https:\/\/blogdoere.com.br\/?p=27981#article","isPartOf":{"@id":"https:\/\/blogdoere.com.br\/?p=27981"},"author":{"name":"blogdoere@hotmail.com","@id":"https:\/\/blogdoere.com.br\/#\/schema\/person\/c4f6d566a44c7bacdda563667715d18b"},"headline":"ITABUNA: L\u00cdDICE OFICIALIZA PR\u00c9-CANDIDATURA DE ROBSON RIGAUD DEPUTADO FEDERAL.","datePublished":"2022-04-11T17:02:37+00:00","dateModified":"2022-04-11T17:08:15+00:00","mainEntityOfPage":{"@id":"https:\/\/blogdoere.com.br\/?p=27981"},"wordCount":111,"commentCount":0,"publisher":{"@id":"https:\/\/blogdoere.com.br\/#organization"},"articleSection":["Pol\u00edtica"],"inLanguage":"pt-PT","potentialAction":[{"@type":"CommentAction","name":"Comment","target":["https:\/\/blogdoere.com.br\/?p=27981#respond"]}]},{"@type":"WebPage","@id":"https:\/\/blogdoere.com.br\/?p=27981","url":"https:\/\/blogdoere.com.br\/?p=27981","name":"ITABUNA: L\u00cdDICE OFICIALIZA PR\u00c9-CANDIDATURA DE ROBSON RIGAUD DEPUTADO FEDERAL. - blog do er\u00ea","isPartOf":{"@id":"https:\/\/blogdoere.com.br\/#website"},"datePublished":"2022-04-11T17:02:37+00:00","dateModified":"2022-04-11T17:08:15+00:00","breadcrumb":{"@id":"https:\/\/blogdoere.com.br\/?p=27981#breadcrumb"},"inLanguage":"pt-PT","potentialAction":[{"@type":"ReadAction","target":["https:\/\/blogdoere.com.br\/?p=27981"]}]},{"@type":"BreadcrumbList","@id":"https:\/\/blogdoere.com.br\/?p=27981#breadcrumb","itemListElement":[{"@type":"ListItem","position":1,"name":"In\u00edcio","item":"https:\/\/blogdoere.com.br\/"},{"@type":"ListItem","position":2,"name":"ITABUNA: L\u00cdDICE OFICIALIZA PR\u00c9-CANDIDATURA DE ROBSON RIGAUD DEPUTADO FEDERAL."}]},{"@type":"WebSite","@id":"https:\/\/blogdoere.com.br\/#website","url":"https:\/\/blogdoere.com.br\/","name":"blog do er\u00ea","description":"","publisher":{"@id":"https:\/\/blogdoere.com.br\/#organization"},"potentialAction":[{"@type":"SearchAction","target":{"@type":"EntryPoint","urlTemplate":"https:\/\/blogdoere.com.br\/?s={search_term_string}"},"query-input":"required name=search_term_string"}],"inLanguage":"pt-PT"},{"@type":"Organization","@id":"https:\/\/blogdoere.com.br\/#organization","name":"Blog do Er\u00ea","url":"https:\/\/blogdoere.com.br\/","logo":{"@type":"ImageObject","inLanguage":"pt-PT","@id":"https:\/\/blogdoere.com.br\/#\/schema\/logo\/image\/","url":"https:\/\/blogdoere.com.br\/wp-content\/uploads\/2021\/11\/Logo-Ere-1.png","contentUrl":"https:\/\/blogdoere.com.br\/wp-content\/uploads\/2021\/11\/Logo-Ere-1.png","width":1261,"height":1330,"caption":"Blog do Er\u00ea"},"image":{"@id":"https:\/\/blogdoere.com.br\/#\/schema\/logo\/image\/"}},{"@type":"Person","@id":"https:\/\/blogdoere.com.br\/#\/schema\/person\/c4f6d566a44c7bacdda563667715d18b","name":"blogdoere@hotmail.com","image":{"@type":"ImageObject","inLanguage":"pt-PT","@id":"https:\/\/blogdoere.com.br\/#\/schema\/person\/image\/","url":"https:\/\/secure.gravatar.com\/avatar\/5684bd39df1289cb639b4ab539d6fcad69420e4a29521548fc078c58ed122fe6?s=96&d=mm&r=g","contentUrl":"https:\/\/secure.gravatar.com\/avatar\/5684bd39df1289cb639b4ab539d6fcad69420e4a29521548fc078c58ed122fe6?s=96&d=mm&r=g","caption":"blogdoere@hotmail.com"},"sameAs":["http:\/\/blogdoere.com.br"]}]}},"featured_image_urls":{"full":["https:\/\/blogdoere.com.br\/wp-content\/uploads\/2022\/04\/WhatsApp-Image-2022-04-11-at-13.50.09-1-1.jpeg",720,496,false],"thumbnail":["https:\/\/blogdoere.com.br\/wp-content\/uploads\/2022\/04\/WhatsApp-Image-2022-04-11-at-13.50.09-1-1-150x150.jpeg",150,150,true],"medium":["https:\/\/blogdoere.com.br\/wp-content\/uploads\/2022\/04\/WhatsApp-Image-2022-04-11-at-13.50.09-1-1-300x207.jpeg",300,207,true],"medium_large":["https:\/\/blogdoere.com.br\/wp-content\/uploads\/2022\/04\/WhatsApp-Image-2022-04-11-at-13.50.09-1-1.jpeg",720,496,false],"large":["https:\/\/blogdoere.com.br\/wp-content\/uploads\/2022\/04\/WhatsApp-Image-2022-04-11-at-13.50.09-1-1.jpeg",720,496,false],"1536x1536":["https:\/\/blogdoere.com.br\/wp-content\/uploads\/2022\/04\/WhatsApp-Image-2022-04-11-at-13.50.09-1-1.jpeg",720,496,false],"2048x2048":["https:\/\/blogdoere.com.br\/wp-content\/uploads\/2022\/04\/WhatsApp-Image-2022-04-11-at-13.50.09-1-1.jpeg",720,496,false]},"author_info":{"display_name":"blogdoere@hotmail.com","author_link":"https:\/\/blogdoere.com.br\/?author=1"},"category_info":"<a href=\"https:\/\/blogdoere.com.br\/?cat=32\" rel=\"category\">Pol\u00edtica<\/a>","tag_info":"Pol\u00edtica","comment_count":"0","_links":{"self":[{"href":"https:\/\/blogdoere.com.br\/index.php?rest_route=\/wp\/v2\/posts\/27981","targetHints":{"allow":["GET"]}}],"collection":[{"href":"https:\/\/blogdoere.com.br\/index.php?rest_route=\/wp\/v2\/posts"}],"about":[{"href":"https:\/\/blogdoere.com.br\/index.php?rest_route=\/wp\/v2\/types\/post"}],"author":[{"embeddable":true,"href":"https:\/\/blogdoere.com.br\/index.php?rest_route=\/wp\/v2\/users\/1"}],"replies":[{"embeddable":true,"href":"https:\/\/blogdoere.com.br\/index.php?rest_route=%2Fwp%2Fv2%2Fcomments&post=27981"}],"version-history":[{"count":2,"href":"https:\/\/blogdoere.com.br\/index.php?rest_route=\/wp\/v2\/posts\/27981\/revisions"}],"predecessor-version":[{"id":27987,"href":"https:\/\/blogdoere.com.br\/index.php?rest_route=\/wp\/v2\/posts\/27981\/revisions\/27987"}],"wp:featuredmedia":[{"embeddable":true,"href":"https:\/\/blogdoere.com.br\/index.php?rest_route=\/wp\/v2\/media\/27983"}],"wp:attachment":[{"href":"https:\/\/blogdoere.com.br\/index.php?rest_route=%2Fwp%2Fv2%2Fmedia&parent=27981"}],"wp:term":[{"taxonomy":"category","embeddable":true,"href":"https:\/\/blogdoere.com.br\/index.php?rest_route=%2Fwp%2Fv2%2Fcategories&post=27981"},{"taxonomy":"post_tag","embeddable":true,"href":"https:\/\/blogdoere.com.br\/index.php?rest_route=%2Fwp%2Fv2%2Ftags&post=27981"}],"curies":[{"name":"wp","href":"https:\/\/api.w.org\/{rel}","templated":true}]}}