{"id":27988,"date":"2022-04-11T17:47:05","date_gmt":"2022-04-11T17:47:05","guid":{"rendered":"https:\/\/blogdoere.com.br\/?p=27988"},"modified":"2022-04-11T21:55:14","modified_gmt":"2022-04-11T21:55:14","slug":"itajuipe-gestores-e-coordenadores-participam-de-capacitacao","status":"publish","type":"post","link":"https:\/\/blogdoere.com.br\/?p=27988","title":{"rendered":"ITAJU\u00cdPE: GESTORES E COORDENADORES PARTICIPAM DE CAPACITA\u00c7\u00c3O."},"content":{"rendered":"\n<figure class=\"wp-block-gallery has-nested-images columns-default is-cropped wp-block-gallery-1 is-layout-flex wp-block-gallery-is-layout-flex\">\n<figure class=\"wp-block-image size-large\"><img decoding=\"async\" width=\"1024\" height=\"756\" data-id=\"27989\" src=\"https:\/\/blogdoere.com.br\/wp-content\/uploads\/2022\/04\/WhatsApp-Image-2022-04-11-at-14.40.10-1024x756.jpeg\" alt=\"\" class=\"wp-image-27989\" srcset=\"https:\/\/blogdoere.com.br\/wp-content\/uploads\/2022\/04\/WhatsApp-Image-2022-04-11-at-14.40.10-1024x756.jpeg 1024w, https:\/\/blogdoere.com.br\/wp-content\/uploads\/2022\/04\/WhatsApp-Image-2022-04-11-at-14.40.10-300x221.jpeg 300w, https:\/\/blogdoere.com.br\/wp-content\/uploads\/2022\/04\/WhatsApp-Image-2022-04-11-at-14.40.10-768x567.jpeg 768w, https:\/\/blogdoere.com.br\/wp-content\/uploads\/2022\/04\/WhatsApp-Image-2022-04-11-at-14.40.10.jpeg 1221w\" sizes=\"(max-width: 1024px) 100vw, 1024px\" \/><\/figure>\n<\/figure>\n\n\n\n<p class=\"has-text-align-justify\">Na \u00faltima quinta-feira, dia 7 de abril, gestores e coordenadores  da rede municipal de educa\u00e7\u00e3o do munic\u00edpio de Itaju\u00edpe participaram da forma\u00e7\u00e3o e capacita\u00e7\u00e3o do Programa Melhoria da Educa\u00e7\u00e3o do Ita\u00fa Social.<br>O Programa tem como objetivo atender as necessidades das redes de ensino dos 16 munic\u00edpios que fazem parte do Cons\u00f3rcio de Desenvolvimento Sustent\u00e1vel-CDS do Territ\u00f3rio Litoral Sul com o apoio total da AMURC (Associa\u00e7\u00e3o dos Munic\u00edpios do Sul, Extremo Sul e Sudoeste da Bahia).<\/p>\n\n\n\n<figure class=\"wp-block-gallery has-nested-images columns-default is-cropped wp-block-gallery-2 is-layout-flex wp-block-gallery-is-layout-flex\">\n<figure class=\"wp-block-image size-large\"><img decoding=\"async\" width=\"1024\" height=\"768\" data-id=\"27990\" src=\"https:\/\/blogdoere.com.br\/wp-content\/uploads\/2022\/04\/WhatsApp-Image-2022-04-11-at-14.40.33-1024x768.jpeg\" alt=\"\" class=\"wp-image-27990\" srcset=\"https:\/\/blogdoere.com.br\/wp-content\/uploads\/2022\/04\/WhatsApp-Image-2022-04-11-at-14.40.33-1024x768.jpeg 1024w, https:\/\/blogdoere.com.br\/wp-content\/uploads\/2022\/04\/WhatsApp-Image-2022-04-11-at-14.40.33-300x225.jpeg 300w, https:\/\/blogdoere.com.br\/wp-content\/uploads\/2022\/04\/WhatsApp-Image-2022-04-11-at-14.40.33-768x576.jpeg 768w, https:\/\/blogdoere.com.br\/wp-content\/uploads\/2022\/04\/WhatsApp-Image-2022-04-11-at-14.40.33-1536x1152.jpeg 1536w, https:\/\/blogdoere.com.br\/wp-content\/uploads\/2022\/04\/WhatsApp-Image-2022-04-11-at-14.40.33.jpeg 1600w\" sizes=\"(max-width: 1024px) 100vw, 1024px\" \/><\/figure>\n<\/figure>\n\n\n\n<p class=\"has-text-align-justify\"> O curso foi ministrado pela formadora em educa\u00e7\u00e3o mestra pela PUC\/SP, Priscila de Giovani, que atua no CEDAC \u2013 Centro de Educa\u00e7\u00e3o da Cidadania pelo Ita\u00fa Social. Segundo a secret\u00e1ria de Educa\u00e7\u00e3o do Munic\u00edpio de Itaju\u00edpe, Maria de Lourdes Santana, essa forma\u00e7\u00e3o tamb\u00e9m permitir\u00e1 o trabalho para recomposi\u00e7\u00e3o das aprendizagens que ficaram prejudicadas pelos dois anos da pandemia. &#8220;Os gestores e coordenadores ser\u00e3o multiplicadores do conhecimento na rede municipal nas pr\u00e1ticas pedag\u00f3gicas, desta maneira, melhorar ainda mais a qualidade da nossa educa\u00e7\u00e3o&#8221; \u2013 afirmou a secret\u00e1ria.<\/p>\n","protected":false},"excerpt":{"rendered":"<p>Na \u00faltima quinta-feira, dia 7 de abril, gestores e coordenadores da rede municipal de educa\u00e7\u00e3o do munic\u00edpio de Itaju\u00edpe participaram da forma\u00e7\u00e3o e capacita\u00e7\u00e3o do Programa Melhoria da Educa\u00e7\u00e3o do&#8230;<\/p>\n","protected":false},"author":1,"featured_media":27989,"comment_status":"open","ping_status":"open","sticky":false,"template":"","format":"standard","meta":{"_editorskit_title_hidden":false,"_editorskit_reading_time":1,"_editorskit_is_block_options_detached":false,"_editorskit_block_options_position":"{}","om_disable_all_campaigns":false,"_mi_skip_tracking":false,"_kad_post_transparent":"","_kad_post_title":"","_kad_post_layout":"","_kad_post_sidebar_id":"","_kad_post_content_style":"","_kad_post_vertical_padding":"","_kad_post_feature":"","_kad_post_feature_position":"","_kad_post_header":false,"_kad_post_footer":false,"footnotes":""},"categories":[71],"tags":[],"class_list":["post-27988","post","type-post","status-publish","format-standard","has-post-thumbnail","hentry","category-gestao-e-inovacao"],"yoast_head":"<!-- This site is optimized with the Yoast SEO plugin v20.5 - https:\/\/yoast.com\/wordpress\/plugins\/seo\/ -->\n<title>ITAJU\u00cdPE: GESTORES E COORDENADORES PARTICIPAM DE CAPACITA\u00c7\u00c3O. - blog do er\u00ea<\/title>\n<meta name=\"robots\" content=\"index, follow, max-snippet:-1, max-image-preview:large, max-video-preview:-1\" \/>\n<link rel=\"canonical\" href=\"https:\/\/blogdoere.com.br\/?p=27988\" \/>\n<meta property=\"og:locale\" content=\"pt_PT\" \/>\n<meta property=\"og:type\" content=\"article\" \/>\n<meta property=\"og:title\" content=\"ITAJU\u00cdPE: GESTORES E COORDENADORES PARTICIPAM DE CAPACITA\u00c7\u00c3O. - blog do er\u00ea\" \/>\n<meta property=\"og:description\" content=\"Na \u00faltima quinta-feira, dia 7 de abril, gestores e coordenadores da rede municipal de educa\u00e7\u00e3o do munic\u00edpio de Itaju\u00edpe participaram da forma\u00e7\u00e3o e capacita\u00e7\u00e3o do Programa Melhoria da Educa\u00e7\u00e3o do...\" \/>\n<meta property=\"og:url\" content=\"https:\/\/blogdoere.com.br\/?p=27988\" \/>\n<meta property=\"og:site_name\" content=\"blog do er\u00ea\" \/>\n<meta property=\"article:published_time\" content=\"2022-04-11T17:47:05+00:00\" \/>\n<meta property=\"article:modified_time\" content=\"2022-04-11T21:55:14+00:00\" \/>\n<meta property=\"og:image\" content=\"https:\/\/blogdoere.com.br\/wp-content\/uploads\/2022\/04\/WhatsApp-Image-2022-04-11-at-14.40.10.jpeg\" \/>\n\t<meta property=\"og:image:width\" content=\"1221\" \/>\n\t<meta property=\"og:image:height\" content=\"901\" \/>\n\t<meta property=\"og:image:type\" content=\"image\/jpeg\" \/>\n<meta name=\"author\" content=\"blogdoere@hotmail.com\" \/>\n<meta name=\"twitter:card\" content=\"summary_large_image\" \/>\n<meta name=\"twitter:label1\" content=\"Escrito por\" \/>\n\t<meta name=\"twitter:data1\" content=\"blogdoere@hotmail.com\" \/>\n\t<meta name=\"twitter:label2\" content=\"Tempo estimado de leitura\" \/>\n\t<meta name=\"twitter:data2\" content=\"2 minutos\" \/>\n<script type=\"application\/ld+json\" class=\"yoast-schema-graph\">{\"@context\":\"https:\/\/schema.org\",\"@graph\":[{\"@type\":\"Article\",\"@id\":\"https:\/\/blogdoere.com.br\/?p=27988#article\",\"isPartOf\":{\"@id\":\"https:\/\/blogdoere.com.br\/?p=27988\"},\"author\":{\"name\":\"blogdoere@hotmail.com\",\"@id\":\"https:\/\/blogdoere.com.br\/#\/schema\/person\/c4f6d566a44c7bacdda563667715d18b\"},\"headline\":\"ITAJU\u00cdPE: GESTORES E COORDENADORES PARTICIPAM DE CAPACITA\u00c7\u00c3O.\",\"datePublished\":\"2022-04-11T17:47:05+00:00\",\"dateModified\":\"2022-04-11T21:55:14+00:00\",\"mainEntityOfPage\":{\"@id\":\"https:\/\/blogdoere.com.br\/?p=27988\"},\"wordCount\":194,\"commentCount\":0,\"publisher\":{\"@id\":\"https:\/\/blogdoere.com.br\/#organization\"},\"articleSection\":[\"Gest\u00e3o e Inova\u00e7\u00e3o\"],\"inLanguage\":\"pt-PT\",\"potentialAction\":[{\"@type\":\"CommentAction\",\"name\":\"Comment\",\"target\":[\"https:\/\/blogdoere.com.br\/?p=27988#respond\"]}]},{\"@type\":\"WebPage\",\"@id\":\"https:\/\/blogdoere.com.br\/?p=27988\",\"url\":\"https:\/\/blogdoere.com.br\/?p=27988\",\"name\":\"ITAJU\u00cdPE: GESTORES E COORDENADORES PARTICIPAM DE CAPACITA\u00c7\u00c3O. - blog do er\u00ea\",\"isPartOf\":{\"@id\":\"https:\/\/blogdoere.com.br\/#website\"},\"datePublished\":\"2022-04-11T17:47:05+00:00\",\"dateModified\":\"2022-04-11T21:55:14+00:00\",\"breadcrumb\":{\"@id\":\"https:\/\/blogdoere.com.br\/?p=27988#breadcrumb\"},\"inLanguage\":\"pt-PT\",\"potentialAction\":[{\"@type\":\"ReadAction\",\"target\":[\"https:\/\/blogdoere.com.br\/?p=27988\"]}]},{\"@type\":\"BreadcrumbList\",\"@id\":\"https:\/\/blogdoere.com.br\/?p=27988#breadcrumb\",\"itemListElement\":[{\"@type\":\"ListItem\",\"position\":1,\"name\":\"In\u00edcio\",\"item\":\"https:\/\/blogdoere.com.br\/\"},{\"@type\":\"ListItem\",\"position\":2,\"name\":\"ITAJU\u00cdPE: GESTORES E COORDENADORES PARTICIPAM DE CAPACITA\u00c7\u00c3O.\"}]},{\"@type\":\"WebSite\",\"@id\":\"https:\/\/blogdoere.com.br\/#website\",\"url\":\"https:\/\/blogdoere.com.br\/\",\"name\":\"blog do er\u00ea\",\"description\":\"\",\"publisher\":{\"@id\":\"https:\/\/blogdoere.com.br\/#organization\"},\"potentialAction\":[{\"@type\":\"SearchAction\",\"target\":{\"@type\":\"EntryPoint\",\"urlTemplate\":\"https:\/\/blogdoere.com.br\/?s={search_term_string}\"},\"query-input\":\"required name=search_term_string\"}],\"inLanguage\":\"pt-PT\"},{\"@type\":\"Organization\",\"@id\":\"https:\/\/blogdoere.com.br\/#organization\",\"name\":\"Blog do Er\u00ea\",\"url\":\"https:\/\/blogdoere.com.br\/\",\"logo\":{\"@type\":\"ImageObject\",\"inLanguage\":\"pt-PT\",\"@id\":\"https:\/\/blogdoere.com.br\/#\/schema\/logo\/image\/\",\"url\":\"https:\/\/blogdoere.com.br\/wp-content\/uploads\/2021\/11\/Logo-Ere-1.png\",\"contentUrl\":\"https:\/\/blogdoere.com.br\/wp-content\/uploads\/2021\/11\/Logo-Ere-1.png\",\"width\":1261,\"height\":1330,\"caption\":\"Blog do Er\u00ea\"},\"image\":{\"@id\":\"https:\/\/blogdoere.com.br\/#\/schema\/logo\/image\/\"}},{\"@type\":\"Person\",\"@id\":\"https:\/\/blogdoere.com.br\/#\/schema\/person\/c4f6d566a44c7bacdda563667715d18b\",\"name\":\"blogdoere@hotmail.com\",\"image\":{\"@type\":\"ImageObject\",\"inLanguage\":\"pt-PT\",\"@id\":\"https:\/\/blogdoere.com.br\/#\/schema\/person\/image\/\",\"url\":\"https:\/\/secure.gravatar.com\/avatar\/5684bd39df1289cb639b4ab539d6fcad69420e4a29521548fc078c58ed122fe6?s=96&d=mm&r=g\",\"contentUrl\":\"https:\/\/secure.gravatar.com\/avatar\/5684bd39df1289cb639b4ab539d6fcad69420e4a29521548fc078c58ed122fe6?s=96&d=mm&r=g\",\"caption\":\"blogdoere@hotmail.com\"},\"sameAs\":[\"http:\/\/blogdoere.com.br\"]}]}<\/script>\n<!-- \/ Yoast SEO plugin. -->","yoast_head_json":{"title":"ITAJU\u00cdPE: GESTORES E COORDENADORES PARTICIPAM DE CAPACITA\u00c7\u00c3O. - blog do er\u00ea","robots":{"index":"index","follow":"follow","max-snippet":"max-snippet:-1","max-image-preview":"max-image-preview:large","max-video-preview":"max-video-preview:-1"},"canonical":"https:\/\/blogdoere.com.br\/?p=27988","og_locale":"pt_PT","og_type":"article","og_title":"ITAJU\u00cdPE: GESTORES E COORDENADORES PARTICIPAM DE CAPACITA\u00c7\u00c3O. - blog do er\u00ea","og_description":"Na \u00faltima quinta-feira, dia 7 de abril, gestores e coordenadores da rede municipal de educa\u00e7\u00e3o do munic\u00edpio de Itaju\u00edpe participaram da forma\u00e7\u00e3o e capacita\u00e7\u00e3o do Programa Melhoria da Educa\u00e7\u00e3o do...","og_url":"https:\/\/blogdoere.com.br\/?p=27988","og_site_name":"blog do er\u00ea","article_published_time":"2022-04-11T17:47:05+00:00","article_modified_time":"2022-04-11T21:55:14+00:00","og_image":[{"width":1221,"height":901,"url":"https:\/\/blogdoere.com.br\/wp-content\/uploads\/2022\/04\/WhatsApp-Image-2022-04-11-at-14.40.10.jpeg","type":"image\/jpeg"}],"author":"blogdoere@hotmail.com","twitter_card":"summary_large_image","twitter_misc":{"Escrito por":"blogdoere@hotmail.com","Tempo estimado de leitura":"2 minutos"},"schema":{"@context":"https:\/\/schema.org","@graph":[{"@type":"Article","@id":"https:\/\/blogdoere.com.br\/?p=27988#article","isPartOf":{"@id":"https:\/\/blogdoere.com.br\/?p=27988"},"author":{"name":"blogdoere@hotmail.com","@id":"https:\/\/blogdoere.com.br\/#\/schema\/person\/c4f6d566a44c7bacdda563667715d18b"},"headline":"ITAJU\u00cdPE: GESTORES E COORDENADORES PARTICIPAM DE CAPACITA\u00c7\u00c3O.","datePublished":"2022-04-11T17:47:05+00:00","dateModified":"2022-04-11T21:55:14+00:00","mainEntityOfPage":{"@id":"https:\/\/blogdoere.com.br\/?p=27988"},"wordCount":194,"commentCount":0,"publisher":{"@id":"https:\/\/blogdoere.com.br\/#organization"},"articleSection":["Gest\u00e3o e Inova\u00e7\u00e3o"],"inLanguage":"pt-PT","potentialAction":[{"@type":"CommentAction","name":"Comment","target":["https:\/\/blogdoere.com.br\/?p=27988#respond"]}]},{"@type":"WebPage","@id":"https:\/\/blogdoere.com.br\/?p=27988","url":"https:\/\/blogdoere.com.br\/?p=27988","name":"ITAJU\u00cdPE: GESTORES E COORDENADORES PARTICIPAM DE CAPACITA\u00c7\u00c3O. - blog do er\u00ea","isPartOf":{"@id":"https:\/\/blogdoere.com.br\/#website"},"datePublished":"2022-04-11T17:47:05+00:00","dateModified":"2022-04-11T21:55:14+00:00","breadcrumb":{"@id":"https:\/\/blogdoere.com.br\/?p=27988#breadcrumb"},"inLanguage":"pt-PT","potentialAction":[{"@type":"ReadAction","target":["https:\/\/blogdoere.com.br\/?p=27988"]}]},{"@type":"BreadcrumbList","@id":"https:\/\/blogdoere.com.br\/?p=27988#breadcrumb","itemListElement":[{"@type":"ListItem","position":1,"name":"In\u00edcio","item":"https:\/\/blogdoere.com.br\/"},{"@type":"ListItem","position":2,"name":"ITAJU\u00cdPE: GESTORES E COORDENADORES PARTICIPAM DE CAPACITA\u00c7\u00c3O."}]},{"@type":"WebSite","@id":"https:\/\/blogdoere.com.br\/#website","url":"https:\/\/blogdoere.com.br\/","name":"blog do er\u00ea","description":"","publisher":{"@id":"https:\/\/blogdoere.com.br\/#organization"},"potentialAction":[{"@type":"SearchAction","target":{"@type":"EntryPoint","urlTemplate":"https:\/\/blogdoere.com.br\/?s={search_term_string}"},"query-input":"required name=search_term_string"}],"inLanguage":"pt-PT"},{"@type":"Organization","@id":"https:\/\/blogdoere.com.br\/#organization","name":"Blog do Er\u00ea","url":"https:\/\/blogdoere.com.br\/","logo":{"@type":"ImageObject","inLanguage":"pt-PT","@id":"https:\/\/blogdoere.com.br\/#\/schema\/logo\/image\/","url":"https:\/\/blogdoere.com.br\/wp-content\/uploads\/2021\/11\/Logo-Ere-1.png","contentUrl":"https:\/\/blogdoere.com.br\/wp-content\/uploads\/2021\/11\/Logo-Ere-1.png","width":1261,"height":1330,"caption":"Blog do Er\u00ea"},"image":{"@id":"https:\/\/blogdoere.com.br\/#\/schema\/logo\/image\/"}},{"@type":"Person","@id":"https:\/\/blogdoere.com.br\/#\/schema\/person\/c4f6d566a44c7bacdda563667715d18b","name":"blogdoere@hotmail.com","image":{"@type":"ImageObject","inLanguage":"pt-PT","@id":"https:\/\/blogdoere.com.br\/#\/schema\/person\/image\/","url":"https:\/\/secure.gravatar.com\/avatar\/5684bd39df1289cb639b4ab539d6fcad69420e4a29521548fc078c58ed122fe6?s=96&d=mm&r=g","contentUrl":"https:\/\/secure.gravatar.com\/avatar\/5684bd39df1289cb639b4ab539d6fcad69420e4a29521548fc078c58ed122fe6?s=96&d=mm&r=g","caption":"blogdoere@hotmail.com"},"sameAs":["http:\/\/blogdoere.com.br"]}]}},"featured_image_urls":{"full":["https:\/\/blogdoere.com.br\/wp-content\/uploads\/2022\/04\/WhatsApp-Image-2022-04-11-at-14.40.10.jpeg",1221,901,false],"thumbnail":["https:\/\/blogdoere.com.br\/wp-content\/uploads\/2022\/04\/WhatsApp-Image-2022-04-11-at-14.40.10-150x150.jpeg",150,150,true],"medium":["https:\/\/blogdoere.com.br\/wp-content\/uploads\/2022\/04\/WhatsApp-Image-2022-04-11-at-14.40.10-300x221.jpeg",300,221,true],"medium_large":["https:\/\/blogdoere.com.br\/wp-content\/uploads\/2022\/04\/WhatsApp-Image-2022-04-11-at-14.40.10-768x567.jpeg",768,567,true],"large":["https:\/\/blogdoere.com.br\/wp-content\/uploads\/2022\/04\/WhatsApp-Image-2022-04-11-at-14.40.10-1024x756.jpeg",1024,756,true],"1536x1536":["https:\/\/blogdoere.com.br\/wp-content\/uploads\/2022\/04\/WhatsApp-Image-2022-04-11-at-14.40.10.jpeg",1221,901,false],"2048x2048":["https:\/\/blogdoere.com.br\/wp-content\/uploads\/2022\/04\/WhatsApp-Image-2022-04-11-at-14.40.10.jpeg",1221,901,false]},"author_info":{"display_name":"blogdoere@hotmail.com","author_link":"https:\/\/blogdoere.com.br\/?author=1"},"category_info":"<a href=\"https:\/\/blogdoere.com.br\/?cat=71\" rel=\"category\">Gest\u00e3o e Inova\u00e7\u00e3o<\/a>","tag_info":"Gest\u00e3o e Inova\u00e7\u00e3o","comment_count":"0","_links":{"self":[{"href":"https:\/\/blogdoere.com.br\/index.php?rest_route=\/wp\/v2\/posts\/27988","targetHints":{"allow":["GET"]}}],"collection":[{"href":"https:\/\/blogdoere.com.br\/index.php?rest_route=\/wp\/v2\/posts"}],"about":[{"href":"https:\/\/blogdoere.com.br\/index.php?rest_route=\/wp\/v2\/types\/post"}],"author":[{"embeddable":true,"href":"https:\/\/blogdoere.com.br\/index.php?rest_route=\/wp\/v2\/users\/1"}],"replies":[{"embeddable":true,"href":"https:\/\/blogdoere.com.br\/index.php?rest_route=%2Fwp%2Fv2%2Fcomments&post=27988"}],"version-history":[{"count":3,"href":"https:\/\/blogdoere.com.br\/index.php?rest_route=\/wp\/v2\/posts\/27988\/revisions"}],"predecessor-version":[{"id":27996,"href":"https:\/\/blogdoere.com.br\/index.php?rest_route=\/wp\/v2\/posts\/27988\/revisions\/27996"}],"wp:featuredmedia":[{"embeddable":true,"href":"https:\/\/blogdoere.com.br\/index.php?rest_route=\/wp\/v2\/media\/27989"}],"wp:attachment":[{"href":"https:\/\/blogdoere.com.br\/index.php?rest_route=%2Fwp%2Fv2%2Fmedia&parent=27988"}],"wp:term":[{"taxonomy":"category","embeddable":true,"href":"https:\/\/blogdoere.com.br\/index.php?rest_route=%2Fwp%2Fv2%2Fcategories&post=27988"},{"taxonomy":"post_tag","embeddable":true,"href":"https:\/\/blogdoere.com.br\/index.php?rest_route=%2Fwp%2Fv2%2Ftags&post=27988"}],"curies":[{"name":"wp","href":"https:\/\/api.w.org\/{rel}","templated":true}]}}