{"id":28014,"date":"2022-04-21T16:02:58","date_gmt":"2022-04-21T16:02:58","guid":{"rendered":"https:\/\/blogdoere.com.br\/?p=28014"},"modified":"2022-04-21T16:17:44","modified_gmt":"2022-04-21T16:17:44","slug":"acm-neto-tem-vergonha-de-assumir-que-e-bolsonarista-disse-jeronimo","status":"publish","type":"post","link":"https:\/\/blogdoere.com.br\/?p=28014","title":{"rendered":"&#8220;ACM NETO TEM VERGONHA DE ASSUMIR QUE \u00c9 BOLSONARISTA&#8221; DISSE JER\u00d4NIMO"},"content":{"rendered":"\n<figure class=\"wp-block-gallery has-nested-images columns-default is-cropped wp-block-gallery-1 is-layout-flex wp-block-gallery-is-layout-flex\">\n<figure class=\"wp-block-image size-large\"><img decoding=\"async\" width=\"720\" height=\"483\" data-id=\"28015\" src=\"https:\/\/blogdoere.com.br\/wp-content\/uploads\/2022\/04\/WhatsApp-Image-2022-04-20-at-22.44.40.jpeg\" alt=\"\" class=\"wp-image-28015\" srcset=\"https:\/\/blogdoere.com.br\/wp-content\/uploads\/2022\/04\/WhatsApp-Image-2022-04-20-at-22.44.40.jpeg 720w, https:\/\/blogdoere.com.br\/wp-content\/uploads\/2022\/04\/WhatsApp-Image-2022-04-20-at-22.44.40-300x201.jpeg 300w\" sizes=\"(max-width: 720px) 100vw, 720px\" \/><\/figure>\n<\/figure>\n\n\n\n<p class=\"has-text-align-justify\">O pr\u00e9-candidato a governador Jer\u00f4nimo Rodrigues (PT) disse ter\u00e7a-feira, 19 de abril, em entrevista para uma r\u00e1dio da capital, que o pr\u00e9-candidato a governador ACM Neto (UB) tem &#8220;vergonha de assumir que \u00e9 bolsonarista&#8221;. E lembrou que o ent\u00e3o deputado federal ACM Neto, em 2005, prometeu, no plen\u00e1rio da C\u00e2mara Federal, &#8220;dar uma surra no  presidente Lula&#8221;. A resposta do pr\u00e9-candidato Jer\u00f4nimo veio depois de uma provoca\u00e7\u00e3o de ACM Neto insinuando que seu principal advers\u00e1rio pol\u00edtico &#8220;precisa de uma bengala&#8221;, se referindo ao apoio do presidente Lula a Jer\u00f4nimo para governador. Em outra ocasi\u00e3o, quando perguntado pela &#8220;surra&#8221;, ACM Neto desconversou e disse que &#8220;prometeu a surra&#8221; no calor da juventude e que mudou muito. Segundo uma fonte, ACM Neto mudou o discurso de olho na excelente aprova\u00e7\u00e3o do presidente Lula na Bahia. \u00c9 coisa!<\/p>\n","protected":false},"excerpt":{"rendered":"<p>O pr\u00e9-candidato a governador Jer\u00f4nimo Rodrigues (PT) disse ter\u00e7a-feira, 19 de abril, em entrevista para uma r\u00e1dio da capital, que o pr\u00e9-candidato a governador ACM Neto (UB) tem &#8220;vergonha de&#8230;<\/p>\n","protected":false},"author":1,"featured_media":28016,"comment_status":"open","ping_status":"open","sticky":false,"template":"","format":"standard","meta":{"_editorskit_title_hidden":false,"_editorskit_reading_time":1,"_editorskit_is_block_options_detached":false,"_editorskit_block_options_position":"{}","om_disable_all_campaigns":false,"_mi_skip_tracking":false,"_kad_post_transparent":"","_kad_post_title":"","_kad_post_layout":"","_kad_post_sidebar_id":"","_kad_post_content_style":"","_kad_post_vertical_padding":"","_kad_post_feature":"","_kad_post_feature_position":"","_kad_post_header":false,"_kad_post_footer":false,"footnotes":""},"categories":[32],"tags":[],"class_list":["post-28014","post","type-post","status-publish","format-standard","has-post-thumbnail","hentry","category-politica"],"yoast_head":"<!-- This site is optimized with the Yoast SEO plugin v20.5 - https:\/\/yoast.com\/wordpress\/plugins\/seo\/ -->\n<title>&quot;ACM NETO TEM VERGONHA DE ASSUMIR QUE \u00c9 BOLSONARISTA&quot; DISSE JER\u00d4NIMO - blog do er\u00ea<\/title>\n<meta name=\"robots\" content=\"index, follow, max-snippet:-1, max-image-preview:large, max-video-preview:-1\" \/>\n<link rel=\"canonical\" href=\"https:\/\/blogdoere.com.br\/?p=28014\" \/>\n<meta property=\"og:locale\" content=\"pt_PT\" \/>\n<meta property=\"og:type\" content=\"article\" \/>\n<meta property=\"og:title\" content=\"&quot;ACM NETO TEM VERGONHA DE ASSUMIR QUE \u00c9 BOLSONARISTA&quot; DISSE JER\u00d4NIMO - blog do er\u00ea\" \/>\n<meta property=\"og:description\" content=\"O pr\u00e9-candidato a governador Jer\u00f4nimo Rodrigues (PT) disse ter\u00e7a-feira, 19 de abril, em entrevista para uma r\u00e1dio da capital, que o pr\u00e9-candidato a governador ACM Neto (UB) tem &#8220;vergonha de...\" \/>\n<meta property=\"og:url\" content=\"https:\/\/blogdoere.com.br\/?p=28014\" \/>\n<meta property=\"og:site_name\" content=\"blog do er\u00ea\" \/>\n<meta property=\"article:published_time\" content=\"2022-04-21T16:02:58+00:00\" \/>\n<meta property=\"article:modified_time\" content=\"2022-04-21T16:17:44+00:00\" \/>\n<meta property=\"og:image\" content=\"https:\/\/blogdoere.com.br\/wp-content\/uploads\/2022\/04\/WhatsApp-Image-2022-04-20-at-22.44.40-1.jpeg\" \/>\n\t<meta property=\"og:image:width\" content=\"720\" \/>\n\t<meta property=\"og:image:height\" content=\"483\" \/>\n\t<meta property=\"og:image:type\" content=\"image\/jpeg\" \/>\n<meta name=\"author\" content=\"blogdoere@hotmail.com\" \/>\n<meta name=\"twitter:card\" content=\"summary_large_image\" \/>\n<meta name=\"twitter:label1\" content=\"Escrito por\" \/>\n\t<meta name=\"twitter:data1\" content=\"blogdoere@hotmail.com\" \/>\n\t<meta name=\"twitter:label2\" content=\"Tempo estimado de leitura\" \/>\n\t<meta name=\"twitter:data2\" content=\"1 minuto\" \/>\n<script type=\"application\/ld+json\" class=\"yoast-schema-graph\">{\"@context\":\"https:\/\/schema.org\",\"@graph\":[{\"@type\":\"Article\",\"@id\":\"https:\/\/blogdoere.com.br\/?p=28014#article\",\"isPartOf\":{\"@id\":\"https:\/\/blogdoere.com.br\/?p=28014\"},\"author\":{\"name\":\"blogdoere@hotmail.com\",\"@id\":\"https:\/\/blogdoere.com.br\/#\/schema\/person\/c4f6d566a44c7bacdda563667715d18b\"},\"headline\":\"&#8220;ACM NETO TEM VERGONHA DE ASSUMIR QUE \u00c9 BOLSONARISTA&#8221; DISSE JER\u00d4NIMO\",\"datePublished\":\"2022-04-21T16:02:58+00:00\",\"dateModified\":\"2022-04-21T16:17:44+00:00\",\"mainEntityOfPage\":{\"@id\":\"https:\/\/blogdoere.com.br\/?p=28014\"},\"wordCount\":158,\"commentCount\":0,\"publisher\":{\"@id\":\"https:\/\/blogdoere.com.br\/#organization\"},\"articleSection\":[\"Pol\u00edtica\"],\"inLanguage\":\"pt-PT\",\"potentialAction\":[{\"@type\":\"CommentAction\",\"name\":\"Comment\",\"target\":[\"https:\/\/blogdoere.com.br\/?p=28014#respond\"]}]},{\"@type\":\"WebPage\",\"@id\":\"https:\/\/blogdoere.com.br\/?p=28014\",\"url\":\"https:\/\/blogdoere.com.br\/?p=28014\",\"name\":\"\\\"ACM NETO TEM VERGONHA DE ASSUMIR QUE \u00c9 BOLSONARISTA\\\" DISSE JER\u00d4NIMO - blog do er\u00ea\",\"isPartOf\":{\"@id\":\"https:\/\/blogdoere.com.br\/#website\"},\"datePublished\":\"2022-04-21T16:02:58+00:00\",\"dateModified\":\"2022-04-21T16:17:44+00:00\",\"breadcrumb\":{\"@id\":\"https:\/\/blogdoere.com.br\/?p=28014#breadcrumb\"},\"inLanguage\":\"pt-PT\",\"potentialAction\":[{\"@type\":\"ReadAction\",\"target\":[\"https:\/\/blogdoere.com.br\/?p=28014\"]}]},{\"@type\":\"BreadcrumbList\",\"@id\":\"https:\/\/blogdoere.com.br\/?p=28014#breadcrumb\",\"itemListElement\":[{\"@type\":\"ListItem\",\"position\":1,\"name\":\"In\u00edcio\",\"item\":\"https:\/\/blogdoere.com.br\/\"},{\"@type\":\"ListItem\",\"position\":2,\"name\":\"&#8220;ACM NETO TEM VERGONHA DE ASSUMIR QUE \u00c9 BOLSONARISTA&#8221; DISSE JER\u00d4NIMO\"}]},{\"@type\":\"WebSite\",\"@id\":\"https:\/\/blogdoere.com.br\/#website\",\"url\":\"https:\/\/blogdoere.com.br\/\",\"name\":\"blog do er\u00ea\",\"description\":\"\",\"publisher\":{\"@id\":\"https:\/\/blogdoere.com.br\/#organization\"},\"potentialAction\":[{\"@type\":\"SearchAction\",\"target\":{\"@type\":\"EntryPoint\",\"urlTemplate\":\"https:\/\/blogdoere.com.br\/?s={search_term_string}\"},\"query-input\":\"required name=search_term_string\"}],\"inLanguage\":\"pt-PT\"},{\"@type\":\"Organization\",\"@id\":\"https:\/\/blogdoere.com.br\/#organization\",\"name\":\"Blog do Er\u00ea\",\"url\":\"https:\/\/blogdoere.com.br\/\",\"logo\":{\"@type\":\"ImageObject\",\"inLanguage\":\"pt-PT\",\"@id\":\"https:\/\/blogdoere.com.br\/#\/schema\/logo\/image\/\",\"url\":\"https:\/\/blogdoere.com.br\/wp-content\/uploads\/2021\/11\/Logo-Ere-1.png\",\"contentUrl\":\"https:\/\/blogdoere.com.br\/wp-content\/uploads\/2021\/11\/Logo-Ere-1.png\",\"width\":1261,\"height\":1330,\"caption\":\"Blog do Er\u00ea\"},\"image\":{\"@id\":\"https:\/\/blogdoere.com.br\/#\/schema\/logo\/image\/\"}},{\"@type\":\"Person\",\"@id\":\"https:\/\/blogdoere.com.br\/#\/schema\/person\/c4f6d566a44c7bacdda563667715d18b\",\"name\":\"blogdoere@hotmail.com\",\"image\":{\"@type\":\"ImageObject\",\"inLanguage\":\"pt-PT\",\"@id\":\"https:\/\/blogdoere.com.br\/#\/schema\/person\/image\/\",\"url\":\"https:\/\/secure.gravatar.com\/avatar\/5684bd39df1289cb639b4ab539d6fcad69420e4a29521548fc078c58ed122fe6?s=96&d=mm&r=g\",\"contentUrl\":\"https:\/\/secure.gravatar.com\/avatar\/5684bd39df1289cb639b4ab539d6fcad69420e4a29521548fc078c58ed122fe6?s=96&d=mm&r=g\",\"caption\":\"blogdoere@hotmail.com\"},\"sameAs\":[\"http:\/\/blogdoere.com.br\"]}]}<\/script>\n<!-- \/ Yoast SEO plugin. -->","yoast_head_json":{"title":"\"ACM NETO TEM VERGONHA DE ASSUMIR QUE \u00c9 BOLSONARISTA\" DISSE JER\u00d4NIMO - blog do er\u00ea","robots":{"index":"index","follow":"follow","max-snippet":"max-snippet:-1","max-image-preview":"max-image-preview:large","max-video-preview":"max-video-preview:-1"},"canonical":"https:\/\/blogdoere.com.br\/?p=28014","og_locale":"pt_PT","og_type":"article","og_title":"\"ACM NETO TEM VERGONHA DE ASSUMIR QUE \u00c9 BOLSONARISTA\" DISSE JER\u00d4NIMO - blog do er\u00ea","og_description":"O pr\u00e9-candidato a governador Jer\u00f4nimo Rodrigues (PT) disse ter\u00e7a-feira, 19 de abril, em entrevista para uma r\u00e1dio da capital, que o pr\u00e9-candidato a governador ACM Neto (UB) tem &#8220;vergonha de...","og_url":"https:\/\/blogdoere.com.br\/?p=28014","og_site_name":"blog do er\u00ea","article_published_time":"2022-04-21T16:02:58+00:00","article_modified_time":"2022-04-21T16:17:44+00:00","og_image":[{"width":720,"height":483,"url":"https:\/\/blogdoere.com.br\/wp-content\/uploads\/2022\/04\/WhatsApp-Image-2022-04-20-at-22.44.40-1.jpeg","type":"image\/jpeg"}],"author":"blogdoere@hotmail.com","twitter_card":"summary_large_image","twitter_misc":{"Escrito por":"blogdoere@hotmail.com","Tempo estimado de leitura":"1 minuto"},"schema":{"@context":"https:\/\/schema.org","@graph":[{"@type":"Article","@id":"https:\/\/blogdoere.com.br\/?p=28014#article","isPartOf":{"@id":"https:\/\/blogdoere.com.br\/?p=28014"},"author":{"name":"blogdoere@hotmail.com","@id":"https:\/\/blogdoere.com.br\/#\/schema\/person\/c4f6d566a44c7bacdda563667715d18b"},"headline":"&#8220;ACM NETO TEM VERGONHA DE ASSUMIR QUE \u00c9 BOLSONARISTA&#8221; DISSE JER\u00d4NIMO","datePublished":"2022-04-21T16:02:58+00:00","dateModified":"2022-04-21T16:17:44+00:00","mainEntityOfPage":{"@id":"https:\/\/blogdoere.com.br\/?p=28014"},"wordCount":158,"commentCount":0,"publisher":{"@id":"https:\/\/blogdoere.com.br\/#organization"},"articleSection":["Pol\u00edtica"],"inLanguage":"pt-PT","potentialAction":[{"@type":"CommentAction","name":"Comment","target":["https:\/\/blogdoere.com.br\/?p=28014#respond"]}]},{"@type":"WebPage","@id":"https:\/\/blogdoere.com.br\/?p=28014","url":"https:\/\/blogdoere.com.br\/?p=28014","name":"\"ACM NETO TEM VERGONHA DE ASSUMIR QUE \u00c9 BOLSONARISTA\" DISSE JER\u00d4NIMO - blog do er\u00ea","isPartOf":{"@id":"https:\/\/blogdoere.com.br\/#website"},"datePublished":"2022-04-21T16:02:58+00:00","dateModified":"2022-04-21T16:17:44+00:00","breadcrumb":{"@id":"https:\/\/blogdoere.com.br\/?p=28014#breadcrumb"},"inLanguage":"pt-PT","potentialAction":[{"@type":"ReadAction","target":["https:\/\/blogdoere.com.br\/?p=28014"]}]},{"@type":"BreadcrumbList","@id":"https:\/\/blogdoere.com.br\/?p=28014#breadcrumb","itemListElement":[{"@type":"ListItem","position":1,"name":"In\u00edcio","item":"https:\/\/blogdoere.com.br\/"},{"@type":"ListItem","position":2,"name":"&#8220;ACM NETO TEM VERGONHA DE ASSUMIR QUE \u00c9 BOLSONARISTA&#8221; DISSE JER\u00d4NIMO"}]},{"@type":"WebSite","@id":"https:\/\/blogdoere.com.br\/#website","url":"https:\/\/blogdoere.com.br\/","name":"blog do er\u00ea","description":"","publisher":{"@id":"https:\/\/blogdoere.com.br\/#organization"},"potentialAction":[{"@type":"SearchAction","target":{"@type":"EntryPoint","urlTemplate":"https:\/\/blogdoere.com.br\/?s={search_term_string}"},"query-input":"required name=search_term_string"}],"inLanguage":"pt-PT"},{"@type":"Organization","@id":"https:\/\/blogdoere.com.br\/#organization","name":"Blog do Er\u00ea","url":"https:\/\/blogdoere.com.br\/","logo":{"@type":"ImageObject","inLanguage":"pt-PT","@id":"https:\/\/blogdoere.com.br\/#\/schema\/logo\/image\/","url":"https:\/\/blogdoere.com.br\/wp-content\/uploads\/2021\/11\/Logo-Ere-1.png","contentUrl":"https:\/\/blogdoere.com.br\/wp-content\/uploads\/2021\/11\/Logo-Ere-1.png","width":1261,"height":1330,"caption":"Blog do Er\u00ea"},"image":{"@id":"https:\/\/blogdoere.com.br\/#\/schema\/logo\/image\/"}},{"@type":"Person","@id":"https:\/\/blogdoere.com.br\/#\/schema\/person\/c4f6d566a44c7bacdda563667715d18b","name":"blogdoere@hotmail.com","image":{"@type":"ImageObject","inLanguage":"pt-PT","@id":"https:\/\/blogdoere.com.br\/#\/schema\/person\/image\/","url":"https:\/\/secure.gravatar.com\/avatar\/5684bd39df1289cb639b4ab539d6fcad69420e4a29521548fc078c58ed122fe6?s=96&d=mm&r=g","contentUrl":"https:\/\/secure.gravatar.com\/avatar\/5684bd39df1289cb639b4ab539d6fcad69420e4a29521548fc078c58ed122fe6?s=96&d=mm&r=g","caption":"blogdoere@hotmail.com"},"sameAs":["http:\/\/blogdoere.com.br"]}]}},"featured_image_urls":{"full":["https:\/\/blogdoere.com.br\/wp-content\/uploads\/2022\/04\/WhatsApp-Image-2022-04-20-at-22.44.40-1.jpeg",720,483,false],"thumbnail":["https:\/\/blogdoere.com.br\/wp-content\/uploads\/2022\/04\/WhatsApp-Image-2022-04-20-at-22.44.40-1-150x150.jpeg",150,150,true],"medium":["https:\/\/blogdoere.com.br\/wp-content\/uploads\/2022\/04\/WhatsApp-Image-2022-04-20-at-22.44.40-1-300x201.jpeg",300,201,true],"medium_large":["https:\/\/blogdoere.com.br\/wp-content\/uploads\/2022\/04\/WhatsApp-Image-2022-04-20-at-22.44.40-1.jpeg",720,483,false],"large":["https:\/\/blogdoere.com.br\/wp-content\/uploads\/2022\/04\/WhatsApp-Image-2022-04-20-at-22.44.40-1.jpeg",720,483,false],"1536x1536":["https:\/\/blogdoere.com.br\/wp-content\/uploads\/2022\/04\/WhatsApp-Image-2022-04-20-at-22.44.40-1.jpeg",720,483,false],"2048x2048":["https:\/\/blogdoere.com.br\/wp-content\/uploads\/2022\/04\/WhatsApp-Image-2022-04-20-at-22.44.40-1.jpeg",720,483,false]},"author_info":{"display_name":"blogdoere@hotmail.com","author_link":"https:\/\/blogdoere.com.br\/?author=1"},"category_info":"<a href=\"https:\/\/blogdoere.com.br\/?cat=32\" rel=\"category\">Pol\u00edtica<\/a>","tag_info":"Pol\u00edtica","comment_count":"0","_links":{"self":[{"href":"https:\/\/blogdoere.com.br\/index.php?rest_route=\/wp\/v2\/posts\/28014","targetHints":{"allow":["GET"]}}],"collection":[{"href":"https:\/\/blogdoere.com.br\/index.php?rest_route=\/wp\/v2\/posts"}],"about":[{"href":"https:\/\/blogdoere.com.br\/index.php?rest_route=\/wp\/v2\/types\/post"}],"author":[{"embeddable":true,"href":"https:\/\/blogdoere.com.br\/index.php?rest_route=\/wp\/v2\/users\/1"}],"replies":[{"embeddable":true,"href":"https:\/\/blogdoere.com.br\/index.php?rest_route=%2Fwp%2Fv2%2Fcomments&post=28014"}],"version-history":[{"count":2,"href":"https:\/\/blogdoere.com.br\/index.php?rest_route=\/wp\/v2\/posts\/28014\/revisions"}],"predecessor-version":[{"id":28019,"href":"https:\/\/blogdoere.com.br\/index.php?rest_route=\/wp\/v2\/posts\/28014\/revisions\/28019"}],"wp:featuredmedia":[{"embeddable":true,"href":"https:\/\/blogdoere.com.br\/index.php?rest_route=\/wp\/v2\/media\/28016"}],"wp:attachment":[{"href":"https:\/\/blogdoere.com.br\/index.php?rest_route=%2Fwp%2Fv2%2Fmedia&parent=28014"}],"wp:term":[{"taxonomy":"category","embeddable":true,"href":"https:\/\/blogdoere.com.br\/index.php?rest_route=%2Fwp%2Fv2%2Fcategories&post=28014"},{"taxonomy":"post_tag","embeddable":true,"href":"https:\/\/blogdoere.com.br\/index.php?rest_route=%2Fwp%2Fv2%2Ftags&post=28014"}],"curies":[{"name":"wp","href":"https:\/\/api.w.org\/{rel}","templated":true}]}}