{"id":28024,"date":"2022-04-27T22:59:25","date_gmt":"2022-04-27T22:59:25","guid":{"rendered":"https:\/\/blogdoere.com.br\/?p=28024"},"modified":"2022-04-27T22:59:26","modified_gmt":"2022-04-27T22:59:26","slug":"coaraci-pre-candidato-a-deputado-estadual-marcone-recebe-apoio-politico-do-vice-prefeito-miltinho","status":"publish","type":"post","link":"https:\/\/blogdoere.com.br\/?p=28024","title":{"rendered":"COARACI: PR\u00c9-CANDIDATO A DEPUTADO ESTADUAL  MARCONE RECEBE APOIO POL\u00cdTICO DO VICE-PREFEITO MILTINHO"},"content":{"rendered":"\n<div class=\"wp-block-image caption-align-center\"><figure class=\"aligncenter size-full\"><img decoding=\"async\" width=\"477\" height=\"340\" src=\"https:\/\/blogdoere.com.br\/wp-content\/uploads\/2022\/04\/WhatsApp-Image-2022-04-27-at-17.47.52.jpeg\" alt=\"\" class=\"wp-image-28025\" srcset=\"https:\/\/blogdoere.com.br\/wp-content\/uploads\/2022\/04\/WhatsApp-Image-2022-04-27-at-17.47.52.jpeg 477w, https:\/\/blogdoere.com.br\/wp-content\/uploads\/2022\/04\/WhatsApp-Image-2022-04-27-at-17.47.52-300x214.jpeg 300w\" sizes=\"(max-width: 477px) 100vw, 477px\" \/><figcaption>Marcone amaral e Miltinho da Ax\u00e9<\/figcaption><\/figure><\/div>\n\n\n\n<p class=\"has-text-align-justify\">Em entrevista nesta quarta-feira, 27 de abril, para a Rede Portal, o pr\u00e9-candidato a deputado estadual Marcone Amaral (PSD), recebeu o apoio pol\u00edtico do vice-prefeito Miltinho do Ax\u00e9 (PSD). Ex-jogador de futebol do Esporte Clube Vit\u00f3ria e da Sele\u00e7\u00e3o do Qatar, Marcone foi prefeito reeleito de Itaju\u00edpe, e presidente da Amurc(Associa\u00e7\u00e3o dos Munic\u00edpios do Sul e Extremo Sul e Sudoeste da Bahia) \u2013 m\u00eas passado, num ato in\u00e9dito na hist\u00f3ria pol\u00edtica do munic\u00edpio renunciou o mandato para disputar uma das 63 cadeiras na Assembleia Legislativa da Bahia. Durante a entrevista para o comunicador Rodrigo Leite, o pr\u00e9-candidato reafirmou seu compromisso com a regi\u00e3o cacaueira: &#8220;Estou na pol\u00edtica porque gosto de gente, quero contribuir com o desenvolvimento da nossa regi\u00e3o&#8221;. J\u00e1 o vice-prefeito da terra do sol cravou: &#8220;Conhe\u00e7o a hist\u00f3ria de Marcone e sei do seu compromisso, fez muito por Itaju\u00edpe e pode fazer mais pela nossa regi\u00e3o&#8221;. Amanh\u00e3, dia 28, ao meio dia, o pr\u00e9-candidato Marcone concede mais uma entrevista, desta vez, para a R\u00e1dio Ubat\u00e3 FM 91,9 onde responder\u00e1 as perguntas do radialista Amarelinho, l\u00edder em audi\u00eancia do hor\u00e1rio.<\/p>\n","protected":false},"excerpt":{"rendered":"<p>Em entrevista nesta quarta-feira, 27 de abril, para a Rede Portal, o pr\u00e9-candidato a deputado estadual Marcone Amaral (PSD), recebeu o apoio pol\u00edtico do vice-prefeito Miltinho do Ax\u00e9 (PSD). Ex-jogador&#8230;<\/p>\n","protected":false},"author":1,"featured_media":28025,"comment_status":"open","ping_status":"open","sticky":false,"template":"","format":"standard","meta":{"_editorskit_title_hidden":false,"_editorskit_reading_time":0,"_editorskit_is_block_options_detached":false,"_editorskit_block_options_position":"{}","om_disable_all_campaigns":false,"_mi_skip_tracking":false,"_kad_post_transparent":"","_kad_post_title":"","_kad_post_layout":"","_kad_post_sidebar_id":"","_kad_post_content_style":"","_kad_post_vertical_padding":"","_kad_post_feature":"","_kad_post_feature_position":"","_kad_post_header":false,"_kad_post_footer":false,"footnotes":""},"categories":[32],"tags":[],"class_list":["post-28024","post","type-post","status-publish","format-standard","has-post-thumbnail","hentry","category-politica"],"yoast_head":"<!-- This site is optimized with the Yoast SEO plugin v20.5 - https:\/\/yoast.com\/wordpress\/plugins\/seo\/ -->\n<title>COARACI: PR\u00c9-CANDIDATO A DEPUTADO ESTADUAL MARCONE RECEBE APOIO POL\u00cdTICO DO VICE-PREFEITO MILTINHO - blog do er\u00ea<\/title>\n<meta name=\"robots\" content=\"index, follow, max-snippet:-1, max-image-preview:large, max-video-preview:-1\" \/>\n<link rel=\"canonical\" href=\"https:\/\/blogdoere.com.br\/?p=28024\" \/>\n<meta property=\"og:locale\" content=\"pt_PT\" \/>\n<meta property=\"og:type\" content=\"article\" \/>\n<meta property=\"og:title\" content=\"COARACI: PR\u00c9-CANDIDATO A DEPUTADO ESTADUAL MARCONE RECEBE APOIO POL\u00cdTICO DO VICE-PREFEITO MILTINHO - blog do er\u00ea\" \/>\n<meta property=\"og:description\" content=\"Em entrevista nesta quarta-feira, 27 de abril, para a Rede Portal, o pr\u00e9-candidato a deputado estadual Marcone Amaral (PSD), recebeu o apoio pol\u00edtico do vice-prefeito Miltinho do Ax\u00e9 (PSD). Ex-jogador...\" \/>\n<meta property=\"og:url\" content=\"https:\/\/blogdoere.com.br\/?p=28024\" \/>\n<meta property=\"og:site_name\" content=\"blog do er\u00ea\" \/>\n<meta property=\"article:published_time\" content=\"2022-04-27T22:59:25+00:00\" \/>\n<meta property=\"article:modified_time\" content=\"2022-04-27T22:59:26+00:00\" \/>\n<meta property=\"og:image\" content=\"https:\/\/blogdoere.com.br\/wp-content\/uploads\/2022\/04\/WhatsApp-Image-2022-04-27-at-17.47.52.jpeg\" \/>\n\t<meta property=\"og:image:width\" content=\"477\" \/>\n\t<meta property=\"og:image:height\" content=\"340\" \/>\n\t<meta property=\"og:image:type\" content=\"image\/jpeg\" \/>\n<meta name=\"author\" content=\"blogdoere@hotmail.com\" \/>\n<meta name=\"twitter:card\" content=\"summary_large_image\" \/>\n<meta name=\"twitter:label1\" content=\"Escrito por\" \/>\n\t<meta name=\"twitter:data1\" content=\"blogdoere@hotmail.com\" \/>\n\t<meta name=\"twitter:label2\" content=\"Tempo estimado de leitura\" \/>\n\t<meta name=\"twitter:data2\" content=\"2 minutos\" \/>\n<script type=\"application\/ld+json\" class=\"yoast-schema-graph\">{\"@context\":\"https:\/\/schema.org\",\"@graph\":[{\"@type\":\"Article\",\"@id\":\"https:\/\/blogdoere.com.br\/?p=28024#article\",\"isPartOf\":{\"@id\":\"https:\/\/blogdoere.com.br\/?p=28024\"},\"author\":{\"name\":\"blogdoere@hotmail.com\",\"@id\":\"https:\/\/blogdoere.com.br\/#\/schema\/person\/c4f6d566a44c7bacdda563667715d18b\"},\"headline\":\"COARACI: PR\u00c9-CANDIDATO A DEPUTADO ESTADUAL MARCONE RECEBE APOIO POL\u00cdTICO DO VICE-PREFEITO MILTINHO\",\"datePublished\":\"2022-04-27T22:59:25+00:00\",\"dateModified\":\"2022-04-27T22:59:26+00:00\",\"mainEntityOfPage\":{\"@id\":\"https:\/\/blogdoere.com.br\/?p=28024\"},\"wordCount\":222,\"commentCount\":0,\"publisher\":{\"@id\":\"https:\/\/blogdoere.com.br\/#organization\"},\"articleSection\":[\"Pol\u00edtica\"],\"inLanguage\":\"pt-PT\",\"potentialAction\":[{\"@type\":\"CommentAction\",\"name\":\"Comment\",\"target\":[\"https:\/\/blogdoere.com.br\/?p=28024#respond\"]}]},{\"@type\":\"WebPage\",\"@id\":\"https:\/\/blogdoere.com.br\/?p=28024\",\"url\":\"https:\/\/blogdoere.com.br\/?p=28024\",\"name\":\"COARACI: PR\u00c9-CANDIDATO A DEPUTADO ESTADUAL MARCONE RECEBE APOIO POL\u00cdTICO DO VICE-PREFEITO MILTINHO - blog do er\u00ea\",\"isPartOf\":{\"@id\":\"https:\/\/blogdoere.com.br\/#website\"},\"datePublished\":\"2022-04-27T22:59:25+00:00\",\"dateModified\":\"2022-04-27T22:59:26+00:00\",\"breadcrumb\":{\"@id\":\"https:\/\/blogdoere.com.br\/?p=28024#breadcrumb\"},\"inLanguage\":\"pt-PT\",\"potentialAction\":[{\"@type\":\"ReadAction\",\"target\":[\"https:\/\/blogdoere.com.br\/?p=28024\"]}]},{\"@type\":\"BreadcrumbList\",\"@id\":\"https:\/\/blogdoere.com.br\/?p=28024#breadcrumb\",\"itemListElement\":[{\"@type\":\"ListItem\",\"position\":1,\"name\":\"In\u00edcio\",\"item\":\"https:\/\/blogdoere.com.br\/\"},{\"@type\":\"ListItem\",\"position\":2,\"name\":\"COARACI: PR\u00c9-CANDIDATO A DEPUTADO ESTADUAL MARCONE RECEBE APOIO POL\u00cdTICO DO VICE-PREFEITO MILTINHO\"}]},{\"@type\":\"WebSite\",\"@id\":\"https:\/\/blogdoere.com.br\/#website\",\"url\":\"https:\/\/blogdoere.com.br\/\",\"name\":\"blog do er\u00ea\",\"description\":\"\",\"publisher\":{\"@id\":\"https:\/\/blogdoere.com.br\/#organization\"},\"potentialAction\":[{\"@type\":\"SearchAction\",\"target\":{\"@type\":\"EntryPoint\",\"urlTemplate\":\"https:\/\/blogdoere.com.br\/?s={search_term_string}\"},\"query-input\":\"required name=search_term_string\"}],\"inLanguage\":\"pt-PT\"},{\"@type\":\"Organization\",\"@id\":\"https:\/\/blogdoere.com.br\/#organization\",\"name\":\"Blog do Er\u00ea\",\"url\":\"https:\/\/blogdoere.com.br\/\",\"logo\":{\"@type\":\"ImageObject\",\"inLanguage\":\"pt-PT\",\"@id\":\"https:\/\/blogdoere.com.br\/#\/schema\/logo\/image\/\",\"url\":\"https:\/\/blogdoere.com.br\/wp-content\/uploads\/2021\/11\/Logo-Ere-1.png\",\"contentUrl\":\"https:\/\/blogdoere.com.br\/wp-content\/uploads\/2021\/11\/Logo-Ere-1.png\",\"width\":1261,\"height\":1330,\"caption\":\"Blog do Er\u00ea\"},\"image\":{\"@id\":\"https:\/\/blogdoere.com.br\/#\/schema\/logo\/image\/\"}},{\"@type\":\"Person\",\"@id\":\"https:\/\/blogdoere.com.br\/#\/schema\/person\/c4f6d566a44c7bacdda563667715d18b\",\"name\":\"blogdoere@hotmail.com\",\"image\":{\"@type\":\"ImageObject\",\"inLanguage\":\"pt-PT\",\"@id\":\"https:\/\/blogdoere.com.br\/#\/schema\/person\/image\/\",\"url\":\"https:\/\/secure.gravatar.com\/avatar\/5684bd39df1289cb639b4ab539d6fcad69420e4a29521548fc078c58ed122fe6?s=96&d=mm&r=g\",\"contentUrl\":\"https:\/\/secure.gravatar.com\/avatar\/5684bd39df1289cb639b4ab539d6fcad69420e4a29521548fc078c58ed122fe6?s=96&d=mm&r=g\",\"caption\":\"blogdoere@hotmail.com\"},\"sameAs\":[\"http:\/\/blogdoere.com.br\"]}]}<\/script>\n<!-- \/ Yoast SEO plugin. -->","yoast_head_json":{"title":"COARACI: PR\u00c9-CANDIDATO A DEPUTADO ESTADUAL MARCONE RECEBE APOIO POL\u00cdTICO DO VICE-PREFEITO MILTINHO - blog do er\u00ea","robots":{"index":"index","follow":"follow","max-snippet":"max-snippet:-1","max-image-preview":"max-image-preview:large","max-video-preview":"max-video-preview:-1"},"canonical":"https:\/\/blogdoere.com.br\/?p=28024","og_locale":"pt_PT","og_type":"article","og_title":"COARACI: PR\u00c9-CANDIDATO A DEPUTADO ESTADUAL MARCONE RECEBE APOIO POL\u00cdTICO DO VICE-PREFEITO MILTINHO - blog do er\u00ea","og_description":"Em entrevista nesta quarta-feira, 27 de abril, para a Rede Portal, o pr\u00e9-candidato a deputado estadual Marcone Amaral (PSD), recebeu o apoio pol\u00edtico do vice-prefeito Miltinho do Ax\u00e9 (PSD). Ex-jogador...","og_url":"https:\/\/blogdoere.com.br\/?p=28024","og_site_name":"blog do er\u00ea","article_published_time":"2022-04-27T22:59:25+00:00","article_modified_time":"2022-04-27T22:59:26+00:00","og_image":[{"width":477,"height":340,"url":"https:\/\/blogdoere.com.br\/wp-content\/uploads\/2022\/04\/WhatsApp-Image-2022-04-27-at-17.47.52.jpeg","type":"image\/jpeg"}],"author":"blogdoere@hotmail.com","twitter_card":"summary_large_image","twitter_misc":{"Escrito por":"blogdoere@hotmail.com","Tempo estimado de leitura":"2 minutos"},"schema":{"@context":"https:\/\/schema.org","@graph":[{"@type":"Article","@id":"https:\/\/blogdoere.com.br\/?p=28024#article","isPartOf":{"@id":"https:\/\/blogdoere.com.br\/?p=28024"},"author":{"name":"blogdoere@hotmail.com","@id":"https:\/\/blogdoere.com.br\/#\/schema\/person\/c4f6d566a44c7bacdda563667715d18b"},"headline":"COARACI: PR\u00c9-CANDIDATO A DEPUTADO ESTADUAL MARCONE RECEBE APOIO POL\u00cdTICO DO VICE-PREFEITO MILTINHO","datePublished":"2022-04-27T22:59:25+00:00","dateModified":"2022-04-27T22:59:26+00:00","mainEntityOfPage":{"@id":"https:\/\/blogdoere.com.br\/?p=28024"},"wordCount":222,"commentCount":0,"publisher":{"@id":"https:\/\/blogdoere.com.br\/#organization"},"articleSection":["Pol\u00edtica"],"inLanguage":"pt-PT","potentialAction":[{"@type":"CommentAction","name":"Comment","target":["https:\/\/blogdoere.com.br\/?p=28024#respond"]}]},{"@type":"WebPage","@id":"https:\/\/blogdoere.com.br\/?p=28024","url":"https:\/\/blogdoere.com.br\/?p=28024","name":"COARACI: PR\u00c9-CANDIDATO A DEPUTADO ESTADUAL MARCONE RECEBE APOIO POL\u00cdTICO DO VICE-PREFEITO MILTINHO - blog do er\u00ea","isPartOf":{"@id":"https:\/\/blogdoere.com.br\/#website"},"datePublished":"2022-04-27T22:59:25+00:00","dateModified":"2022-04-27T22:59:26+00:00","breadcrumb":{"@id":"https:\/\/blogdoere.com.br\/?p=28024#breadcrumb"},"inLanguage":"pt-PT","potentialAction":[{"@type":"ReadAction","target":["https:\/\/blogdoere.com.br\/?p=28024"]}]},{"@type":"BreadcrumbList","@id":"https:\/\/blogdoere.com.br\/?p=28024#breadcrumb","itemListElement":[{"@type":"ListItem","position":1,"name":"In\u00edcio","item":"https:\/\/blogdoere.com.br\/"},{"@type":"ListItem","position":2,"name":"COARACI: PR\u00c9-CANDIDATO A DEPUTADO ESTADUAL MARCONE RECEBE APOIO POL\u00cdTICO DO VICE-PREFEITO MILTINHO"}]},{"@type":"WebSite","@id":"https:\/\/blogdoere.com.br\/#website","url":"https:\/\/blogdoere.com.br\/","name":"blog do er\u00ea","description":"","publisher":{"@id":"https:\/\/blogdoere.com.br\/#organization"},"potentialAction":[{"@type":"SearchAction","target":{"@type":"EntryPoint","urlTemplate":"https:\/\/blogdoere.com.br\/?s={search_term_string}"},"query-input":"required name=search_term_string"}],"inLanguage":"pt-PT"},{"@type":"Organization","@id":"https:\/\/blogdoere.com.br\/#organization","name":"Blog do Er\u00ea","url":"https:\/\/blogdoere.com.br\/","logo":{"@type":"ImageObject","inLanguage":"pt-PT","@id":"https:\/\/blogdoere.com.br\/#\/schema\/logo\/image\/","url":"https:\/\/blogdoere.com.br\/wp-content\/uploads\/2021\/11\/Logo-Ere-1.png","contentUrl":"https:\/\/blogdoere.com.br\/wp-content\/uploads\/2021\/11\/Logo-Ere-1.png","width":1261,"height":1330,"caption":"Blog do Er\u00ea"},"image":{"@id":"https:\/\/blogdoere.com.br\/#\/schema\/logo\/image\/"}},{"@type":"Person","@id":"https:\/\/blogdoere.com.br\/#\/schema\/person\/c4f6d566a44c7bacdda563667715d18b","name":"blogdoere@hotmail.com","image":{"@type":"ImageObject","inLanguage":"pt-PT","@id":"https:\/\/blogdoere.com.br\/#\/schema\/person\/image\/","url":"https:\/\/secure.gravatar.com\/avatar\/5684bd39df1289cb639b4ab539d6fcad69420e4a29521548fc078c58ed122fe6?s=96&d=mm&r=g","contentUrl":"https:\/\/secure.gravatar.com\/avatar\/5684bd39df1289cb639b4ab539d6fcad69420e4a29521548fc078c58ed122fe6?s=96&d=mm&r=g","caption":"blogdoere@hotmail.com"},"sameAs":["http:\/\/blogdoere.com.br"]}]}},"featured_image_urls":{"full":["https:\/\/blogdoere.com.br\/wp-content\/uploads\/2022\/04\/WhatsApp-Image-2022-04-27-at-17.47.52.jpeg",477,340,false],"thumbnail":["https:\/\/blogdoere.com.br\/wp-content\/uploads\/2022\/04\/WhatsApp-Image-2022-04-27-at-17.47.52-150x150.jpeg",150,150,true],"medium":["https:\/\/blogdoere.com.br\/wp-content\/uploads\/2022\/04\/WhatsApp-Image-2022-04-27-at-17.47.52-300x214.jpeg",300,214,true],"medium_large":["https:\/\/blogdoere.com.br\/wp-content\/uploads\/2022\/04\/WhatsApp-Image-2022-04-27-at-17.47.52.jpeg",477,340,false],"large":["https:\/\/blogdoere.com.br\/wp-content\/uploads\/2022\/04\/WhatsApp-Image-2022-04-27-at-17.47.52.jpeg",477,340,false],"1536x1536":["https:\/\/blogdoere.com.br\/wp-content\/uploads\/2022\/04\/WhatsApp-Image-2022-04-27-at-17.47.52.jpeg",477,340,false],"2048x2048":["https:\/\/blogdoere.com.br\/wp-content\/uploads\/2022\/04\/WhatsApp-Image-2022-04-27-at-17.47.52.jpeg",477,340,false]},"author_info":{"display_name":"blogdoere@hotmail.com","author_link":"https:\/\/blogdoere.com.br\/?author=1"},"category_info":"<a href=\"https:\/\/blogdoere.com.br\/?cat=32\" rel=\"category\">Pol\u00edtica<\/a>","tag_info":"Pol\u00edtica","comment_count":"0","_links":{"self":[{"href":"https:\/\/blogdoere.com.br\/index.php?rest_route=\/wp\/v2\/posts\/28024","targetHints":{"allow":["GET"]}}],"collection":[{"href":"https:\/\/blogdoere.com.br\/index.php?rest_route=\/wp\/v2\/posts"}],"about":[{"href":"https:\/\/blogdoere.com.br\/index.php?rest_route=\/wp\/v2\/types\/post"}],"author":[{"embeddable":true,"href":"https:\/\/blogdoere.com.br\/index.php?rest_route=\/wp\/v2\/users\/1"}],"replies":[{"embeddable":true,"href":"https:\/\/blogdoere.com.br\/index.php?rest_route=%2Fwp%2Fv2%2Fcomments&post=28024"}],"version-history":[{"count":1,"href":"https:\/\/blogdoere.com.br\/index.php?rest_route=\/wp\/v2\/posts\/28024\/revisions"}],"predecessor-version":[{"id":28026,"href":"https:\/\/blogdoere.com.br\/index.php?rest_route=\/wp\/v2\/posts\/28024\/revisions\/28026"}],"wp:featuredmedia":[{"embeddable":true,"href":"https:\/\/blogdoere.com.br\/index.php?rest_route=\/wp\/v2\/media\/28025"}],"wp:attachment":[{"href":"https:\/\/blogdoere.com.br\/index.php?rest_route=%2Fwp%2Fv2%2Fmedia&parent=28024"}],"wp:term":[{"taxonomy":"category","embeddable":true,"href":"https:\/\/blogdoere.com.br\/index.php?rest_route=%2Fwp%2Fv2%2Fcategories&post=28024"},{"taxonomy":"post_tag","embeddable":true,"href":"https:\/\/blogdoere.com.br\/index.php?rest_route=%2Fwp%2Fv2%2Ftags&post=28024"}],"curies":[{"name":"wp","href":"https:\/\/api.w.org\/{rel}","templated":true}]}}