{"id":28114,"date":"2022-06-28T01:18:11","date_gmt":"2022-06-28T01:18:11","guid":{"rendered":"https:\/\/blogdoere.com.br\/?p=28114"},"modified":"2022-06-28T01:26:13","modified_gmt":"2022-06-28T01:26:13","slug":"brasil-economia-e-inflacao-e-o-tema-central-da-eleicao","status":"publish","type":"post","link":"https:\/\/blogdoere.com.br\/?p=28114","title":{"rendered":"BRASIL: ECONOMIA E INFLA\u00c7\u00c3O \u00c9 O TEMA CENTRAL DA ELEI\u00c7\u00c3O"},"content":{"rendered":"\n<p><\/p>\n\n\n\n<figure class=\"wp-block-gallery has-nested-images columns-default is-cropped wp-block-gallery-1 is-layout-flex wp-block-gallery-is-layout-flex\">\n<figure class=\"wp-block-image size-large\"><img decoding=\"async\" width=\"768\" height=\"530\" data-id=\"28115\" src=\"https:\/\/blogdoere.com.br\/wp-content\/uploads\/2022\/06\/desemprego_inflacao_pnl_ibga_coaching-768x530-1.jpg\" alt=\"\" class=\"wp-image-28115\" srcset=\"https:\/\/blogdoere.com.br\/wp-content\/uploads\/2022\/06\/desemprego_inflacao_pnl_ibga_coaching-768x530-1.jpg 768w, https:\/\/blogdoere.com.br\/wp-content\/uploads\/2022\/06\/desemprego_inflacao_pnl_ibga_coaching-768x530-1-300x207.jpg 300w\" sizes=\"(max-width: 768px) 100vw, 768px\" \/><figcaption>Foto ilustrativa<\/figcaption><\/figure>\n<\/figure>\n\n\n\n<p><\/p>\n\n\n\n<p class=\"has-text-align-justify\">Para o cientista pol\u00edtico Andr\u00e9 C\u00e9sar, da Hold Assessoria, h\u00e1 muitas diferen\u00e7as entre o momento de 100 dias antes das elei\u00e7\u00f5es de 2018 e agora, em 2022. H\u00e1 quatro anos, o ex-presidente Lula estava preso, mas ainda se discutia na Justi\u00e7a se ele poderia ser candidato ou n\u00e3o. Pouco tempo depois ele ficou ineleg\u00edvel e Fernando Haddad assumiu o posto de cabe\u00e7a de chapa. \u201cO elemento que era debatido em 2018 era a corrup\u00e7\u00e3o. Neste ano, a economia volta a ser um tema central, que \u00e9 algo que sempre foi utilizado em outras campanhas. A diferen\u00e7a \u00e9 que vivemos uma situa\u00e7\u00e3o mais dram\u00e1tica, que \u00e9 pior para o presidente Bolsonaro, que tenta a reelei\u00e7\u00e3o\u201d, afirma. Mais da metade dos eleitores dizem que o principal problema do pa\u00eds hoje \u00e9 o desemprego e a infla\u00e7\u00e3o, de acordo com a pesquisa EXAME\/IDEIA. O \u00cdndice de Pre\u00e7os ao Consumidor Amplo 15 (IPCA-15) de junho, considerada a pr\u00e9via da infla\u00e7\u00e3o do m\u00eas, ficou em 0,69%, no dado divulgado na sexta, 24\/06, pelo IBGE. Em 12 meses a alta acumulada \u00e9 de 12,04%. Um dos produtos que mais subiu foi o diesel, que teve uma alta de 2,83% no IPCA-15 de junho\/2022. H\u00e1 poucos dias o ex-presidente da Petrobras, Jos\u00e9 Mauro Coelho, renunciou ao cargo, logo depois de anunciar um novo reajuste dos combust\u00edveis, 14% no diesel e de 5% na gasolina, algo que impacta diretamente na infla\u00e7\u00e3o.<\/p>\n\n\n\n<p class=\"has-text-align-justify\">Por: Rozilton Ribeiro<\/p>\n","protected":false},"excerpt":{"rendered":"<p>Para o cientista pol\u00edtico Andr\u00e9 C\u00e9sar, da Hold Assessoria, h\u00e1 muitas diferen\u00e7as entre o momento de 100 dias antes das elei\u00e7\u00f5es de 2018 e agora, em 2022. H\u00e1 quatro anos,&#8230;<\/p>\n","protected":false},"author":1,"featured_media":28115,"comment_status":"open","ping_status":"open","sticky":false,"template":"","format":"standard","meta":{"_editorskit_title_hidden":false,"_editorskit_reading_time":1,"_editorskit_is_block_options_detached":false,"_editorskit_block_options_position":"{}","om_disable_all_campaigns":false,"_mi_skip_tracking":false,"_kad_post_transparent":"","_kad_post_title":"","_kad_post_layout":"","_kad_post_sidebar_id":"","_kad_post_content_style":"","_kad_post_vertical_padding":"","_kad_post_feature":"","_kad_post_feature_position":"","_kad_post_header":false,"_kad_post_footer":false,"footnotes":""},"categories":[32],"tags":[],"class_list":["post-28114","post","type-post","status-publish","format-standard","has-post-thumbnail","hentry","category-politica"],"yoast_head":"<!-- This site is optimized with the Yoast SEO plugin v20.5 - https:\/\/yoast.com\/wordpress\/plugins\/seo\/ -->\n<title>BRASIL: ECONOMIA E INFLA\u00c7\u00c3O \u00c9 O TEMA CENTRAL DA ELEI\u00c7\u00c3O - blog do er\u00ea<\/title>\n<meta name=\"robots\" content=\"index, follow, max-snippet:-1, max-image-preview:large, max-video-preview:-1\" \/>\n<link rel=\"canonical\" href=\"https:\/\/blogdoere.com.br\/?p=28114\" \/>\n<meta property=\"og:locale\" content=\"pt_PT\" \/>\n<meta property=\"og:type\" content=\"article\" \/>\n<meta property=\"og:title\" content=\"BRASIL: ECONOMIA E INFLA\u00c7\u00c3O \u00c9 O TEMA CENTRAL DA ELEI\u00c7\u00c3O - blog do er\u00ea\" \/>\n<meta property=\"og:description\" content=\"Para o cientista pol\u00edtico Andr\u00e9 C\u00e9sar, da Hold Assessoria, h\u00e1 muitas diferen\u00e7as entre o momento de 100 dias antes das elei\u00e7\u00f5es de 2018 e agora, em 2022. H\u00e1 quatro anos,...\" \/>\n<meta property=\"og:url\" content=\"https:\/\/blogdoere.com.br\/?p=28114\" \/>\n<meta property=\"og:site_name\" content=\"blog do er\u00ea\" \/>\n<meta property=\"article:published_time\" content=\"2022-06-28T01:18:11+00:00\" \/>\n<meta property=\"article:modified_time\" content=\"2022-06-28T01:26:13+00:00\" \/>\n<meta property=\"og:image\" content=\"https:\/\/blogdoere.com.br\/wp-content\/uploads\/2022\/06\/desemprego_inflacao_pnl_ibga_coaching-768x530-1.jpg\" \/>\n\t<meta property=\"og:image:width\" content=\"768\" \/>\n\t<meta property=\"og:image:height\" content=\"530\" \/>\n\t<meta property=\"og:image:type\" content=\"image\/jpeg\" \/>\n<meta name=\"author\" content=\"blogdoere@hotmail.com\" \/>\n<meta name=\"twitter:card\" content=\"summary_large_image\" \/>\n<meta name=\"twitter:label1\" content=\"Escrito por\" \/>\n\t<meta name=\"twitter:data1\" content=\"blogdoere@hotmail.com\" \/>\n\t<meta name=\"twitter:label2\" content=\"Tempo estimado de leitura\" \/>\n\t<meta name=\"twitter:data2\" content=\"2 minutos\" \/>\n<script type=\"application\/ld+json\" class=\"yoast-schema-graph\">{\"@context\":\"https:\/\/schema.org\",\"@graph\":[{\"@type\":\"Article\",\"@id\":\"https:\/\/blogdoere.com.br\/?p=28114#article\",\"isPartOf\":{\"@id\":\"https:\/\/blogdoere.com.br\/?p=28114\"},\"author\":{\"name\":\"blogdoere@hotmail.com\",\"@id\":\"https:\/\/blogdoere.com.br\/#\/schema\/person\/c4f6d566a44c7bacdda563667715d18b\"},\"headline\":\"BRASIL: ECONOMIA E INFLA\u00c7\u00c3O \u00c9 O TEMA CENTRAL DA ELEI\u00c7\u00c3O\",\"datePublished\":\"2022-06-28T01:18:11+00:00\",\"dateModified\":\"2022-06-28T01:26:13+00:00\",\"mainEntityOfPage\":{\"@id\":\"https:\/\/blogdoere.com.br\/?p=28114\"},\"wordCount\":254,\"commentCount\":0,\"publisher\":{\"@id\":\"https:\/\/blogdoere.com.br\/#organization\"},\"articleSection\":[\"Pol\u00edtica\"],\"inLanguage\":\"pt-PT\",\"potentialAction\":[{\"@type\":\"CommentAction\",\"name\":\"Comment\",\"target\":[\"https:\/\/blogdoere.com.br\/?p=28114#respond\"]}]},{\"@type\":\"WebPage\",\"@id\":\"https:\/\/blogdoere.com.br\/?p=28114\",\"url\":\"https:\/\/blogdoere.com.br\/?p=28114\",\"name\":\"BRASIL: ECONOMIA E INFLA\u00c7\u00c3O \u00c9 O TEMA CENTRAL DA ELEI\u00c7\u00c3O - blog do er\u00ea\",\"isPartOf\":{\"@id\":\"https:\/\/blogdoere.com.br\/#website\"},\"datePublished\":\"2022-06-28T01:18:11+00:00\",\"dateModified\":\"2022-06-28T01:26:13+00:00\",\"breadcrumb\":{\"@id\":\"https:\/\/blogdoere.com.br\/?p=28114#breadcrumb\"},\"inLanguage\":\"pt-PT\",\"potentialAction\":[{\"@type\":\"ReadAction\",\"target\":[\"https:\/\/blogdoere.com.br\/?p=28114\"]}]},{\"@type\":\"BreadcrumbList\",\"@id\":\"https:\/\/blogdoere.com.br\/?p=28114#breadcrumb\",\"itemListElement\":[{\"@type\":\"ListItem\",\"position\":1,\"name\":\"In\u00edcio\",\"item\":\"https:\/\/blogdoere.com.br\/\"},{\"@type\":\"ListItem\",\"position\":2,\"name\":\"BRASIL: ECONOMIA E INFLA\u00c7\u00c3O \u00c9 O TEMA CENTRAL DA ELEI\u00c7\u00c3O\"}]},{\"@type\":\"WebSite\",\"@id\":\"https:\/\/blogdoere.com.br\/#website\",\"url\":\"https:\/\/blogdoere.com.br\/\",\"name\":\"blog do er\u00ea\",\"description\":\"\",\"publisher\":{\"@id\":\"https:\/\/blogdoere.com.br\/#organization\"},\"potentialAction\":[{\"@type\":\"SearchAction\",\"target\":{\"@type\":\"EntryPoint\",\"urlTemplate\":\"https:\/\/blogdoere.com.br\/?s={search_term_string}\"},\"query-input\":\"required name=search_term_string\"}],\"inLanguage\":\"pt-PT\"},{\"@type\":\"Organization\",\"@id\":\"https:\/\/blogdoere.com.br\/#organization\",\"name\":\"Blog do Er\u00ea\",\"url\":\"https:\/\/blogdoere.com.br\/\",\"logo\":{\"@type\":\"ImageObject\",\"inLanguage\":\"pt-PT\",\"@id\":\"https:\/\/blogdoere.com.br\/#\/schema\/logo\/image\/\",\"url\":\"https:\/\/blogdoere.com.br\/wp-content\/uploads\/2021\/11\/Logo-Ere-1.png\",\"contentUrl\":\"https:\/\/blogdoere.com.br\/wp-content\/uploads\/2021\/11\/Logo-Ere-1.png\",\"width\":1261,\"height\":1330,\"caption\":\"Blog do Er\u00ea\"},\"image\":{\"@id\":\"https:\/\/blogdoere.com.br\/#\/schema\/logo\/image\/\"}},{\"@type\":\"Person\",\"@id\":\"https:\/\/blogdoere.com.br\/#\/schema\/person\/c4f6d566a44c7bacdda563667715d18b\",\"name\":\"blogdoere@hotmail.com\",\"image\":{\"@type\":\"ImageObject\",\"inLanguage\":\"pt-PT\",\"@id\":\"https:\/\/blogdoere.com.br\/#\/schema\/person\/image\/\",\"url\":\"https:\/\/secure.gravatar.com\/avatar\/5684bd39df1289cb639b4ab539d6fcad69420e4a29521548fc078c58ed122fe6?s=96&d=mm&r=g\",\"contentUrl\":\"https:\/\/secure.gravatar.com\/avatar\/5684bd39df1289cb639b4ab539d6fcad69420e4a29521548fc078c58ed122fe6?s=96&d=mm&r=g\",\"caption\":\"blogdoere@hotmail.com\"},\"sameAs\":[\"http:\/\/blogdoere.com.br\"]}]}<\/script>\n<!-- \/ Yoast SEO plugin. -->","yoast_head_json":{"title":"BRASIL: ECONOMIA E INFLA\u00c7\u00c3O \u00c9 O TEMA CENTRAL DA ELEI\u00c7\u00c3O - blog do er\u00ea","robots":{"index":"index","follow":"follow","max-snippet":"max-snippet:-1","max-image-preview":"max-image-preview:large","max-video-preview":"max-video-preview:-1"},"canonical":"https:\/\/blogdoere.com.br\/?p=28114","og_locale":"pt_PT","og_type":"article","og_title":"BRASIL: ECONOMIA E INFLA\u00c7\u00c3O \u00c9 O TEMA CENTRAL DA ELEI\u00c7\u00c3O - blog do er\u00ea","og_description":"Para o cientista pol\u00edtico Andr\u00e9 C\u00e9sar, da Hold Assessoria, h\u00e1 muitas diferen\u00e7as entre o momento de 100 dias antes das elei\u00e7\u00f5es de 2018 e agora, em 2022. H\u00e1 quatro anos,...","og_url":"https:\/\/blogdoere.com.br\/?p=28114","og_site_name":"blog do er\u00ea","article_published_time":"2022-06-28T01:18:11+00:00","article_modified_time":"2022-06-28T01:26:13+00:00","og_image":[{"width":768,"height":530,"url":"https:\/\/blogdoere.com.br\/wp-content\/uploads\/2022\/06\/desemprego_inflacao_pnl_ibga_coaching-768x530-1.jpg","type":"image\/jpeg"}],"author":"blogdoere@hotmail.com","twitter_card":"summary_large_image","twitter_misc":{"Escrito por":"blogdoere@hotmail.com","Tempo estimado de leitura":"2 minutos"},"schema":{"@context":"https:\/\/schema.org","@graph":[{"@type":"Article","@id":"https:\/\/blogdoere.com.br\/?p=28114#article","isPartOf":{"@id":"https:\/\/blogdoere.com.br\/?p=28114"},"author":{"name":"blogdoere@hotmail.com","@id":"https:\/\/blogdoere.com.br\/#\/schema\/person\/c4f6d566a44c7bacdda563667715d18b"},"headline":"BRASIL: ECONOMIA E INFLA\u00c7\u00c3O \u00c9 O TEMA CENTRAL DA ELEI\u00c7\u00c3O","datePublished":"2022-06-28T01:18:11+00:00","dateModified":"2022-06-28T01:26:13+00:00","mainEntityOfPage":{"@id":"https:\/\/blogdoere.com.br\/?p=28114"},"wordCount":254,"commentCount":0,"publisher":{"@id":"https:\/\/blogdoere.com.br\/#organization"},"articleSection":["Pol\u00edtica"],"inLanguage":"pt-PT","potentialAction":[{"@type":"CommentAction","name":"Comment","target":["https:\/\/blogdoere.com.br\/?p=28114#respond"]}]},{"@type":"WebPage","@id":"https:\/\/blogdoere.com.br\/?p=28114","url":"https:\/\/blogdoere.com.br\/?p=28114","name":"BRASIL: ECONOMIA E INFLA\u00c7\u00c3O \u00c9 O TEMA CENTRAL DA ELEI\u00c7\u00c3O - blog do er\u00ea","isPartOf":{"@id":"https:\/\/blogdoere.com.br\/#website"},"datePublished":"2022-06-28T01:18:11+00:00","dateModified":"2022-06-28T01:26:13+00:00","breadcrumb":{"@id":"https:\/\/blogdoere.com.br\/?p=28114#breadcrumb"},"inLanguage":"pt-PT","potentialAction":[{"@type":"ReadAction","target":["https:\/\/blogdoere.com.br\/?p=28114"]}]},{"@type":"BreadcrumbList","@id":"https:\/\/blogdoere.com.br\/?p=28114#breadcrumb","itemListElement":[{"@type":"ListItem","position":1,"name":"In\u00edcio","item":"https:\/\/blogdoere.com.br\/"},{"@type":"ListItem","position":2,"name":"BRASIL: ECONOMIA E INFLA\u00c7\u00c3O \u00c9 O TEMA CENTRAL DA ELEI\u00c7\u00c3O"}]},{"@type":"WebSite","@id":"https:\/\/blogdoere.com.br\/#website","url":"https:\/\/blogdoere.com.br\/","name":"blog do er\u00ea","description":"","publisher":{"@id":"https:\/\/blogdoere.com.br\/#organization"},"potentialAction":[{"@type":"SearchAction","target":{"@type":"EntryPoint","urlTemplate":"https:\/\/blogdoere.com.br\/?s={search_term_string}"},"query-input":"required name=search_term_string"}],"inLanguage":"pt-PT"},{"@type":"Organization","@id":"https:\/\/blogdoere.com.br\/#organization","name":"Blog do Er\u00ea","url":"https:\/\/blogdoere.com.br\/","logo":{"@type":"ImageObject","inLanguage":"pt-PT","@id":"https:\/\/blogdoere.com.br\/#\/schema\/logo\/image\/","url":"https:\/\/blogdoere.com.br\/wp-content\/uploads\/2021\/11\/Logo-Ere-1.png","contentUrl":"https:\/\/blogdoere.com.br\/wp-content\/uploads\/2021\/11\/Logo-Ere-1.png","width":1261,"height":1330,"caption":"Blog do Er\u00ea"},"image":{"@id":"https:\/\/blogdoere.com.br\/#\/schema\/logo\/image\/"}},{"@type":"Person","@id":"https:\/\/blogdoere.com.br\/#\/schema\/person\/c4f6d566a44c7bacdda563667715d18b","name":"blogdoere@hotmail.com","image":{"@type":"ImageObject","inLanguage":"pt-PT","@id":"https:\/\/blogdoere.com.br\/#\/schema\/person\/image\/","url":"https:\/\/secure.gravatar.com\/avatar\/5684bd39df1289cb639b4ab539d6fcad69420e4a29521548fc078c58ed122fe6?s=96&d=mm&r=g","contentUrl":"https:\/\/secure.gravatar.com\/avatar\/5684bd39df1289cb639b4ab539d6fcad69420e4a29521548fc078c58ed122fe6?s=96&d=mm&r=g","caption":"blogdoere@hotmail.com"},"sameAs":["http:\/\/blogdoere.com.br"]}]}},"featured_image_urls":{"full":["https:\/\/blogdoere.com.br\/wp-content\/uploads\/2022\/06\/desemprego_inflacao_pnl_ibga_coaching-768x530-1.jpg",768,530,false],"thumbnail":["https:\/\/blogdoere.com.br\/wp-content\/uploads\/2022\/06\/desemprego_inflacao_pnl_ibga_coaching-768x530-1-150x150.jpg",150,150,true],"medium":["https:\/\/blogdoere.com.br\/wp-content\/uploads\/2022\/06\/desemprego_inflacao_pnl_ibga_coaching-768x530-1-300x207.jpg",300,207,true],"medium_large":["https:\/\/blogdoere.com.br\/wp-content\/uploads\/2022\/06\/desemprego_inflacao_pnl_ibga_coaching-768x530-1.jpg",768,530,false],"large":["https:\/\/blogdoere.com.br\/wp-content\/uploads\/2022\/06\/desemprego_inflacao_pnl_ibga_coaching-768x530-1.jpg",768,530,false],"1536x1536":["https:\/\/blogdoere.com.br\/wp-content\/uploads\/2022\/06\/desemprego_inflacao_pnl_ibga_coaching-768x530-1.jpg",768,530,false],"2048x2048":["https:\/\/blogdoere.com.br\/wp-content\/uploads\/2022\/06\/desemprego_inflacao_pnl_ibga_coaching-768x530-1.jpg",768,530,false]},"author_info":{"display_name":"blogdoere@hotmail.com","author_link":"https:\/\/blogdoere.com.br\/?author=1"},"category_info":"<a href=\"https:\/\/blogdoere.com.br\/?cat=32\" rel=\"category\">Pol\u00edtica<\/a>","tag_info":"Pol\u00edtica","comment_count":"0","_links":{"self":[{"href":"https:\/\/blogdoere.com.br\/index.php?rest_route=\/wp\/v2\/posts\/28114","targetHints":{"allow":["GET"]}}],"collection":[{"href":"https:\/\/blogdoere.com.br\/index.php?rest_route=\/wp\/v2\/posts"}],"about":[{"href":"https:\/\/blogdoere.com.br\/index.php?rest_route=\/wp\/v2\/types\/post"}],"author":[{"embeddable":true,"href":"https:\/\/blogdoere.com.br\/index.php?rest_route=\/wp\/v2\/users\/1"}],"replies":[{"embeddable":true,"href":"https:\/\/blogdoere.com.br\/index.php?rest_route=%2Fwp%2Fv2%2Fcomments&post=28114"}],"version-history":[{"count":1,"href":"https:\/\/blogdoere.com.br\/index.php?rest_route=\/wp\/v2\/posts\/28114\/revisions"}],"predecessor-version":[{"id":28117,"href":"https:\/\/blogdoere.com.br\/index.php?rest_route=\/wp\/v2\/posts\/28114\/revisions\/28117"}],"wp:featuredmedia":[{"embeddable":true,"href":"https:\/\/blogdoere.com.br\/index.php?rest_route=\/wp\/v2\/media\/28115"}],"wp:attachment":[{"href":"https:\/\/blogdoere.com.br\/index.php?rest_route=%2Fwp%2Fv2%2Fmedia&parent=28114"}],"wp:term":[{"taxonomy":"category","embeddable":true,"href":"https:\/\/blogdoere.com.br\/index.php?rest_route=%2Fwp%2Fv2%2Fcategories&post=28114"},{"taxonomy":"post_tag","embeddable":true,"href":"https:\/\/blogdoere.com.br\/index.php?rest_route=%2Fwp%2Fv2%2Ftags&post=28114"}],"curies":[{"name":"wp","href":"https:\/\/api.w.org\/{rel}","templated":true}]}}