{"id":28129,"date":"2022-06-30T16:37:56","date_gmt":"2022-06-30T16:37:56","guid":{"rendered":"https:\/\/blogdoere.com.br\/?p=28129"},"modified":"2022-06-30T23:51:26","modified_gmt":"2022-06-30T23:51:26","slug":"brasil-pelo-segundo-dia-brasil-tem-media-superior-a-200-mortes-diarias-por-covid","status":"publish","type":"post","link":"https:\/\/blogdoere.com.br\/?p=28129","title":{"rendered":"BRASIL: PELO SEGUNDO DIA, BRASIL TEM M\u00c9DIA SUPERIOR A 200 MORTES DI\u00c1RIAS POR COVID"},"content":{"rendered":"\n<figure class=\"wp-block-gallery has-nested-images columns-default is-cropped wp-block-gallery-1 is-layout-flex wp-block-gallery-is-layout-flex\">\n<figure class=\"wp-block-image size-large\"><img decoding=\"async\" width=\"754\" height=\"501\" data-id=\"28130\" src=\"https:\/\/blogdoere.com.br\/wp-content\/uploads\/2022\/06\/WhatsApp-Image-2022-06-30-at-12.05.47-1.jpeg\" alt=\"\" class=\"wp-image-28130\" srcset=\"https:\/\/blogdoere.com.br\/wp-content\/uploads\/2022\/06\/WhatsApp-Image-2022-06-30-at-12.05.47-1.jpeg 754w, https:\/\/blogdoere.com.br\/wp-content\/uploads\/2022\/06\/WhatsApp-Image-2022-06-30-at-12.05.47-1-300x199.jpeg 300w\" sizes=\"(max-width: 754px) 100vw, 754px\" \/><\/figure>\n<\/figure>\n\n\n\n<p class=\"has-text-align-justify\">O Minist\u00e9rio da Sa\u00fade divulgou um balan\u00e7o nesta quarta, 29\/06, com os n\u00fameros da pandemia no Brasil, de acordo com dados das secretarias estaduais de Sa\u00fade. O pa\u00eds tem 671.125 \u00f3bitos e 32.282.879 casos confirmados da doen\u00e7a. O balan\u00e7o, atualizado \u00e0s 19 horas, mostra que no per\u00edodo de um dia foram registradas 277 v\u00edtimas e 75.925 testes reagentes para o coronav\u00edrus. A m\u00e9dia m\u00f3vel, que contabiliza o n\u00famero de \u00f3bitos da \u00faltima semana, \u00e9 de 228. Pelo segundo dia consecutivo, este n\u00famero fica acima de 200. A m\u00e9dia de casos \u00e9 de 56.021. Segundo o levantamento feito pelo cons\u00f3rcio de imprensa, mais de 167 milh\u00f5es de pessoas j\u00e1 receberam as duas doses da vacina contra a covid-19, ou a dose \u00fanica e est\u00e3o totalmente protegidas. Este valor \u00e9 a soma dos 26 estados mais o DF e equivale a aproximadamente 77% da popula\u00e7\u00e3o brasileira. Mais de 47% das pessoas tomaram a dose de refor\u00e7o. Os dados s\u00e3o compilados pelo cons\u00f3rcio de imprensa que re\u00fane UOL, Folha de S.Paulo, O Estado de S. Paulo, O Globo, G1 e Extra.<\/p>\n\n\n\n<p>Por: Rozilton Ribeiro<\/p>\n","protected":false},"excerpt":{"rendered":"<p>O Minist\u00e9rio da Sa\u00fade divulgou um balan\u00e7o nesta quarta, 29\/06, com os n\u00fameros da pandemia no Brasil, de acordo com dados das secretarias estaduais de Sa\u00fade. O pa\u00eds tem 671.125&#8230;<\/p>\n","protected":false},"author":1,"featured_media":28130,"comment_status":"open","ping_status":"open","sticky":false,"template":"","format":"standard","meta":{"_editorskit_title_hidden":false,"_editorskit_reading_time":1,"_editorskit_is_block_options_detached":false,"_editorskit_block_options_position":"{}","om_disable_all_campaigns":false,"_mi_skip_tracking":false,"_kad_post_transparent":"","_kad_post_title":"","_kad_post_layout":"","_kad_post_sidebar_id":"","_kad_post_content_style":"","_kad_post_vertical_padding":"","_kad_post_feature":"","_kad_post_feature_position":"","_kad_post_header":false,"_kad_post_footer":false,"footnotes":""},"categories":[69],"tags":[],"class_list":["post-28129","post","type-post","status-publish","format-standard","has-post-thumbnail","hentry","category-saude-2"],"yoast_head":"<!-- This site is optimized with the Yoast SEO plugin v20.5 - https:\/\/yoast.com\/wordpress\/plugins\/seo\/ -->\n<title>BRASIL: PELO SEGUNDO DIA, BRASIL TEM M\u00c9DIA SUPERIOR A 200 MORTES DI\u00c1RIAS POR COVID - blog do er\u00ea<\/title>\n<meta name=\"robots\" content=\"index, follow, max-snippet:-1, max-image-preview:large, max-video-preview:-1\" \/>\n<link rel=\"canonical\" href=\"https:\/\/blogdoere.com.br\/?p=28129\" \/>\n<meta property=\"og:locale\" content=\"pt_PT\" \/>\n<meta property=\"og:type\" content=\"article\" \/>\n<meta property=\"og:title\" content=\"BRASIL: PELO SEGUNDO DIA, BRASIL TEM M\u00c9DIA SUPERIOR A 200 MORTES DI\u00c1RIAS POR COVID - blog do er\u00ea\" \/>\n<meta property=\"og:description\" content=\"O Minist\u00e9rio da Sa\u00fade divulgou um balan\u00e7o nesta quarta, 29\/06, com os n\u00fameros da pandemia no Brasil, de acordo com dados das secretarias estaduais de Sa\u00fade. O pa\u00eds tem 671.125...\" \/>\n<meta property=\"og:url\" content=\"https:\/\/blogdoere.com.br\/?p=28129\" \/>\n<meta property=\"og:site_name\" content=\"blog do er\u00ea\" \/>\n<meta property=\"article:published_time\" content=\"2022-06-30T16:37:56+00:00\" \/>\n<meta property=\"article:modified_time\" content=\"2022-06-30T23:51:26+00:00\" \/>\n<meta property=\"og:image\" content=\"https:\/\/blogdoere.com.br\/wp-content\/uploads\/2022\/06\/WhatsApp-Image-2022-06-30-at-12.05.47-1.jpeg\" \/>\n\t<meta property=\"og:image:width\" content=\"754\" \/>\n\t<meta property=\"og:image:height\" content=\"501\" \/>\n\t<meta property=\"og:image:type\" content=\"image\/jpeg\" \/>\n<meta name=\"author\" content=\"blogdoere@hotmail.com\" \/>\n<meta name=\"twitter:card\" content=\"summary_large_image\" \/>\n<meta name=\"twitter:label1\" content=\"Escrito por\" \/>\n\t<meta name=\"twitter:data1\" content=\"blogdoere@hotmail.com\" \/>\n\t<meta name=\"twitter:label2\" content=\"Tempo estimado de leitura\" \/>\n\t<meta name=\"twitter:data2\" content=\"1 minuto\" \/>\n<script type=\"application\/ld+json\" class=\"yoast-schema-graph\">{\"@context\":\"https:\/\/schema.org\",\"@graph\":[{\"@type\":\"Article\",\"@id\":\"https:\/\/blogdoere.com.br\/?p=28129#article\",\"isPartOf\":{\"@id\":\"https:\/\/blogdoere.com.br\/?p=28129\"},\"author\":{\"name\":\"blogdoere@hotmail.com\",\"@id\":\"https:\/\/blogdoere.com.br\/#\/schema\/person\/c4f6d566a44c7bacdda563667715d18b\"},\"headline\":\"BRASIL: PELO SEGUNDO DIA, BRASIL TEM M\u00c9DIA SUPERIOR A 200 MORTES DI\u00c1RIAS POR COVID\",\"datePublished\":\"2022-06-30T16:37:56+00:00\",\"dateModified\":\"2022-06-30T23:51:26+00:00\",\"mainEntityOfPage\":{\"@id\":\"https:\/\/blogdoere.com.br\/?p=28129\"},\"wordCount\":205,\"commentCount\":0,\"publisher\":{\"@id\":\"https:\/\/blogdoere.com.br\/#organization\"},\"articleSection\":[\"Sa\u00fade\"],\"inLanguage\":\"pt-PT\",\"potentialAction\":[{\"@type\":\"CommentAction\",\"name\":\"Comment\",\"target\":[\"https:\/\/blogdoere.com.br\/?p=28129#respond\"]}]},{\"@type\":\"WebPage\",\"@id\":\"https:\/\/blogdoere.com.br\/?p=28129\",\"url\":\"https:\/\/blogdoere.com.br\/?p=28129\",\"name\":\"BRASIL: PELO SEGUNDO DIA, BRASIL TEM M\u00c9DIA SUPERIOR A 200 MORTES DI\u00c1RIAS POR COVID - blog do er\u00ea\",\"isPartOf\":{\"@id\":\"https:\/\/blogdoere.com.br\/#website\"},\"datePublished\":\"2022-06-30T16:37:56+00:00\",\"dateModified\":\"2022-06-30T23:51:26+00:00\",\"breadcrumb\":{\"@id\":\"https:\/\/blogdoere.com.br\/?p=28129#breadcrumb\"},\"inLanguage\":\"pt-PT\",\"potentialAction\":[{\"@type\":\"ReadAction\",\"target\":[\"https:\/\/blogdoere.com.br\/?p=28129\"]}]},{\"@type\":\"BreadcrumbList\",\"@id\":\"https:\/\/blogdoere.com.br\/?p=28129#breadcrumb\",\"itemListElement\":[{\"@type\":\"ListItem\",\"position\":1,\"name\":\"In\u00edcio\",\"item\":\"https:\/\/blogdoere.com.br\/\"},{\"@type\":\"ListItem\",\"position\":2,\"name\":\"BRASIL: PELO SEGUNDO DIA, BRASIL TEM M\u00c9DIA SUPERIOR A 200 MORTES DI\u00c1RIAS POR COVID\"}]},{\"@type\":\"WebSite\",\"@id\":\"https:\/\/blogdoere.com.br\/#website\",\"url\":\"https:\/\/blogdoere.com.br\/\",\"name\":\"blog do er\u00ea\",\"description\":\"\",\"publisher\":{\"@id\":\"https:\/\/blogdoere.com.br\/#organization\"},\"potentialAction\":[{\"@type\":\"SearchAction\",\"target\":{\"@type\":\"EntryPoint\",\"urlTemplate\":\"https:\/\/blogdoere.com.br\/?s={search_term_string}\"},\"query-input\":\"required name=search_term_string\"}],\"inLanguage\":\"pt-PT\"},{\"@type\":\"Organization\",\"@id\":\"https:\/\/blogdoere.com.br\/#organization\",\"name\":\"Blog do Er\u00ea\",\"url\":\"https:\/\/blogdoere.com.br\/\",\"logo\":{\"@type\":\"ImageObject\",\"inLanguage\":\"pt-PT\",\"@id\":\"https:\/\/blogdoere.com.br\/#\/schema\/logo\/image\/\",\"url\":\"https:\/\/blogdoere.com.br\/wp-content\/uploads\/2021\/11\/Logo-Ere-1.png\",\"contentUrl\":\"https:\/\/blogdoere.com.br\/wp-content\/uploads\/2021\/11\/Logo-Ere-1.png\",\"width\":1261,\"height\":1330,\"caption\":\"Blog do Er\u00ea\"},\"image\":{\"@id\":\"https:\/\/blogdoere.com.br\/#\/schema\/logo\/image\/\"}},{\"@type\":\"Person\",\"@id\":\"https:\/\/blogdoere.com.br\/#\/schema\/person\/c4f6d566a44c7bacdda563667715d18b\",\"name\":\"blogdoere@hotmail.com\",\"image\":{\"@type\":\"ImageObject\",\"inLanguage\":\"pt-PT\",\"@id\":\"https:\/\/blogdoere.com.br\/#\/schema\/person\/image\/\",\"url\":\"https:\/\/secure.gravatar.com\/avatar\/5684bd39df1289cb639b4ab539d6fcad69420e4a29521548fc078c58ed122fe6?s=96&d=mm&r=g\",\"contentUrl\":\"https:\/\/secure.gravatar.com\/avatar\/5684bd39df1289cb639b4ab539d6fcad69420e4a29521548fc078c58ed122fe6?s=96&d=mm&r=g\",\"caption\":\"blogdoere@hotmail.com\"},\"sameAs\":[\"http:\/\/blogdoere.com.br\"]}]}<\/script>\n<!-- \/ Yoast SEO plugin. -->","yoast_head_json":{"title":"BRASIL: PELO SEGUNDO DIA, BRASIL TEM M\u00c9DIA SUPERIOR A 200 MORTES DI\u00c1RIAS POR COVID - blog do er\u00ea","robots":{"index":"index","follow":"follow","max-snippet":"max-snippet:-1","max-image-preview":"max-image-preview:large","max-video-preview":"max-video-preview:-1"},"canonical":"https:\/\/blogdoere.com.br\/?p=28129","og_locale":"pt_PT","og_type":"article","og_title":"BRASIL: PELO SEGUNDO DIA, BRASIL TEM M\u00c9DIA SUPERIOR A 200 MORTES DI\u00c1RIAS POR COVID - blog do er\u00ea","og_description":"O Minist\u00e9rio da Sa\u00fade divulgou um balan\u00e7o nesta quarta, 29\/06, com os n\u00fameros da pandemia no Brasil, de acordo com dados das secretarias estaduais de Sa\u00fade. O pa\u00eds tem 671.125...","og_url":"https:\/\/blogdoere.com.br\/?p=28129","og_site_name":"blog do er\u00ea","article_published_time":"2022-06-30T16:37:56+00:00","article_modified_time":"2022-06-30T23:51:26+00:00","og_image":[{"width":754,"height":501,"url":"https:\/\/blogdoere.com.br\/wp-content\/uploads\/2022\/06\/WhatsApp-Image-2022-06-30-at-12.05.47-1.jpeg","type":"image\/jpeg"}],"author":"blogdoere@hotmail.com","twitter_card":"summary_large_image","twitter_misc":{"Escrito por":"blogdoere@hotmail.com","Tempo estimado de leitura":"1 minuto"},"schema":{"@context":"https:\/\/schema.org","@graph":[{"@type":"Article","@id":"https:\/\/blogdoere.com.br\/?p=28129#article","isPartOf":{"@id":"https:\/\/blogdoere.com.br\/?p=28129"},"author":{"name":"blogdoere@hotmail.com","@id":"https:\/\/blogdoere.com.br\/#\/schema\/person\/c4f6d566a44c7bacdda563667715d18b"},"headline":"BRASIL: PELO SEGUNDO DIA, BRASIL TEM M\u00c9DIA SUPERIOR A 200 MORTES DI\u00c1RIAS POR COVID","datePublished":"2022-06-30T16:37:56+00:00","dateModified":"2022-06-30T23:51:26+00:00","mainEntityOfPage":{"@id":"https:\/\/blogdoere.com.br\/?p=28129"},"wordCount":205,"commentCount":0,"publisher":{"@id":"https:\/\/blogdoere.com.br\/#organization"},"articleSection":["Sa\u00fade"],"inLanguage":"pt-PT","potentialAction":[{"@type":"CommentAction","name":"Comment","target":["https:\/\/blogdoere.com.br\/?p=28129#respond"]}]},{"@type":"WebPage","@id":"https:\/\/blogdoere.com.br\/?p=28129","url":"https:\/\/blogdoere.com.br\/?p=28129","name":"BRASIL: PELO SEGUNDO DIA, BRASIL TEM M\u00c9DIA SUPERIOR A 200 MORTES DI\u00c1RIAS POR COVID - blog do er\u00ea","isPartOf":{"@id":"https:\/\/blogdoere.com.br\/#website"},"datePublished":"2022-06-30T16:37:56+00:00","dateModified":"2022-06-30T23:51:26+00:00","breadcrumb":{"@id":"https:\/\/blogdoere.com.br\/?p=28129#breadcrumb"},"inLanguage":"pt-PT","potentialAction":[{"@type":"ReadAction","target":["https:\/\/blogdoere.com.br\/?p=28129"]}]},{"@type":"BreadcrumbList","@id":"https:\/\/blogdoere.com.br\/?p=28129#breadcrumb","itemListElement":[{"@type":"ListItem","position":1,"name":"In\u00edcio","item":"https:\/\/blogdoere.com.br\/"},{"@type":"ListItem","position":2,"name":"BRASIL: PELO SEGUNDO DIA, BRASIL TEM M\u00c9DIA SUPERIOR A 200 MORTES DI\u00c1RIAS POR COVID"}]},{"@type":"WebSite","@id":"https:\/\/blogdoere.com.br\/#website","url":"https:\/\/blogdoere.com.br\/","name":"blog do er\u00ea","description":"","publisher":{"@id":"https:\/\/blogdoere.com.br\/#organization"},"potentialAction":[{"@type":"SearchAction","target":{"@type":"EntryPoint","urlTemplate":"https:\/\/blogdoere.com.br\/?s={search_term_string}"},"query-input":"required name=search_term_string"}],"inLanguage":"pt-PT"},{"@type":"Organization","@id":"https:\/\/blogdoere.com.br\/#organization","name":"Blog do Er\u00ea","url":"https:\/\/blogdoere.com.br\/","logo":{"@type":"ImageObject","inLanguage":"pt-PT","@id":"https:\/\/blogdoere.com.br\/#\/schema\/logo\/image\/","url":"https:\/\/blogdoere.com.br\/wp-content\/uploads\/2021\/11\/Logo-Ere-1.png","contentUrl":"https:\/\/blogdoere.com.br\/wp-content\/uploads\/2021\/11\/Logo-Ere-1.png","width":1261,"height":1330,"caption":"Blog do Er\u00ea"},"image":{"@id":"https:\/\/blogdoere.com.br\/#\/schema\/logo\/image\/"}},{"@type":"Person","@id":"https:\/\/blogdoere.com.br\/#\/schema\/person\/c4f6d566a44c7bacdda563667715d18b","name":"blogdoere@hotmail.com","image":{"@type":"ImageObject","inLanguage":"pt-PT","@id":"https:\/\/blogdoere.com.br\/#\/schema\/person\/image\/","url":"https:\/\/secure.gravatar.com\/avatar\/5684bd39df1289cb639b4ab539d6fcad69420e4a29521548fc078c58ed122fe6?s=96&d=mm&r=g","contentUrl":"https:\/\/secure.gravatar.com\/avatar\/5684bd39df1289cb639b4ab539d6fcad69420e4a29521548fc078c58ed122fe6?s=96&d=mm&r=g","caption":"blogdoere@hotmail.com"},"sameAs":["http:\/\/blogdoere.com.br"]}]}},"featured_image_urls":{"full":["https:\/\/blogdoere.com.br\/wp-content\/uploads\/2022\/06\/WhatsApp-Image-2022-06-30-at-12.05.47-1.jpeg",754,501,false],"thumbnail":["https:\/\/blogdoere.com.br\/wp-content\/uploads\/2022\/06\/WhatsApp-Image-2022-06-30-at-12.05.47-1-150x150.jpeg",150,150,true],"medium":["https:\/\/blogdoere.com.br\/wp-content\/uploads\/2022\/06\/WhatsApp-Image-2022-06-30-at-12.05.47-1-300x199.jpeg",300,199,true],"medium_large":["https:\/\/blogdoere.com.br\/wp-content\/uploads\/2022\/06\/WhatsApp-Image-2022-06-30-at-12.05.47-1.jpeg",754,501,false],"large":["https:\/\/blogdoere.com.br\/wp-content\/uploads\/2022\/06\/WhatsApp-Image-2022-06-30-at-12.05.47-1.jpeg",754,501,false],"1536x1536":["https:\/\/blogdoere.com.br\/wp-content\/uploads\/2022\/06\/WhatsApp-Image-2022-06-30-at-12.05.47-1.jpeg",754,501,false],"2048x2048":["https:\/\/blogdoere.com.br\/wp-content\/uploads\/2022\/06\/WhatsApp-Image-2022-06-30-at-12.05.47-1.jpeg",754,501,false]},"author_info":{"display_name":"blogdoere@hotmail.com","author_link":"https:\/\/blogdoere.com.br\/?author=1"},"category_info":"<a href=\"https:\/\/blogdoere.com.br\/?cat=69\" rel=\"category\">Sa\u00fade<\/a>","tag_info":"Sa\u00fade","comment_count":"0","_links":{"self":[{"href":"https:\/\/blogdoere.com.br\/index.php?rest_route=\/wp\/v2\/posts\/28129","targetHints":{"allow":["GET"]}}],"collection":[{"href":"https:\/\/blogdoere.com.br\/index.php?rest_route=\/wp\/v2\/posts"}],"about":[{"href":"https:\/\/blogdoere.com.br\/index.php?rest_route=\/wp\/v2\/types\/post"}],"author":[{"embeddable":true,"href":"https:\/\/blogdoere.com.br\/index.php?rest_route=\/wp\/v2\/users\/1"}],"replies":[{"embeddable":true,"href":"https:\/\/blogdoere.com.br\/index.php?rest_route=%2Fwp%2Fv2%2Fcomments&post=28129"}],"version-history":[{"count":4,"href":"https:\/\/blogdoere.com.br\/index.php?rest_route=\/wp\/v2\/posts\/28129\/revisions"}],"predecessor-version":[{"id":28146,"href":"https:\/\/blogdoere.com.br\/index.php?rest_route=\/wp\/v2\/posts\/28129\/revisions\/28146"}],"wp:featuredmedia":[{"embeddable":true,"href":"https:\/\/blogdoere.com.br\/index.php?rest_route=\/wp\/v2\/media\/28130"}],"wp:attachment":[{"href":"https:\/\/blogdoere.com.br\/index.php?rest_route=%2Fwp%2Fv2%2Fmedia&parent=28129"}],"wp:term":[{"taxonomy":"category","embeddable":true,"href":"https:\/\/blogdoere.com.br\/index.php?rest_route=%2Fwp%2Fv2%2Fcategories&post=28129"},{"taxonomy":"post_tag","embeddable":true,"href":"https:\/\/blogdoere.com.br\/index.php?rest_route=%2Fwp%2Fv2%2Ftags&post=28129"}],"curies":[{"name":"wp","href":"https:\/\/api.w.org\/{rel}","templated":true}]}}