{"id":28135,"date":"2022-06-30T17:15:59","date_gmt":"2022-06-30T17:15:59","guid":{"rendered":"https:\/\/blogdoere.com.br\/?p=28135"},"modified":"2022-06-30T23:50:41","modified_gmt":"2022-06-30T23:50:41","slug":"ex-presidente-ja-era-acusado-de-assedio-antes-de-assumir-a-caixa","status":"publish","type":"post","link":"https:\/\/blogdoere.com.br\/?p=28135","title":{"rendered":"EX-PRESIDENTE J\u00c1 ERA ACUSADO DE ASS\u00c9DIO ANTES DE ASSUMIR A CAIXA"},"content":{"rendered":"\n<figure class=\"wp-block-gallery has-nested-images columns-default is-cropped wp-block-gallery-1 is-layout-flex wp-block-gallery-is-layout-flex\">\n<figure class=\"wp-block-image size-large\"><img decoding=\"async\" width=\"531\" height=\"427\" data-id=\"28136\" src=\"https:\/\/blogdoere.com.br\/wp-content\/uploads\/2022\/06\/WhatsApp-Image-2022-06-30-at-14.04.30.jpeg\" alt=\"\" class=\"wp-image-28136\" srcset=\"https:\/\/blogdoere.com.br\/wp-content\/uploads\/2022\/06\/WhatsApp-Image-2022-06-30-at-14.04.30.jpeg 531w, https:\/\/blogdoere.com.br\/wp-content\/uploads\/2022\/06\/WhatsApp-Image-2022-06-30-at-14.04.30-300x241.jpeg 300w\" sizes=\"(max-width: 531px) 100vw, 531px\" \/><\/figure>\n<\/figure>\n\n\n\n<p class=\"has-text-align-justify\">O ex-presidente da Caixa, Pedro Guimar\u00e3es, que foi demitido nessa quarta, 29\/06, ap\u00f3s s\u00e9rie de den\u00fancias de ass\u00e9dio sexual revelado na ter\u00e7a, 28\/06, j\u00e1 era acusado de comportamento semelhante muito antes de assumir a estatal. Segundo O Globo, Guimar\u00e3es foi acusado de ass\u00e9dio sexual em pelo menos dois bancos para os quais trabalhou, o Santander e o BTG. Essas den\u00fancias datam de at\u00e9 cerca de 20 anos. No banco espanhol, segundo funcion\u00e1rias, Guimar\u00e3es puxava o cabelo das colegas rotineiramente e for\u00e7ava gestos de intimidade n\u00e3o-compat\u00edveis \u00e0 atividade profissional. Ele tamb\u00e9m teria tentado beijar \u00e0 for\u00e7a uma colega durante uma festa de final de ano. No banco de investimento brasileiro, para onde foi logo ap\u00f3s sair do Santander, em 2004, e permaneceu at\u00e9 cerca de 2010, funcion\u00e1rias e funcion\u00e1rios relatam casos de ass\u00e9dio sexual e moral. Guimar\u00e3es saiu tanto do Santander quanto do BTG por demiss\u00e3o, mas, segundo executivos dos dois bancos, as acusa\u00e7\u00f5es espec\u00edficas de ass\u00e9dio sexual n\u00e3o foram determinantes. Um executivo do BTG n\u00e3o-identificado pelo Globo disse, por\u00e9m, que Guimar\u00e3es foi demitido \u201cpor causa das doideiras todas\u201d. O jornal tamb\u00e9m destaca que, quando assumiu a Caixa, em 2019, o executivo j\u00e1 era conhecido como \u201cPedro Maluco\u201d.<\/p>\n\n\n\n<p>Por: Rozilton Ribeiro <\/p>\n","protected":false},"excerpt":{"rendered":"<p>O ex-presidente da Caixa, Pedro Guimar\u00e3es, que foi demitido nessa quarta, 29\/06, ap\u00f3s s\u00e9rie de den\u00fancias de ass\u00e9dio sexual revelado na ter\u00e7a, 28\/06, j\u00e1 era acusado de comportamento semelhante muito&#8230;<\/p>\n","protected":false},"author":1,"featured_media":28136,"comment_status":"open","ping_status":"open","sticky":false,"template":"","format":"standard","meta":{"_editorskit_title_hidden":false,"_editorskit_reading_time":0,"_editorskit_is_block_options_detached":false,"_editorskit_block_options_position":"{}","om_disable_all_campaigns":false,"_mi_skip_tracking":false,"_kad_post_transparent":"","_kad_post_title":"","_kad_post_layout":"","_kad_post_sidebar_id":"","_kad_post_content_style":"","_kad_post_vertical_padding":"","_kad_post_feature":"","_kad_post_feature_position":"","_kad_post_header":false,"_kad_post_footer":false,"footnotes":""},"categories":[32],"tags":[],"class_list":["post-28135","post","type-post","status-publish","format-standard","has-post-thumbnail","hentry","category-politica"],"yoast_head":"<!-- This site is optimized with the Yoast SEO plugin v20.5 - https:\/\/yoast.com\/wordpress\/plugins\/seo\/ -->\n<title>EX-PRESIDENTE J\u00c1 ERA ACUSADO DE ASS\u00c9DIO ANTES DE ASSUMIR A CAIXA - blog do er\u00ea<\/title>\n<meta name=\"robots\" content=\"index, follow, max-snippet:-1, max-image-preview:large, max-video-preview:-1\" \/>\n<link rel=\"canonical\" href=\"https:\/\/blogdoere.com.br\/?p=28135\" \/>\n<meta property=\"og:locale\" content=\"pt_PT\" \/>\n<meta property=\"og:type\" content=\"article\" \/>\n<meta property=\"og:title\" content=\"EX-PRESIDENTE J\u00c1 ERA ACUSADO DE ASS\u00c9DIO ANTES DE ASSUMIR A CAIXA - blog do er\u00ea\" \/>\n<meta property=\"og:description\" content=\"O ex-presidente da Caixa, Pedro Guimar\u00e3es, que foi demitido nessa quarta, 29\/06, ap\u00f3s s\u00e9rie de den\u00fancias de ass\u00e9dio sexual revelado na ter\u00e7a, 28\/06, j\u00e1 era acusado de comportamento semelhante muito...\" \/>\n<meta property=\"og:url\" content=\"https:\/\/blogdoere.com.br\/?p=28135\" \/>\n<meta property=\"og:site_name\" content=\"blog do er\u00ea\" \/>\n<meta property=\"article:published_time\" content=\"2022-06-30T17:15:59+00:00\" \/>\n<meta property=\"article:modified_time\" content=\"2022-06-30T23:50:41+00:00\" \/>\n<meta property=\"og:image\" content=\"https:\/\/blogdoere.com.br\/wp-content\/uploads\/2022\/06\/WhatsApp-Image-2022-06-30-at-14.04.30.jpeg\" \/>\n\t<meta property=\"og:image:width\" content=\"531\" \/>\n\t<meta property=\"og:image:height\" content=\"427\" \/>\n\t<meta property=\"og:image:type\" content=\"image\/jpeg\" \/>\n<meta name=\"author\" content=\"blogdoere@hotmail.com\" \/>\n<meta name=\"twitter:card\" content=\"summary_large_image\" \/>\n<meta name=\"twitter:label1\" content=\"Escrito por\" \/>\n\t<meta name=\"twitter:data1\" content=\"blogdoere@hotmail.com\" \/>\n\t<meta name=\"twitter:label2\" content=\"Tempo estimado de leitura\" \/>\n\t<meta name=\"twitter:data2\" content=\"2 minutos\" \/>\n<script type=\"application\/ld+json\" class=\"yoast-schema-graph\">{\"@context\":\"https:\/\/schema.org\",\"@graph\":[{\"@type\":\"Article\",\"@id\":\"https:\/\/blogdoere.com.br\/?p=28135#article\",\"isPartOf\":{\"@id\":\"https:\/\/blogdoere.com.br\/?p=28135\"},\"author\":{\"name\":\"blogdoere@hotmail.com\",\"@id\":\"https:\/\/blogdoere.com.br\/#\/schema\/person\/c4f6d566a44c7bacdda563667715d18b\"},\"headline\":\"EX-PRESIDENTE J\u00c1 ERA ACUSADO DE ASS\u00c9DIO ANTES DE ASSUMIR A CAIXA\",\"datePublished\":\"2022-06-30T17:15:59+00:00\",\"dateModified\":\"2022-06-30T23:50:41+00:00\",\"mainEntityOfPage\":{\"@id\":\"https:\/\/blogdoere.com.br\/?p=28135\"},\"wordCount\":234,\"commentCount\":0,\"publisher\":{\"@id\":\"https:\/\/blogdoere.com.br\/#organization\"},\"articleSection\":[\"Pol\u00edtica\"],\"inLanguage\":\"pt-PT\",\"potentialAction\":[{\"@type\":\"CommentAction\",\"name\":\"Comment\",\"target\":[\"https:\/\/blogdoere.com.br\/?p=28135#respond\"]}]},{\"@type\":\"WebPage\",\"@id\":\"https:\/\/blogdoere.com.br\/?p=28135\",\"url\":\"https:\/\/blogdoere.com.br\/?p=28135\",\"name\":\"EX-PRESIDENTE J\u00c1 ERA ACUSADO DE ASS\u00c9DIO ANTES DE ASSUMIR A CAIXA - blog do er\u00ea\",\"isPartOf\":{\"@id\":\"https:\/\/blogdoere.com.br\/#website\"},\"datePublished\":\"2022-06-30T17:15:59+00:00\",\"dateModified\":\"2022-06-30T23:50:41+00:00\",\"breadcrumb\":{\"@id\":\"https:\/\/blogdoere.com.br\/?p=28135#breadcrumb\"},\"inLanguage\":\"pt-PT\",\"potentialAction\":[{\"@type\":\"ReadAction\",\"target\":[\"https:\/\/blogdoere.com.br\/?p=28135\"]}]},{\"@type\":\"BreadcrumbList\",\"@id\":\"https:\/\/blogdoere.com.br\/?p=28135#breadcrumb\",\"itemListElement\":[{\"@type\":\"ListItem\",\"position\":1,\"name\":\"In\u00edcio\",\"item\":\"https:\/\/blogdoere.com.br\/\"},{\"@type\":\"ListItem\",\"position\":2,\"name\":\"EX-PRESIDENTE J\u00c1 ERA ACUSADO DE ASS\u00c9DIO ANTES DE ASSUMIR A CAIXA\"}]},{\"@type\":\"WebSite\",\"@id\":\"https:\/\/blogdoere.com.br\/#website\",\"url\":\"https:\/\/blogdoere.com.br\/\",\"name\":\"blog do er\u00ea\",\"description\":\"\",\"publisher\":{\"@id\":\"https:\/\/blogdoere.com.br\/#organization\"},\"potentialAction\":[{\"@type\":\"SearchAction\",\"target\":{\"@type\":\"EntryPoint\",\"urlTemplate\":\"https:\/\/blogdoere.com.br\/?s={search_term_string}\"},\"query-input\":\"required name=search_term_string\"}],\"inLanguage\":\"pt-PT\"},{\"@type\":\"Organization\",\"@id\":\"https:\/\/blogdoere.com.br\/#organization\",\"name\":\"Blog do Er\u00ea\",\"url\":\"https:\/\/blogdoere.com.br\/\",\"logo\":{\"@type\":\"ImageObject\",\"inLanguage\":\"pt-PT\",\"@id\":\"https:\/\/blogdoere.com.br\/#\/schema\/logo\/image\/\",\"url\":\"https:\/\/blogdoere.com.br\/wp-content\/uploads\/2021\/11\/Logo-Ere-1.png\",\"contentUrl\":\"https:\/\/blogdoere.com.br\/wp-content\/uploads\/2021\/11\/Logo-Ere-1.png\",\"width\":1261,\"height\":1330,\"caption\":\"Blog do Er\u00ea\"},\"image\":{\"@id\":\"https:\/\/blogdoere.com.br\/#\/schema\/logo\/image\/\"}},{\"@type\":\"Person\",\"@id\":\"https:\/\/blogdoere.com.br\/#\/schema\/person\/c4f6d566a44c7bacdda563667715d18b\",\"name\":\"blogdoere@hotmail.com\",\"image\":{\"@type\":\"ImageObject\",\"inLanguage\":\"pt-PT\",\"@id\":\"https:\/\/blogdoere.com.br\/#\/schema\/person\/image\/\",\"url\":\"https:\/\/secure.gravatar.com\/avatar\/5684bd39df1289cb639b4ab539d6fcad69420e4a29521548fc078c58ed122fe6?s=96&d=mm&r=g\",\"contentUrl\":\"https:\/\/secure.gravatar.com\/avatar\/5684bd39df1289cb639b4ab539d6fcad69420e4a29521548fc078c58ed122fe6?s=96&d=mm&r=g\",\"caption\":\"blogdoere@hotmail.com\"},\"sameAs\":[\"http:\/\/blogdoere.com.br\"]}]}<\/script>\n<!-- \/ Yoast SEO plugin. -->","yoast_head_json":{"title":"EX-PRESIDENTE J\u00c1 ERA ACUSADO DE ASS\u00c9DIO ANTES DE ASSUMIR A CAIXA - blog do er\u00ea","robots":{"index":"index","follow":"follow","max-snippet":"max-snippet:-1","max-image-preview":"max-image-preview:large","max-video-preview":"max-video-preview:-1"},"canonical":"https:\/\/blogdoere.com.br\/?p=28135","og_locale":"pt_PT","og_type":"article","og_title":"EX-PRESIDENTE J\u00c1 ERA ACUSADO DE ASS\u00c9DIO ANTES DE ASSUMIR A CAIXA - blog do er\u00ea","og_description":"O ex-presidente da Caixa, Pedro Guimar\u00e3es, que foi demitido nessa quarta, 29\/06, ap\u00f3s s\u00e9rie de den\u00fancias de ass\u00e9dio sexual revelado na ter\u00e7a, 28\/06, j\u00e1 era acusado de comportamento semelhante muito...","og_url":"https:\/\/blogdoere.com.br\/?p=28135","og_site_name":"blog do er\u00ea","article_published_time":"2022-06-30T17:15:59+00:00","article_modified_time":"2022-06-30T23:50:41+00:00","og_image":[{"width":531,"height":427,"url":"https:\/\/blogdoere.com.br\/wp-content\/uploads\/2022\/06\/WhatsApp-Image-2022-06-30-at-14.04.30.jpeg","type":"image\/jpeg"}],"author":"blogdoere@hotmail.com","twitter_card":"summary_large_image","twitter_misc":{"Escrito por":"blogdoere@hotmail.com","Tempo estimado de leitura":"2 minutos"},"schema":{"@context":"https:\/\/schema.org","@graph":[{"@type":"Article","@id":"https:\/\/blogdoere.com.br\/?p=28135#article","isPartOf":{"@id":"https:\/\/blogdoere.com.br\/?p=28135"},"author":{"name":"blogdoere@hotmail.com","@id":"https:\/\/blogdoere.com.br\/#\/schema\/person\/c4f6d566a44c7bacdda563667715d18b"},"headline":"EX-PRESIDENTE J\u00c1 ERA ACUSADO DE ASS\u00c9DIO ANTES DE ASSUMIR A CAIXA","datePublished":"2022-06-30T17:15:59+00:00","dateModified":"2022-06-30T23:50:41+00:00","mainEntityOfPage":{"@id":"https:\/\/blogdoere.com.br\/?p=28135"},"wordCount":234,"commentCount":0,"publisher":{"@id":"https:\/\/blogdoere.com.br\/#organization"},"articleSection":["Pol\u00edtica"],"inLanguage":"pt-PT","potentialAction":[{"@type":"CommentAction","name":"Comment","target":["https:\/\/blogdoere.com.br\/?p=28135#respond"]}]},{"@type":"WebPage","@id":"https:\/\/blogdoere.com.br\/?p=28135","url":"https:\/\/blogdoere.com.br\/?p=28135","name":"EX-PRESIDENTE J\u00c1 ERA ACUSADO DE ASS\u00c9DIO ANTES DE ASSUMIR A CAIXA - blog do er\u00ea","isPartOf":{"@id":"https:\/\/blogdoere.com.br\/#website"},"datePublished":"2022-06-30T17:15:59+00:00","dateModified":"2022-06-30T23:50:41+00:00","breadcrumb":{"@id":"https:\/\/blogdoere.com.br\/?p=28135#breadcrumb"},"inLanguage":"pt-PT","potentialAction":[{"@type":"ReadAction","target":["https:\/\/blogdoere.com.br\/?p=28135"]}]},{"@type":"BreadcrumbList","@id":"https:\/\/blogdoere.com.br\/?p=28135#breadcrumb","itemListElement":[{"@type":"ListItem","position":1,"name":"In\u00edcio","item":"https:\/\/blogdoere.com.br\/"},{"@type":"ListItem","position":2,"name":"EX-PRESIDENTE J\u00c1 ERA ACUSADO DE ASS\u00c9DIO ANTES DE ASSUMIR A CAIXA"}]},{"@type":"WebSite","@id":"https:\/\/blogdoere.com.br\/#website","url":"https:\/\/blogdoere.com.br\/","name":"blog do er\u00ea","description":"","publisher":{"@id":"https:\/\/blogdoere.com.br\/#organization"},"potentialAction":[{"@type":"SearchAction","target":{"@type":"EntryPoint","urlTemplate":"https:\/\/blogdoere.com.br\/?s={search_term_string}"},"query-input":"required name=search_term_string"}],"inLanguage":"pt-PT"},{"@type":"Organization","@id":"https:\/\/blogdoere.com.br\/#organization","name":"Blog do Er\u00ea","url":"https:\/\/blogdoere.com.br\/","logo":{"@type":"ImageObject","inLanguage":"pt-PT","@id":"https:\/\/blogdoere.com.br\/#\/schema\/logo\/image\/","url":"https:\/\/blogdoere.com.br\/wp-content\/uploads\/2021\/11\/Logo-Ere-1.png","contentUrl":"https:\/\/blogdoere.com.br\/wp-content\/uploads\/2021\/11\/Logo-Ere-1.png","width":1261,"height":1330,"caption":"Blog do Er\u00ea"},"image":{"@id":"https:\/\/blogdoere.com.br\/#\/schema\/logo\/image\/"}},{"@type":"Person","@id":"https:\/\/blogdoere.com.br\/#\/schema\/person\/c4f6d566a44c7bacdda563667715d18b","name":"blogdoere@hotmail.com","image":{"@type":"ImageObject","inLanguage":"pt-PT","@id":"https:\/\/blogdoere.com.br\/#\/schema\/person\/image\/","url":"https:\/\/secure.gravatar.com\/avatar\/5684bd39df1289cb639b4ab539d6fcad69420e4a29521548fc078c58ed122fe6?s=96&d=mm&r=g","contentUrl":"https:\/\/secure.gravatar.com\/avatar\/5684bd39df1289cb639b4ab539d6fcad69420e4a29521548fc078c58ed122fe6?s=96&d=mm&r=g","caption":"blogdoere@hotmail.com"},"sameAs":["http:\/\/blogdoere.com.br"]}]}},"featured_image_urls":{"full":["https:\/\/blogdoere.com.br\/wp-content\/uploads\/2022\/06\/WhatsApp-Image-2022-06-30-at-14.04.30.jpeg",531,427,false],"thumbnail":["https:\/\/blogdoere.com.br\/wp-content\/uploads\/2022\/06\/WhatsApp-Image-2022-06-30-at-14.04.30-150x150.jpeg",150,150,true],"medium":["https:\/\/blogdoere.com.br\/wp-content\/uploads\/2022\/06\/WhatsApp-Image-2022-06-30-at-14.04.30-300x241.jpeg",300,241,true],"medium_large":["https:\/\/blogdoere.com.br\/wp-content\/uploads\/2022\/06\/WhatsApp-Image-2022-06-30-at-14.04.30.jpeg",531,427,false],"large":["https:\/\/blogdoere.com.br\/wp-content\/uploads\/2022\/06\/WhatsApp-Image-2022-06-30-at-14.04.30.jpeg",531,427,false],"1536x1536":["https:\/\/blogdoere.com.br\/wp-content\/uploads\/2022\/06\/WhatsApp-Image-2022-06-30-at-14.04.30.jpeg",531,427,false],"2048x2048":["https:\/\/blogdoere.com.br\/wp-content\/uploads\/2022\/06\/WhatsApp-Image-2022-06-30-at-14.04.30.jpeg",531,427,false]},"author_info":{"display_name":"blogdoere@hotmail.com","author_link":"https:\/\/blogdoere.com.br\/?author=1"},"category_info":"<a href=\"https:\/\/blogdoere.com.br\/?cat=32\" rel=\"category\">Pol\u00edtica<\/a>","tag_info":"Pol\u00edtica","comment_count":"0","_links":{"self":[{"href":"https:\/\/blogdoere.com.br\/index.php?rest_route=\/wp\/v2\/posts\/28135","targetHints":{"allow":["GET"]}}],"collection":[{"href":"https:\/\/blogdoere.com.br\/index.php?rest_route=\/wp\/v2\/posts"}],"about":[{"href":"https:\/\/blogdoere.com.br\/index.php?rest_route=\/wp\/v2\/types\/post"}],"author":[{"embeddable":true,"href":"https:\/\/blogdoere.com.br\/index.php?rest_route=\/wp\/v2\/users\/1"}],"replies":[{"embeddable":true,"href":"https:\/\/blogdoere.com.br\/index.php?rest_route=%2Fwp%2Fv2%2Fcomments&post=28135"}],"version-history":[{"count":2,"href":"https:\/\/blogdoere.com.br\/index.php?rest_route=\/wp\/v2\/posts\/28135\/revisions"}],"predecessor-version":[{"id":28145,"href":"https:\/\/blogdoere.com.br\/index.php?rest_route=\/wp\/v2\/posts\/28135\/revisions\/28145"}],"wp:featuredmedia":[{"embeddable":true,"href":"https:\/\/blogdoere.com.br\/index.php?rest_route=\/wp\/v2\/media\/28136"}],"wp:attachment":[{"href":"https:\/\/blogdoere.com.br\/index.php?rest_route=%2Fwp%2Fv2%2Fmedia&parent=28135"}],"wp:term":[{"taxonomy":"category","embeddable":true,"href":"https:\/\/blogdoere.com.br\/index.php?rest_route=%2Fwp%2Fv2%2Fcategories&post=28135"},{"taxonomy":"post_tag","embeddable":true,"href":"https:\/\/blogdoere.com.br\/index.php?rest_route=%2Fwp%2Fv2%2Ftags&post=28135"}],"curies":[{"name":"wp","href":"https:\/\/api.w.org\/{rel}","templated":true}]}}