{"id":28139,"date":"2022-06-30T17:35:46","date_gmt":"2022-06-30T17:35:46","guid":{"rendered":"https:\/\/blogdoere.com.br\/?p=28139"},"modified":"2022-06-30T23:49:35","modified_gmt":"2022-06-30T23:49:35","slug":"ex-ministra-marina-vai-disputar-vaga-na-camara-dos-deputados-por-sp","status":"publish","type":"post","link":"https:\/\/blogdoere.com.br\/?p=28139","title":{"rendered":"EX-MINISTRA MARINA VAI DISPUTAR VAGA NA C\u00c2MARA DOS DEPUTADOS POR SP"},"content":{"rendered":"\n<figure class=\"wp-block-gallery has-nested-images columns-default is-cropped wp-block-gallery-1 is-layout-flex wp-block-gallery-is-layout-flex\">\n<figure class=\"wp-block-image size-large\"><img decoding=\"async\" width=\"500\" height=\"360\" data-id=\"28140\" src=\"https:\/\/blogdoere.com.br\/wp-content\/uploads\/2022\/06\/WhatsApp-Image-2022-06-30-at-14.30.11.jpeg\" alt=\"\" class=\"wp-image-28140\" srcset=\"https:\/\/blogdoere.com.br\/wp-content\/uploads\/2022\/06\/WhatsApp-Image-2022-06-30-at-14.30.11.jpeg 500w, https:\/\/blogdoere.com.br\/wp-content\/uploads\/2022\/06\/WhatsApp-Image-2022-06-30-at-14.30.11-300x216.jpeg 300w\" sizes=\"(max-width: 500px) 100vw, 500px\" \/><\/figure>\n<\/figure>\n\n\n\n<p class=\"has-text-align-justify\">Marina Silva ir\u00e1 concorrer ao cargo de deputada federal pela Rede em outubro. A decis\u00e3o, anunciada nessa quarta, 29\/06, coloca fim aos rumores de que a ex-ministra do Meio Ambiente nos mandatos de Lula poderia compor a chapa de Fernando Haddad, como candidata a vice-governadora de SP. No comunicado sobre a sua decis\u00e3o, Marina disse que aceita a proposta de se candidatar visando a reconstru\u00e7\u00e3o do Brasil. \u201cAssim posso colaborar com o objetivo estrat\u00e9gico de mobilizar o Brasil para o grande desafio da reconstru\u00e7\u00e3o e constru\u00e7\u00e3o de pol\u00edticas p\u00fablicas capazes de enfrentar o crescimento intoler\u00e1vel das desigualdades, recuperar a economia em bases sustent\u00e1veis e preparar o estado e o pa\u00eds para a urgente transi\u00e7\u00e3o necess\u00e1ria para nos adaptarmos \u00e0s mudan\u00e7as clim\u00e1ticas\u201d, escreveu a pr\u00e9-candidata pelo estado de SP. Marina j\u00e1 havia sido eleita senadora no Acre, entre 1995 e 2011. Agora em SP, ela ser\u00e1 a estrela da campanha da Rede.<\/p>\n\n\n\n<p>Por : Rozilton Ribeiro <\/p>\n","protected":false},"excerpt":{"rendered":"<p>Marina Silva ir\u00e1 concorrer ao cargo de deputada federal pela Rede em outubro. A decis\u00e3o, anunciada nessa quarta, 29\/06, coloca fim aos rumores de que a ex-ministra do Meio Ambiente&#8230;<\/p>\n","protected":false},"author":1,"featured_media":28140,"comment_status":"open","ping_status":"open","sticky":false,"template":"","format":"standard","meta":{"_editorskit_title_hidden":false,"_editorskit_reading_time":0,"_editorskit_is_block_options_detached":false,"_editorskit_block_options_position":"{}","om_disable_all_campaigns":false,"_mi_skip_tracking":false,"_kad_post_transparent":"","_kad_post_title":"","_kad_post_layout":"","_kad_post_sidebar_id":"","_kad_post_content_style":"","_kad_post_vertical_padding":"","_kad_post_feature":"","_kad_post_feature_position":"","_kad_post_header":false,"_kad_post_footer":false,"footnotes":""},"categories":[32],"tags":[],"class_list":["post-28139","post","type-post","status-publish","format-standard","has-post-thumbnail","hentry","category-politica"],"yoast_head":"<!-- This site is optimized with the Yoast SEO plugin v20.5 - https:\/\/yoast.com\/wordpress\/plugins\/seo\/ -->\n<title>EX-MINISTRA MARINA VAI DISPUTAR VAGA NA C\u00c2MARA DOS DEPUTADOS POR SP - blog do er\u00ea<\/title>\n<meta name=\"robots\" content=\"index, follow, max-snippet:-1, max-image-preview:large, max-video-preview:-1\" \/>\n<link rel=\"canonical\" href=\"https:\/\/blogdoere.com.br\/?p=28139\" \/>\n<meta property=\"og:locale\" content=\"pt_PT\" \/>\n<meta property=\"og:type\" content=\"article\" \/>\n<meta property=\"og:title\" content=\"EX-MINISTRA MARINA VAI DISPUTAR VAGA NA C\u00c2MARA DOS DEPUTADOS POR SP - blog do er\u00ea\" \/>\n<meta property=\"og:description\" content=\"Marina Silva ir\u00e1 concorrer ao cargo de deputada federal pela Rede em outubro. A decis\u00e3o, anunciada nessa quarta, 29\/06, coloca fim aos rumores de que a ex-ministra do Meio Ambiente...\" \/>\n<meta property=\"og:url\" content=\"https:\/\/blogdoere.com.br\/?p=28139\" \/>\n<meta property=\"og:site_name\" content=\"blog do er\u00ea\" \/>\n<meta property=\"article:published_time\" content=\"2022-06-30T17:35:46+00:00\" \/>\n<meta property=\"article:modified_time\" content=\"2022-06-30T23:49:35+00:00\" \/>\n<meta property=\"og:image\" content=\"https:\/\/blogdoere.com.br\/wp-content\/uploads\/2022\/06\/WhatsApp-Image-2022-06-30-at-14.30.11.jpeg\" \/>\n\t<meta property=\"og:image:width\" content=\"500\" \/>\n\t<meta property=\"og:image:height\" content=\"360\" \/>\n\t<meta property=\"og:image:type\" content=\"image\/jpeg\" \/>\n<meta name=\"author\" content=\"blogdoere@hotmail.com\" \/>\n<meta name=\"twitter:card\" content=\"summary_large_image\" \/>\n<meta name=\"twitter:label1\" content=\"Escrito por\" \/>\n\t<meta name=\"twitter:data1\" content=\"blogdoere@hotmail.com\" \/>\n\t<meta name=\"twitter:label2\" content=\"Tempo estimado de leitura\" \/>\n\t<meta name=\"twitter:data2\" content=\"1 minuto\" \/>\n<script type=\"application\/ld+json\" class=\"yoast-schema-graph\">{\"@context\":\"https:\/\/schema.org\",\"@graph\":[{\"@type\":\"Article\",\"@id\":\"https:\/\/blogdoere.com.br\/?p=28139#article\",\"isPartOf\":{\"@id\":\"https:\/\/blogdoere.com.br\/?p=28139\"},\"author\":{\"name\":\"blogdoere@hotmail.com\",\"@id\":\"https:\/\/blogdoere.com.br\/#\/schema\/person\/c4f6d566a44c7bacdda563667715d18b\"},\"headline\":\"EX-MINISTRA MARINA VAI DISPUTAR VAGA NA C\u00c2MARA DOS DEPUTADOS POR SP\",\"datePublished\":\"2022-06-30T17:35:46+00:00\",\"dateModified\":\"2022-06-30T23:49:35+00:00\",\"mainEntityOfPage\":{\"@id\":\"https:\/\/blogdoere.com.br\/?p=28139\"},\"wordCount\":179,\"commentCount\":0,\"publisher\":{\"@id\":\"https:\/\/blogdoere.com.br\/#organization\"},\"articleSection\":[\"Pol\u00edtica\"],\"inLanguage\":\"pt-PT\",\"potentialAction\":[{\"@type\":\"CommentAction\",\"name\":\"Comment\",\"target\":[\"https:\/\/blogdoere.com.br\/?p=28139#respond\"]}]},{\"@type\":\"WebPage\",\"@id\":\"https:\/\/blogdoere.com.br\/?p=28139\",\"url\":\"https:\/\/blogdoere.com.br\/?p=28139\",\"name\":\"EX-MINISTRA MARINA VAI DISPUTAR VAGA NA C\u00c2MARA DOS DEPUTADOS POR SP - blog do er\u00ea\",\"isPartOf\":{\"@id\":\"https:\/\/blogdoere.com.br\/#website\"},\"datePublished\":\"2022-06-30T17:35:46+00:00\",\"dateModified\":\"2022-06-30T23:49:35+00:00\",\"breadcrumb\":{\"@id\":\"https:\/\/blogdoere.com.br\/?p=28139#breadcrumb\"},\"inLanguage\":\"pt-PT\",\"potentialAction\":[{\"@type\":\"ReadAction\",\"target\":[\"https:\/\/blogdoere.com.br\/?p=28139\"]}]},{\"@type\":\"BreadcrumbList\",\"@id\":\"https:\/\/blogdoere.com.br\/?p=28139#breadcrumb\",\"itemListElement\":[{\"@type\":\"ListItem\",\"position\":1,\"name\":\"In\u00edcio\",\"item\":\"https:\/\/blogdoere.com.br\/\"},{\"@type\":\"ListItem\",\"position\":2,\"name\":\"EX-MINISTRA MARINA VAI DISPUTAR VAGA NA C\u00c2MARA DOS DEPUTADOS POR SP\"}]},{\"@type\":\"WebSite\",\"@id\":\"https:\/\/blogdoere.com.br\/#website\",\"url\":\"https:\/\/blogdoere.com.br\/\",\"name\":\"blog do er\u00ea\",\"description\":\"\",\"publisher\":{\"@id\":\"https:\/\/blogdoere.com.br\/#organization\"},\"potentialAction\":[{\"@type\":\"SearchAction\",\"target\":{\"@type\":\"EntryPoint\",\"urlTemplate\":\"https:\/\/blogdoere.com.br\/?s={search_term_string}\"},\"query-input\":\"required name=search_term_string\"}],\"inLanguage\":\"pt-PT\"},{\"@type\":\"Organization\",\"@id\":\"https:\/\/blogdoere.com.br\/#organization\",\"name\":\"Blog do Er\u00ea\",\"url\":\"https:\/\/blogdoere.com.br\/\",\"logo\":{\"@type\":\"ImageObject\",\"inLanguage\":\"pt-PT\",\"@id\":\"https:\/\/blogdoere.com.br\/#\/schema\/logo\/image\/\",\"url\":\"https:\/\/blogdoere.com.br\/wp-content\/uploads\/2021\/11\/Logo-Ere-1.png\",\"contentUrl\":\"https:\/\/blogdoere.com.br\/wp-content\/uploads\/2021\/11\/Logo-Ere-1.png\",\"width\":1261,\"height\":1330,\"caption\":\"Blog do Er\u00ea\"},\"image\":{\"@id\":\"https:\/\/blogdoere.com.br\/#\/schema\/logo\/image\/\"}},{\"@type\":\"Person\",\"@id\":\"https:\/\/blogdoere.com.br\/#\/schema\/person\/c4f6d566a44c7bacdda563667715d18b\",\"name\":\"blogdoere@hotmail.com\",\"image\":{\"@type\":\"ImageObject\",\"inLanguage\":\"pt-PT\",\"@id\":\"https:\/\/blogdoere.com.br\/#\/schema\/person\/image\/\",\"url\":\"https:\/\/secure.gravatar.com\/avatar\/5684bd39df1289cb639b4ab539d6fcad69420e4a29521548fc078c58ed122fe6?s=96&d=mm&r=g\",\"contentUrl\":\"https:\/\/secure.gravatar.com\/avatar\/5684bd39df1289cb639b4ab539d6fcad69420e4a29521548fc078c58ed122fe6?s=96&d=mm&r=g\",\"caption\":\"blogdoere@hotmail.com\"},\"sameAs\":[\"http:\/\/blogdoere.com.br\"]}]}<\/script>\n<!-- \/ Yoast SEO plugin. -->","yoast_head_json":{"title":"EX-MINISTRA MARINA VAI DISPUTAR VAGA NA C\u00c2MARA DOS DEPUTADOS POR SP - blog do er\u00ea","robots":{"index":"index","follow":"follow","max-snippet":"max-snippet:-1","max-image-preview":"max-image-preview:large","max-video-preview":"max-video-preview:-1"},"canonical":"https:\/\/blogdoere.com.br\/?p=28139","og_locale":"pt_PT","og_type":"article","og_title":"EX-MINISTRA MARINA VAI DISPUTAR VAGA NA C\u00c2MARA DOS DEPUTADOS POR SP - blog do er\u00ea","og_description":"Marina Silva ir\u00e1 concorrer ao cargo de deputada federal pela Rede em outubro. A decis\u00e3o, anunciada nessa quarta, 29\/06, coloca fim aos rumores de que a ex-ministra do Meio Ambiente...","og_url":"https:\/\/blogdoere.com.br\/?p=28139","og_site_name":"blog do er\u00ea","article_published_time":"2022-06-30T17:35:46+00:00","article_modified_time":"2022-06-30T23:49:35+00:00","og_image":[{"width":500,"height":360,"url":"https:\/\/blogdoere.com.br\/wp-content\/uploads\/2022\/06\/WhatsApp-Image-2022-06-30-at-14.30.11.jpeg","type":"image\/jpeg"}],"author":"blogdoere@hotmail.com","twitter_card":"summary_large_image","twitter_misc":{"Escrito por":"blogdoere@hotmail.com","Tempo estimado de leitura":"1 minuto"},"schema":{"@context":"https:\/\/schema.org","@graph":[{"@type":"Article","@id":"https:\/\/blogdoere.com.br\/?p=28139#article","isPartOf":{"@id":"https:\/\/blogdoere.com.br\/?p=28139"},"author":{"name":"blogdoere@hotmail.com","@id":"https:\/\/blogdoere.com.br\/#\/schema\/person\/c4f6d566a44c7bacdda563667715d18b"},"headline":"EX-MINISTRA MARINA VAI DISPUTAR VAGA NA C\u00c2MARA DOS DEPUTADOS POR SP","datePublished":"2022-06-30T17:35:46+00:00","dateModified":"2022-06-30T23:49:35+00:00","mainEntityOfPage":{"@id":"https:\/\/blogdoere.com.br\/?p=28139"},"wordCount":179,"commentCount":0,"publisher":{"@id":"https:\/\/blogdoere.com.br\/#organization"},"articleSection":["Pol\u00edtica"],"inLanguage":"pt-PT","potentialAction":[{"@type":"CommentAction","name":"Comment","target":["https:\/\/blogdoere.com.br\/?p=28139#respond"]}]},{"@type":"WebPage","@id":"https:\/\/blogdoere.com.br\/?p=28139","url":"https:\/\/blogdoere.com.br\/?p=28139","name":"EX-MINISTRA MARINA VAI DISPUTAR VAGA NA C\u00c2MARA DOS DEPUTADOS POR SP - blog do er\u00ea","isPartOf":{"@id":"https:\/\/blogdoere.com.br\/#website"},"datePublished":"2022-06-30T17:35:46+00:00","dateModified":"2022-06-30T23:49:35+00:00","breadcrumb":{"@id":"https:\/\/blogdoere.com.br\/?p=28139#breadcrumb"},"inLanguage":"pt-PT","potentialAction":[{"@type":"ReadAction","target":["https:\/\/blogdoere.com.br\/?p=28139"]}]},{"@type":"BreadcrumbList","@id":"https:\/\/blogdoere.com.br\/?p=28139#breadcrumb","itemListElement":[{"@type":"ListItem","position":1,"name":"In\u00edcio","item":"https:\/\/blogdoere.com.br\/"},{"@type":"ListItem","position":2,"name":"EX-MINISTRA MARINA VAI DISPUTAR VAGA NA C\u00c2MARA DOS DEPUTADOS POR SP"}]},{"@type":"WebSite","@id":"https:\/\/blogdoere.com.br\/#website","url":"https:\/\/blogdoere.com.br\/","name":"blog do er\u00ea","description":"","publisher":{"@id":"https:\/\/blogdoere.com.br\/#organization"},"potentialAction":[{"@type":"SearchAction","target":{"@type":"EntryPoint","urlTemplate":"https:\/\/blogdoere.com.br\/?s={search_term_string}"},"query-input":"required name=search_term_string"}],"inLanguage":"pt-PT"},{"@type":"Organization","@id":"https:\/\/blogdoere.com.br\/#organization","name":"Blog do Er\u00ea","url":"https:\/\/blogdoere.com.br\/","logo":{"@type":"ImageObject","inLanguage":"pt-PT","@id":"https:\/\/blogdoere.com.br\/#\/schema\/logo\/image\/","url":"https:\/\/blogdoere.com.br\/wp-content\/uploads\/2021\/11\/Logo-Ere-1.png","contentUrl":"https:\/\/blogdoere.com.br\/wp-content\/uploads\/2021\/11\/Logo-Ere-1.png","width":1261,"height":1330,"caption":"Blog do Er\u00ea"},"image":{"@id":"https:\/\/blogdoere.com.br\/#\/schema\/logo\/image\/"}},{"@type":"Person","@id":"https:\/\/blogdoere.com.br\/#\/schema\/person\/c4f6d566a44c7bacdda563667715d18b","name":"blogdoere@hotmail.com","image":{"@type":"ImageObject","inLanguage":"pt-PT","@id":"https:\/\/blogdoere.com.br\/#\/schema\/person\/image\/","url":"https:\/\/secure.gravatar.com\/avatar\/5684bd39df1289cb639b4ab539d6fcad69420e4a29521548fc078c58ed122fe6?s=96&d=mm&r=g","contentUrl":"https:\/\/secure.gravatar.com\/avatar\/5684bd39df1289cb639b4ab539d6fcad69420e4a29521548fc078c58ed122fe6?s=96&d=mm&r=g","caption":"blogdoere@hotmail.com"},"sameAs":["http:\/\/blogdoere.com.br"]}]}},"featured_image_urls":{"full":["https:\/\/blogdoere.com.br\/wp-content\/uploads\/2022\/06\/WhatsApp-Image-2022-06-30-at-14.30.11.jpeg",500,360,false],"thumbnail":["https:\/\/blogdoere.com.br\/wp-content\/uploads\/2022\/06\/WhatsApp-Image-2022-06-30-at-14.30.11-150x150.jpeg",150,150,true],"medium":["https:\/\/blogdoere.com.br\/wp-content\/uploads\/2022\/06\/WhatsApp-Image-2022-06-30-at-14.30.11-300x216.jpeg",300,216,true],"medium_large":["https:\/\/blogdoere.com.br\/wp-content\/uploads\/2022\/06\/WhatsApp-Image-2022-06-30-at-14.30.11.jpeg",500,360,false],"large":["https:\/\/blogdoere.com.br\/wp-content\/uploads\/2022\/06\/WhatsApp-Image-2022-06-30-at-14.30.11.jpeg",500,360,false],"1536x1536":["https:\/\/blogdoere.com.br\/wp-content\/uploads\/2022\/06\/WhatsApp-Image-2022-06-30-at-14.30.11.jpeg",500,360,false],"2048x2048":["https:\/\/blogdoere.com.br\/wp-content\/uploads\/2022\/06\/WhatsApp-Image-2022-06-30-at-14.30.11.jpeg",500,360,false]},"author_info":{"display_name":"blogdoere@hotmail.com","author_link":"https:\/\/blogdoere.com.br\/?author=1"},"category_info":"<a href=\"https:\/\/blogdoere.com.br\/?cat=32\" rel=\"category\">Pol\u00edtica<\/a>","tag_info":"Pol\u00edtica","comment_count":"0","_links":{"self":[{"href":"https:\/\/blogdoere.com.br\/index.php?rest_route=\/wp\/v2\/posts\/28139","targetHints":{"allow":["GET"]}}],"collection":[{"href":"https:\/\/blogdoere.com.br\/index.php?rest_route=\/wp\/v2\/posts"}],"about":[{"href":"https:\/\/blogdoere.com.br\/index.php?rest_route=\/wp\/v2\/types\/post"}],"author":[{"embeddable":true,"href":"https:\/\/blogdoere.com.br\/index.php?rest_route=\/wp\/v2\/users\/1"}],"replies":[{"embeddable":true,"href":"https:\/\/blogdoere.com.br\/index.php?rest_route=%2Fwp%2Fv2%2Fcomments&post=28139"}],"version-history":[{"count":3,"href":"https:\/\/blogdoere.com.br\/index.php?rest_route=\/wp\/v2\/posts\/28139\/revisions"}],"predecessor-version":[{"id":28144,"href":"https:\/\/blogdoere.com.br\/index.php?rest_route=\/wp\/v2\/posts\/28139\/revisions\/28144"}],"wp:featuredmedia":[{"embeddable":true,"href":"https:\/\/blogdoere.com.br\/index.php?rest_route=\/wp\/v2\/media\/28140"}],"wp:attachment":[{"href":"https:\/\/blogdoere.com.br\/index.php?rest_route=%2Fwp%2Fv2%2Fmedia&parent=28139"}],"wp:term":[{"taxonomy":"category","embeddable":true,"href":"https:\/\/blogdoere.com.br\/index.php?rest_route=%2Fwp%2Fv2%2Fcategories&post=28139"},{"taxonomy":"post_tag","embeddable":true,"href":"https:\/\/blogdoere.com.br\/index.php?rest_route=%2Fwp%2Fv2%2Ftags&post=28139"}],"curies":[{"name":"wp","href":"https:\/\/api.w.org\/{rel}","templated":true}]}}