{"id":28198,"date":"2022-08-12T00:53:59","date_gmt":"2022-08-12T00:53:59","guid":{"rendered":"https:\/\/blogdoere.com.br\/?p=28198"},"modified":"2022-08-12T01:15:15","modified_gmt":"2022-08-12T01:15:15","slug":"itajuipe-prefeito-leo-destaca-resultados-de-sua-gestao-na-abertura-dos-trabalhos-do-legislativo","status":"publish","type":"post","link":"https:\/\/blogdoere.com.br\/?p=28198","title":{"rendered":"ITAJU\u00cdPE: PREFEITO L\u00c9O DESTACA  RESULTADOS DO GOVERNO MUNICIPAL NA ABERTURA DOS TRABALHOS DO LEGISLATIVO"},"content":{"rendered":"\n<figure class=\"wp-block-gallery has-nested-images columns-default is-cropped wp-block-gallery-1 is-layout-flex wp-block-gallery-is-layout-flex\">\n<figure class=\"wp-block-image size-large\"><img decoding=\"async\" width=\"605\" height=\"645\" data-id=\"28199\" src=\"https:\/\/blogdoere.com.br\/wp-content\/uploads\/2022\/08\/WhatsApp-Image-2022-08-11-at-13.46.18.jpeg\" alt=\"\" class=\"wp-image-28199\" srcset=\"https:\/\/blogdoere.com.br\/wp-content\/uploads\/2022\/08\/WhatsApp-Image-2022-08-11-at-13.46.18.jpeg 605w, https:\/\/blogdoere.com.br\/wp-content\/uploads\/2022\/08\/WhatsApp-Image-2022-08-11-at-13.46.18-281x300.jpeg 281w\" sizes=\"(max-width: 605px) 100vw, 605px\" \/><figcaption>Prefeito L\u00e9o da Capoeira<\/figcaption><\/figure>\n<\/figure>\n\n\n\n<p class=\"has-text-align-justify\">Na abertura dos trabalhos do Poder Legislativo nesta quinta-feira, dia 11 de agosto, o prefeito L\u00e9o da Capoeira (PSD), em sua fala, destacou os resultados do governo municipal na entrega de resultados positivos \u00e0 popula\u00e7\u00e3o. Segundo o gestor, o governo vem atuando em todas as \u00e1reas, desde sa\u00fade, educa\u00e7\u00e3o e assist\u00eancia social, com forte investimento em infraestrutura com pavimenta\u00e7\u00e3o, saneamento b\u00e1sico, constru\u00e7\u00e3o e reformas de pra\u00e7as, tudo isso, com sal\u00e1rios em dia. L\u00e9o citou, como exemplo de investimento, o bairro Cora\u00e7\u00e3o de Jesus que est\u00e1 sendo pavimentado e teve todo o saneamento b\u00e1sico feito com recursos pr\u00f3prios. &#8220;Nada disso seria poss\u00edvel se n\u00e3o tiv\u00e9ssemos o apoio do Deputado Federal Paulo Magalh\u00e3es, uni\u00e3o dos poderes. Nesse sentido, agradecemos o nosso deputado e os vereadores que s\u00e3o colunas fortes para execu\u00e7\u00e3o das a\u00e7\u00f5es para satisfazer a nossa popula\u00e7\u00e3o&#8221; declarou L\u00e9o, que assumiu o mandato de prefeito h\u00e1 quatros meses no lugar do ex-prefeito Marcone Amaral(PSD) que, ap\u00f3s reorganizar o munic\u00edpio, renunciou ao mandato para concorrer a uma das 63 cadeiras na Assembleia Legislativa da Bahia. Na gest\u00e3o da presidente do Legislativo, Lusiane Maia (PSD), o pr\u00e9dio passou por reforma e, na ocasi\u00e3o, foi reinaugurado com novas salas, acesso \u00e0 sala de sess\u00f5es e jardinagem.<\/p>\n","protected":false},"excerpt":{"rendered":"<p>Na abertura dos trabalhos do Poder Legislativo nesta quinta-feira, dia 11 de agosto, o prefeito L\u00e9o da Capoeira (PSD), em sua fala, destacou os resultados do governo municipal na entrega&#8230;<\/p>\n","protected":false},"author":1,"featured_media":28199,"comment_status":"open","ping_status":"open","sticky":false,"template":"","format":"standard","meta":{"_editorskit_title_hidden":false,"_editorskit_reading_time":1,"_editorskit_is_block_options_detached":false,"_editorskit_block_options_position":"{}","om_disable_all_campaigns":false,"_mi_skip_tracking":false,"_kad_post_transparent":"","_kad_post_title":"","_kad_post_layout":"","_kad_post_sidebar_id":"","_kad_post_content_style":"","_kad_post_vertical_padding":"","_kad_post_feature":"","_kad_post_feature_position":"","_kad_post_header":false,"_kad_post_footer":false,"footnotes":""},"categories":[32],"tags":[],"class_list":["post-28198","post","type-post","status-publish","format-standard","has-post-thumbnail","hentry","category-politica"],"yoast_head":"<!-- This site is optimized with the Yoast SEO plugin v20.5 - https:\/\/yoast.com\/wordpress\/plugins\/seo\/ -->\n<title>ITAJU\u00cdPE: PREFEITO L\u00c9O DESTACA RESULTADOS DO GOVERNO MUNICIPAL NA ABERTURA DOS TRABALHOS DO LEGISLATIVO - blog do er\u00ea<\/title>\n<meta name=\"robots\" content=\"index, follow, max-snippet:-1, max-image-preview:large, max-video-preview:-1\" \/>\n<link rel=\"canonical\" href=\"https:\/\/blogdoere.com.br\/?p=28198\" \/>\n<meta property=\"og:locale\" content=\"pt_PT\" \/>\n<meta property=\"og:type\" content=\"article\" \/>\n<meta property=\"og:title\" content=\"ITAJU\u00cdPE: PREFEITO L\u00c9O DESTACA RESULTADOS DO GOVERNO MUNICIPAL NA ABERTURA DOS TRABALHOS DO LEGISLATIVO - blog do er\u00ea\" \/>\n<meta property=\"og:description\" content=\"Na abertura dos trabalhos do Poder Legislativo nesta quinta-feira, dia 11 de agosto, o prefeito L\u00e9o da Capoeira (PSD), em sua fala, destacou os resultados do governo municipal na entrega...\" \/>\n<meta property=\"og:url\" content=\"https:\/\/blogdoere.com.br\/?p=28198\" \/>\n<meta property=\"og:site_name\" content=\"blog do er\u00ea\" \/>\n<meta property=\"article:published_time\" content=\"2022-08-12T00:53:59+00:00\" \/>\n<meta property=\"article:modified_time\" content=\"2022-08-12T01:15:15+00:00\" \/>\n<meta property=\"og:image\" content=\"https:\/\/blogdoere.com.br\/wp-content\/uploads\/2022\/08\/WhatsApp-Image-2022-08-11-at-13.46.18.jpeg\" \/>\n\t<meta property=\"og:image:width\" content=\"605\" \/>\n\t<meta property=\"og:image:height\" content=\"645\" \/>\n\t<meta property=\"og:image:type\" content=\"image\/jpeg\" \/>\n<meta name=\"author\" content=\"blogdoere@hotmail.com\" \/>\n<meta name=\"twitter:card\" content=\"summary_large_image\" \/>\n<meta name=\"twitter:label1\" content=\"Escrito por\" \/>\n\t<meta name=\"twitter:data1\" content=\"blogdoere@hotmail.com\" \/>\n\t<meta name=\"twitter:label2\" content=\"Tempo estimado de leitura\" \/>\n\t<meta name=\"twitter:data2\" content=\"2 minutos\" \/>\n<script type=\"application\/ld+json\" class=\"yoast-schema-graph\">{\"@context\":\"https:\/\/schema.org\",\"@graph\":[{\"@type\":\"Article\",\"@id\":\"https:\/\/blogdoere.com.br\/?p=28198#article\",\"isPartOf\":{\"@id\":\"https:\/\/blogdoere.com.br\/?p=28198\"},\"author\":{\"name\":\"blogdoere@hotmail.com\",\"@id\":\"https:\/\/blogdoere.com.br\/#\/schema\/person\/c4f6d566a44c7bacdda563667715d18b\"},\"headline\":\"ITAJU\u00cdPE: PREFEITO L\u00c9O DESTACA RESULTADOS DO GOVERNO MUNICIPAL NA ABERTURA DOS TRABALHOS DO LEGISLATIVO\",\"datePublished\":\"2022-08-12T00:53:59+00:00\",\"dateModified\":\"2022-08-12T01:15:15+00:00\",\"mainEntityOfPage\":{\"@id\":\"https:\/\/blogdoere.com.br\/?p=28198\"},\"wordCount\":250,\"commentCount\":0,\"publisher\":{\"@id\":\"https:\/\/blogdoere.com.br\/#organization\"},\"articleSection\":[\"Pol\u00edtica\"],\"inLanguage\":\"pt-PT\",\"potentialAction\":[{\"@type\":\"CommentAction\",\"name\":\"Comment\",\"target\":[\"https:\/\/blogdoere.com.br\/?p=28198#respond\"]}]},{\"@type\":\"WebPage\",\"@id\":\"https:\/\/blogdoere.com.br\/?p=28198\",\"url\":\"https:\/\/blogdoere.com.br\/?p=28198\",\"name\":\"ITAJU\u00cdPE: PREFEITO L\u00c9O DESTACA RESULTADOS DO GOVERNO MUNICIPAL NA ABERTURA DOS TRABALHOS DO LEGISLATIVO - blog do er\u00ea\",\"isPartOf\":{\"@id\":\"https:\/\/blogdoere.com.br\/#website\"},\"datePublished\":\"2022-08-12T00:53:59+00:00\",\"dateModified\":\"2022-08-12T01:15:15+00:00\",\"breadcrumb\":{\"@id\":\"https:\/\/blogdoere.com.br\/?p=28198#breadcrumb\"},\"inLanguage\":\"pt-PT\",\"potentialAction\":[{\"@type\":\"ReadAction\",\"target\":[\"https:\/\/blogdoere.com.br\/?p=28198\"]}]},{\"@type\":\"BreadcrumbList\",\"@id\":\"https:\/\/blogdoere.com.br\/?p=28198#breadcrumb\",\"itemListElement\":[{\"@type\":\"ListItem\",\"position\":1,\"name\":\"In\u00edcio\",\"item\":\"https:\/\/blogdoere.com.br\/\"},{\"@type\":\"ListItem\",\"position\":2,\"name\":\"ITAJU\u00cdPE: PREFEITO L\u00c9O DESTACA RESULTADOS DO GOVERNO MUNICIPAL NA ABERTURA DOS TRABALHOS DO LEGISLATIVO\"}]},{\"@type\":\"WebSite\",\"@id\":\"https:\/\/blogdoere.com.br\/#website\",\"url\":\"https:\/\/blogdoere.com.br\/\",\"name\":\"blog do er\u00ea\",\"description\":\"\",\"publisher\":{\"@id\":\"https:\/\/blogdoere.com.br\/#organization\"},\"potentialAction\":[{\"@type\":\"SearchAction\",\"target\":{\"@type\":\"EntryPoint\",\"urlTemplate\":\"https:\/\/blogdoere.com.br\/?s={search_term_string}\"},\"query-input\":\"required name=search_term_string\"}],\"inLanguage\":\"pt-PT\"},{\"@type\":\"Organization\",\"@id\":\"https:\/\/blogdoere.com.br\/#organization\",\"name\":\"Blog do Er\u00ea\",\"url\":\"https:\/\/blogdoere.com.br\/\",\"logo\":{\"@type\":\"ImageObject\",\"inLanguage\":\"pt-PT\",\"@id\":\"https:\/\/blogdoere.com.br\/#\/schema\/logo\/image\/\",\"url\":\"https:\/\/blogdoere.com.br\/wp-content\/uploads\/2021\/11\/Logo-Ere-1.png\",\"contentUrl\":\"https:\/\/blogdoere.com.br\/wp-content\/uploads\/2021\/11\/Logo-Ere-1.png\",\"width\":1261,\"height\":1330,\"caption\":\"Blog do Er\u00ea\"},\"image\":{\"@id\":\"https:\/\/blogdoere.com.br\/#\/schema\/logo\/image\/\"}},{\"@type\":\"Person\",\"@id\":\"https:\/\/blogdoere.com.br\/#\/schema\/person\/c4f6d566a44c7bacdda563667715d18b\",\"name\":\"blogdoere@hotmail.com\",\"image\":{\"@type\":\"ImageObject\",\"inLanguage\":\"pt-PT\",\"@id\":\"https:\/\/blogdoere.com.br\/#\/schema\/person\/image\/\",\"url\":\"https:\/\/secure.gravatar.com\/avatar\/5684bd39df1289cb639b4ab539d6fcad69420e4a29521548fc078c58ed122fe6?s=96&d=mm&r=g\",\"contentUrl\":\"https:\/\/secure.gravatar.com\/avatar\/5684bd39df1289cb639b4ab539d6fcad69420e4a29521548fc078c58ed122fe6?s=96&d=mm&r=g\",\"caption\":\"blogdoere@hotmail.com\"},\"sameAs\":[\"http:\/\/blogdoere.com.br\"]}]}<\/script>\n<!-- \/ Yoast SEO plugin. -->","yoast_head_json":{"title":"ITAJU\u00cdPE: PREFEITO L\u00c9O DESTACA RESULTADOS DO GOVERNO MUNICIPAL NA ABERTURA DOS TRABALHOS DO LEGISLATIVO - blog do er\u00ea","robots":{"index":"index","follow":"follow","max-snippet":"max-snippet:-1","max-image-preview":"max-image-preview:large","max-video-preview":"max-video-preview:-1"},"canonical":"https:\/\/blogdoere.com.br\/?p=28198","og_locale":"pt_PT","og_type":"article","og_title":"ITAJU\u00cdPE: PREFEITO L\u00c9O DESTACA RESULTADOS DO GOVERNO MUNICIPAL NA ABERTURA DOS TRABALHOS DO LEGISLATIVO - blog do er\u00ea","og_description":"Na abertura dos trabalhos do Poder Legislativo nesta quinta-feira, dia 11 de agosto, o prefeito L\u00e9o da Capoeira (PSD), em sua fala, destacou os resultados do governo municipal na entrega...","og_url":"https:\/\/blogdoere.com.br\/?p=28198","og_site_name":"blog do er\u00ea","article_published_time":"2022-08-12T00:53:59+00:00","article_modified_time":"2022-08-12T01:15:15+00:00","og_image":[{"width":605,"height":645,"url":"https:\/\/blogdoere.com.br\/wp-content\/uploads\/2022\/08\/WhatsApp-Image-2022-08-11-at-13.46.18.jpeg","type":"image\/jpeg"}],"author":"blogdoere@hotmail.com","twitter_card":"summary_large_image","twitter_misc":{"Escrito por":"blogdoere@hotmail.com","Tempo estimado de leitura":"2 minutos"},"schema":{"@context":"https:\/\/schema.org","@graph":[{"@type":"Article","@id":"https:\/\/blogdoere.com.br\/?p=28198#article","isPartOf":{"@id":"https:\/\/blogdoere.com.br\/?p=28198"},"author":{"name":"blogdoere@hotmail.com","@id":"https:\/\/blogdoere.com.br\/#\/schema\/person\/c4f6d566a44c7bacdda563667715d18b"},"headline":"ITAJU\u00cdPE: PREFEITO L\u00c9O DESTACA RESULTADOS DO GOVERNO MUNICIPAL NA ABERTURA DOS TRABALHOS DO LEGISLATIVO","datePublished":"2022-08-12T00:53:59+00:00","dateModified":"2022-08-12T01:15:15+00:00","mainEntityOfPage":{"@id":"https:\/\/blogdoere.com.br\/?p=28198"},"wordCount":250,"commentCount":0,"publisher":{"@id":"https:\/\/blogdoere.com.br\/#organization"},"articleSection":["Pol\u00edtica"],"inLanguage":"pt-PT","potentialAction":[{"@type":"CommentAction","name":"Comment","target":["https:\/\/blogdoere.com.br\/?p=28198#respond"]}]},{"@type":"WebPage","@id":"https:\/\/blogdoere.com.br\/?p=28198","url":"https:\/\/blogdoere.com.br\/?p=28198","name":"ITAJU\u00cdPE: PREFEITO L\u00c9O DESTACA RESULTADOS DO GOVERNO MUNICIPAL NA ABERTURA DOS TRABALHOS DO LEGISLATIVO - blog do er\u00ea","isPartOf":{"@id":"https:\/\/blogdoere.com.br\/#website"},"datePublished":"2022-08-12T00:53:59+00:00","dateModified":"2022-08-12T01:15:15+00:00","breadcrumb":{"@id":"https:\/\/blogdoere.com.br\/?p=28198#breadcrumb"},"inLanguage":"pt-PT","potentialAction":[{"@type":"ReadAction","target":["https:\/\/blogdoere.com.br\/?p=28198"]}]},{"@type":"BreadcrumbList","@id":"https:\/\/blogdoere.com.br\/?p=28198#breadcrumb","itemListElement":[{"@type":"ListItem","position":1,"name":"In\u00edcio","item":"https:\/\/blogdoere.com.br\/"},{"@type":"ListItem","position":2,"name":"ITAJU\u00cdPE: PREFEITO L\u00c9O DESTACA RESULTADOS DO GOVERNO MUNICIPAL NA ABERTURA DOS TRABALHOS DO LEGISLATIVO"}]},{"@type":"WebSite","@id":"https:\/\/blogdoere.com.br\/#website","url":"https:\/\/blogdoere.com.br\/","name":"blog do er\u00ea","description":"","publisher":{"@id":"https:\/\/blogdoere.com.br\/#organization"},"potentialAction":[{"@type":"SearchAction","target":{"@type":"EntryPoint","urlTemplate":"https:\/\/blogdoere.com.br\/?s={search_term_string}"},"query-input":"required name=search_term_string"}],"inLanguage":"pt-PT"},{"@type":"Organization","@id":"https:\/\/blogdoere.com.br\/#organization","name":"Blog do Er\u00ea","url":"https:\/\/blogdoere.com.br\/","logo":{"@type":"ImageObject","inLanguage":"pt-PT","@id":"https:\/\/blogdoere.com.br\/#\/schema\/logo\/image\/","url":"https:\/\/blogdoere.com.br\/wp-content\/uploads\/2021\/11\/Logo-Ere-1.png","contentUrl":"https:\/\/blogdoere.com.br\/wp-content\/uploads\/2021\/11\/Logo-Ere-1.png","width":1261,"height":1330,"caption":"Blog do Er\u00ea"},"image":{"@id":"https:\/\/blogdoere.com.br\/#\/schema\/logo\/image\/"}},{"@type":"Person","@id":"https:\/\/blogdoere.com.br\/#\/schema\/person\/c4f6d566a44c7bacdda563667715d18b","name":"blogdoere@hotmail.com","image":{"@type":"ImageObject","inLanguage":"pt-PT","@id":"https:\/\/blogdoere.com.br\/#\/schema\/person\/image\/","url":"https:\/\/secure.gravatar.com\/avatar\/5684bd39df1289cb639b4ab539d6fcad69420e4a29521548fc078c58ed122fe6?s=96&d=mm&r=g","contentUrl":"https:\/\/secure.gravatar.com\/avatar\/5684bd39df1289cb639b4ab539d6fcad69420e4a29521548fc078c58ed122fe6?s=96&d=mm&r=g","caption":"blogdoere@hotmail.com"},"sameAs":["http:\/\/blogdoere.com.br"]}]}},"featured_image_urls":{"full":["https:\/\/blogdoere.com.br\/wp-content\/uploads\/2022\/08\/WhatsApp-Image-2022-08-11-at-13.46.18.jpeg",605,645,false],"thumbnail":["https:\/\/blogdoere.com.br\/wp-content\/uploads\/2022\/08\/WhatsApp-Image-2022-08-11-at-13.46.18-150x150.jpeg",150,150,true],"medium":["https:\/\/blogdoere.com.br\/wp-content\/uploads\/2022\/08\/WhatsApp-Image-2022-08-11-at-13.46.18-281x300.jpeg",281,300,true],"medium_large":["https:\/\/blogdoere.com.br\/wp-content\/uploads\/2022\/08\/WhatsApp-Image-2022-08-11-at-13.46.18.jpeg",605,645,false],"large":["https:\/\/blogdoere.com.br\/wp-content\/uploads\/2022\/08\/WhatsApp-Image-2022-08-11-at-13.46.18.jpeg",605,645,false],"1536x1536":["https:\/\/blogdoere.com.br\/wp-content\/uploads\/2022\/08\/WhatsApp-Image-2022-08-11-at-13.46.18.jpeg",605,645,false],"2048x2048":["https:\/\/blogdoere.com.br\/wp-content\/uploads\/2022\/08\/WhatsApp-Image-2022-08-11-at-13.46.18.jpeg",605,645,false]},"author_info":{"display_name":"blogdoere@hotmail.com","author_link":"https:\/\/blogdoere.com.br\/?author=1"},"category_info":"<a href=\"https:\/\/blogdoere.com.br\/?cat=32\" rel=\"category\">Pol\u00edtica<\/a>","tag_info":"Pol\u00edtica","comment_count":"0","_links":{"self":[{"href":"https:\/\/blogdoere.com.br\/index.php?rest_route=\/wp\/v2\/posts\/28198","targetHints":{"allow":["GET"]}}],"collection":[{"href":"https:\/\/blogdoere.com.br\/index.php?rest_route=\/wp\/v2\/posts"}],"about":[{"href":"https:\/\/blogdoere.com.br\/index.php?rest_route=\/wp\/v2\/types\/post"}],"author":[{"embeddable":true,"href":"https:\/\/blogdoere.com.br\/index.php?rest_route=\/wp\/v2\/users\/1"}],"replies":[{"embeddable":true,"href":"https:\/\/blogdoere.com.br\/index.php?rest_route=%2Fwp%2Fv2%2Fcomments&post=28198"}],"version-history":[{"count":4,"href":"https:\/\/blogdoere.com.br\/index.php?rest_route=\/wp\/v2\/posts\/28198\/revisions"}],"predecessor-version":[{"id":28206,"href":"https:\/\/blogdoere.com.br\/index.php?rest_route=\/wp\/v2\/posts\/28198\/revisions\/28206"}],"wp:featuredmedia":[{"embeddable":true,"href":"https:\/\/blogdoere.com.br\/index.php?rest_route=\/wp\/v2\/media\/28199"}],"wp:attachment":[{"href":"https:\/\/blogdoere.com.br\/index.php?rest_route=%2Fwp%2Fv2%2Fmedia&parent=28198"}],"wp:term":[{"taxonomy":"category","embeddable":true,"href":"https:\/\/blogdoere.com.br\/index.php?rest_route=%2Fwp%2Fv2%2Fcategories&post=28198"},{"taxonomy":"post_tag","embeddable":true,"href":"https:\/\/blogdoere.com.br\/index.php?rest_route=%2Fwp%2Fv2%2Ftags&post=28198"}],"curies":[{"name":"wp","href":"https:\/\/api.w.org\/{rel}","templated":true}]}}