{"id":28218,"date":"2022-09-02T00:35:04","date_gmt":"2022-09-02T00:35:04","guid":{"rendered":"https:\/\/blogdoere.com.br\/?p=28218"},"modified":"2022-09-02T00:54:24","modified_gmt":"2022-09-02T00:54:24","slug":"alianca-realiza-roda-de-conversa-sobre-o-smc-com-janete-lainha","status":"publish","type":"post","link":"https:\/\/blogdoere.com.br\/?p=28218","title":{"rendered":"ALIAN\u00c7A REALIZA RODA DE CONVERSA SOBRE O SMC COM JANETE LAINHA"},"content":{"rendered":"\n<p><\/p>\n\n\n\n<figure class=\"wp-block-image size-full\"><img decoding=\"async\" width=\"932\" height=\"775\" src=\"https:\/\/blogdoere.com.br\/wp-content\/uploads\/2022\/09\/FOTO_20220901_212414.jpg\" alt=\"\" class=\"wp-image-28219\" srcset=\"https:\/\/blogdoere.com.br\/wp-content\/uploads\/2022\/09\/FOTO_20220901_212414.jpg 932w, https:\/\/blogdoere.com.br\/wp-content\/uploads\/2022\/09\/FOTO_20220901_212414-300x249.jpg 300w, https:\/\/blogdoere.com.br\/wp-content\/uploads\/2022\/09\/FOTO_20220901_212414-768x639.jpg 768w\" sizes=\"(max-width: 932px) 100vw, 932px\" \/><\/figure>\n\n\n\n<p class=\"has-text-align-justify\">Na pr\u00f3xima ter\u00e7a-feira, 6 de setembro, a Sociedade Alian\u00e7a dos Artistas e Oper\u00e1rios de Pirangi, pessoa jur\u00eddica de direito privado, sem fins lucrativos, fundada em 14 de setembro de 1930, realiza no seu Espa\u00e7o Cultural Primeiro de Janeiro, rua Ruy Barbosa 56, uma Roda de Conversa com a mestra Janete Lainha. Na ocasi\u00e3o, a especialista em Sistema Municipal de Cultura, atrav\u00e9s da Secretaria de Cultura da Bahia \u2013 Territ\u00f3rio Litoral Sul, vai falar sobre a import\u00e2ncia do SMC para o fortalecimento da cultura. Segundo o presidente da Alian\u00e7a, Erenilson Santos (Er\u00ea), o evento, que come\u00e7a \u00e0s 19h, tem como p\u00fablico alvo os fazedores de cultura do munic\u00edpio e regi\u00e3o que queiram saber mais sobre o tema que tem como objetivo &#8220;fortalecimento da cultura como instrumento de articula\u00e7\u00e3o, gest\u00e3o, fomento e promo\u00e7\u00e3o de pol\u00edticas p\u00fablicas  culturais&#8221;.<\/p>\n\n\n\n<p class=\"has-text-align-justify\">AUDI\u00caNCIA P\u00daBLICA<\/p>\n\n\n\n<p class=\"has-text-align-justify\">No pr\u00f3ximo dia 9 de setembro a Prefeitura de Itaju\u00edpe, atrav\u00e9s da Secretaria Municipal de Cultura, realiza \u00e0s 9h na C\u00e2mara de Vereadores uma audi\u00eancia p\u00fablica para a reativa\u00e7\u00e3o do Conselho Municipal de Cultura.<\/p>\n","protected":false},"excerpt":{"rendered":"<p>Na pr\u00f3xima ter\u00e7a-feira, 6 de setembro, a Sociedade Alian\u00e7a dos Artistas e Oper\u00e1rios de Pirangi, pessoa jur\u00eddica de direito privado, sem fins lucrativos, fundada em 14 de setembro de 1930,&#8230;<\/p>\n","protected":false},"author":1,"featured_media":28219,"comment_status":"open","ping_status":"open","sticky":false,"template":"","format":"standard","meta":{"_editorskit_title_hidden":false,"_editorskit_reading_time":0,"_editorskit_is_block_options_detached":false,"_editorskit_block_options_position":"{}","om_disable_all_campaigns":false,"_mi_skip_tracking":false,"_kad_post_transparent":"","_kad_post_title":"","_kad_post_layout":"","_kad_post_sidebar_id":"","_kad_post_content_style":"","_kad_post_vertical_padding":"","_kad_post_feature":"","_kad_post_feature_position":"","_kad_post_header":false,"_kad_post_footer":false,"footnotes":""},"categories":[37],"tags":[],"class_list":["post-28218","post","type-post","status-publish","format-standard","has-post-thumbnail","hentry","category-cultura"],"yoast_head":"<!-- This site is optimized with the Yoast SEO plugin v20.5 - https:\/\/yoast.com\/wordpress\/plugins\/seo\/ -->\n<title>ALIAN\u00c7A REALIZA RODA DE CONVERSA SOBRE O SMC COM JANETE LAINHA - blog do er\u00ea<\/title>\n<meta name=\"robots\" content=\"index, follow, max-snippet:-1, max-image-preview:large, max-video-preview:-1\" \/>\n<link rel=\"canonical\" href=\"https:\/\/blogdoere.com.br\/?p=28218\" \/>\n<meta property=\"og:locale\" content=\"pt_PT\" \/>\n<meta property=\"og:type\" content=\"article\" \/>\n<meta property=\"og:title\" content=\"ALIAN\u00c7A REALIZA RODA DE CONVERSA SOBRE O SMC COM JANETE LAINHA - blog do er\u00ea\" \/>\n<meta property=\"og:description\" content=\"Na pr\u00f3xima ter\u00e7a-feira, 6 de setembro, a Sociedade Alian\u00e7a dos Artistas e Oper\u00e1rios de Pirangi, pessoa jur\u00eddica de direito privado, sem fins lucrativos, fundada em 14 de setembro de 1930,...\" \/>\n<meta property=\"og:url\" content=\"https:\/\/blogdoere.com.br\/?p=28218\" \/>\n<meta property=\"og:site_name\" content=\"blog do er\u00ea\" \/>\n<meta property=\"article:published_time\" content=\"2022-09-02T00:35:04+00:00\" \/>\n<meta property=\"article:modified_time\" content=\"2022-09-02T00:54:24+00:00\" \/>\n<meta property=\"og:image\" content=\"https:\/\/blogdoere.com.br\/wp-content\/uploads\/2022\/09\/FOTO_20220901_212414.jpg\" \/>\n\t<meta property=\"og:image:width\" content=\"932\" \/>\n\t<meta property=\"og:image:height\" content=\"775\" \/>\n\t<meta property=\"og:image:type\" content=\"image\/jpeg\" \/>\n<meta name=\"author\" content=\"blogdoere@hotmail.com\" \/>\n<meta name=\"twitter:card\" content=\"summary_large_image\" \/>\n<meta name=\"twitter:label1\" content=\"Escrito por\" \/>\n\t<meta name=\"twitter:data1\" content=\"blogdoere@hotmail.com\" \/>\n\t<meta name=\"twitter:label2\" content=\"Tempo estimado de leitura\" \/>\n\t<meta name=\"twitter:data2\" content=\"1 minuto\" \/>\n<script type=\"application\/ld+json\" class=\"yoast-schema-graph\">{\"@context\":\"https:\/\/schema.org\",\"@graph\":[{\"@type\":\"Article\",\"@id\":\"https:\/\/blogdoere.com.br\/?p=28218#article\",\"isPartOf\":{\"@id\":\"https:\/\/blogdoere.com.br\/?p=28218\"},\"author\":{\"name\":\"blogdoere@hotmail.com\",\"@id\":\"https:\/\/blogdoere.com.br\/#\/schema\/person\/c4f6d566a44c7bacdda563667715d18b\"},\"headline\":\"ALIAN\u00c7A REALIZA RODA DE CONVERSA SOBRE O SMC COM JANETE LAINHA\",\"datePublished\":\"2022-09-02T00:35:04+00:00\",\"dateModified\":\"2022-09-02T00:54:24+00:00\",\"mainEntityOfPage\":{\"@id\":\"https:\/\/blogdoere.com.br\/?p=28218\"},\"wordCount\":206,\"commentCount\":0,\"publisher\":{\"@id\":\"https:\/\/blogdoere.com.br\/#organization\"},\"articleSection\":[\"Cultura\"],\"inLanguage\":\"pt-PT\",\"potentialAction\":[{\"@type\":\"CommentAction\",\"name\":\"Comment\",\"target\":[\"https:\/\/blogdoere.com.br\/?p=28218#respond\"]}]},{\"@type\":\"WebPage\",\"@id\":\"https:\/\/blogdoere.com.br\/?p=28218\",\"url\":\"https:\/\/blogdoere.com.br\/?p=28218\",\"name\":\"ALIAN\u00c7A REALIZA RODA DE CONVERSA SOBRE O SMC COM JANETE LAINHA - blog do er\u00ea\",\"isPartOf\":{\"@id\":\"https:\/\/blogdoere.com.br\/#website\"},\"datePublished\":\"2022-09-02T00:35:04+00:00\",\"dateModified\":\"2022-09-02T00:54:24+00:00\",\"breadcrumb\":{\"@id\":\"https:\/\/blogdoere.com.br\/?p=28218#breadcrumb\"},\"inLanguage\":\"pt-PT\",\"potentialAction\":[{\"@type\":\"ReadAction\",\"target\":[\"https:\/\/blogdoere.com.br\/?p=28218\"]}]},{\"@type\":\"BreadcrumbList\",\"@id\":\"https:\/\/blogdoere.com.br\/?p=28218#breadcrumb\",\"itemListElement\":[{\"@type\":\"ListItem\",\"position\":1,\"name\":\"In\u00edcio\",\"item\":\"https:\/\/blogdoere.com.br\/\"},{\"@type\":\"ListItem\",\"position\":2,\"name\":\"ALIAN\u00c7A REALIZA RODA DE CONVERSA SOBRE O SMC COM JANETE LAINHA\"}]},{\"@type\":\"WebSite\",\"@id\":\"https:\/\/blogdoere.com.br\/#website\",\"url\":\"https:\/\/blogdoere.com.br\/\",\"name\":\"blog do er\u00ea\",\"description\":\"\",\"publisher\":{\"@id\":\"https:\/\/blogdoere.com.br\/#organization\"},\"potentialAction\":[{\"@type\":\"SearchAction\",\"target\":{\"@type\":\"EntryPoint\",\"urlTemplate\":\"https:\/\/blogdoere.com.br\/?s={search_term_string}\"},\"query-input\":\"required name=search_term_string\"}],\"inLanguage\":\"pt-PT\"},{\"@type\":\"Organization\",\"@id\":\"https:\/\/blogdoere.com.br\/#organization\",\"name\":\"Blog do Er\u00ea\",\"url\":\"https:\/\/blogdoere.com.br\/\",\"logo\":{\"@type\":\"ImageObject\",\"inLanguage\":\"pt-PT\",\"@id\":\"https:\/\/blogdoere.com.br\/#\/schema\/logo\/image\/\",\"url\":\"https:\/\/blogdoere.com.br\/wp-content\/uploads\/2021\/11\/Logo-Ere-1.png\",\"contentUrl\":\"https:\/\/blogdoere.com.br\/wp-content\/uploads\/2021\/11\/Logo-Ere-1.png\",\"width\":1261,\"height\":1330,\"caption\":\"Blog do Er\u00ea\"},\"image\":{\"@id\":\"https:\/\/blogdoere.com.br\/#\/schema\/logo\/image\/\"}},{\"@type\":\"Person\",\"@id\":\"https:\/\/blogdoere.com.br\/#\/schema\/person\/c4f6d566a44c7bacdda563667715d18b\",\"name\":\"blogdoere@hotmail.com\",\"image\":{\"@type\":\"ImageObject\",\"inLanguage\":\"pt-PT\",\"@id\":\"https:\/\/blogdoere.com.br\/#\/schema\/person\/image\/\",\"url\":\"https:\/\/secure.gravatar.com\/avatar\/5684bd39df1289cb639b4ab539d6fcad69420e4a29521548fc078c58ed122fe6?s=96&d=mm&r=g\",\"contentUrl\":\"https:\/\/secure.gravatar.com\/avatar\/5684bd39df1289cb639b4ab539d6fcad69420e4a29521548fc078c58ed122fe6?s=96&d=mm&r=g\",\"caption\":\"blogdoere@hotmail.com\"},\"sameAs\":[\"http:\/\/blogdoere.com.br\"]}]}<\/script>\n<!-- \/ Yoast SEO plugin. -->","yoast_head_json":{"title":"ALIAN\u00c7A REALIZA RODA DE CONVERSA SOBRE O SMC COM JANETE LAINHA - blog do er\u00ea","robots":{"index":"index","follow":"follow","max-snippet":"max-snippet:-1","max-image-preview":"max-image-preview:large","max-video-preview":"max-video-preview:-1"},"canonical":"https:\/\/blogdoere.com.br\/?p=28218","og_locale":"pt_PT","og_type":"article","og_title":"ALIAN\u00c7A REALIZA RODA DE CONVERSA SOBRE O SMC COM JANETE LAINHA - blog do er\u00ea","og_description":"Na pr\u00f3xima ter\u00e7a-feira, 6 de setembro, a Sociedade Alian\u00e7a dos Artistas e Oper\u00e1rios de Pirangi, pessoa jur\u00eddica de direito privado, sem fins lucrativos, fundada em 14 de setembro de 1930,...","og_url":"https:\/\/blogdoere.com.br\/?p=28218","og_site_name":"blog do er\u00ea","article_published_time":"2022-09-02T00:35:04+00:00","article_modified_time":"2022-09-02T00:54:24+00:00","og_image":[{"width":932,"height":775,"url":"https:\/\/blogdoere.com.br\/wp-content\/uploads\/2022\/09\/FOTO_20220901_212414.jpg","type":"image\/jpeg"}],"author":"blogdoere@hotmail.com","twitter_card":"summary_large_image","twitter_misc":{"Escrito por":"blogdoere@hotmail.com","Tempo estimado de leitura":"1 minuto"},"schema":{"@context":"https:\/\/schema.org","@graph":[{"@type":"Article","@id":"https:\/\/blogdoere.com.br\/?p=28218#article","isPartOf":{"@id":"https:\/\/blogdoere.com.br\/?p=28218"},"author":{"name":"blogdoere@hotmail.com","@id":"https:\/\/blogdoere.com.br\/#\/schema\/person\/c4f6d566a44c7bacdda563667715d18b"},"headline":"ALIAN\u00c7A REALIZA RODA DE CONVERSA SOBRE O SMC COM JANETE LAINHA","datePublished":"2022-09-02T00:35:04+00:00","dateModified":"2022-09-02T00:54:24+00:00","mainEntityOfPage":{"@id":"https:\/\/blogdoere.com.br\/?p=28218"},"wordCount":206,"commentCount":0,"publisher":{"@id":"https:\/\/blogdoere.com.br\/#organization"},"articleSection":["Cultura"],"inLanguage":"pt-PT","potentialAction":[{"@type":"CommentAction","name":"Comment","target":["https:\/\/blogdoere.com.br\/?p=28218#respond"]}]},{"@type":"WebPage","@id":"https:\/\/blogdoere.com.br\/?p=28218","url":"https:\/\/blogdoere.com.br\/?p=28218","name":"ALIAN\u00c7A REALIZA RODA DE CONVERSA SOBRE O SMC COM JANETE LAINHA - blog do er\u00ea","isPartOf":{"@id":"https:\/\/blogdoere.com.br\/#website"},"datePublished":"2022-09-02T00:35:04+00:00","dateModified":"2022-09-02T00:54:24+00:00","breadcrumb":{"@id":"https:\/\/blogdoere.com.br\/?p=28218#breadcrumb"},"inLanguage":"pt-PT","potentialAction":[{"@type":"ReadAction","target":["https:\/\/blogdoere.com.br\/?p=28218"]}]},{"@type":"BreadcrumbList","@id":"https:\/\/blogdoere.com.br\/?p=28218#breadcrumb","itemListElement":[{"@type":"ListItem","position":1,"name":"In\u00edcio","item":"https:\/\/blogdoere.com.br\/"},{"@type":"ListItem","position":2,"name":"ALIAN\u00c7A REALIZA RODA DE CONVERSA SOBRE O SMC COM JANETE LAINHA"}]},{"@type":"WebSite","@id":"https:\/\/blogdoere.com.br\/#website","url":"https:\/\/blogdoere.com.br\/","name":"blog do er\u00ea","description":"","publisher":{"@id":"https:\/\/blogdoere.com.br\/#organization"},"potentialAction":[{"@type":"SearchAction","target":{"@type":"EntryPoint","urlTemplate":"https:\/\/blogdoere.com.br\/?s={search_term_string}"},"query-input":"required name=search_term_string"}],"inLanguage":"pt-PT"},{"@type":"Organization","@id":"https:\/\/blogdoere.com.br\/#organization","name":"Blog do Er\u00ea","url":"https:\/\/blogdoere.com.br\/","logo":{"@type":"ImageObject","inLanguage":"pt-PT","@id":"https:\/\/blogdoere.com.br\/#\/schema\/logo\/image\/","url":"https:\/\/blogdoere.com.br\/wp-content\/uploads\/2021\/11\/Logo-Ere-1.png","contentUrl":"https:\/\/blogdoere.com.br\/wp-content\/uploads\/2021\/11\/Logo-Ere-1.png","width":1261,"height":1330,"caption":"Blog do Er\u00ea"},"image":{"@id":"https:\/\/blogdoere.com.br\/#\/schema\/logo\/image\/"}},{"@type":"Person","@id":"https:\/\/blogdoere.com.br\/#\/schema\/person\/c4f6d566a44c7bacdda563667715d18b","name":"blogdoere@hotmail.com","image":{"@type":"ImageObject","inLanguage":"pt-PT","@id":"https:\/\/blogdoere.com.br\/#\/schema\/person\/image\/","url":"https:\/\/secure.gravatar.com\/avatar\/5684bd39df1289cb639b4ab539d6fcad69420e4a29521548fc078c58ed122fe6?s=96&d=mm&r=g","contentUrl":"https:\/\/secure.gravatar.com\/avatar\/5684bd39df1289cb639b4ab539d6fcad69420e4a29521548fc078c58ed122fe6?s=96&d=mm&r=g","caption":"blogdoere@hotmail.com"},"sameAs":["http:\/\/blogdoere.com.br"]}]}},"featured_image_urls":{"full":["https:\/\/blogdoere.com.br\/wp-content\/uploads\/2022\/09\/FOTO_20220901_212414.jpg",932,775,false],"thumbnail":["https:\/\/blogdoere.com.br\/wp-content\/uploads\/2022\/09\/FOTO_20220901_212414-150x150.jpg",150,150,true],"medium":["https:\/\/blogdoere.com.br\/wp-content\/uploads\/2022\/09\/FOTO_20220901_212414-300x249.jpg",300,249,true],"medium_large":["https:\/\/blogdoere.com.br\/wp-content\/uploads\/2022\/09\/FOTO_20220901_212414-768x639.jpg",768,639,true],"large":["https:\/\/blogdoere.com.br\/wp-content\/uploads\/2022\/09\/FOTO_20220901_212414.jpg",932,775,false],"1536x1536":["https:\/\/blogdoere.com.br\/wp-content\/uploads\/2022\/09\/FOTO_20220901_212414.jpg",932,775,false],"2048x2048":["https:\/\/blogdoere.com.br\/wp-content\/uploads\/2022\/09\/FOTO_20220901_212414.jpg",932,775,false]},"author_info":{"display_name":"blogdoere@hotmail.com","author_link":"https:\/\/blogdoere.com.br\/?author=1"},"category_info":"<a href=\"https:\/\/blogdoere.com.br\/?cat=37\" rel=\"category\">Cultura<\/a>","tag_info":"Cultura","comment_count":"0","_links":{"self":[{"href":"https:\/\/blogdoere.com.br\/index.php?rest_route=\/wp\/v2\/posts\/28218","targetHints":{"allow":["GET"]}}],"collection":[{"href":"https:\/\/blogdoere.com.br\/index.php?rest_route=\/wp\/v2\/posts"}],"about":[{"href":"https:\/\/blogdoere.com.br\/index.php?rest_route=\/wp\/v2\/types\/post"}],"author":[{"embeddable":true,"href":"https:\/\/blogdoere.com.br\/index.php?rest_route=\/wp\/v2\/users\/1"}],"replies":[{"embeddable":true,"href":"https:\/\/blogdoere.com.br\/index.php?rest_route=%2Fwp%2Fv2%2Fcomments&post=28218"}],"version-history":[{"count":4,"href":"https:\/\/blogdoere.com.br\/index.php?rest_route=\/wp\/v2\/posts\/28218\/revisions"}],"predecessor-version":[{"id":28226,"href":"https:\/\/blogdoere.com.br\/index.php?rest_route=\/wp\/v2\/posts\/28218\/revisions\/28226"}],"wp:featuredmedia":[{"embeddable":true,"href":"https:\/\/blogdoere.com.br\/index.php?rest_route=\/wp\/v2\/media\/28219"}],"wp:attachment":[{"href":"https:\/\/blogdoere.com.br\/index.php?rest_route=%2Fwp%2Fv2%2Fmedia&parent=28218"}],"wp:term":[{"taxonomy":"category","embeddable":true,"href":"https:\/\/blogdoere.com.br\/index.php?rest_route=%2Fwp%2Fv2%2Fcategories&post=28218"},{"taxonomy":"post_tag","embeddable":true,"href":"https:\/\/blogdoere.com.br\/index.php?rest_route=%2Fwp%2Fv2%2Ftags&post=28218"}],"curies":[{"name":"wp","href":"https:\/\/api.w.org\/{rel}","templated":true}]}}