{"id":28248,"date":"2022-09-16T01:54:29","date_gmt":"2022-09-16T01:54:29","guid":{"rendered":"https:\/\/blogdoere.com.br\/?p=28248"},"modified":"2022-09-16T03:47:35","modified_gmt":"2022-09-16T03:47:35","slug":"prefeito-de-canavieiras-dr-almeida-declara-apoio-a-candidatura-de-marcone","status":"publish","type":"post","link":"https:\/\/blogdoere.com.br\/?p=28248","title":{"rendered":"PREFEITO DE CANAVIEIRAS, DR ALMEIDA DECLARA APOIO \u00c0 CANDIDATURA DE MARCONE"},"content":{"rendered":"\n<figure class=\"wp-block-gallery has-nested-images columns-default is-cropped wp-block-gallery-1 is-layout-flex wp-block-gallery-is-layout-flex\">\n<figure class=\"wp-block-image size-large\"><img decoding=\"async\" width=\"828\" height=\"1001\" data-id=\"28249\" src=\"https:\/\/blogdoere.com.br\/wp-content\/uploads\/2022\/09\/IMG-20220915-WA0241.jpg\" alt=\"\" class=\"wp-image-28249\" srcset=\"https:\/\/blogdoere.com.br\/wp-content\/uploads\/2022\/09\/IMG-20220915-WA0241.jpg 828w, https:\/\/blogdoere.com.br\/wp-content\/uploads\/2022\/09\/IMG-20220915-WA0241-248x300.jpg 248w, https:\/\/blogdoere.com.br\/wp-content\/uploads\/2022\/09\/IMG-20220915-WA0241-768x928.jpg 768w\" sizes=\"(max-width: 828px) 100vw, 828px\" \/><\/figure>\n<\/figure>\n\n\n\n<p class=\"has-text-align-justify\">A candidatura a deputado estadual do ex-prefeito de Itaju\u00edpe, Marcone Amaral(PSD) continua em ritmo acelerado e de vento em popa.  Prova disso \u00e9 que por onde passa  cada vez mais o ex-zagueiro do Esporte Clube Vit\u00f3ria  vem tendo ades\u00e3o de lideran\u00e7as e eleitores.  Nos \u00faltimos dias, o prefeito de Canavieiras, Dr Almeida resolveu declarar apoio ao ex-colega. No entendimento do prefeito da terra do caranguejo, Marcone &#8220;vai trabalhar muito pela regi\u00e3o cacaueira&#8220;. &#8220;O apoio do amigo Dr Almeida fortalece ainda mais nossa  miss\u00e3o de trabalhar pelos baianos&#8221;. Declarou Marcone que essa semana intensificou suas atividades pol\u00edticas em Itabuna e Ilh\u00e9us. <\/p>\n","protected":false},"excerpt":{"rendered":"<p>A candidatura a deputado estadual do ex-prefeito de Itaju\u00edpe, Marcone Amaral(PSD) continua em ritmo acelerado e de vento em popa. Prova disso \u00e9 que por onde passa cada vez mais&#8230;<\/p>\n","protected":false},"author":1,"featured_media":28249,"comment_status":"open","ping_status":"open","sticky":false,"template":"","format":"standard","meta":{"_editorskit_title_hidden":false,"_editorskit_reading_time":1,"_editorskit_is_block_options_detached":false,"_editorskit_block_options_position":"{}","om_disable_all_campaigns":false,"_mi_skip_tracking":false,"_kad_post_transparent":"","_kad_post_title":"","_kad_post_layout":"","_kad_post_sidebar_id":"","_kad_post_content_style":"","_kad_post_vertical_padding":"","_kad_post_feature":"","_kad_post_feature_position":"","_kad_post_header":false,"_kad_post_footer":false,"footnotes":""},"categories":[32],"tags":[],"class_list":["post-28248","post","type-post","status-publish","format-standard","has-post-thumbnail","hentry","category-politica"],"yoast_head":"<!-- This site is optimized with the Yoast SEO plugin v20.5 - https:\/\/yoast.com\/wordpress\/plugins\/seo\/ -->\n<title>PREFEITO DE CANAVIEIRAS, DR ALMEIDA DECLARA APOIO \u00c0 CANDIDATURA DE MARCONE - blog do er\u00ea<\/title>\n<meta name=\"robots\" content=\"index, follow, max-snippet:-1, max-image-preview:large, max-video-preview:-1\" \/>\n<link rel=\"canonical\" href=\"https:\/\/blogdoere.com.br\/?p=28248\" \/>\n<meta property=\"og:locale\" content=\"pt_PT\" \/>\n<meta property=\"og:type\" content=\"article\" \/>\n<meta property=\"og:title\" content=\"PREFEITO DE CANAVIEIRAS, DR ALMEIDA DECLARA APOIO \u00c0 CANDIDATURA DE MARCONE - blog do er\u00ea\" \/>\n<meta property=\"og:description\" content=\"A candidatura a deputado estadual do ex-prefeito de Itaju\u00edpe, Marcone Amaral(PSD) continua em ritmo acelerado e de vento em popa. Prova disso \u00e9 que por onde passa cada vez mais...\" \/>\n<meta property=\"og:url\" content=\"https:\/\/blogdoere.com.br\/?p=28248\" \/>\n<meta property=\"og:site_name\" content=\"blog do er\u00ea\" \/>\n<meta property=\"article:published_time\" content=\"2022-09-16T01:54:29+00:00\" \/>\n<meta property=\"article:modified_time\" content=\"2022-09-16T03:47:35+00:00\" \/>\n<meta property=\"og:image\" content=\"https:\/\/blogdoere.com.br\/wp-content\/uploads\/2022\/09\/IMG-20220915-WA0241.jpg\" \/>\n\t<meta property=\"og:image:width\" content=\"828\" \/>\n\t<meta property=\"og:image:height\" content=\"1001\" \/>\n\t<meta property=\"og:image:type\" content=\"image\/jpeg\" \/>\n<meta name=\"author\" content=\"blogdoere@hotmail.com\" \/>\n<meta name=\"twitter:card\" content=\"summary_large_image\" \/>\n<meta name=\"twitter:label1\" content=\"Escrito por\" \/>\n\t<meta name=\"twitter:data1\" content=\"blogdoere@hotmail.com\" \/>\n\t<meta name=\"twitter:label2\" content=\"Tempo estimado de leitura\" \/>\n\t<meta name=\"twitter:data2\" content=\"1 minuto\" \/>\n<script type=\"application\/ld+json\" class=\"yoast-schema-graph\">{\"@context\":\"https:\/\/schema.org\",\"@graph\":[{\"@type\":\"Article\",\"@id\":\"https:\/\/blogdoere.com.br\/?p=28248#article\",\"isPartOf\":{\"@id\":\"https:\/\/blogdoere.com.br\/?p=28248\"},\"author\":{\"name\":\"blogdoere@hotmail.com\",\"@id\":\"https:\/\/blogdoere.com.br\/#\/schema\/person\/c4f6d566a44c7bacdda563667715d18b\"},\"headline\":\"PREFEITO DE CANAVIEIRAS, DR ALMEIDA DECLARA APOIO \u00c0 CANDIDATURA DE MARCONE\",\"datePublished\":\"2022-09-16T01:54:29+00:00\",\"dateModified\":\"2022-09-16T03:47:35+00:00\",\"mainEntityOfPage\":{\"@id\":\"https:\/\/blogdoere.com.br\/?p=28248\"},\"wordCount\":118,\"commentCount\":0,\"publisher\":{\"@id\":\"https:\/\/blogdoere.com.br\/#organization\"},\"articleSection\":[\"Pol\u00edtica\"],\"inLanguage\":\"pt-PT\",\"potentialAction\":[{\"@type\":\"CommentAction\",\"name\":\"Comment\",\"target\":[\"https:\/\/blogdoere.com.br\/?p=28248#respond\"]}]},{\"@type\":\"WebPage\",\"@id\":\"https:\/\/blogdoere.com.br\/?p=28248\",\"url\":\"https:\/\/blogdoere.com.br\/?p=28248\",\"name\":\"PREFEITO DE CANAVIEIRAS, DR ALMEIDA DECLARA APOIO \u00c0 CANDIDATURA DE MARCONE - blog do er\u00ea\",\"isPartOf\":{\"@id\":\"https:\/\/blogdoere.com.br\/#website\"},\"datePublished\":\"2022-09-16T01:54:29+00:00\",\"dateModified\":\"2022-09-16T03:47:35+00:00\",\"breadcrumb\":{\"@id\":\"https:\/\/blogdoere.com.br\/?p=28248#breadcrumb\"},\"inLanguage\":\"pt-PT\",\"potentialAction\":[{\"@type\":\"ReadAction\",\"target\":[\"https:\/\/blogdoere.com.br\/?p=28248\"]}]},{\"@type\":\"BreadcrumbList\",\"@id\":\"https:\/\/blogdoere.com.br\/?p=28248#breadcrumb\",\"itemListElement\":[{\"@type\":\"ListItem\",\"position\":1,\"name\":\"In\u00edcio\",\"item\":\"https:\/\/blogdoere.com.br\/\"},{\"@type\":\"ListItem\",\"position\":2,\"name\":\"PREFEITO DE CANAVIEIRAS, DR ALMEIDA DECLARA APOIO \u00c0 CANDIDATURA DE MARCONE\"}]},{\"@type\":\"WebSite\",\"@id\":\"https:\/\/blogdoere.com.br\/#website\",\"url\":\"https:\/\/blogdoere.com.br\/\",\"name\":\"blog do er\u00ea\",\"description\":\"\",\"publisher\":{\"@id\":\"https:\/\/blogdoere.com.br\/#organization\"},\"potentialAction\":[{\"@type\":\"SearchAction\",\"target\":{\"@type\":\"EntryPoint\",\"urlTemplate\":\"https:\/\/blogdoere.com.br\/?s={search_term_string}\"},\"query-input\":\"required name=search_term_string\"}],\"inLanguage\":\"pt-PT\"},{\"@type\":\"Organization\",\"@id\":\"https:\/\/blogdoere.com.br\/#organization\",\"name\":\"Blog do Er\u00ea\",\"url\":\"https:\/\/blogdoere.com.br\/\",\"logo\":{\"@type\":\"ImageObject\",\"inLanguage\":\"pt-PT\",\"@id\":\"https:\/\/blogdoere.com.br\/#\/schema\/logo\/image\/\",\"url\":\"https:\/\/blogdoere.com.br\/wp-content\/uploads\/2021\/11\/Logo-Ere-1.png\",\"contentUrl\":\"https:\/\/blogdoere.com.br\/wp-content\/uploads\/2021\/11\/Logo-Ere-1.png\",\"width\":1261,\"height\":1330,\"caption\":\"Blog do Er\u00ea\"},\"image\":{\"@id\":\"https:\/\/blogdoere.com.br\/#\/schema\/logo\/image\/\"}},{\"@type\":\"Person\",\"@id\":\"https:\/\/blogdoere.com.br\/#\/schema\/person\/c4f6d566a44c7bacdda563667715d18b\",\"name\":\"blogdoere@hotmail.com\",\"image\":{\"@type\":\"ImageObject\",\"inLanguage\":\"pt-PT\",\"@id\":\"https:\/\/blogdoere.com.br\/#\/schema\/person\/image\/\",\"url\":\"https:\/\/secure.gravatar.com\/avatar\/5684bd39df1289cb639b4ab539d6fcad69420e4a29521548fc078c58ed122fe6?s=96&d=mm&r=g\",\"contentUrl\":\"https:\/\/secure.gravatar.com\/avatar\/5684bd39df1289cb639b4ab539d6fcad69420e4a29521548fc078c58ed122fe6?s=96&d=mm&r=g\",\"caption\":\"blogdoere@hotmail.com\"},\"sameAs\":[\"http:\/\/blogdoere.com.br\"]}]}<\/script>\n<!-- \/ Yoast SEO plugin. -->","yoast_head_json":{"title":"PREFEITO DE CANAVIEIRAS, DR ALMEIDA DECLARA APOIO \u00c0 CANDIDATURA DE MARCONE - blog do er\u00ea","robots":{"index":"index","follow":"follow","max-snippet":"max-snippet:-1","max-image-preview":"max-image-preview:large","max-video-preview":"max-video-preview:-1"},"canonical":"https:\/\/blogdoere.com.br\/?p=28248","og_locale":"pt_PT","og_type":"article","og_title":"PREFEITO DE CANAVIEIRAS, DR ALMEIDA DECLARA APOIO \u00c0 CANDIDATURA DE MARCONE - blog do er\u00ea","og_description":"A candidatura a deputado estadual do ex-prefeito de Itaju\u00edpe, Marcone Amaral(PSD) continua em ritmo acelerado e de vento em popa. Prova disso \u00e9 que por onde passa cada vez mais...","og_url":"https:\/\/blogdoere.com.br\/?p=28248","og_site_name":"blog do er\u00ea","article_published_time":"2022-09-16T01:54:29+00:00","article_modified_time":"2022-09-16T03:47:35+00:00","og_image":[{"width":828,"height":1001,"url":"https:\/\/blogdoere.com.br\/wp-content\/uploads\/2022\/09\/IMG-20220915-WA0241.jpg","type":"image\/jpeg"}],"author":"blogdoere@hotmail.com","twitter_card":"summary_large_image","twitter_misc":{"Escrito por":"blogdoere@hotmail.com","Tempo estimado de leitura":"1 minuto"},"schema":{"@context":"https:\/\/schema.org","@graph":[{"@type":"Article","@id":"https:\/\/blogdoere.com.br\/?p=28248#article","isPartOf":{"@id":"https:\/\/blogdoere.com.br\/?p=28248"},"author":{"name":"blogdoere@hotmail.com","@id":"https:\/\/blogdoere.com.br\/#\/schema\/person\/c4f6d566a44c7bacdda563667715d18b"},"headline":"PREFEITO DE CANAVIEIRAS, DR ALMEIDA DECLARA APOIO \u00c0 CANDIDATURA DE MARCONE","datePublished":"2022-09-16T01:54:29+00:00","dateModified":"2022-09-16T03:47:35+00:00","mainEntityOfPage":{"@id":"https:\/\/blogdoere.com.br\/?p=28248"},"wordCount":118,"commentCount":0,"publisher":{"@id":"https:\/\/blogdoere.com.br\/#organization"},"articleSection":["Pol\u00edtica"],"inLanguage":"pt-PT","potentialAction":[{"@type":"CommentAction","name":"Comment","target":["https:\/\/blogdoere.com.br\/?p=28248#respond"]}]},{"@type":"WebPage","@id":"https:\/\/blogdoere.com.br\/?p=28248","url":"https:\/\/blogdoere.com.br\/?p=28248","name":"PREFEITO DE CANAVIEIRAS, DR ALMEIDA DECLARA APOIO \u00c0 CANDIDATURA DE MARCONE - blog do er\u00ea","isPartOf":{"@id":"https:\/\/blogdoere.com.br\/#website"},"datePublished":"2022-09-16T01:54:29+00:00","dateModified":"2022-09-16T03:47:35+00:00","breadcrumb":{"@id":"https:\/\/blogdoere.com.br\/?p=28248#breadcrumb"},"inLanguage":"pt-PT","potentialAction":[{"@type":"ReadAction","target":["https:\/\/blogdoere.com.br\/?p=28248"]}]},{"@type":"BreadcrumbList","@id":"https:\/\/blogdoere.com.br\/?p=28248#breadcrumb","itemListElement":[{"@type":"ListItem","position":1,"name":"In\u00edcio","item":"https:\/\/blogdoere.com.br\/"},{"@type":"ListItem","position":2,"name":"PREFEITO DE CANAVIEIRAS, DR ALMEIDA DECLARA APOIO \u00c0 CANDIDATURA DE MARCONE"}]},{"@type":"WebSite","@id":"https:\/\/blogdoere.com.br\/#website","url":"https:\/\/blogdoere.com.br\/","name":"blog do er\u00ea","description":"","publisher":{"@id":"https:\/\/blogdoere.com.br\/#organization"},"potentialAction":[{"@type":"SearchAction","target":{"@type":"EntryPoint","urlTemplate":"https:\/\/blogdoere.com.br\/?s={search_term_string}"},"query-input":"required name=search_term_string"}],"inLanguage":"pt-PT"},{"@type":"Organization","@id":"https:\/\/blogdoere.com.br\/#organization","name":"Blog do Er\u00ea","url":"https:\/\/blogdoere.com.br\/","logo":{"@type":"ImageObject","inLanguage":"pt-PT","@id":"https:\/\/blogdoere.com.br\/#\/schema\/logo\/image\/","url":"https:\/\/blogdoere.com.br\/wp-content\/uploads\/2021\/11\/Logo-Ere-1.png","contentUrl":"https:\/\/blogdoere.com.br\/wp-content\/uploads\/2021\/11\/Logo-Ere-1.png","width":1261,"height":1330,"caption":"Blog do Er\u00ea"},"image":{"@id":"https:\/\/blogdoere.com.br\/#\/schema\/logo\/image\/"}},{"@type":"Person","@id":"https:\/\/blogdoere.com.br\/#\/schema\/person\/c4f6d566a44c7bacdda563667715d18b","name":"blogdoere@hotmail.com","image":{"@type":"ImageObject","inLanguage":"pt-PT","@id":"https:\/\/blogdoere.com.br\/#\/schema\/person\/image\/","url":"https:\/\/secure.gravatar.com\/avatar\/5684bd39df1289cb639b4ab539d6fcad69420e4a29521548fc078c58ed122fe6?s=96&d=mm&r=g","contentUrl":"https:\/\/secure.gravatar.com\/avatar\/5684bd39df1289cb639b4ab539d6fcad69420e4a29521548fc078c58ed122fe6?s=96&d=mm&r=g","caption":"blogdoere@hotmail.com"},"sameAs":["http:\/\/blogdoere.com.br"]}]}},"featured_image_urls":{"full":["https:\/\/blogdoere.com.br\/wp-content\/uploads\/2022\/09\/IMG-20220915-WA0241.jpg",828,1001,false],"thumbnail":["https:\/\/blogdoere.com.br\/wp-content\/uploads\/2022\/09\/IMG-20220915-WA0241-150x150.jpg",150,150,true],"medium":["https:\/\/blogdoere.com.br\/wp-content\/uploads\/2022\/09\/IMG-20220915-WA0241-248x300.jpg",248,300,true],"medium_large":["https:\/\/blogdoere.com.br\/wp-content\/uploads\/2022\/09\/IMG-20220915-WA0241-768x928.jpg",768,928,true],"large":["https:\/\/blogdoere.com.br\/wp-content\/uploads\/2022\/09\/IMG-20220915-WA0241.jpg",828,1001,false],"1536x1536":["https:\/\/blogdoere.com.br\/wp-content\/uploads\/2022\/09\/IMG-20220915-WA0241.jpg",828,1001,false],"2048x2048":["https:\/\/blogdoere.com.br\/wp-content\/uploads\/2022\/09\/IMG-20220915-WA0241.jpg",828,1001,false]},"author_info":{"display_name":"blogdoere@hotmail.com","author_link":"https:\/\/blogdoere.com.br\/?author=1"},"category_info":"<a href=\"https:\/\/blogdoere.com.br\/?cat=32\" rel=\"category\">Pol\u00edtica<\/a>","tag_info":"Pol\u00edtica","comment_count":"0","_links":{"self":[{"href":"https:\/\/blogdoere.com.br\/index.php?rest_route=\/wp\/v2\/posts\/28248","targetHints":{"allow":["GET"]}}],"collection":[{"href":"https:\/\/blogdoere.com.br\/index.php?rest_route=\/wp\/v2\/posts"}],"about":[{"href":"https:\/\/blogdoere.com.br\/index.php?rest_route=\/wp\/v2\/types\/post"}],"author":[{"embeddable":true,"href":"https:\/\/blogdoere.com.br\/index.php?rest_route=\/wp\/v2\/users\/1"}],"replies":[{"embeddable":true,"href":"https:\/\/blogdoere.com.br\/index.php?rest_route=%2Fwp%2Fv2%2Fcomments&post=28248"}],"version-history":[{"count":5,"href":"https:\/\/blogdoere.com.br\/index.php?rest_route=\/wp\/v2\/posts\/28248\/revisions"}],"predecessor-version":[{"id":28259,"href":"https:\/\/blogdoere.com.br\/index.php?rest_route=\/wp\/v2\/posts\/28248\/revisions\/28259"}],"wp:featuredmedia":[{"embeddable":true,"href":"https:\/\/blogdoere.com.br\/index.php?rest_route=\/wp\/v2\/media\/28249"}],"wp:attachment":[{"href":"https:\/\/blogdoere.com.br\/index.php?rest_route=%2Fwp%2Fv2%2Fmedia&parent=28248"}],"wp:term":[{"taxonomy":"category","embeddable":true,"href":"https:\/\/blogdoere.com.br\/index.php?rest_route=%2Fwp%2Fv2%2Fcategories&post=28248"},{"taxonomy":"post_tag","embeddable":true,"href":"https:\/\/blogdoere.com.br\/index.php?rest_route=%2Fwp%2Fv2%2Ftags&post=28248"}],"curies":[{"name":"wp","href":"https:\/\/api.w.org\/{rel}","templated":true}]}}