{"id":28324,"date":"2022-11-17T21:42:05","date_gmt":"2022-11-17T21:42:05","guid":{"rendered":"https:\/\/blogdoere.com.br\/?p=28324"},"modified":"2023-01-31T01:51:56","modified_gmt":"2023-01-31T01:51:56","slug":"itajuipe-padre-edson-vai-ser-transferido-para-ilheus","status":"publish","type":"post","link":"https:\/\/blogdoere.com.br\/?p=28324","title":{"rendered":"ITAJU\u00cdPE: PADRE EDSON VAI SER TRANSFERIDO PARA ILH\u00c9US"},"content":{"rendered":"\n<figure class=\"wp-block-gallery has-nested-images columns-default is-cropped wp-block-gallery-1 is-layout-flex wp-block-gallery-is-layout-flex\">\n<figure class=\"wp-block-image size-large\"><img decoding=\"async\" width=\"1024\" height=\"667\" data-id=\"28325\" src=\"https:\/\/blogdoere.com.br\/wp-content\/uploads\/2022\/11\/IMG-20221117-WA0422-1024x667.jpg\" alt=\"\" class=\"wp-image-28325\" srcset=\"https:\/\/blogdoere.com.br\/wp-content\/uploads\/2022\/11\/IMG-20221117-WA0422-1024x667.jpg 1024w, https:\/\/blogdoere.com.br\/wp-content\/uploads\/2022\/11\/IMG-20221117-WA0422-300x195.jpg 300w, https:\/\/blogdoere.com.br\/wp-content\/uploads\/2022\/11\/IMG-20221117-WA0422-768x500.jpg 768w, https:\/\/blogdoere.com.br\/wp-content\/uploads\/2022\/11\/IMG-20221117-WA0422.jpg 1079w\" sizes=\"(max-width: 1024px) 100vw, 1024px\" \/><\/figure>\n<\/figure>\n\n\n\n<p class=\"has-text-align-justify\">Depois de dez anos \u00e0 frente da Par\u00f3quia do  Sagrado Cora\u00e7\u00e3o de Jesus, o Padre Edson Hagge Leandro vai ser transferido para o munic\u00edpio de Ilh\u00e9us. A transfer\u00eancia e nomea\u00e7\u00e3o   foi publicada no \u00faltimo dia 16 de novembro pelo bispo da Diocese de Ilh\u00e9us, Dom Giovanni Crippa. Ainda sem data definida, o ato   deve acontecer no primeiro semestre do ano que vem. O carism\u00e1tico padre Edson  vai ser substitu\u00eddo pelo padre Jos\u00e9 Nilton Barbosa Lapa, tamb\u00e9m conhecido como padre Zezinho. O padre Edson exercer\u00e1 seu minist\u00e9rio na Catedral de S\u00e3o Sebasti\u00e3o \u2013 Par\u00f3quia S\u00e3o Jorge, onde tamb\u00e9m ter\u00e1 of\u00edcio de ec\u00f4nomo, ou seja,  administrador da par\u00f3quia. Em Itaju\u00edpe, no exerc\u00edcio do seu sacerd\u00f3cio, o Padre Edson deixa um legado  de realiza\u00e7\u00f5es  e empenho com a edifica\u00e7\u00e3o da igreja \u2013 renova\u00e7\u00e3o da f\u00e9 do povo cat\u00f3lico.  Padre Zezinho  \u00e9 professor universit\u00e1rio, fil\u00f3sofo, historiador, psicanalista, mestre em teologia e doutor em psicologia social.<\/p>\n","protected":false},"excerpt":{"rendered":"<p>Depois de dez anos \u00e0 frente da Par\u00f3quia do Sagrado Cora\u00e7\u00e3o de Jesus, o Padre Edson Hagge Leandro vai ser transferido para o munic\u00edpio de Ilh\u00e9us. A transfer\u00eancia e nomea\u00e7\u00e3o&#8230;<\/p>\n","protected":false},"author":1,"featured_media":28325,"comment_status":"open","ping_status":"open","sticky":false,"template":"","format":"standard","meta":{"_editorskit_title_hidden":false,"_editorskit_reading_time":1,"_editorskit_is_block_options_detached":false,"_editorskit_block_options_position":"{}","om_disable_all_campaigns":false,"_mi_skip_tracking":false,"_kad_post_transparent":"","_kad_post_title":"","_kad_post_layout":"","_kad_post_sidebar_id":"","_kad_post_content_style":"","_kad_post_vertical_padding":"","_kad_post_feature":"","_kad_post_feature_position":"","_kad_post_header":false,"_kad_post_footer":false,"footnotes":""},"categories":[77],"tags":[],"class_list":["post-28324","post","type-post","status-publish","format-standard","has-post-thumbnail","hentry","category-religiao"],"yoast_head":"<!-- This site is optimized with the Yoast SEO plugin v20.5 - https:\/\/yoast.com\/wordpress\/plugins\/seo\/ -->\n<title>ITAJU\u00cdPE: PADRE EDSON VAI SER TRANSFERIDO PARA ILH\u00c9US - blog do er\u00ea<\/title>\n<meta name=\"robots\" content=\"index, follow, max-snippet:-1, max-image-preview:large, max-video-preview:-1\" \/>\n<link rel=\"canonical\" href=\"https:\/\/blogdoere.com.br\/?p=28324\" \/>\n<meta property=\"og:locale\" content=\"pt_PT\" \/>\n<meta property=\"og:type\" content=\"article\" \/>\n<meta property=\"og:title\" content=\"ITAJU\u00cdPE: PADRE EDSON VAI SER TRANSFERIDO PARA ILH\u00c9US - blog do er\u00ea\" \/>\n<meta property=\"og:description\" content=\"Depois de dez anos \u00e0 frente da Par\u00f3quia do Sagrado Cora\u00e7\u00e3o de Jesus, o Padre Edson Hagge Leandro vai ser transferido para o munic\u00edpio de Ilh\u00e9us. A transfer\u00eancia e nomea\u00e7\u00e3o...\" \/>\n<meta property=\"og:url\" content=\"https:\/\/blogdoere.com.br\/?p=28324\" \/>\n<meta property=\"og:site_name\" content=\"blog do er\u00ea\" \/>\n<meta property=\"article:published_time\" content=\"2022-11-17T21:42:05+00:00\" \/>\n<meta property=\"article:modified_time\" content=\"2023-01-31T01:51:56+00:00\" \/>\n<meta property=\"og:image\" content=\"https:\/\/blogdoere.com.br\/wp-content\/uploads\/2022\/11\/IMG-20221117-WA0422.jpg\" \/>\n\t<meta property=\"og:image:width\" content=\"1079\" \/>\n\t<meta property=\"og:image:height\" content=\"703\" \/>\n\t<meta property=\"og:image:type\" content=\"image\/jpeg\" \/>\n<meta name=\"author\" content=\"blogdoere@hotmail.com\" \/>\n<meta name=\"twitter:card\" content=\"summary_large_image\" \/>\n<meta name=\"twitter:label1\" content=\"Escrito por\" \/>\n\t<meta name=\"twitter:data1\" content=\"blogdoere@hotmail.com\" \/>\n\t<meta name=\"twitter:label2\" content=\"Tempo estimado de leitura\" \/>\n\t<meta name=\"twitter:data2\" content=\"1 minuto\" \/>\n<script type=\"application\/ld+json\" class=\"yoast-schema-graph\">{\"@context\":\"https:\/\/schema.org\",\"@graph\":[{\"@type\":\"Article\",\"@id\":\"https:\/\/blogdoere.com.br\/?p=28324#article\",\"isPartOf\":{\"@id\":\"https:\/\/blogdoere.com.br\/?p=28324\"},\"author\":{\"name\":\"blogdoere@hotmail.com\",\"@id\":\"https:\/\/blogdoere.com.br\/#\/schema\/person\/c4f6d566a44c7bacdda563667715d18b\"},\"headline\":\"ITAJU\u00cdPE: PADRE EDSON VAI SER TRANSFERIDO PARA ILH\u00c9US\",\"datePublished\":\"2022-11-17T21:42:05+00:00\",\"dateModified\":\"2023-01-31T01:51:56+00:00\",\"mainEntityOfPage\":{\"@id\":\"https:\/\/blogdoere.com.br\/?p=28324\"},\"wordCount\":184,\"commentCount\":2,\"publisher\":{\"@id\":\"https:\/\/blogdoere.com.br\/#organization\"},\"articleSection\":[\"Religi\u00e3o\"],\"inLanguage\":\"pt-PT\",\"potentialAction\":[{\"@type\":\"CommentAction\",\"name\":\"Comment\",\"target\":[\"https:\/\/blogdoere.com.br\/?p=28324#respond\"]}]},{\"@type\":\"WebPage\",\"@id\":\"https:\/\/blogdoere.com.br\/?p=28324\",\"url\":\"https:\/\/blogdoere.com.br\/?p=28324\",\"name\":\"ITAJU\u00cdPE: PADRE EDSON VAI SER TRANSFERIDO PARA ILH\u00c9US - blog do er\u00ea\",\"isPartOf\":{\"@id\":\"https:\/\/blogdoere.com.br\/#website\"},\"datePublished\":\"2022-11-17T21:42:05+00:00\",\"dateModified\":\"2023-01-31T01:51:56+00:00\",\"breadcrumb\":{\"@id\":\"https:\/\/blogdoere.com.br\/?p=28324#breadcrumb\"},\"inLanguage\":\"pt-PT\",\"potentialAction\":[{\"@type\":\"ReadAction\",\"target\":[\"https:\/\/blogdoere.com.br\/?p=28324\"]}]},{\"@type\":\"BreadcrumbList\",\"@id\":\"https:\/\/blogdoere.com.br\/?p=28324#breadcrumb\",\"itemListElement\":[{\"@type\":\"ListItem\",\"position\":1,\"name\":\"In\u00edcio\",\"item\":\"https:\/\/blogdoere.com.br\/\"},{\"@type\":\"ListItem\",\"position\":2,\"name\":\"ITAJU\u00cdPE: PADRE EDSON VAI SER TRANSFERIDO PARA ILH\u00c9US\"}]},{\"@type\":\"WebSite\",\"@id\":\"https:\/\/blogdoere.com.br\/#website\",\"url\":\"https:\/\/blogdoere.com.br\/\",\"name\":\"blog do er\u00ea\",\"description\":\"\",\"publisher\":{\"@id\":\"https:\/\/blogdoere.com.br\/#organization\"},\"potentialAction\":[{\"@type\":\"SearchAction\",\"target\":{\"@type\":\"EntryPoint\",\"urlTemplate\":\"https:\/\/blogdoere.com.br\/?s={search_term_string}\"},\"query-input\":\"required name=search_term_string\"}],\"inLanguage\":\"pt-PT\"},{\"@type\":\"Organization\",\"@id\":\"https:\/\/blogdoere.com.br\/#organization\",\"name\":\"Blog do Er\u00ea\",\"url\":\"https:\/\/blogdoere.com.br\/\",\"logo\":{\"@type\":\"ImageObject\",\"inLanguage\":\"pt-PT\",\"@id\":\"https:\/\/blogdoere.com.br\/#\/schema\/logo\/image\/\",\"url\":\"https:\/\/blogdoere.com.br\/wp-content\/uploads\/2021\/11\/Logo-Ere-1.png\",\"contentUrl\":\"https:\/\/blogdoere.com.br\/wp-content\/uploads\/2021\/11\/Logo-Ere-1.png\",\"width\":1261,\"height\":1330,\"caption\":\"Blog do Er\u00ea\"},\"image\":{\"@id\":\"https:\/\/blogdoere.com.br\/#\/schema\/logo\/image\/\"}},{\"@type\":\"Person\",\"@id\":\"https:\/\/blogdoere.com.br\/#\/schema\/person\/c4f6d566a44c7bacdda563667715d18b\",\"name\":\"blogdoere@hotmail.com\",\"image\":{\"@type\":\"ImageObject\",\"inLanguage\":\"pt-PT\",\"@id\":\"https:\/\/blogdoere.com.br\/#\/schema\/person\/image\/\",\"url\":\"https:\/\/secure.gravatar.com\/avatar\/5684bd39df1289cb639b4ab539d6fcad69420e4a29521548fc078c58ed122fe6?s=96&d=mm&r=g\",\"contentUrl\":\"https:\/\/secure.gravatar.com\/avatar\/5684bd39df1289cb639b4ab539d6fcad69420e4a29521548fc078c58ed122fe6?s=96&d=mm&r=g\",\"caption\":\"blogdoere@hotmail.com\"},\"sameAs\":[\"http:\/\/blogdoere.com.br\"]}]}<\/script>\n<!-- \/ Yoast SEO plugin. -->","yoast_head_json":{"title":"ITAJU\u00cdPE: PADRE EDSON VAI SER TRANSFERIDO PARA ILH\u00c9US - blog do er\u00ea","robots":{"index":"index","follow":"follow","max-snippet":"max-snippet:-1","max-image-preview":"max-image-preview:large","max-video-preview":"max-video-preview:-1"},"canonical":"https:\/\/blogdoere.com.br\/?p=28324","og_locale":"pt_PT","og_type":"article","og_title":"ITAJU\u00cdPE: PADRE EDSON VAI SER TRANSFERIDO PARA ILH\u00c9US - blog do er\u00ea","og_description":"Depois de dez anos \u00e0 frente da Par\u00f3quia do Sagrado Cora\u00e7\u00e3o de Jesus, o Padre Edson Hagge Leandro vai ser transferido para o munic\u00edpio de Ilh\u00e9us. A transfer\u00eancia e nomea\u00e7\u00e3o...","og_url":"https:\/\/blogdoere.com.br\/?p=28324","og_site_name":"blog do er\u00ea","article_published_time":"2022-11-17T21:42:05+00:00","article_modified_time":"2023-01-31T01:51:56+00:00","og_image":[{"width":1079,"height":703,"url":"https:\/\/blogdoere.com.br\/wp-content\/uploads\/2022\/11\/IMG-20221117-WA0422.jpg","type":"image\/jpeg"}],"author":"blogdoere@hotmail.com","twitter_card":"summary_large_image","twitter_misc":{"Escrito por":"blogdoere@hotmail.com","Tempo estimado de leitura":"1 minuto"},"schema":{"@context":"https:\/\/schema.org","@graph":[{"@type":"Article","@id":"https:\/\/blogdoere.com.br\/?p=28324#article","isPartOf":{"@id":"https:\/\/blogdoere.com.br\/?p=28324"},"author":{"name":"blogdoere@hotmail.com","@id":"https:\/\/blogdoere.com.br\/#\/schema\/person\/c4f6d566a44c7bacdda563667715d18b"},"headline":"ITAJU\u00cdPE: PADRE EDSON VAI SER TRANSFERIDO PARA ILH\u00c9US","datePublished":"2022-11-17T21:42:05+00:00","dateModified":"2023-01-31T01:51:56+00:00","mainEntityOfPage":{"@id":"https:\/\/blogdoere.com.br\/?p=28324"},"wordCount":184,"commentCount":2,"publisher":{"@id":"https:\/\/blogdoere.com.br\/#organization"},"articleSection":["Religi\u00e3o"],"inLanguage":"pt-PT","potentialAction":[{"@type":"CommentAction","name":"Comment","target":["https:\/\/blogdoere.com.br\/?p=28324#respond"]}]},{"@type":"WebPage","@id":"https:\/\/blogdoere.com.br\/?p=28324","url":"https:\/\/blogdoere.com.br\/?p=28324","name":"ITAJU\u00cdPE: PADRE EDSON VAI SER TRANSFERIDO PARA ILH\u00c9US - blog do er\u00ea","isPartOf":{"@id":"https:\/\/blogdoere.com.br\/#website"},"datePublished":"2022-11-17T21:42:05+00:00","dateModified":"2023-01-31T01:51:56+00:00","breadcrumb":{"@id":"https:\/\/blogdoere.com.br\/?p=28324#breadcrumb"},"inLanguage":"pt-PT","potentialAction":[{"@type":"ReadAction","target":["https:\/\/blogdoere.com.br\/?p=28324"]}]},{"@type":"BreadcrumbList","@id":"https:\/\/blogdoere.com.br\/?p=28324#breadcrumb","itemListElement":[{"@type":"ListItem","position":1,"name":"In\u00edcio","item":"https:\/\/blogdoere.com.br\/"},{"@type":"ListItem","position":2,"name":"ITAJU\u00cdPE: PADRE EDSON VAI SER TRANSFERIDO PARA ILH\u00c9US"}]},{"@type":"WebSite","@id":"https:\/\/blogdoere.com.br\/#website","url":"https:\/\/blogdoere.com.br\/","name":"blog do er\u00ea","description":"","publisher":{"@id":"https:\/\/blogdoere.com.br\/#organization"},"potentialAction":[{"@type":"SearchAction","target":{"@type":"EntryPoint","urlTemplate":"https:\/\/blogdoere.com.br\/?s={search_term_string}"},"query-input":"required name=search_term_string"}],"inLanguage":"pt-PT"},{"@type":"Organization","@id":"https:\/\/blogdoere.com.br\/#organization","name":"Blog do Er\u00ea","url":"https:\/\/blogdoere.com.br\/","logo":{"@type":"ImageObject","inLanguage":"pt-PT","@id":"https:\/\/blogdoere.com.br\/#\/schema\/logo\/image\/","url":"https:\/\/blogdoere.com.br\/wp-content\/uploads\/2021\/11\/Logo-Ere-1.png","contentUrl":"https:\/\/blogdoere.com.br\/wp-content\/uploads\/2021\/11\/Logo-Ere-1.png","width":1261,"height":1330,"caption":"Blog do Er\u00ea"},"image":{"@id":"https:\/\/blogdoere.com.br\/#\/schema\/logo\/image\/"}},{"@type":"Person","@id":"https:\/\/blogdoere.com.br\/#\/schema\/person\/c4f6d566a44c7bacdda563667715d18b","name":"blogdoere@hotmail.com","image":{"@type":"ImageObject","inLanguage":"pt-PT","@id":"https:\/\/blogdoere.com.br\/#\/schema\/person\/image\/","url":"https:\/\/secure.gravatar.com\/avatar\/5684bd39df1289cb639b4ab539d6fcad69420e4a29521548fc078c58ed122fe6?s=96&d=mm&r=g","contentUrl":"https:\/\/secure.gravatar.com\/avatar\/5684bd39df1289cb639b4ab539d6fcad69420e4a29521548fc078c58ed122fe6?s=96&d=mm&r=g","caption":"blogdoere@hotmail.com"},"sameAs":["http:\/\/blogdoere.com.br"]}]}},"featured_image_urls":{"full":["https:\/\/blogdoere.com.br\/wp-content\/uploads\/2022\/11\/IMG-20221117-WA0422.jpg",1079,703,false],"thumbnail":["https:\/\/blogdoere.com.br\/wp-content\/uploads\/2022\/11\/IMG-20221117-WA0422-150x150.jpg",150,150,true],"medium":["https:\/\/blogdoere.com.br\/wp-content\/uploads\/2022\/11\/IMG-20221117-WA0422-300x195.jpg",300,195,true],"medium_large":["https:\/\/blogdoere.com.br\/wp-content\/uploads\/2022\/11\/IMG-20221117-WA0422-768x500.jpg",768,500,true],"large":["https:\/\/blogdoere.com.br\/wp-content\/uploads\/2022\/11\/IMG-20221117-WA0422-1024x667.jpg",1024,667,true],"1536x1536":["https:\/\/blogdoere.com.br\/wp-content\/uploads\/2022\/11\/IMG-20221117-WA0422.jpg",1079,703,false],"2048x2048":["https:\/\/blogdoere.com.br\/wp-content\/uploads\/2022\/11\/IMG-20221117-WA0422.jpg",1079,703,false]},"author_info":{"display_name":"blogdoere@hotmail.com","author_link":"https:\/\/blogdoere.com.br\/?author=1"},"category_info":"<a href=\"https:\/\/blogdoere.com.br\/?cat=77\" rel=\"category\">Religi\u00e3o<\/a>","tag_info":"Religi\u00e3o","comment_count":"2","_links":{"self":[{"href":"https:\/\/blogdoere.com.br\/index.php?rest_route=\/wp\/v2\/posts\/28324","targetHints":{"allow":["GET"]}}],"collection":[{"href":"https:\/\/blogdoere.com.br\/index.php?rest_route=\/wp\/v2\/posts"}],"about":[{"href":"https:\/\/blogdoere.com.br\/index.php?rest_route=\/wp\/v2\/types\/post"}],"author":[{"embeddable":true,"href":"https:\/\/blogdoere.com.br\/index.php?rest_route=\/wp\/v2\/users\/1"}],"replies":[{"embeddable":true,"href":"https:\/\/blogdoere.com.br\/index.php?rest_route=%2Fwp%2Fv2%2Fcomments&post=28324"}],"version-history":[{"count":4,"href":"https:\/\/blogdoere.com.br\/index.php?rest_route=\/wp\/v2\/posts\/28324\/revisions"}],"predecessor-version":[{"id":28332,"href":"https:\/\/blogdoere.com.br\/index.php?rest_route=\/wp\/v2\/posts\/28324\/revisions\/28332"}],"wp:featuredmedia":[{"embeddable":true,"href":"https:\/\/blogdoere.com.br\/index.php?rest_route=\/wp\/v2\/media\/28325"}],"wp:attachment":[{"href":"https:\/\/blogdoere.com.br\/index.php?rest_route=%2Fwp%2Fv2%2Fmedia&parent=28324"}],"wp:term":[{"taxonomy":"category","embeddable":true,"href":"https:\/\/blogdoere.com.br\/index.php?rest_route=%2Fwp%2Fv2%2Fcategories&post=28324"},{"taxonomy":"post_tag","embeddable":true,"href":"https:\/\/blogdoere.com.br\/index.php?rest_route=%2Fwp%2Fv2%2Ftags&post=28324"}],"curies":[{"name":"wp","href":"https:\/\/api.w.org\/{rel}","templated":true}]}}