{"id":28393,"date":"2022-12-26T13:29:33","date_gmt":"2022-12-26T13:29:33","guid":{"rendered":"https:\/\/blogdoere.com.br\/?p=28393"},"modified":"2023-07-07T17:17:03","modified_gmt":"2023-07-07T17:17:03","slug":"itajuipe-e-o-sistema-de-cultura","status":"publish","type":"post","link":"https:\/\/blogdoere.com.br\/?p=28393","title":{"rendered":"ITAJU\u00cdPE E O SISTEMA DE CULTURA"},"content":{"rendered":"\n<figure class=\"wp-block-gallery has-nested-images columns-default is-cropped wp-block-gallery-1 is-layout-flex wp-block-gallery-is-layout-flex\">\n<figure class=\"wp-block-image size-large\"><img decoding=\"async\" width=\"827\" height=\"1024\" data-id=\"28397\" src=\"https:\/\/blogdoere.com.br\/wp-content\/uploads\/2022\/12\/WhatsApp-Image-2022-12-26-at-10.33.11-827x1024.jpeg\" alt=\"\" class=\"wp-image-28397\" srcset=\"https:\/\/blogdoere.com.br\/wp-content\/uploads\/2022\/12\/WhatsApp-Image-2022-12-26-at-10.33.11-827x1024.jpeg 827w, https:\/\/blogdoere.com.br\/wp-content\/uploads\/2022\/12\/WhatsApp-Image-2022-12-26-at-10.33.11-242x300.jpeg 242w, https:\/\/blogdoere.com.br\/wp-content\/uploads\/2022\/12\/WhatsApp-Image-2022-12-26-at-10.33.11-768x951.jpeg 768w, https:\/\/blogdoere.com.br\/wp-content\/uploads\/2022\/12\/WhatsApp-Image-2022-12-26-at-10.33.11.jpeg 1115w\" sizes=\"(max-width: 827px) 100vw, 827px\" \/><\/figure>\n<\/figure>\n\n\n\n<p class=\"has-text-align-justify\">A discuss\u00e3o para cria\u00e7\u00e3o do Sistema Nacional de Cultura come\u00e7ou na metade da d\u00e9cada 2000, naquela ocasi\u00e3o, um avan\u00e7o para a gest\u00e3o cultural, principalmente para os estados e munic\u00edpios na elabora\u00e7\u00e3o de pol\u00edticas p\u00fablicas culturais. Isso iria permitir o funcionamento da cultura do ponto de vista propulsor do desenvolvimento socioecon\u00f4mico nos munic\u00edpios como direito fundamental. Em 2010, foi implementado o Plano Nacional de Cultura e posteriormente 2012, o Sistema Municipal de Cultura. Para adequar ao sistema Nacional, em Itaju\u00edpe 2011, foi criada e Lei Municipal 839\/11 que versa sobre o Conselho Municipal de Cultura (COMCULTURA). J\u00e1 em 2014, essa mesma lei foi alterada nos seus artigos primeiro e terceiro pela lei municipal 922. Tamb\u00e9m em 2016, foi criada a lei municipal 956 que versa sobre o Sistema Municipal de Cultura e a Lei Municipal 957, que cria o Fundo Municipal de Cultura. Infelizmente, o avan\u00e7o n\u00e3o aconteceu da forma que poderia ter acontecido, e pelo Governo Federal ainda teve um retrocesso nos \u00faltimos anos. Entretanto, do ponto de vista da normatiza\u00e7\u00e3o no munic\u00edpio estamos avan\u00e7ando, o que de agora em diante precisamos \u00e9 aprofundar no aperfei\u00e7oamento e praticidade das leis. Nos \u00faltimos meses, o grupo de trabalho da cultura formado pela Secretaria Municipal de Cultura e sociedade civil (Silmara Oliveira, Erenilson Santos, Jos\u00e9 Carlos N&#8217;g\u00e3o, Maria Ang\u00e9lica, Aristeia Gonzaga e Valdinei Santos), com o apoio do governo municipal tra\u00e7ou os objetivos, com metas e foco bem definidos, assim, foi realizado o cadastro dos fazedores de cultura; reativa\u00e7\u00e3o e elei\u00e7\u00e3o do Conselho Municipal de Cultura. Neste sentido, foi dado mais um passo importante para oxigenar nossa cultura nas suas diversas express\u00f5es art\u00edsticas. Afinal, cultura \u00e9 um direito fundamental que gera emprego e renda. Em 6 de dezembro, deste ano, o Conselho Municipal de Cultura reunido aprovou em plen\u00e1rio o Regimento Interno, e assim, com o Conselho de Cultura ativo e reconhecido pelo prefeito L\u00e9o da Capoeira, estamos avan\u00e7ando no fomento cultural.  Sabemos que o desafio \u00e9 grande, mas, a nossa meta \u00e9 ter um conselho e um fundo de cultura fortes que contemplem todas as nossas express\u00f5es art\u00edsticas para isso ainda \u00e9 preciso elaborar o Plano Municipal de Cultura; incluir no Or\u00e7amento 2023 dota\u00e7\u00e3o para a cultura para da\u00ed podermos viabilizar editais, avan\u00e7ar ainda mais na discuss\u00e3o e efetivar pol\u00edticas culturais  em conson\u00e2ncia com a lei estadual, nacional com a  participa\u00e7\u00e3o da popula\u00e7\u00e3o e segmentos culturais de forma ainda mais democr\u00e1tica.<\/p>\n\n\n\n<p>Por: Er\u00ea \u2013\u2013\u2013\u2013\u2013\u2013\u2013\u2013\u2013<br>Graduado em Gest\u00e3o P\u00fablica<br>P\u00f3s-graduado em Gest\u00e3o P\u00fablica Municipal &#8211; UESC<br>MBA em Gest\u00e3o Hospitalar <br>Radialista por forma\u00e7\u00e3o DRT\/BA 6315<br>Membro do Conselho Municipal de Cultura de Itaju\u00edpe<br>Presidente da Sociedade Alian\u00e7a dos Artistas e Oper\u00e1rios de Pirangi \u2013 92 anos.<\/p>\n\n\n\n<p>MBA em Comunica\u00e7\u00e3o e Marketing Pol\u00edtico <br>S\u00f3cio efetivo da Associa\u00e7\u00e3o Brasileira de Imprensa &#8211; ABI Nacional \u2013 113 anos<\/p>\n","protected":false},"excerpt":{"rendered":"<p>A discuss\u00e3o para cria\u00e7\u00e3o do Sistema Nacional de Cultura come\u00e7ou na metade da d\u00e9cada 2000, naquela ocasi\u00e3o, um avan\u00e7o para a gest\u00e3o cultural, principalmente para os estados e munic\u00edpios na&#8230;<\/p>\n","protected":false},"author":1,"featured_media":28397,"comment_status":"open","ping_status":"open","sticky":false,"template":"","format":"standard","meta":{"_editorskit_title_hidden":false,"_editorskit_reading_time":2,"_editorskit_is_block_options_detached":false,"_editorskit_block_options_position":"{}","om_disable_all_campaigns":false,"_mi_skip_tracking":false,"_kad_post_transparent":"","_kad_post_title":"","_kad_post_layout":"","_kad_post_sidebar_id":"","_kad_post_content_style":"","_kad_post_vertical_padding":"","_kad_post_feature":"","_kad_post_feature_position":"","_kad_post_header":false,"_kad_post_footer":false,"footnotes":""},"categories":[37],"tags":[],"class_list":["post-28393","post","type-post","status-publish","format-standard","has-post-thumbnail","hentry","category-cultura"],"yoast_head":"<!-- This site is optimized with the Yoast SEO plugin v20.5 - https:\/\/yoast.com\/wordpress\/plugins\/seo\/ -->\n<title>ITAJU\u00cdPE E O SISTEMA DE CULTURA - blog do er\u00ea<\/title>\n<meta name=\"robots\" content=\"index, follow, max-snippet:-1, max-image-preview:large, max-video-preview:-1\" \/>\n<link rel=\"canonical\" href=\"https:\/\/blogdoere.com.br\/?p=28393\" \/>\n<meta property=\"og:locale\" content=\"pt_PT\" \/>\n<meta property=\"og:type\" content=\"article\" \/>\n<meta property=\"og:title\" content=\"ITAJU\u00cdPE E O SISTEMA DE CULTURA - blog do er\u00ea\" \/>\n<meta property=\"og:description\" content=\"A discuss\u00e3o para cria\u00e7\u00e3o do Sistema Nacional de Cultura come\u00e7ou na metade da d\u00e9cada 2000, naquela ocasi\u00e3o, um avan\u00e7o para a gest\u00e3o cultural, principalmente para os estados e munic\u00edpios na...\" \/>\n<meta property=\"og:url\" content=\"https:\/\/blogdoere.com.br\/?p=28393\" \/>\n<meta property=\"og:site_name\" content=\"blog do er\u00ea\" \/>\n<meta property=\"article:published_time\" content=\"2022-12-26T13:29:33+00:00\" \/>\n<meta property=\"article:modified_time\" content=\"2023-07-07T17:17:03+00:00\" \/>\n<meta property=\"og:image\" content=\"https:\/\/blogdoere.com.br\/wp-content\/uploads\/2022\/12\/WhatsApp-Image-2022-12-26-at-10.33.11.jpeg\" \/>\n\t<meta property=\"og:image:width\" content=\"1115\" \/>\n\t<meta property=\"og:image:height\" content=\"1380\" \/>\n\t<meta property=\"og:image:type\" content=\"image\/jpeg\" \/>\n<meta name=\"author\" content=\"blogdoere@hotmail.com\" \/>\n<meta name=\"twitter:card\" content=\"summary_large_image\" \/>\n<meta name=\"twitter:label1\" content=\"Escrito por\" \/>\n\t<meta name=\"twitter:data1\" content=\"blogdoere@hotmail.com\" \/>\n\t<meta name=\"twitter:label2\" content=\"Tempo estimado de leitura\" \/>\n\t<meta name=\"twitter:data2\" content=\"3 minutos\" \/>\n<script type=\"application\/ld+json\" class=\"yoast-schema-graph\">{\"@context\":\"https:\/\/schema.org\",\"@graph\":[{\"@type\":\"Article\",\"@id\":\"https:\/\/blogdoere.com.br\/?p=28393#article\",\"isPartOf\":{\"@id\":\"https:\/\/blogdoere.com.br\/?p=28393\"},\"author\":{\"name\":\"blogdoere@hotmail.com\",\"@id\":\"https:\/\/blogdoere.com.br\/#\/schema\/person\/c4f6d566a44c7bacdda563667715d18b\"},\"headline\":\"ITAJU\u00cdPE E O SISTEMA DE CULTURA\",\"datePublished\":\"2022-12-26T13:29:33+00:00\",\"dateModified\":\"2023-07-07T17:17:03+00:00\",\"mainEntityOfPage\":{\"@id\":\"https:\/\/blogdoere.com.br\/?p=28393\"},\"wordCount\":502,\"commentCount\":0,\"publisher\":{\"@id\":\"https:\/\/blogdoere.com.br\/#organization\"},\"articleSection\":[\"Cultura\"],\"inLanguage\":\"pt-PT\",\"potentialAction\":[{\"@type\":\"CommentAction\",\"name\":\"Comment\",\"target\":[\"https:\/\/blogdoere.com.br\/?p=28393#respond\"]}]},{\"@type\":\"WebPage\",\"@id\":\"https:\/\/blogdoere.com.br\/?p=28393\",\"url\":\"https:\/\/blogdoere.com.br\/?p=28393\",\"name\":\"ITAJU\u00cdPE E O SISTEMA DE CULTURA - blog do er\u00ea\",\"isPartOf\":{\"@id\":\"https:\/\/blogdoere.com.br\/#website\"},\"datePublished\":\"2022-12-26T13:29:33+00:00\",\"dateModified\":\"2023-07-07T17:17:03+00:00\",\"breadcrumb\":{\"@id\":\"https:\/\/blogdoere.com.br\/?p=28393#breadcrumb\"},\"inLanguage\":\"pt-PT\",\"potentialAction\":[{\"@type\":\"ReadAction\",\"target\":[\"https:\/\/blogdoere.com.br\/?p=28393\"]}]},{\"@type\":\"BreadcrumbList\",\"@id\":\"https:\/\/blogdoere.com.br\/?p=28393#breadcrumb\",\"itemListElement\":[{\"@type\":\"ListItem\",\"position\":1,\"name\":\"In\u00edcio\",\"item\":\"https:\/\/blogdoere.com.br\/\"},{\"@type\":\"ListItem\",\"position\":2,\"name\":\"ITAJU\u00cdPE E O SISTEMA DE CULTURA\"}]},{\"@type\":\"WebSite\",\"@id\":\"https:\/\/blogdoere.com.br\/#website\",\"url\":\"https:\/\/blogdoere.com.br\/\",\"name\":\"blog do er\u00ea\",\"description\":\"\",\"publisher\":{\"@id\":\"https:\/\/blogdoere.com.br\/#organization\"},\"potentialAction\":[{\"@type\":\"SearchAction\",\"target\":{\"@type\":\"EntryPoint\",\"urlTemplate\":\"https:\/\/blogdoere.com.br\/?s={search_term_string}\"},\"query-input\":\"required name=search_term_string\"}],\"inLanguage\":\"pt-PT\"},{\"@type\":\"Organization\",\"@id\":\"https:\/\/blogdoere.com.br\/#organization\",\"name\":\"Blog do Er\u00ea\",\"url\":\"https:\/\/blogdoere.com.br\/\",\"logo\":{\"@type\":\"ImageObject\",\"inLanguage\":\"pt-PT\",\"@id\":\"https:\/\/blogdoere.com.br\/#\/schema\/logo\/image\/\",\"url\":\"https:\/\/blogdoere.com.br\/wp-content\/uploads\/2021\/11\/Logo-Ere-1.png\",\"contentUrl\":\"https:\/\/blogdoere.com.br\/wp-content\/uploads\/2021\/11\/Logo-Ere-1.png\",\"width\":1261,\"height\":1330,\"caption\":\"Blog do Er\u00ea\"},\"image\":{\"@id\":\"https:\/\/blogdoere.com.br\/#\/schema\/logo\/image\/\"}},{\"@type\":\"Person\",\"@id\":\"https:\/\/blogdoere.com.br\/#\/schema\/person\/c4f6d566a44c7bacdda563667715d18b\",\"name\":\"blogdoere@hotmail.com\",\"image\":{\"@type\":\"ImageObject\",\"inLanguage\":\"pt-PT\",\"@id\":\"https:\/\/blogdoere.com.br\/#\/schema\/person\/image\/\",\"url\":\"https:\/\/secure.gravatar.com\/avatar\/5684bd39df1289cb639b4ab539d6fcad69420e4a29521548fc078c58ed122fe6?s=96&d=mm&r=g\",\"contentUrl\":\"https:\/\/secure.gravatar.com\/avatar\/5684bd39df1289cb639b4ab539d6fcad69420e4a29521548fc078c58ed122fe6?s=96&d=mm&r=g\",\"caption\":\"blogdoere@hotmail.com\"},\"sameAs\":[\"http:\/\/blogdoere.com.br\"]}]}<\/script>\n<!-- \/ Yoast SEO plugin. -->","yoast_head_json":{"title":"ITAJU\u00cdPE E O SISTEMA DE CULTURA - blog do er\u00ea","robots":{"index":"index","follow":"follow","max-snippet":"max-snippet:-1","max-image-preview":"max-image-preview:large","max-video-preview":"max-video-preview:-1"},"canonical":"https:\/\/blogdoere.com.br\/?p=28393","og_locale":"pt_PT","og_type":"article","og_title":"ITAJU\u00cdPE E O SISTEMA DE CULTURA - blog do er\u00ea","og_description":"A discuss\u00e3o para cria\u00e7\u00e3o do Sistema Nacional de Cultura come\u00e7ou na metade da d\u00e9cada 2000, naquela ocasi\u00e3o, um avan\u00e7o para a gest\u00e3o cultural, principalmente para os estados e munic\u00edpios na...","og_url":"https:\/\/blogdoere.com.br\/?p=28393","og_site_name":"blog do er\u00ea","article_published_time":"2022-12-26T13:29:33+00:00","article_modified_time":"2023-07-07T17:17:03+00:00","og_image":[{"width":1115,"height":1380,"url":"https:\/\/blogdoere.com.br\/wp-content\/uploads\/2022\/12\/WhatsApp-Image-2022-12-26-at-10.33.11.jpeg","type":"image\/jpeg"}],"author":"blogdoere@hotmail.com","twitter_card":"summary_large_image","twitter_misc":{"Escrito por":"blogdoere@hotmail.com","Tempo estimado de leitura":"3 minutos"},"schema":{"@context":"https:\/\/schema.org","@graph":[{"@type":"Article","@id":"https:\/\/blogdoere.com.br\/?p=28393#article","isPartOf":{"@id":"https:\/\/blogdoere.com.br\/?p=28393"},"author":{"name":"blogdoere@hotmail.com","@id":"https:\/\/blogdoere.com.br\/#\/schema\/person\/c4f6d566a44c7bacdda563667715d18b"},"headline":"ITAJU\u00cdPE E O SISTEMA DE CULTURA","datePublished":"2022-12-26T13:29:33+00:00","dateModified":"2023-07-07T17:17:03+00:00","mainEntityOfPage":{"@id":"https:\/\/blogdoere.com.br\/?p=28393"},"wordCount":502,"commentCount":0,"publisher":{"@id":"https:\/\/blogdoere.com.br\/#organization"},"articleSection":["Cultura"],"inLanguage":"pt-PT","potentialAction":[{"@type":"CommentAction","name":"Comment","target":["https:\/\/blogdoere.com.br\/?p=28393#respond"]}]},{"@type":"WebPage","@id":"https:\/\/blogdoere.com.br\/?p=28393","url":"https:\/\/blogdoere.com.br\/?p=28393","name":"ITAJU\u00cdPE E O SISTEMA DE CULTURA - blog do er\u00ea","isPartOf":{"@id":"https:\/\/blogdoere.com.br\/#website"},"datePublished":"2022-12-26T13:29:33+00:00","dateModified":"2023-07-07T17:17:03+00:00","breadcrumb":{"@id":"https:\/\/blogdoere.com.br\/?p=28393#breadcrumb"},"inLanguage":"pt-PT","potentialAction":[{"@type":"ReadAction","target":["https:\/\/blogdoere.com.br\/?p=28393"]}]},{"@type":"BreadcrumbList","@id":"https:\/\/blogdoere.com.br\/?p=28393#breadcrumb","itemListElement":[{"@type":"ListItem","position":1,"name":"In\u00edcio","item":"https:\/\/blogdoere.com.br\/"},{"@type":"ListItem","position":2,"name":"ITAJU\u00cdPE E O SISTEMA DE CULTURA"}]},{"@type":"WebSite","@id":"https:\/\/blogdoere.com.br\/#website","url":"https:\/\/blogdoere.com.br\/","name":"blog do er\u00ea","description":"","publisher":{"@id":"https:\/\/blogdoere.com.br\/#organization"},"potentialAction":[{"@type":"SearchAction","target":{"@type":"EntryPoint","urlTemplate":"https:\/\/blogdoere.com.br\/?s={search_term_string}"},"query-input":"required name=search_term_string"}],"inLanguage":"pt-PT"},{"@type":"Organization","@id":"https:\/\/blogdoere.com.br\/#organization","name":"Blog do Er\u00ea","url":"https:\/\/blogdoere.com.br\/","logo":{"@type":"ImageObject","inLanguage":"pt-PT","@id":"https:\/\/blogdoere.com.br\/#\/schema\/logo\/image\/","url":"https:\/\/blogdoere.com.br\/wp-content\/uploads\/2021\/11\/Logo-Ere-1.png","contentUrl":"https:\/\/blogdoere.com.br\/wp-content\/uploads\/2021\/11\/Logo-Ere-1.png","width":1261,"height":1330,"caption":"Blog do Er\u00ea"},"image":{"@id":"https:\/\/blogdoere.com.br\/#\/schema\/logo\/image\/"}},{"@type":"Person","@id":"https:\/\/blogdoere.com.br\/#\/schema\/person\/c4f6d566a44c7bacdda563667715d18b","name":"blogdoere@hotmail.com","image":{"@type":"ImageObject","inLanguage":"pt-PT","@id":"https:\/\/blogdoere.com.br\/#\/schema\/person\/image\/","url":"https:\/\/secure.gravatar.com\/avatar\/5684bd39df1289cb639b4ab539d6fcad69420e4a29521548fc078c58ed122fe6?s=96&d=mm&r=g","contentUrl":"https:\/\/secure.gravatar.com\/avatar\/5684bd39df1289cb639b4ab539d6fcad69420e4a29521548fc078c58ed122fe6?s=96&d=mm&r=g","caption":"blogdoere@hotmail.com"},"sameAs":["http:\/\/blogdoere.com.br"]}]}},"featured_image_urls":{"full":["https:\/\/blogdoere.com.br\/wp-content\/uploads\/2022\/12\/WhatsApp-Image-2022-12-26-at-10.33.11.jpeg",1115,1380,false],"thumbnail":["https:\/\/blogdoere.com.br\/wp-content\/uploads\/2022\/12\/WhatsApp-Image-2022-12-26-at-10.33.11-150x150.jpeg",150,150,true],"medium":["https:\/\/blogdoere.com.br\/wp-content\/uploads\/2022\/12\/WhatsApp-Image-2022-12-26-at-10.33.11-242x300.jpeg",242,300,true],"medium_large":["https:\/\/blogdoere.com.br\/wp-content\/uploads\/2022\/12\/WhatsApp-Image-2022-12-26-at-10.33.11-768x951.jpeg",768,951,true],"large":["https:\/\/blogdoere.com.br\/wp-content\/uploads\/2022\/12\/WhatsApp-Image-2022-12-26-at-10.33.11-827x1024.jpeg",827,1024,true],"1536x1536":["https:\/\/blogdoere.com.br\/wp-content\/uploads\/2022\/12\/WhatsApp-Image-2022-12-26-at-10.33.11.jpeg",1115,1380,false],"2048x2048":["https:\/\/blogdoere.com.br\/wp-content\/uploads\/2022\/12\/WhatsApp-Image-2022-12-26-at-10.33.11.jpeg",1115,1380,false]},"author_info":{"display_name":"blogdoere@hotmail.com","author_link":"https:\/\/blogdoere.com.br\/?author=1"},"category_info":"<a href=\"https:\/\/blogdoere.com.br\/?cat=37\" rel=\"category\">Cultura<\/a>","tag_info":"Cultura","comment_count":"0","_links":{"self":[{"href":"https:\/\/blogdoere.com.br\/index.php?rest_route=\/wp\/v2\/posts\/28393","targetHints":{"allow":["GET"]}}],"collection":[{"href":"https:\/\/blogdoere.com.br\/index.php?rest_route=\/wp\/v2\/posts"}],"about":[{"href":"https:\/\/blogdoere.com.br\/index.php?rest_route=\/wp\/v2\/types\/post"}],"author":[{"embeddable":true,"href":"https:\/\/blogdoere.com.br\/index.php?rest_route=\/wp\/v2\/users\/1"}],"replies":[{"embeddable":true,"href":"https:\/\/blogdoere.com.br\/index.php?rest_route=%2Fwp%2Fv2%2Fcomments&post=28393"}],"version-history":[{"count":4,"href":"https:\/\/blogdoere.com.br\/index.php?rest_route=\/wp\/v2\/posts\/28393\/revisions"}],"predecessor-version":[{"id":28590,"href":"https:\/\/blogdoere.com.br\/index.php?rest_route=\/wp\/v2\/posts\/28393\/revisions\/28590"}],"wp:featuredmedia":[{"embeddable":true,"href":"https:\/\/blogdoere.com.br\/index.php?rest_route=\/wp\/v2\/media\/28397"}],"wp:attachment":[{"href":"https:\/\/blogdoere.com.br\/index.php?rest_route=%2Fwp%2Fv2%2Fmedia&parent=28393"}],"wp:term":[{"taxonomy":"category","embeddable":true,"href":"https:\/\/blogdoere.com.br\/index.php?rest_route=%2Fwp%2Fv2%2Fcategories&post=28393"},{"taxonomy":"post_tag","embeddable":true,"href":"https:\/\/blogdoere.com.br\/index.php?rest_route=%2Fwp%2Fv2%2Ftags&post=28393"}],"curies":[{"name":"wp","href":"https:\/\/api.w.org\/{rel}","templated":true}]}}