{"id":28427,"date":"2023-01-31T01:28:06","date_gmt":"2023-01-31T01:28:06","guid":{"rendered":"https:\/\/blogdoere.com.br\/?p=28427"},"modified":"2023-01-31T01:44:04","modified_gmt":"2023-01-31T01:44:04","slug":"itajuipe-alianca-realiza-segunda-roda-de-conversa-do-ciclo-de-cultura","status":"publish","type":"post","link":"https:\/\/blogdoere.com.br\/?p=28427","title":{"rendered":"ITAJU\u00cdPE: ALIAN\u00c7A REALIZA SEGUNDA RODA DE CONVERSA DO CICLO DE CULTURA"},"content":{"rendered":"\n<figure class=\"wp-block-image size-large\"><img decoding=\"async\" width=\"1024\" height=\"628\" src=\"https:\/\/blogdoere.com.br\/wp-content\/uploads\/2023\/01\/IMG-20230130-WA0144-1024x628.jpg\" alt=\"\" class=\"wp-image-28428\" srcset=\"https:\/\/blogdoere.com.br\/wp-content\/uploads\/2023\/01\/IMG-20230130-WA0144-1024x628.jpg 1024w, https:\/\/blogdoere.com.br\/wp-content\/uploads\/2023\/01\/IMG-20230130-WA0144-300x184.jpg 300w, https:\/\/blogdoere.com.br\/wp-content\/uploads\/2023\/01\/IMG-20230130-WA0144-768x471.jpg 768w, https:\/\/blogdoere.com.br\/wp-content\/uploads\/2023\/01\/IMG-20230130-WA0144.jpg 1280w\" sizes=\"(max-width: 1024px) 100vw, 1024px\" \/><\/figure>\n\n\n\n<p class=\"has-text-align-justify\">Aconteceu ontem (29\/01), no Espa\u00e7o Cultural Primeiro de Janeiro, a 2\u00aa Roda de Conversa do Ciclo de Cultura e Criatividade Alian\u00e7a. O evento contou com a participa\u00e7\u00e3o de artistas, agentes culturais, professores e estudantes itajuipenses.<\/p>\n\n\n\n<p class=\"has-text-align-justify\">O Ciclo de Cultura e Criatividade Alian\u00e7a tem o objetivo&nbsp; estabelecer um di\u00e1logo entre artistas e agentes culturais do munic\u00edpio sobre cultura e identidade local. O pr\u00f3ximo encontro ser\u00e1 a sess\u00e3o do Cine Clube Alian\u00e7a, com o filme &#8216;A Cole\u00e7\u00e3o Invis\u00edvel&#8217; (2012).<\/p>\n\n\n\n<figure class=\"wp-block-image size-large\"><img decoding=\"async\" width=\"1024\" height=\"570\" src=\"https:\/\/blogdoere.com.br\/wp-content\/uploads\/2023\/01\/IMG-20230130-WA0143-1024x570.jpg\" alt=\"\" class=\"wp-image-28429\" srcset=\"https:\/\/blogdoere.com.br\/wp-content\/uploads\/2023\/01\/IMG-20230130-WA0143-1024x570.jpg 1024w, https:\/\/blogdoere.com.br\/wp-content\/uploads\/2023\/01\/IMG-20230130-WA0143-300x167.jpg 300w, https:\/\/blogdoere.com.br\/wp-content\/uploads\/2023\/01\/IMG-20230130-WA0143-768x428.jpg 768w, https:\/\/blogdoere.com.br\/wp-content\/uploads\/2023\/01\/IMG-20230130-WA0143.jpg 1280w\" sizes=\"(max-width: 1024px) 100vw, 1024px\" \/><\/figure>\n\n\n\n<p class=\"has-text-align-justify\">O Ciclo de Cultura e Criatividade Alian\u00e7a \u00e9 uma realiza\u00e7\u00e3o da Sociedade Alian\u00e7a dos Artistas e Oper\u00e1rios de Pirangi, entidade privada sem fins lucrativos.&nbsp;<\/p>\n","protected":false},"excerpt":{"rendered":"<p>Aconteceu ontem (29\/01), no Espa\u00e7o Cultural Primeiro de Janeiro, a 2\u00aa Roda de Conversa do Ciclo de Cultura e Criatividade Alian\u00e7a. O evento contou com a participa\u00e7\u00e3o de artistas, agentes&#8230;<\/p>\n","protected":false},"author":1,"featured_media":28429,"comment_status":"open","ping_status":"open","sticky":false,"template":"","format":"standard","meta":{"_editorskit_title_hidden":false,"_editorskit_reading_time":1,"_editorskit_is_block_options_detached":false,"_editorskit_block_options_position":"{}","om_disable_all_campaigns":false,"_mi_skip_tracking":false,"_kad_post_transparent":"","_kad_post_title":"","_kad_post_layout":"","_kad_post_sidebar_id":"","_kad_post_content_style":"","_kad_post_vertical_padding":"","_kad_post_feature":"","_kad_post_feature_position":"","_kad_post_header":false,"_kad_post_footer":false,"footnotes":""},"categories":[37],"tags":[],"class_list":["post-28427","post","type-post","status-publish","format-standard","has-post-thumbnail","hentry","category-cultura"],"yoast_head":"<!-- This site is optimized with the Yoast SEO plugin v20.5 - https:\/\/yoast.com\/wordpress\/plugins\/seo\/ -->\n<title>ITAJU\u00cdPE: ALIAN\u00c7A REALIZA SEGUNDA RODA DE CONVERSA DO CICLO DE CULTURA - blog do er\u00ea<\/title>\n<meta name=\"robots\" content=\"index, follow, max-snippet:-1, max-image-preview:large, max-video-preview:-1\" \/>\n<link rel=\"canonical\" href=\"https:\/\/blogdoere.com.br\/?p=28427\" \/>\n<meta property=\"og:locale\" content=\"pt_PT\" \/>\n<meta property=\"og:type\" content=\"article\" \/>\n<meta property=\"og:title\" content=\"ITAJU\u00cdPE: ALIAN\u00c7A REALIZA SEGUNDA RODA DE CONVERSA DO CICLO DE CULTURA - blog do er\u00ea\" \/>\n<meta property=\"og:description\" content=\"Aconteceu ontem (29\/01), no Espa\u00e7o Cultural Primeiro de Janeiro, a 2\u00aa Roda de Conversa do Ciclo de Cultura e Criatividade Alian\u00e7a. O evento contou com a participa\u00e7\u00e3o de artistas, agentes...\" \/>\n<meta property=\"og:url\" content=\"https:\/\/blogdoere.com.br\/?p=28427\" \/>\n<meta property=\"og:site_name\" content=\"blog do er\u00ea\" \/>\n<meta property=\"article:published_time\" content=\"2023-01-31T01:28:06+00:00\" \/>\n<meta property=\"article:modified_time\" content=\"2023-01-31T01:44:04+00:00\" \/>\n<meta property=\"og:image\" content=\"https:\/\/blogdoere.com.br\/wp-content\/uploads\/2023\/01\/IMG-20230130-WA0143.jpg\" \/>\n\t<meta property=\"og:image:width\" content=\"1280\" \/>\n\t<meta property=\"og:image:height\" content=\"713\" \/>\n\t<meta property=\"og:image:type\" content=\"image\/jpeg\" \/>\n<meta name=\"author\" content=\"blogdoere@hotmail.com\" \/>\n<meta name=\"twitter:card\" content=\"summary_large_image\" \/>\n<meta name=\"twitter:label1\" content=\"Escrito por\" \/>\n\t<meta name=\"twitter:data1\" content=\"blogdoere@hotmail.com\" \/>\n\t<meta name=\"twitter:label2\" content=\"Tempo estimado de leitura\" \/>\n\t<meta name=\"twitter:data2\" content=\"1 minuto\" \/>\n<script type=\"application\/ld+json\" class=\"yoast-schema-graph\">{\"@context\":\"https:\/\/schema.org\",\"@graph\":[{\"@type\":\"Article\",\"@id\":\"https:\/\/blogdoere.com.br\/?p=28427#article\",\"isPartOf\":{\"@id\":\"https:\/\/blogdoere.com.br\/?p=28427\"},\"author\":{\"name\":\"blogdoere@hotmail.com\",\"@id\":\"https:\/\/blogdoere.com.br\/#\/schema\/person\/c4f6d566a44c7bacdda563667715d18b\"},\"headline\":\"ITAJU\u00cdPE: ALIAN\u00c7A REALIZA SEGUNDA RODA DE CONVERSA DO CICLO DE CULTURA\",\"datePublished\":\"2023-01-31T01:28:06+00:00\",\"dateModified\":\"2023-01-31T01:44:04+00:00\",\"mainEntityOfPage\":{\"@id\":\"https:\/\/blogdoere.com.br\/?p=28427\"},\"wordCount\":127,\"commentCount\":0,\"publisher\":{\"@id\":\"https:\/\/blogdoere.com.br\/#organization\"},\"articleSection\":[\"Cultura\"],\"inLanguage\":\"pt-PT\",\"potentialAction\":[{\"@type\":\"CommentAction\",\"name\":\"Comment\",\"target\":[\"https:\/\/blogdoere.com.br\/?p=28427#respond\"]}]},{\"@type\":\"WebPage\",\"@id\":\"https:\/\/blogdoere.com.br\/?p=28427\",\"url\":\"https:\/\/blogdoere.com.br\/?p=28427\",\"name\":\"ITAJU\u00cdPE: ALIAN\u00c7A REALIZA SEGUNDA RODA DE CONVERSA DO CICLO DE CULTURA - blog do er\u00ea\",\"isPartOf\":{\"@id\":\"https:\/\/blogdoere.com.br\/#website\"},\"datePublished\":\"2023-01-31T01:28:06+00:00\",\"dateModified\":\"2023-01-31T01:44:04+00:00\",\"breadcrumb\":{\"@id\":\"https:\/\/blogdoere.com.br\/?p=28427#breadcrumb\"},\"inLanguage\":\"pt-PT\",\"potentialAction\":[{\"@type\":\"ReadAction\",\"target\":[\"https:\/\/blogdoere.com.br\/?p=28427\"]}]},{\"@type\":\"BreadcrumbList\",\"@id\":\"https:\/\/blogdoere.com.br\/?p=28427#breadcrumb\",\"itemListElement\":[{\"@type\":\"ListItem\",\"position\":1,\"name\":\"In\u00edcio\",\"item\":\"https:\/\/blogdoere.com.br\/\"},{\"@type\":\"ListItem\",\"position\":2,\"name\":\"ITAJU\u00cdPE: ALIAN\u00c7A REALIZA SEGUNDA RODA DE CONVERSA DO CICLO DE CULTURA\"}]},{\"@type\":\"WebSite\",\"@id\":\"https:\/\/blogdoere.com.br\/#website\",\"url\":\"https:\/\/blogdoere.com.br\/\",\"name\":\"blog do er\u00ea\",\"description\":\"\",\"publisher\":{\"@id\":\"https:\/\/blogdoere.com.br\/#organization\"},\"potentialAction\":[{\"@type\":\"SearchAction\",\"target\":{\"@type\":\"EntryPoint\",\"urlTemplate\":\"https:\/\/blogdoere.com.br\/?s={search_term_string}\"},\"query-input\":\"required name=search_term_string\"}],\"inLanguage\":\"pt-PT\"},{\"@type\":\"Organization\",\"@id\":\"https:\/\/blogdoere.com.br\/#organization\",\"name\":\"Blog do Er\u00ea\",\"url\":\"https:\/\/blogdoere.com.br\/\",\"logo\":{\"@type\":\"ImageObject\",\"inLanguage\":\"pt-PT\",\"@id\":\"https:\/\/blogdoere.com.br\/#\/schema\/logo\/image\/\",\"url\":\"https:\/\/blogdoere.com.br\/wp-content\/uploads\/2021\/11\/Logo-Ere-1.png\",\"contentUrl\":\"https:\/\/blogdoere.com.br\/wp-content\/uploads\/2021\/11\/Logo-Ere-1.png\",\"width\":1261,\"height\":1330,\"caption\":\"Blog do Er\u00ea\"},\"image\":{\"@id\":\"https:\/\/blogdoere.com.br\/#\/schema\/logo\/image\/\"}},{\"@type\":\"Person\",\"@id\":\"https:\/\/blogdoere.com.br\/#\/schema\/person\/c4f6d566a44c7bacdda563667715d18b\",\"name\":\"blogdoere@hotmail.com\",\"image\":{\"@type\":\"ImageObject\",\"inLanguage\":\"pt-PT\",\"@id\":\"https:\/\/blogdoere.com.br\/#\/schema\/person\/image\/\",\"url\":\"https:\/\/secure.gravatar.com\/avatar\/5684bd39df1289cb639b4ab539d6fcad69420e4a29521548fc078c58ed122fe6?s=96&d=mm&r=g\",\"contentUrl\":\"https:\/\/secure.gravatar.com\/avatar\/5684bd39df1289cb639b4ab539d6fcad69420e4a29521548fc078c58ed122fe6?s=96&d=mm&r=g\",\"caption\":\"blogdoere@hotmail.com\"},\"sameAs\":[\"http:\/\/blogdoere.com.br\"]}]}<\/script>\n<!-- \/ Yoast SEO plugin. -->","yoast_head_json":{"title":"ITAJU\u00cdPE: ALIAN\u00c7A REALIZA SEGUNDA RODA DE CONVERSA DO CICLO DE CULTURA - blog do er\u00ea","robots":{"index":"index","follow":"follow","max-snippet":"max-snippet:-1","max-image-preview":"max-image-preview:large","max-video-preview":"max-video-preview:-1"},"canonical":"https:\/\/blogdoere.com.br\/?p=28427","og_locale":"pt_PT","og_type":"article","og_title":"ITAJU\u00cdPE: ALIAN\u00c7A REALIZA SEGUNDA RODA DE CONVERSA DO CICLO DE CULTURA - blog do er\u00ea","og_description":"Aconteceu ontem (29\/01), no Espa\u00e7o Cultural Primeiro de Janeiro, a 2\u00aa Roda de Conversa do Ciclo de Cultura e Criatividade Alian\u00e7a. O evento contou com a participa\u00e7\u00e3o de artistas, agentes...","og_url":"https:\/\/blogdoere.com.br\/?p=28427","og_site_name":"blog do er\u00ea","article_published_time":"2023-01-31T01:28:06+00:00","article_modified_time":"2023-01-31T01:44:04+00:00","og_image":[{"width":1280,"height":713,"url":"https:\/\/blogdoere.com.br\/wp-content\/uploads\/2023\/01\/IMG-20230130-WA0143.jpg","type":"image\/jpeg"}],"author":"blogdoere@hotmail.com","twitter_card":"summary_large_image","twitter_misc":{"Escrito por":"blogdoere@hotmail.com","Tempo estimado de leitura":"1 minuto"},"schema":{"@context":"https:\/\/schema.org","@graph":[{"@type":"Article","@id":"https:\/\/blogdoere.com.br\/?p=28427#article","isPartOf":{"@id":"https:\/\/blogdoere.com.br\/?p=28427"},"author":{"name":"blogdoere@hotmail.com","@id":"https:\/\/blogdoere.com.br\/#\/schema\/person\/c4f6d566a44c7bacdda563667715d18b"},"headline":"ITAJU\u00cdPE: ALIAN\u00c7A REALIZA SEGUNDA RODA DE CONVERSA DO CICLO DE CULTURA","datePublished":"2023-01-31T01:28:06+00:00","dateModified":"2023-01-31T01:44:04+00:00","mainEntityOfPage":{"@id":"https:\/\/blogdoere.com.br\/?p=28427"},"wordCount":127,"commentCount":0,"publisher":{"@id":"https:\/\/blogdoere.com.br\/#organization"},"articleSection":["Cultura"],"inLanguage":"pt-PT","potentialAction":[{"@type":"CommentAction","name":"Comment","target":["https:\/\/blogdoere.com.br\/?p=28427#respond"]}]},{"@type":"WebPage","@id":"https:\/\/blogdoere.com.br\/?p=28427","url":"https:\/\/blogdoere.com.br\/?p=28427","name":"ITAJU\u00cdPE: ALIAN\u00c7A REALIZA SEGUNDA RODA DE CONVERSA DO CICLO DE CULTURA - blog do er\u00ea","isPartOf":{"@id":"https:\/\/blogdoere.com.br\/#website"},"datePublished":"2023-01-31T01:28:06+00:00","dateModified":"2023-01-31T01:44:04+00:00","breadcrumb":{"@id":"https:\/\/blogdoere.com.br\/?p=28427#breadcrumb"},"inLanguage":"pt-PT","potentialAction":[{"@type":"ReadAction","target":["https:\/\/blogdoere.com.br\/?p=28427"]}]},{"@type":"BreadcrumbList","@id":"https:\/\/blogdoere.com.br\/?p=28427#breadcrumb","itemListElement":[{"@type":"ListItem","position":1,"name":"In\u00edcio","item":"https:\/\/blogdoere.com.br\/"},{"@type":"ListItem","position":2,"name":"ITAJU\u00cdPE: ALIAN\u00c7A REALIZA SEGUNDA RODA DE CONVERSA DO CICLO DE CULTURA"}]},{"@type":"WebSite","@id":"https:\/\/blogdoere.com.br\/#website","url":"https:\/\/blogdoere.com.br\/","name":"blog do er\u00ea","description":"","publisher":{"@id":"https:\/\/blogdoere.com.br\/#organization"},"potentialAction":[{"@type":"SearchAction","target":{"@type":"EntryPoint","urlTemplate":"https:\/\/blogdoere.com.br\/?s={search_term_string}"},"query-input":"required name=search_term_string"}],"inLanguage":"pt-PT"},{"@type":"Organization","@id":"https:\/\/blogdoere.com.br\/#organization","name":"Blog do Er\u00ea","url":"https:\/\/blogdoere.com.br\/","logo":{"@type":"ImageObject","inLanguage":"pt-PT","@id":"https:\/\/blogdoere.com.br\/#\/schema\/logo\/image\/","url":"https:\/\/blogdoere.com.br\/wp-content\/uploads\/2021\/11\/Logo-Ere-1.png","contentUrl":"https:\/\/blogdoere.com.br\/wp-content\/uploads\/2021\/11\/Logo-Ere-1.png","width":1261,"height":1330,"caption":"Blog do Er\u00ea"},"image":{"@id":"https:\/\/blogdoere.com.br\/#\/schema\/logo\/image\/"}},{"@type":"Person","@id":"https:\/\/blogdoere.com.br\/#\/schema\/person\/c4f6d566a44c7bacdda563667715d18b","name":"blogdoere@hotmail.com","image":{"@type":"ImageObject","inLanguage":"pt-PT","@id":"https:\/\/blogdoere.com.br\/#\/schema\/person\/image\/","url":"https:\/\/secure.gravatar.com\/avatar\/5684bd39df1289cb639b4ab539d6fcad69420e4a29521548fc078c58ed122fe6?s=96&d=mm&r=g","contentUrl":"https:\/\/secure.gravatar.com\/avatar\/5684bd39df1289cb639b4ab539d6fcad69420e4a29521548fc078c58ed122fe6?s=96&d=mm&r=g","caption":"blogdoere@hotmail.com"},"sameAs":["http:\/\/blogdoere.com.br"]}]}},"featured_image_urls":{"full":["https:\/\/blogdoere.com.br\/wp-content\/uploads\/2023\/01\/IMG-20230130-WA0143.jpg",1280,713,false],"thumbnail":["https:\/\/blogdoere.com.br\/wp-content\/uploads\/2023\/01\/IMG-20230130-WA0143-150x150.jpg",150,150,true],"medium":["https:\/\/blogdoere.com.br\/wp-content\/uploads\/2023\/01\/IMG-20230130-WA0143-300x167.jpg",300,167,true],"medium_large":["https:\/\/blogdoere.com.br\/wp-content\/uploads\/2023\/01\/IMG-20230130-WA0143-768x428.jpg",768,428,true],"large":["https:\/\/blogdoere.com.br\/wp-content\/uploads\/2023\/01\/IMG-20230130-WA0143-1024x570.jpg",1024,570,true],"1536x1536":["https:\/\/blogdoere.com.br\/wp-content\/uploads\/2023\/01\/IMG-20230130-WA0143.jpg",1280,713,false],"2048x2048":["https:\/\/blogdoere.com.br\/wp-content\/uploads\/2023\/01\/IMG-20230130-WA0143.jpg",1280,713,false]},"author_info":{"display_name":"blogdoere@hotmail.com","author_link":"https:\/\/blogdoere.com.br\/?author=1"},"category_info":"<a href=\"https:\/\/blogdoere.com.br\/?cat=37\" rel=\"category\">Cultura<\/a>","tag_info":"Cultura","comment_count":"0","_links":{"self":[{"href":"https:\/\/blogdoere.com.br\/index.php?rest_route=\/wp\/v2\/posts\/28427","targetHints":{"allow":["GET"]}}],"collection":[{"href":"https:\/\/blogdoere.com.br\/index.php?rest_route=\/wp\/v2\/posts"}],"about":[{"href":"https:\/\/blogdoere.com.br\/index.php?rest_route=\/wp\/v2\/types\/post"}],"author":[{"embeddable":true,"href":"https:\/\/blogdoere.com.br\/index.php?rest_route=\/wp\/v2\/users\/1"}],"replies":[{"embeddable":true,"href":"https:\/\/blogdoere.com.br\/index.php?rest_route=%2Fwp%2Fv2%2Fcomments&post=28427"}],"version-history":[{"count":2,"href":"https:\/\/blogdoere.com.br\/index.php?rest_route=\/wp\/v2\/posts\/28427\/revisions"}],"predecessor-version":[{"id":28433,"href":"https:\/\/blogdoere.com.br\/index.php?rest_route=\/wp\/v2\/posts\/28427\/revisions\/28433"}],"wp:featuredmedia":[{"embeddable":true,"href":"https:\/\/blogdoere.com.br\/index.php?rest_route=\/wp\/v2\/media\/28429"}],"wp:attachment":[{"href":"https:\/\/blogdoere.com.br\/index.php?rest_route=%2Fwp%2Fv2%2Fmedia&parent=28427"}],"wp:term":[{"taxonomy":"category","embeddable":true,"href":"https:\/\/blogdoere.com.br\/index.php?rest_route=%2Fwp%2Fv2%2Fcategories&post=28427"},{"taxonomy":"post_tag","embeddable":true,"href":"https:\/\/blogdoere.com.br\/index.php?rest_route=%2Fwp%2Fv2%2Ftags&post=28427"}],"curies":[{"name":"wp","href":"https:\/\/api.w.org\/{rel}","templated":true}]}}