{"id":28437,"date":"2023-02-23T20:25:32","date_gmt":"2023-02-23T20:25:32","guid":{"rendered":"https:\/\/blogdoere.com.br\/?p=28437"},"modified":"2023-02-23T20:25:33","modified_gmt":"2023-02-23T20:25:33","slug":"ilheus-produtores-de-cacau-anunciam-protesto-contra-importacao","status":"publish","type":"post","link":"https:\/\/blogdoere.com.br\/?p=28437","title":{"rendered":"ILH\u00c9US: PRODUTORES DE CACAU ANUNCIAM PROTESTO CONTRA IMPORTA\u00c7\u00c3O"},"content":{"rendered":"\n<figure class=\"wp-block-image size-full is-resized\"><img decoding=\"async\" src=\"https:\/\/blogdoere.com.br\/wp-content\/uploads\/2023\/02\/2020-10-28-fm-0515.jpg\" alt=\"\" class=\"wp-image-28438\" width=\"590\" height=\"427\" srcset=\"https:\/\/blogdoere.com.br\/wp-content\/uploads\/2023\/02\/2020-10-28-fm-0515.jpg 924w, https:\/\/blogdoere.com.br\/wp-content\/uploads\/2023\/02\/2020-10-28-fm-0515-300x218.jpg 300w, https:\/\/blogdoere.com.br\/wp-content\/uploads\/2023\/02\/2020-10-28-fm-0515-768x557.jpg 768w\" sizes=\"(max-width: 590px) 100vw, 590px\" \/><\/figure>\n\n\n\n<p class=\"has-text-align-justify\">A  Associa\u00e7\u00e3o Nacional dos Produtores de Cacau (ANPC) planeja fechar trechos da BR-101, em Ilh\u00e9us (BA), em protesto contra a chegada de mais um carregamento no porto da cidade de am\u00eandoas de cacau importadas da Costa do Marfim para processamento nas tr\u00eas multinacionais que atuam no Brasil (Olam Agr\u00edcola, Barry Callebaut e Cargill Agr\u00edcola).<\/p>\n\n\n\n<p class=\"has-text-align-justify\">O dia do protesto depende da chegada do navio, mas segundo Vanuza Lima Barroso, presidente da associa\u00e7\u00e3o, o movimento deve reunir cerca de 300 pessoas depois do Carnaval.Produtora em Itabuna e Ubaitaba, Vanuza explica que os cacauicultores querem a revoga\u00e7\u00e3o da Instru\u00e7\u00e3o Normativa (IN) 125\/21, do Minist\u00e9rio da Agricultura e Pecu\u00e1ria (Mapa), que retirou a exig\u00eancia fitossanit\u00e1ria para a importa\u00e7\u00e3o das am\u00eandoas do pa\u00eds africano, ignorando os riscos de trazer para o Brasil pragas e doen\u00e7as quarenten\u00e1rias (n\u00e3o existentes por aqui) como a Striga spp e a Phytoptora Megakaria, que poderiam contaminar a produ\u00e7\u00e3o de cacau e de outras culturas como soja, milho, arroz, feij\u00e3o, cana e sorgo.\u201cNa normativa anterior do minist\u00e9rio, de 2020, essas doen\u00e7as existiam na Costa do Marfim. <\/p>\n\n\n\n<p class=\"has-text-align-justify\">De um ano para o outro, desapareceram por um passe de m\u00e1gica\u201d, diz Vanuza, acrescentando que a instru\u00e7\u00e3o anterior exigia um tratamento com brometo de metila para o embarque das am\u00eandoas africanas.Segundo ela, a norma atende aos interesses das ind\u00fastrias moageiras e, para edit\u00e1-la, o Mapa ignorou v\u00e1rios protocolos e fez a vistoria de an\u00e1lise de risco de pragas em apenas uma cooperativa e um grande produtor e considerou que o pa\u00eds africano que produz o cacau mais barato do mundo tem mais de 1 milh\u00e3o de produtores, a maioria pequenos, estava livre dessas doen\u00e7as.<\/p>\n\n\n\n<p class=\"has-text-align-justify\">Fonte: Ipolitica <\/p>\n","protected":false},"excerpt":{"rendered":"<p>A Associa\u00e7\u00e3o Nacional dos Produtores de Cacau (ANPC) planeja fechar trechos da BR-101, em Ilh\u00e9us (BA), em protesto contra a chegada de mais um carregamento no porto da cidade de&#8230;<\/p>\n","protected":false},"author":1,"featured_media":28438,"comment_status":"open","ping_status":"open","sticky":false,"template":"","format":"standard","meta":{"_editorskit_title_hidden":false,"_editorskit_reading_time":0,"_editorskit_is_block_options_detached":false,"_editorskit_block_options_position":"{}","om_disable_all_campaigns":false,"_mi_skip_tracking":false,"_kad_post_transparent":"","_kad_post_title":"","_kad_post_layout":"","_kad_post_sidebar_id":"","_kad_post_content_style":"","_kad_post_vertical_padding":"","_kad_post_feature":"","_kad_post_feature_position":"","_kad_post_header":false,"_kad_post_footer":false,"footnotes":""},"categories":[75],"tags":[],"class_list":["post-28437","post","type-post","status-publish","format-standard","has-post-thumbnail","hentry","category-agricultura"],"yoast_head":"<!-- This site is optimized with the Yoast SEO plugin v20.5 - https:\/\/yoast.com\/wordpress\/plugins\/seo\/ -->\n<title>ILH\u00c9US: PRODUTORES DE CACAU ANUNCIAM PROTESTO CONTRA IMPORTA\u00c7\u00c3O - blog do er\u00ea<\/title>\n<meta name=\"robots\" content=\"index, follow, max-snippet:-1, max-image-preview:large, max-video-preview:-1\" \/>\n<link rel=\"canonical\" href=\"https:\/\/blogdoere.com.br\/?p=28437\" \/>\n<meta property=\"og:locale\" content=\"pt_PT\" \/>\n<meta property=\"og:type\" content=\"article\" \/>\n<meta property=\"og:title\" content=\"ILH\u00c9US: PRODUTORES DE CACAU ANUNCIAM PROTESTO CONTRA IMPORTA\u00c7\u00c3O - blog do er\u00ea\" \/>\n<meta property=\"og:description\" content=\"A Associa\u00e7\u00e3o Nacional dos Produtores de Cacau (ANPC) planeja fechar trechos da BR-101, em Ilh\u00e9us (BA), em protesto contra a chegada de mais um carregamento no porto da cidade de...\" \/>\n<meta property=\"og:url\" content=\"https:\/\/blogdoere.com.br\/?p=28437\" \/>\n<meta property=\"og:site_name\" content=\"blog do er\u00ea\" \/>\n<meta property=\"article:published_time\" content=\"2023-02-23T20:25:32+00:00\" \/>\n<meta property=\"article:modified_time\" content=\"2023-02-23T20:25:33+00:00\" \/>\n<meta property=\"og:image\" content=\"https:\/\/blogdoere.com.br\/wp-content\/uploads\/2023\/02\/2020-10-28-fm-0515.jpg\" \/>\n\t<meta property=\"og:image:width\" content=\"924\" \/>\n\t<meta property=\"og:image:height\" content=\"670\" \/>\n\t<meta property=\"og:image:type\" content=\"image\/jpeg\" \/>\n<meta name=\"author\" content=\"blogdoere@hotmail.com\" \/>\n<meta name=\"twitter:card\" content=\"summary_large_image\" \/>\n<meta name=\"twitter:label1\" content=\"Escrito por\" \/>\n\t<meta name=\"twitter:data1\" content=\"blogdoere@hotmail.com\" \/>\n\t<meta name=\"twitter:label2\" content=\"Tempo estimado de leitura\" \/>\n\t<meta name=\"twitter:data2\" content=\"2 minutos\" \/>\n<script type=\"application\/ld+json\" class=\"yoast-schema-graph\">{\"@context\":\"https:\/\/schema.org\",\"@graph\":[{\"@type\":\"Article\",\"@id\":\"https:\/\/blogdoere.com.br\/?p=28437#article\",\"isPartOf\":{\"@id\":\"https:\/\/blogdoere.com.br\/?p=28437\"},\"author\":{\"name\":\"blogdoere@hotmail.com\",\"@id\":\"https:\/\/blogdoere.com.br\/#\/schema\/person\/c4f6d566a44c7bacdda563667715d18b\"},\"headline\":\"ILH\u00c9US: PRODUTORES DE CACAU ANUNCIAM PROTESTO CONTRA IMPORTA\u00c7\u00c3O\",\"datePublished\":\"2023-02-23T20:25:32+00:00\",\"dateModified\":\"2023-02-23T20:25:33+00:00\",\"mainEntityOfPage\":{\"@id\":\"https:\/\/blogdoere.com.br\/?p=28437\"},\"wordCount\":314,\"commentCount\":0,\"publisher\":{\"@id\":\"https:\/\/blogdoere.com.br\/#organization\"},\"articleSection\":[\"Agricultura\"],\"inLanguage\":\"pt-PT\",\"potentialAction\":[{\"@type\":\"CommentAction\",\"name\":\"Comment\",\"target\":[\"https:\/\/blogdoere.com.br\/?p=28437#respond\"]}]},{\"@type\":\"WebPage\",\"@id\":\"https:\/\/blogdoere.com.br\/?p=28437\",\"url\":\"https:\/\/blogdoere.com.br\/?p=28437\",\"name\":\"ILH\u00c9US: PRODUTORES DE CACAU ANUNCIAM PROTESTO CONTRA IMPORTA\u00c7\u00c3O - blog do er\u00ea\",\"isPartOf\":{\"@id\":\"https:\/\/blogdoere.com.br\/#website\"},\"datePublished\":\"2023-02-23T20:25:32+00:00\",\"dateModified\":\"2023-02-23T20:25:33+00:00\",\"breadcrumb\":{\"@id\":\"https:\/\/blogdoere.com.br\/?p=28437#breadcrumb\"},\"inLanguage\":\"pt-PT\",\"potentialAction\":[{\"@type\":\"ReadAction\",\"target\":[\"https:\/\/blogdoere.com.br\/?p=28437\"]}]},{\"@type\":\"BreadcrumbList\",\"@id\":\"https:\/\/blogdoere.com.br\/?p=28437#breadcrumb\",\"itemListElement\":[{\"@type\":\"ListItem\",\"position\":1,\"name\":\"In\u00edcio\",\"item\":\"https:\/\/blogdoere.com.br\/\"},{\"@type\":\"ListItem\",\"position\":2,\"name\":\"ILH\u00c9US: PRODUTORES DE CACAU ANUNCIAM PROTESTO CONTRA IMPORTA\u00c7\u00c3O\"}]},{\"@type\":\"WebSite\",\"@id\":\"https:\/\/blogdoere.com.br\/#website\",\"url\":\"https:\/\/blogdoere.com.br\/\",\"name\":\"blog do er\u00ea\",\"description\":\"\",\"publisher\":{\"@id\":\"https:\/\/blogdoere.com.br\/#organization\"},\"potentialAction\":[{\"@type\":\"SearchAction\",\"target\":{\"@type\":\"EntryPoint\",\"urlTemplate\":\"https:\/\/blogdoere.com.br\/?s={search_term_string}\"},\"query-input\":\"required name=search_term_string\"}],\"inLanguage\":\"pt-PT\"},{\"@type\":\"Organization\",\"@id\":\"https:\/\/blogdoere.com.br\/#organization\",\"name\":\"Blog do Er\u00ea\",\"url\":\"https:\/\/blogdoere.com.br\/\",\"logo\":{\"@type\":\"ImageObject\",\"inLanguage\":\"pt-PT\",\"@id\":\"https:\/\/blogdoere.com.br\/#\/schema\/logo\/image\/\",\"url\":\"https:\/\/blogdoere.com.br\/wp-content\/uploads\/2021\/11\/Logo-Ere-1.png\",\"contentUrl\":\"https:\/\/blogdoere.com.br\/wp-content\/uploads\/2021\/11\/Logo-Ere-1.png\",\"width\":1261,\"height\":1330,\"caption\":\"Blog do Er\u00ea\"},\"image\":{\"@id\":\"https:\/\/blogdoere.com.br\/#\/schema\/logo\/image\/\"}},{\"@type\":\"Person\",\"@id\":\"https:\/\/blogdoere.com.br\/#\/schema\/person\/c4f6d566a44c7bacdda563667715d18b\",\"name\":\"blogdoere@hotmail.com\",\"image\":{\"@type\":\"ImageObject\",\"inLanguage\":\"pt-PT\",\"@id\":\"https:\/\/blogdoere.com.br\/#\/schema\/person\/image\/\",\"url\":\"https:\/\/secure.gravatar.com\/avatar\/5684bd39df1289cb639b4ab539d6fcad69420e4a29521548fc078c58ed122fe6?s=96&d=mm&r=g\",\"contentUrl\":\"https:\/\/secure.gravatar.com\/avatar\/5684bd39df1289cb639b4ab539d6fcad69420e4a29521548fc078c58ed122fe6?s=96&d=mm&r=g\",\"caption\":\"blogdoere@hotmail.com\"},\"sameAs\":[\"http:\/\/blogdoere.com.br\"]}]}<\/script>\n<!-- \/ Yoast SEO plugin. -->","yoast_head_json":{"title":"ILH\u00c9US: PRODUTORES DE CACAU ANUNCIAM PROTESTO CONTRA IMPORTA\u00c7\u00c3O - blog do er\u00ea","robots":{"index":"index","follow":"follow","max-snippet":"max-snippet:-1","max-image-preview":"max-image-preview:large","max-video-preview":"max-video-preview:-1"},"canonical":"https:\/\/blogdoere.com.br\/?p=28437","og_locale":"pt_PT","og_type":"article","og_title":"ILH\u00c9US: PRODUTORES DE CACAU ANUNCIAM PROTESTO CONTRA IMPORTA\u00c7\u00c3O - blog do er\u00ea","og_description":"A Associa\u00e7\u00e3o Nacional dos Produtores de Cacau (ANPC) planeja fechar trechos da BR-101, em Ilh\u00e9us (BA), em protesto contra a chegada de mais um carregamento no porto da cidade de...","og_url":"https:\/\/blogdoere.com.br\/?p=28437","og_site_name":"blog do er\u00ea","article_published_time":"2023-02-23T20:25:32+00:00","article_modified_time":"2023-02-23T20:25:33+00:00","og_image":[{"width":924,"height":670,"url":"https:\/\/blogdoere.com.br\/wp-content\/uploads\/2023\/02\/2020-10-28-fm-0515.jpg","type":"image\/jpeg"}],"author":"blogdoere@hotmail.com","twitter_card":"summary_large_image","twitter_misc":{"Escrito por":"blogdoere@hotmail.com","Tempo estimado de leitura":"2 minutos"},"schema":{"@context":"https:\/\/schema.org","@graph":[{"@type":"Article","@id":"https:\/\/blogdoere.com.br\/?p=28437#article","isPartOf":{"@id":"https:\/\/blogdoere.com.br\/?p=28437"},"author":{"name":"blogdoere@hotmail.com","@id":"https:\/\/blogdoere.com.br\/#\/schema\/person\/c4f6d566a44c7bacdda563667715d18b"},"headline":"ILH\u00c9US: PRODUTORES DE CACAU ANUNCIAM PROTESTO CONTRA IMPORTA\u00c7\u00c3O","datePublished":"2023-02-23T20:25:32+00:00","dateModified":"2023-02-23T20:25:33+00:00","mainEntityOfPage":{"@id":"https:\/\/blogdoere.com.br\/?p=28437"},"wordCount":314,"commentCount":0,"publisher":{"@id":"https:\/\/blogdoere.com.br\/#organization"},"articleSection":["Agricultura"],"inLanguage":"pt-PT","potentialAction":[{"@type":"CommentAction","name":"Comment","target":["https:\/\/blogdoere.com.br\/?p=28437#respond"]}]},{"@type":"WebPage","@id":"https:\/\/blogdoere.com.br\/?p=28437","url":"https:\/\/blogdoere.com.br\/?p=28437","name":"ILH\u00c9US: PRODUTORES DE CACAU ANUNCIAM PROTESTO CONTRA IMPORTA\u00c7\u00c3O - blog do er\u00ea","isPartOf":{"@id":"https:\/\/blogdoere.com.br\/#website"},"datePublished":"2023-02-23T20:25:32+00:00","dateModified":"2023-02-23T20:25:33+00:00","breadcrumb":{"@id":"https:\/\/blogdoere.com.br\/?p=28437#breadcrumb"},"inLanguage":"pt-PT","potentialAction":[{"@type":"ReadAction","target":["https:\/\/blogdoere.com.br\/?p=28437"]}]},{"@type":"BreadcrumbList","@id":"https:\/\/blogdoere.com.br\/?p=28437#breadcrumb","itemListElement":[{"@type":"ListItem","position":1,"name":"In\u00edcio","item":"https:\/\/blogdoere.com.br\/"},{"@type":"ListItem","position":2,"name":"ILH\u00c9US: PRODUTORES DE CACAU ANUNCIAM PROTESTO CONTRA IMPORTA\u00c7\u00c3O"}]},{"@type":"WebSite","@id":"https:\/\/blogdoere.com.br\/#website","url":"https:\/\/blogdoere.com.br\/","name":"blog do er\u00ea","description":"","publisher":{"@id":"https:\/\/blogdoere.com.br\/#organization"},"potentialAction":[{"@type":"SearchAction","target":{"@type":"EntryPoint","urlTemplate":"https:\/\/blogdoere.com.br\/?s={search_term_string}"},"query-input":"required name=search_term_string"}],"inLanguage":"pt-PT"},{"@type":"Organization","@id":"https:\/\/blogdoere.com.br\/#organization","name":"Blog do Er\u00ea","url":"https:\/\/blogdoere.com.br\/","logo":{"@type":"ImageObject","inLanguage":"pt-PT","@id":"https:\/\/blogdoere.com.br\/#\/schema\/logo\/image\/","url":"https:\/\/blogdoere.com.br\/wp-content\/uploads\/2021\/11\/Logo-Ere-1.png","contentUrl":"https:\/\/blogdoere.com.br\/wp-content\/uploads\/2021\/11\/Logo-Ere-1.png","width":1261,"height":1330,"caption":"Blog do Er\u00ea"},"image":{"@id":"https:\/\/blogdoere.com.br\/#\/schema\/logo\/image\/"}},{"@type":"Person","@id":"https:\/\/blogdoere.com.br\/#\/schema\/person\/c4f6d566a44c7bacdda563667715d18b","name":"blogdoere@hotmail.com","image":{"@type":"ImageObject","inLanguage":"pt-PT","@id":"https:\/\/blogdoere.com.br\/#\/schema\/person\/image\/","url":"https:\/\/secure.gravatar.com\/avatar\/5684bd39df1289cb639b4ab539d6fcad69420e4a29521548fc078c58ed122fe6?s=96&d=mm&r=g","contentUrl":"https:\/\/secure.gravatar.com\/avatar\/5684bd39df1289cb639b4ab539d6fcad69420e4a29521548fc078c58ed122fe6?s=96&d=mm&r=g","caption":"blogdoere@hotmail.com"},"sameAs":["http:\/\/blogdoere.com.br"]}]}},"featured_image_urls":{"full":["https:\/\/blogdoere.com.br\/wp-content\/uploads\/2023\/02\/2020-10-28-fm-0515.jpg",924,670,false],"thumbnail":["https:\/\/blogdoere.com.br\/wp-content\/uploads\/2023\/02\/2020-10-28-fm-0515-150x150.jpg",150,150,true],"medium":["https:\/\/blogdoere.com.br\/wp-content\/uploads\/2023\/02\/2020-10-28-fm-0515-300x218.jpg",300,218,true],"medium_large":["https:\/\/blogdoere.com.br\/wp-content\/uploads\/2023\/02\/2020-10-28-fm-0515-768x557.jpg",768,557,true],"large":["https:\/\/blogdoere.com.br\/wp-content\/uploads\/2023\/02\/2020-10-28-fm-0515.jpg",924,670,false],"1536x1536":["https:\/\/blogdoere.com.br\/wp-content\/uploads\/2023\/02\/2020-10-28-fm-0515.jpg",924,670,false],"2048x2048":["https:\/\/blogdoere.com.br\/wp-content\/uploads\/2023\/02\/2020-10-28-fm-0515.jpg",924,670,false]},"author_info":{"display_name":"blogdoere@hotmail.com","author_link":"https:\/\/blogdoere.com.br\/?author=1"},"category_info":"<a href=\"https:\/\/blogdoere.com.br\/?cat=75\" rel=\"category\">Agricultura<\/a>","tag_info":"Agricultura","comment_count":"0","_links":{"self":[{"href":"https:\/\/blogdoere.com.br\/index.php?rest_route=\/wp\/v2\/posts\/28437","targetHints":{"allow":["GET"]}}],"collection":[{"href":"https:\/\/blogdoere.com.br\/index.php?rest_route=\/wp\/v2\/posts"}],"about":[{"href":"https:\/\/blogdoere.com.br\/index.php?rest_route=\/wp\/v2\/types\/post"}],"author":[{"embeddable":true,"href":"https:\/\/blogdoere.com.br\/index.php?rest_route=\/wp\/v2\/users\/1"}],"replies":[{"embeddable":true,"href":"https:\/\/blogdoere.com.br\/index.php?rest_route=%2Fwp%2Fv2%2Fcomments&post=28437"}],"version-history":[{"count":1,"href":"https:\/\/blogdoere.com.br\/index.php?rest_route=\/wp\/v2\/posts\/28437\/revisions"}],"predecessor-version":[{"id":28441,"href":"https:\/\/blogdoere.com.br\/index.php?rest_route=\/wp\/v2\/posts\/28437\/revisions\/28441"}],"wp:featuredmedia":[{"embeddable":true,"href":"https:\/\/blogdoere.com.br\/index.php?rest_route=\/wp\/v2\/media\/28438"}],"wp:attachment":[{"href":"https:\/\/blogdoere.com.br\/index.php?rest_route=%2Fwp%2Fv2%2Fmedia&parent=28437"}],"wp:term":[{"taxonomy":"category","embeddable":true,"href":"https:\/\/blogdoere.com.br\/index.php?rest_route=%2Fwp%2Fv2%2Fcategories&post=28437"},{"taxonomy":"post_tag","embeddable":true,"href":"https:\/\/blogdoere.com.br\/index.php?rest_route=%2Fwp%2Fv2%2Ftags&post=28437"}],"curies":[{"name":"wp","href":"https:\/\/api.w.org\/{rel}","templated":true}]}}