{"id":28443,"date":"2023-02-28T02:29:42","date_gmt":"2023-02-28T02:29:42","guid":{"rendered":"https:\/\/blogdoere.com.br\/?p=28443"},"modified":"2023-02-28T03:44:16","modified_gmt":"2023-02-28T03:44:16","slug":"itajuipe-prefeito-leo-entrega-escola-otavio-portela-povoas-reformada","status":"publish","type":"post","link":"https:\/\/blogdoere.com.br\/?p=28443","title":{"rendered":"ITAJU\u00cdPE: PREFEITO L\u00c9O ENTREGA ESCOLA OT\u00c1VIO PORTELA P\u00d3VOAS REFORMADA."},"content":{"rendered":"<div class=\"wp-block-image\">\n<figure class=\"aligncenter size-full\"><img decoding=\"async\" width=\"549\" height=\"462\" src=\"https:\/\/blogdoere.com.br\/wp-content\/uploads\/2023\/02\/FOTO_20230227_210934.jpg\" alt=\"\" class=\"wp-image-28444\" srcset=\"https:\/\/blogdoere.com.br\/wp-content\/uploads\/2023\/02\/FOTO_20230227_210934.jpg 549w, https:\/\/blogdoere.com.br\/wp-content\/uploads\/2023\/02\/FOTO_20230227_210934-300x252.jpg 300w\" sizes=\"(max-width: 549px) 100vw, 549px\" \/><\/figure>\n<\/div>\n\n\n<p class=\"has-text-align-justify\">Nesta manh\u00e3 de segunda-feira, 27 de fevereiro, o prefeito L\u00e9o da Capoeira (PSD) entregou \u00e0 comunidade do distrito da Uni\u00e3o Queimadas a Escola Municipal Ot\u00e1vio Portela P\u00f3voas totalmente reformada. <\/p>\n\n\n\n<figure class=\"wp-block-image size-large\"><img decoding=\"async\" width=\"1024\" height=\"768\" src=\"https:\/\/blogdoere.com.br\/wp-content\/uploads\/2023\/02\/IMG_20230227_094224917-1024x768.jpg\" alt=\"\" class=\"wp-image-28445\" srcset=\"https:\/\/blogdoere.com.br\/wp-content\/uploads\/2023\/02\/IMG_20230227_094224917-1024x768.jpg 1024w, https:\/\/blogdoere.com.br\/wp-content\/uploads\/2023\/02\/IMG_20230227_094224917-300x225.jpg 300w, https:\/\/blogdoere.com.br\/wp-content\/uploads\/2023\/02\/IMG_20230227_094224917-768x576.jpg 768w, https:\/\/blogdoere.com.br\/wp-content\/uploads\/2023\/02\/IMG_20230227_094224917-1536x1152.jpg 1536w, https:\/\/blogdoere.com.br\/wp-content\/uploads\/2023\/02\/IMG_20230227_094224917-2048x1536.jpg 2048w\" sizes=\"(max-width: 1024px) 100vw, 1024px\" \/><\/figure>\n\n\n\n<p class=\"has-text-align-justify\">A escola, que tem 230 alunos, ficou submersa pelas \u00e1guas do Rio Almada no final do ano 2021, o que acabou danificando parte da estrutura. Com a revitaliza\u00e7\u00e3o, o col\u00e9gio ganhou mobili\u00e1rios modernos, biblioteca, parquinho e salas climatizadas. <\/p>\n\n\n<div class=\"wp-block-image\">\n<figure class=\"aligncenter size-large is-resized\"><img decoding=\"async\" src=\"https:\/\/blogdoere.com.br\/wp-content\/uploads\/2023\/02\/IMG_20230227_094245292-1024x768.jpg\" alt=\"\" class=\"wp-image-28446\" width=\"654\" height=\"491\" srcset=\"https:\/\/blogdoere.com.br\/wp-content\/uploads\/2023\/02\/IMG_20230227_094245292-1024x768.jpg 1024w, https:\/\/blogdoere.com.br\/wp-content\/uploads\/2023\/02\/IMG_20230227_094245292-300x225.jpg 300w, https:\/\/blogdoere.com.br\/wp-content\/uploads\/2023\/02\/IMG_20230227_094245292-768x576.jpg 768w, https:\/\/blogdoere.com.br\/wp-content\/uploads\/2023\/02\/IMG_20230227_094245292-1536x1152.jpg 1536w, https:\/\/blogdoere.com.br\/wp-content\/uploads\/2023\/02\/IMG_20230227_094245292-2048x1536.jpg 2048w\" sizes=\"(max-width: 654px) 100vw, 654px\" \/><\/figure>\n<\/div>\n\n\n<p class=\"has-text-align-justify\">Em sua fala, o prefeito L\u00e9o destacou o empenho de toda a equipe de governo e vereadores para a entrega de mais um equipamento p\u00fablico que tem como fun\u00e7\u00e3o social transformar vidas atrav\u00e9s da educa\u00e7\u00e3o.<\/p>\n","protected":false},"excerpt":{"rendered":"<p>Nesta manh\u00e3 de segunda-feira, 27 de fevereiro, o prefeito L\u00e9o da Capoeira (PSD) entregou \u00e0 comunidade do distrito da Uni\u00e3o Queimadas a Escola Municipal Ot\u00e1vio Portela P\u00f3voas totalmente reformada. A&#8230;<\/p>\n","protected":false},"author":1,"featured_media":28444,"comment_status":"open","ping_status":"open","sticky":false,"template":"","format":"standard","meta":{"_editorskit_title_hidden":false,"_editorskit_reading_time":1,"_editorskit_is_block_options_detached":false,"_editorskit_block_options_position":"{}","om_disable_all_campaigns":false,"_mi_skip_tracking":false,"_kad_post_transparent":"","_kad_post_title":"","_kad_post_layout":"","_kad_post_sidebar_id":"","_kad_post_content_style":"","_kad_post_vertical_padding":"","_kad_post_feature":"","_kad_post_feature_position":"","_kad_post_header":false,"_kad_post_footer":false,"footnotes":""},"categories":[70],"tags":[],"class_list":["post-28443","post","type-post","status-publish","format-standard","has-post-thumbnail","hentry","category-educacao"],"yoast_head":"<!-- This site is optimized with the Yoast SEO plugin v20.5 - https:\/\/yoast.com\/wordpress\/plugins\/seo\/ -->\n<title>ITAJU\u00cdPE: PREFEITO L\u00c9O ENTREGA ESCOLA OT\u00c1VIO PORTELA P\u00d3VOAS REFORMADA. - blog do er\u00ea<\/title>\n<meta name=\"robots\" content=\"index, follow, max-snippet:-1, max-image-preview:large, max-video-preview:-1\" \/>\n<link rel=\"canonical\" href=\"https:\/\/blogdoere.com.br\/?p=28443\" \/>\n<meta property=\"og:locale\" content=\"pt_PT\" \/>\n<meta property=\"og:type\" content=\"article\" \/>\n<meta property=\"og:title\" content=\"ITAJU\u00cdPE: PREFEITO L\u00c9O ENTREGA ESCOLA OT\u00c1VIO PORTELA P\u00d3VOAS REFORMADA. - blog do er\u00ea\" \/>\n<meta property=\"og:description\" content=\"Nesta manh\u00e3 de segunda-feira, 27 de fevereiro, o prefeito L\u00e9o da Capoeira (PSD) entregou \u00e0 comunidade do distrito da Uni\u00e3o Queimadas a Escola Municipal Ot\u00e1vio Portela P\u00f3voas totalmente reformada. A...\" \/>\n<meta property=\"og:url\" content=\"https:\/\/blogdoere.com.br\/?p=28443\" \/>\n<meta property=\"og:site_name\" content=\"blog do er\u00ea\" \/>\n<meta property=\"article:published_time\" content=\"2023-02-28T02:29:42+00:00\" \/>\n<meta property=\"article:modified_time\" content=\"2023-02-28T03:44:16+00:00\" \/>\n<meta property=\"og:image\" content=\"https:\/\/blogdoere.com.br\/wp-content\/uploads\/2023\/02\/FOTO_20230227_210934.jpg\" \/>\n\t<meta property=\"og:image:width\" content=\"549\" \/>\n\t<meta property=\"og:image:height\" content=\"462\" \/>\n\t<meta property=\"og:image:type\" content=\"image\/jpeg\" \/>\n<meta name=\"author\" content=\"blogdoere@hotmail.com\" \/>\n<meta name=\"twitter:card\" content=\"summary_large_image\" \/>\n<meta name=\"twitter:label1\" content=\"Escrito por\" \/>\n\t<meta name=\"twitter:data1\" content=\"blogdoere@hotmail.com\" \/>\n\t<meta name=\"twitter:label2\" content=\"Tempo estimado de leitura\" \/>\n\t<meta name=\"twitter:data2\" content=\"2 minutos\" \/>\n<script type=\"application\/ld+json\" class=\"yoast-schema-graph\">{\"@context\":\"https:\/\/schema.org\",\"@graph\":[{\"@type\":\"Article\",\"@id\":\"https:\/\/blogdoere.com.br\/?p=28443#article\",\"isPartOf\":{\"@id\":\"https:\/\/blogdoere.com.br\/?p=28443\"},\"author\":{\"name\":\"blogdoere@hotmail.com\",\"@id\":\"https:\/\/blogdoere.com.br\/#\/schema\/person\/c4f6d566a44c7bacdda563667715d18b\"},\"headline\":\"ITAJU\u00cdPE: PREFEITO L\u00c9O ENTREGA ESCOLA OT\u00c1VIO PORTELA P\u00d3VOAS REFORMADA.\",\"datePublished\":\"2023-02-28T02:29:42+00:00\",\"dateModified\":\"2023-02-28T03:44:16+00:00\",\"mainEntityOfPage\":{\"@id\":\"https:\/\/blogdoere.com.br\/?p=28443\"},\"wordCount\":123,\"commentCount\":0,\"publisher\":{\"@id\":\"https:\/\/blogdoere.com.br\/#organization\"},\"articleSection\":[\"Educa\u00e7\u00e3o\"],\"inLanguage\":\"pt-PT\",\"potentialAction\":[{\"@type\":\"CommentAction\",\"name\":\"Comment\",\"target\":[\"https:\/\/blogdoere.com.br\/?p=28443#respond\"]}]},{\"@type\":\"WebPage\",\"@id\":\"https:\/\/blogdoere.com.br\/?p=28443\",\"url\":\"https:\/\/blogdoere.com.br\/?p=28443\",\"name\":\"ITAJU\u00cdPE: PREFEITO L\u00c9O ENTREGA ESCOLA OT\u00c1VIO PORTELA P\u00d3VOAS REFORMADA. - blog do er\u00ea\",\"isPartOf\":{\"@id\":\"https:\/\/blogdoere.com.br\/#website\"},\"datePublished\":\"2023-02-28T02:29:42+00:00\",\"dateModified\":\"2023-02-28T03:44:16+00:00\",\"breadcrumb\":{\"@id\":\"https:\/\/blogdoere.com.br\/?p=28443#breadcrumb\"},\"inLanguage\":\"pt-PT\",\"potentialAction\":[{\"@type\":\"ReadAction\",\"target\":[\"https:\/\/blogdoere.com.br\/?p=28443\"]}]},{\"@type\":\"BreadcrumbList\",\"@id\":\"https:\/\/blogdoere.com.br\/?p=28443#breadcrumb\",\"itemListElement\":[{\"@type\":\"ListItem\",\"position\":1,\"name\":\"In\u00edcio\",\"item\":\"https:\/\/blogdoere.com.br\/\"},{\"@type\":\"ListItem\",\"position\":2,\"name\":\"ITAJU\u00cdPE: PREFEITO L\u00c9O ENTREGA ESCOLA OT\u00c1VIO PORTELA P\u00d3VOAS REFORMADA.\"}]},{\"@type\":\"WebSite\",\"@id\":\"https:\/\/blogdoere.com.br\/#website\",\"url\":\"https:\/\/blogdoere.com.br\/\",\"name\":\"blog do er\u00ea\",\"description\":\"\",\"publisher\":{\"@id\":\"https:\/\/blogdoere.com.br\/#organization\"},\"potentialAction\":[{\"@type\":\"SearchAction\",\"target\":{\"@type\":\"EntryPoint\",\"urlTemplate\":\"https:\/\/blogdoere.com.br\/?s={search_term_string}\"},\"query-input\":\"required name=search_term_string\"}],\"inLanguage\":\"pt-PT\"},{\"@type\":\"Organization\",\"@id\":\"https:\/\/blogdoere.com.br\/#organization\",\"name\":\"Blog do Er\u00ea\",\"url\":\"https:\/\/blogdoere.com.br\/\",\"logo\":{\"@type\":\"ImageObject\",\"inLanguage\":\"pt-PT\",\"@id\":\"https:\/\/blogdoere.com.br\/#\/schema\/logo\/image\/\",\"url\":\"https:\/\/blogdoere.com.br\/wp-content\/uploads\/2021\/11\/Logo-Ere-1.png\",\"contentUrl\":\"https:\/\/blogdoere.com.br\/wp-content\/uploads\/2021\/11\/Logo-Ere-1.png\",\"width\":1261,\"height\":1330,\"caption\":\"Blog do Er\u00ea\"},\"image\":{\"@id\":\"https:\/\/blogdoere.com.br\/#\/schema\/logo\/image\/\"}},{\"@type\":\"Person\",\"@id\":\"https:\/\/blogdoere.com.br\/#\/schema\/person\/c4f6d566a44c7bacdda563667715d18b\",\"name\":\"blogdoere@hotmail.com\",\"image\":{\"@type\":\"ImageObject\",\"inLanguage\":\"pt-PT\",\"@id\":\"https:\/\/blogdoere.com.br\/#\/schema\/person\/image\/\",\"url\":\"https:\/\/secure.gravatar.com\/avatar\/5684bd39df1289cb639b4ab539d6fcad69420e4a29521548fc078c58ed122fe6?s=96&d=mm&r=g\",\"contentUrl\":\"https:\/\/secure.gravatar.com\/avatar\/5684bd39df1289cb639b4ab539d6fcad69420e4a29521548fc078c58ed122fe6?s=96&d=mm&r=g\",\"caption\":\"blogdoere@hotmail.com\"},\"sameAs\":[\"http:\/\/blogdoere.com.br\"]}]}<\/script>\n<!-- \/ Yoast SEO plugin. -->","yoast_head_json":{"title":"ITAJU\u00cdPE: PREFEITO L\u00c9O ENTREGA ESCOLA OT\u00c1VIO PORTELA P\u00d3VOAS REFORMADA. - blog do er\u00ea","robots":{"index":"index","follow":"follow","max-snippet":"max-snippet:-1","max-image-preview":"max-image-preview:large","max-video-preview":"max-video-preview:-1"},"canonical":"https:\/\/blogdoere.com.br\/?p=28443","og_locale":"pt_PT","og_type":"article","og_title":"ITAJU\u00cdPE: PREFEITO L\u00c9O ENTREGA ESCOLA OT\u00c1VIO PORTELA P\u00d3VOAS REFORMADA. - blog do er\u00ea","og_description":"Nesta manh\u00e3 de segunda-feira, 27 de fevereiro, o prefeito L\u00e9o da Capoeira (PSD) entregou \u00e0 comunidade do distrito da Uni\u00e3o Queimadas a Escola Municipal Ot\u00e1vio Portela P\u00f3voas totalmente reformada. A...","og_url":"https:\/\/blogdoere.com.br\/?p=28443","og_site_name":"blog do er\u00ea","article_published_time":"2023-02-28T02:29:42+00:00","article_modified_time":"2023-02-28T03:44:16+00:00","og_image":[{"width":549,"height":462,"url":"https:\/\/blogdoere.com.br\/wp-content\/uploads\/2023\/02\/FOTO_20230227_210934.jpg","type":"image\/jpeg"}],"author":"blogdoere@hotmail.com","twitter_card":"summary_large_image","twitter_misc":{"Escrito por":"blogdoere@hotmail.com","Tempo estimado de leitura":"2 minutos"},"schema":{"@context":"https:\/\/schema.org","@graph":[{"@type":"Article","@id":"https:\/\/blogdoere.com.br\/?p=28443#article","isPartOf":{"@id":"https:\/\/blogdoere.com.br\/?p=28443"},"author":{"name":"blogdoere@hotmail.com","@id":"https:\/\/blogdoere.com.br\/#\/schema\/person\/c4f6d566a44c7bacdda563667715d18b"},"headline":"ITAJU\u00cdPE: PREFEITO L\u00c9O ENTREGA ESCOLA OT\u00c1VIO PORTELA P\u00d3VOAS REFORMADA.","datePublished":"2023-02-28T02:29:42+00:00","dateModified":"2023-02-28T03:44:16+00:00","mainEntityOfPage":{"@id":"https:\/\/blogdoere.com.br\/?p=28443"},"wordCount":123,"commentCount":0,"publisher":{"@id":"https:\/\/blogdoere.com.br\/#organization"},"articleSection":["Educa\u00e7\u00e3o"],"inLanguage":"pt-PT","potentialAction":[{"@type":"CommentAction","name":"Comment","target":["https:\/\/blogdoere.com.br\/?p=28443#respond"]}]},{"@type":"WebPage","@id":"https:\/\/blogdoere.com.br\/?p=28443","url":"https:\/\/blogdoere.com.br\/?p=28443","name":"ITAJU\u00cdPE: PREFEITO L\u00c9O ENTREGA ESCOLA OT\u00c1VIO PORTELA P\u00d3VOAS REFORMADA. - blog do er\u00ea","isPartOf":{"@id":"https:\/\/blogdoere.com.br\/#website"},"datePublished":"2023-02-28T02:29:42+00:00","dateModified":"2023-02-28T03:44:16+00:00","breadcrumb":{"@id":"https:\/\/blogdoere.com.br\/?p=28443#breadcrumb"},"inLanguage":"pt-PT","potentialAction":[{"@type":"ReadAction","target":["https:\/\/blogdoere.com.br\/?p=28443"]}]},{"@type":"BreadcrumbList","@id":"https:\/\/blogdoere.com.br\/?p=28443#breadcrumb","itemListElement":[{"@type":"ListItem","position":1,"name":"In\u00edcio","item":"https:\/\/blogdoere.com.br\/"},{"@type":"ListItem","position":2,"name":"ITAJU\u00cdPE: PREFEITO L\u00c9O ENTREGA ESCOLA OT\u00c1VIO PORTELA P\u00d3VOAS REFORMADA."}]},{"@type":"WebSite","@id":"https:\/\/blogdoere.com.br\/#website","url":"https:\/\/blogdoere.com.br\/","name":"blog do er\u00ea","description":"","publisher":{"@id":"https:\/\/blogdoere.com.br\/#organization"},"potentialAction":[{"@type":"SearchAction","target":{"@type":"EntryPoint","urlTemplate":"https:\/\/blogdoere.com.br\/?s={search_term_string}"},"query-input":"required name=search_term_string"}],"inLanguage":"pt-PT"},{"@type":"Organization","@id":"https:\/\/blogdoere.com.br\/#organization","name":"Blog do Er\u00ea","url":"https:\/\/blogdoere.com.br\/","logo":{"@type":"ImageObject","inLanguage":"pt-PT","@id":"https:\/\/blogdoere.com.br\/#\/schema\/logo\/image\/","url":"https:\/\/blogdoere.com.br\/wp-content\/uploads\/2021\/11\/Logo-Ere-1.png","contentUrl":"https:\/\/blogdoere.com.br\/wp-content\/uploads\/2021\/11\/Logo-Ere-1.png","width":1261,"height":1330,"caption":"Blog do Er\u00ea"},"image":{"@id":"https:\/\/blogdoere.com.br\/#\/schema\/logo\/image\/"}},{"@type":"Person","@id":"https:\/\/blogdoere.com.br\/#\/schema\/person\/c4f6d566a44c7bacdda563667715d18b","name":"blogdoere@hotmail.com","image":{"@type":"ImageObject","inLanguage":"pt-PT","@id":"https:\/\/blogdoere.com.br\/#\/schema\/person\/image\/","url":"https:\/\/secure.gravatar.com\/avatar\/5684bd39df1289cb639b4ab539d6fcad69420e4a29521548fc078c58ed122fe6?s=96&d=mm&r=g","contentUrl":"https:\/\/secure.gravatar.com\/avatar\/5684bd39df1289cb639b4ab539d6fcad69420e4a29521548fc078c58ed122fe6?s=96&d=mm&r=g","caption":"blogdoere@hotmail.com"},"sameAs":["http:\/\/blogdoere.com.br"]}]}},"featured_image_urls":{"full":["https:\/\/blogdoere.com.br\/wp-content\/uploads\/2023\/02\/FOTO_20230227_210934.jpg",549,462,false],"thumbnail":["https:\/\/blogdoere.com.br\/wp-content\/uploads\/2023\/02\/FOTO_20230227_210934-150x150.jpg",150,150,true],"medium":["https:\/\/blogdoere.com.br\/wp-content\/uploads\/2023\/02\/FOTO_20230227_210934-300x252.jpg",300,252,true],"medium_large":["https:\/\/blogdoere.com.br\/wp-content\/uploads\/2023\/02\/FOTO_20230227_210934.jpg",549,462,false],"large":["https:\/\/blogdoere.com.br\/wp-content\/uploads\/2023\/02\/FOTO_20230227_210934.jpg",549,462,false],"1536x1536":["https:\/\/blogdoere.com.br\/wp-content\/uploads\/2023\/02\/FOTO_20230227_210934.jpg",549,462,false],"2048x2048":["https:\/\/blogdoere.com.br\/wp-content\/uploads\/2023\/02\/FOTO_20230227_210934.jpg",549,462,false]},"author_info":{"display_name":"blogdoere@hotmail.com","author_link":"https:\/\/blogdoere.com.br\/?author=1"},"category_info":"<a href=\"https:\/\/blogdoere.com.br\/?cat=70\" rel=\"category\">Educa\u00e7\u00e3o<\/a>","tag_info":"Educa\u00e7\u00e3o","comment_count":"0","_links":{"self":[{"href":"https:\/\/blogdoere.com.br\/index.php?rest_route=\/wp\/v2\/posts\/28443","targetHints":{"allow":["GET"]}}],"collection":[{"href":"https:\/\/blogdoere.com.br\/index.php?rest_route=\/wp\/v2\/posts"}],"about":[{"href":"https:\/\/blogdoere.com.br\/index.php?rest_route=\/wp\/v2\/types\/post"}],"author":[{"embeddable":true,"href":"https:\/\/blogdoere.com.br\/index.php?rest_route=\/wp\/v2\/users\/1"}],"replies":[{"embeddable":true,"href":"https:\/\/blogdoere.com.br\/index.php?rest_route=%2Fwp%2Fv2%2Fcomments&post=28443"}],"version-history":[{"count":2,"href":"https:\/\/blogdoere.com.br\/index.php?rest_route=\/wp\/v2\/posts\/28443\/revisions"}],"predecessor-version":[{"id":28452,"href":"https:\/\/blogdoere.com.br\/index.php?rest_route=\/wp\/v2\/posts\/28443\/revisions\/28452"}],"wp:featuredmedia":[{"embeddable":true,"href":"https:\/\/blogdoere.com.br\/index.php?rest_route=\/wp\/v2\/media\/28444"}],"wp:attachment":[{"href":"https:\/\/blogdoere.com.br\/index.php?rest_route=%2Fwp%2Fv2%2Fmedia&parent=28443"}],"wp:term":[{"taxonomy":"category","embeddable":true,"href":"https:\/\/blogdoere.com.br\/index.php?rest_route=%2Fwp%2Fv2%2Fcategories&post=28443"},{"taxonomy":"post_tag","embeddable":true,"href":"https:\/\/blogdoere.com.br\/index.php?rest_route=%2Fwp%2Fv2%2Ftags&post=28443"}],"curies":[{"name":"wp","href":"https:\/\/api.w.org\/{rel}","templated":true}]}}