{"id":28475,"date":"2023-03-27T12:13:15","date_gmt":"2023-03-27T12:13:15","guid":{"rendered":"https:\/\/blogdoere.com.br\/?p=28475"},"modified":"2023-03-27T12:13:36","modified_gmt":"2023-03-27T12:13:36","slug":"itajuipe-campanha-da-fraternidade-e-tema-de-sessao-na-camara","status":"publish","type":"post","link":"https:\/\/blogdoere.com.br\/?p=28475","title":{"rendered":"ITAJU\u00cdPE: CAMPANHA DA FRATERNIDADE \u00c9 TEMA DE SESS\u00c3O NA C\u00c2MARA"},"content":{"rendered":"<div class=\"wp-block-image\">\n<figure class=\"aligncenter size-full\"><img decoding=\"async\" width=\"561\" height=\"460\" src=\"https:\/\/blogdoere.com.br\/wp-content\/uploads\/2023\/03\/FOTO_20230326_222832.jpg\" alt=\"\" class=\"wp-image-28476\" srcset=\"https:\/\/blogdoere.com.br\/wp-content\/uploads\/2023\/03\/FOTO_20230326_222832.jpg 561w, https:\/\/blogdoere.com.br\/wp-content\/uploads\/2023\/03\/FOTO_20230326_222832-300x246.jpg 300w\" sizes=\"(max-width: 561px) 100vw, 561px\" \/><\/figure>\n<\/div>\n\n\n<p class=\"has-text-align-justify\">Nesta sexta-feira (31), a C\u00e2mara Municipal de Itaju\u00edpe promove sess\u00e3o especial sobre a Campanha da Fraternidade de 2023. A solenidade foi proposta pelo vereador Raul Estrela (PSD). Este ano , o tema  \u00e9 \u201cFraternidade e Fome\u201d e o lema \u201cDai-lhes v\u00f3s mesmos de comer\u201d. \u00c9 a terceira vez que a emerg\u00eancia sobre o enfrentamento da fome \u00e9 escolhida pela CNBB (Conselho Nacional dos Bispos do Brasil).  &#8220;A fome  atinge milh\u00f5es de pessoas em nosso pa\u00eds. Somos convidados a vivenciar e refletir sobre o tema tamb\u00e9m em nossa comunidade&#8221;, justifica o vereador. Segundo  o p\u00e1roco Jos\u00e9 Nilton Barbosa Lapa, o objetivo \u00e9 chamar aten\u00e7\u00e3o da popula\u00e7\u00e3o  sobre a import\u00e2ncia   de alimentar os mais pobres  e para isso a Par\u00f3quia do Sagrado Cora\u00e7\u00e3o de Jesus em parceria  com a Prefeitura est\u00e1 promovendo uma campanha solid\u00e1ria para arrecada\u00e7\u00e3o de alimentos para doar aos mais necessitados na Semana  Santa. O prefeito L\u00e9o da Capoeira (PSD), ao lado do padre Zezinho usou suas redes sociais para refor\u00e7ar o convite a toda popula\u00e7\u00e3o. O evento est\u00e1 marcado para \u00e0s 9h, no plen\u00e1rio Vereador Wandelito Barbosa , e \u00e9 aberto a todos os interessados. Ser\u00e1 tamb\u00e9m transmitido ao vivo pelas redes sociais da Casa Legislativa. <\/p>\n\n\n\n<p><\/p>\n","protected":false},"excerpt":{"rendered":"<p>Nesta sexta-feira (31), a C\u00e2mara Municipal de Itaju\u00edpe promove sess\u00e3o especial sobre a Campanha da Fraternidade de 2023. A solenidade foi proposta pelo vereador Raul Estrela (PSD). Este ano ,&#8230;<\/p>\n","protected":false},"author":1,"featured_media":28476,"comment_status":"open","ping_status":"open","sticky":false,"template":"","format":"standard","meta":{"_editorskit_title_hidden":false,"_editorskit_reading_time":1,"_editorskit_is_block_options_detached":false,"_editorskit_block_options_position":"{}","om_disable_all_campaigns":false,"_mi_skip_tracking":false,"_kad_post_transparent":"","_kad_post_title":"","_kad_post_layout":"","_kad_post_sidebar_id":"","_kad_post_content_style":"","_kad_post_vertical_padding":"","_kad_post_feature":"","_kad_post_feature_position":"","_kad_post_header":false,"_kad_post_footer":false,"footnotes":""},"categories":[77],"tags":[],"class_list":["post-28475","post","type-post","status-publish","format-standard","has-post-thumbnail","hentry","category-religiao"],"yoast_head":"<!-- This site is optimized with the Yoast SEO plugin v20.5 - https:\/\/yoast.com\/wordpress\/plugins\/seo\/ -->\n<title>ITAJU\u00cdPE: CAMPANHA DA FRATERNIDADE \u00c9 TEMA DE SESS\u00c3O NA C\u00c2MARA - blog do er\u00ea<\/title>\n<meta name=\"robots\" content=\"index, follow, max-snippet:-1, max-image-preview:large, max-video-preview:-1\" \/>\n<link rel=\"canonical\" href=\"https:\/\/blogdoere.com.br\/?p=28475\" \/>\n<meta property=\"og:locale\" content=\"pt_PT\" \/>\n<meta property=\"og:type\" content=\"article\" \/>\n<meta property=\"og:title\" content=\"ITAJU\u00cdPE: CAMPANHA DA FRATERNIDADE \u00c9 TEMA DE SESS\u00c3O NA C\u00c2MARA - blog do er\u00ea\" \/>\n<meta property=\"og:description\" content=\"Nesta sexta-feira (31), a C\u00e2mara Municipal de Itaju\u00edpe promove sess\u00e3o especial sobre a Campanha da Fraternidade de 2023. A solenidade foi proposta pelo vereador Raul Estrela (PSD). Este ano ,...\" \/>\n<meta property=\"og:url\" content=\"https:\/\/blogdoere.com.br\/?p=28475\" \/>\n<meta property=\"og:site_name\" content=\"blog do er\u00ea\" \/>\n<meta property=\"article:published_time\" content=\"2023-03-27T12:13:15+00:00\" \/>\n<meta property=\"article:modified_time\" content=\"2023-03-27T12:13:36+00:00\" \/>\n<meta property=\"og:image\" content=\"https:\/\/blogdoere.com.br\/wp-content\/uploads\/2023\/03\/FOTO_20230326_222832.jpg\" \/>\n\t<meta property=\"og:image:width\" content=\"561\" \/>\n\t<meta property=\"og:image:height\" content=\"460\" \/>\n\t<meta property=\"og:image:type\" content=\"image\/jpeg\" \/>\n<meta name=\"author\" content=\"blogdoere@hotmail.com\" \/>\n<meta name=\"twitter:card\" content=\"summary_large_image\" \/>\n<meta name=\"twitter:label1\" content=\"Escrito por\" \/>\n\t<meta name=\"twitter:data1\" content=\"blogdoere@hotmail.com\" \/>\n\t<meta name=\"twitter:label2\" content=\"Tempo estimado de leitura\" \/>\n\t<meta name=\"twitter:data2\" content=\"2 minutos\" \/>\n<script type=\"application\/ld+json\" class=\"yoast-schema-graph\">{\"@context\":\"https:\/\/schema.org\",\"@graph\":[{\"@type\":\"Article\",\"@id\":\"https:\/\/blogdoere.com.br\/?p=28475#article\",\"isPartOf\":{\"@id\":\"https:\/\/blogdoere.com.br\/?p=28475\"},\"author\":{\"name\":\"blogdoere@hotmail.com\",\"@id\":\"https:\/\/blogdoere.com.br\/#\/schema\/person\/c4f6d566a44c7bacdda563667715d18b\"},\"headline\":\"ITAJU\u00cdPE: CAMPANHA DA FRATERNIDADE \u00c9 TEMA DE SESS\u00c3O NA C\u00c2MARA\",\"datePublished\":\"2023-03-27T12:13:15+00:00\",\"dateModified\":\"2023-03-27T12:13:36+00:00\",\"mainEntityOfPage\":{\"@id\":\"https:\/\/blogdoere.com.br\/?p=28475\"},\"wordCount\":222,\"commentCount\":0,\"publisher\":{\"@id\":\"https:\/\/blogdoere.com.br\/#organization\"},\"articleSection\":[\"Religi\u00e3o\"],\"inLanguage\":\"pt-PT\",\"potentialAction\":[{\"@type\":\"CommentAction\",\"name\":\"Comment\",\"target\":[\"https:\/\/blogdoere.com.br\/?p=28475#respond\"]}]},{\"@type\":\"WebPage\",\"@id\":\"https:\/\/blogdoere.com.br\/?p=28475\",\"url\":\"https:\/\/blogdoere.com.br\/?p=28475\",\"name\":\"ITAJU\u00cdPE: CAMPANHA DA FRATERNIDADE \u00c9 TEMA DE SESS\u00c3O NA C\u00c2MARA - blog do er\u00ea\",\"isPartOf\":{\"@id\":\"https:\/\/blogdoere.com.br\/#website\"},\"datePublished\":\"2023-03-27T12:13:15+00:00\",\"dateModified\":\"2023-03-27T12:13:36+00:00\",\"breadcrumb\":{\"@id\":\"https:\/\/blogdoere.com.br\/?p=28475#breadcrumb\"},\"inLanguage\":\"pt-PT\",\"potentialAction\":[{\"@type\":\"ReadAction\",\"target\":[\"https:\/\/blogdoere.com.br\/?p=28475\"]}]},{\"@type\":\"BreadcrumbList\",\"@id\":\"https:\/\/blogdoere.com.br\/?p=28475#breadcrumb\",\"itemListElement\":[{\"@type\":\"ListItem\",\"position\":1,\"name\":\"In\u00edcio\",\"item\":\"https:\/\/blogdoere.com.br\/\"},{\"@type\":\"ListItem\",\"position\":2,\"name\":\"ITAJU\u00cdPE: CAMPANHA DA FRATERNIDADE \u00c9 TEMA DE SESS\u00c3O NA C\u00c2MARA\"}]},{\"@type\":\"WebSite\",\"@id\":\"https:\/\/blogdoere.com.br\/#website\",\"url\":\"https:\/\/blogdoere.com.br\/\",\"name\":\"blog do er\u00ea\",\"description\":\"\",\"publisher\":{\"@id\":\"https:\/\/blogdoere.com.br\/#organization\"},\"potentialAction\":[{\"@type\":\"SearchAction\",\"target\":{\"@type\":\"EntryPoint\",\"urlTemplate\":\"https:\/\/blogdoere.com.br\/?s={search_term_string}\"},\"query-input\":\"required name=search_term_string\"}],\"inLanguage\":\"pt-PT\"},{\"@type\":\"Organization\",\"@id\":\"https:\/\/blogdoere.com.br\/#organization\",\"name\":\"Blog do Er\u00ea\",\"url\":\"https:\/\/blogdoere.com.br\/\",\"logo\":{\"@type\":\"ImageObject\",\"inLanguage\":\"pt-PT\",\"@id\":\"https:\/\/blogdoere.com.br\/#\/schema\/logo\/image\/\",\"url\":\"https:\/\/blogdoere.com.br\/wp-content\/uploads\/2021\/11\/Logo-Ere-1.png\",\"contentUrl\":\"https:\/\/blogdoere.com.br\/wp-content\/uploads\/2021\/11\/Logo-Ere-1.png\",\"width\":1261,\"height\":1330,\"caption\":\"Blog do Er\u00ea\"},\"image\":{\"@id\":\"https:\/\/blogdoere.com.br\/#\/schema\/logo\/image\/\"}},{\"@type\":\"Person\",\"@id\":\"https:\/\/blogdoere.com.br\/#\/schema\/person\/c4f6d566a44c7bacdda563667715d18b\",\"name\":\"blogdoere@hotmail.com\",\"image\":{\"@type\":\"ImageObject\",\"inLanguage\":\"pt-PT\",\"@id\":\"https:\/\/blogdoere.com.br\/#\/schema\/person\/image\/\",\"url\":\"https:\/\/secure.gravatar.com\/avatar\/5684bd39df1289cb639b4ab539d6fcad69420e4a29521548fc078c58ed122fe6?s=96&d=mm&r=g\",\"contentUrl\":\"https:\/\/secure.gravatar.com\/avatar\/5684bd39df1289cb639b4ab539d6fcad69420e4a29521548fc078c58ed122fe6?s=96&d=mm&r=g\",\"caption\":\"blogdoere@hotmail.com\"},\"sameAs\":[\"http:\/\/blogdoere.com.br\"]}]}<\/script>\n<!-- \/ Yoast SEO plugin. -->","yoast_head_json":{"title":"ITAJU\u00cdPE: CAMPANHA DA FRATERNIDADE \u00c9 TEMA DE SESS\u00c3O NA C\u00c2MARA - blog do er\u00ea","robots":{"index":"index","follow":"follow","max-snippet":"max-snippet:-1","max-image-preview":"max-image-preview:large","max-video-preview":"max-video-preview:-1"},"canonical":"https:\/\/blogdoere.com.br\/?p=28475","og_locale":"pt_PT","og_type":"article","og_title":"ITAJU\u00cdPE: CAMPANHA DA FRATERNIDADE \u00c9 TEMA DE SESS\u00c3O NA C\u00c2MARA - blog do er\u00ea","og_description":"Nesta sexta-feira (31), a C\u00e2mara Municipal de Itaju\u00edpe promove sess\u00e3o especial sobre a Campanha da Fraternidade de 2023. A solenidade foi proposta pelo vereador Raul Estrela (PSD). Este ano ,...","og_url":"https:\/\/blogdoere.com.br\/?p=28475","og_site_name":"blog do er\u00ea","article_published_time":"2023-03-27T12:13:15+00:00","article_modified_time":"2023-03-27T12:13:36+00:00","og_image":[{"width":561,"height":460,"url":"https:\/\/blogdoere.com.br\/wp-content\/uploads\/2023\/03\/FOTO_20230326_222832.jpg","type":"image\/jpeg"}],"author":"blogdoere@hotmail.com","twitter_card":"summary_large_image","twitter_misc":{"Escrito por":"blogdoere@hotmail.com","Tempo estimado de leitura":"2 minutos"},"schema":{"@context":"https:\/\/schema.org","@graph":[{"@type":"Article","@id":"https:\/\/blogdoere.com.br\/?p=28475#article","isPartOf":{"@id":"https:\/\/blogdoere.com.br\/?p=28475"},"author":{"name":"blogdoere@hotmail.com","@id":"https:\/\/blogdoere.com.br\/#\/schema\/person\/c4f6d566a44c7bacdda563667715d18b"},"headline":"ITAJU\u00cdPE: CAMPANHA DA FRATERNIDADE \u00c9 TEMA DE SESS\u00c3O NA C\u00c2MARA","datePublished":"2023-03-27T12:13:15+00:00","dateModified":"2023-03-27T12:13:36+00:00","mainEntityOfPage":{"@id":"https:\/\/blogdoere.com.br\/?p=28475"},"wordCount":222,"commentCount":0,"publisher":{"@id":"https:\/\/blogdoere.com.br\/#organization"},"articleSection":["Religi\u00e3o"],"inLanguage":"pt-PT","potentialAction":[{"@type":"CommentAction","name":"Comment","target":["https:\/\/blogdoere.com.br\/?p=28475#respond"]}]},{"@type":"WebPage","@id":"https:\/\/blogdoere.com.br\/?p=28475","url":"https:\/\/blogdoere.com.br\/?p=28475","name":"ITAJU\u00cdPE: CAMPANHA DA FRATERNIDADE \u00c9 TEMA DE SESS\u00c3O NA C\u00c2MARA - blog do er\u00ea","isPartOf":{"@id":"https:\/\/blogdoere.com.br\/#website"},"datePublished":"2023-03-27T12:13:15+00:00","dateModified":"2023-03-27T12:13:36+00:00","breadcrumb":{"@id":"https:\/\/blogdoere.com.br\/?p=28475#breadcrumb"},"inLanguage":"pt-PT","potentialAction":[{"@type":"ReadAction","target":["https:\/\/blogdoere.com.br\/?p=28475"]}]},{"@type":"BreadcrumbList","@id":"https:\/\/blogdoere.com.br\/?p=28475#breadcrumb","itemListElement":[{"@type":"ListItem","position":1,"name":"In\u00edcio","item":"https:\/\/blogdoere.com.br\/"},{"@type":"ListItem","position":2,"name":"ITAJU\u00cdPE: CAMPANHA DA FRATERNIDADE \u00c9 TEMA DE SESS\u00c3O NA C\u00c2MARA"}]},{"@type":"WebSite","@id":"https:\/\/blogdoere.com.br\/#website","url":"https:\/\/blogdoere.com.br\/","name":"blog do er\u00ea","description":"","publisher":{"@id":"https:\/\/blogdoere.com.br\/#organization"},"potentialAction":[{"@type":"SearchAction","target":{"@type":"EntryPoint","urlTemplate":"https:\/\/blogdoere.com.br\/?s={search_term_string}"},"query-input":"required name=search_term_string"}],"inLanguage":"pt-PT"},{"@type":"Organization","@id":"https:\/\/blogdoere.com.br\/#organization","name":"Blog do Er\u00ea","url":"https:\/\/blogdoere.com.br\/","logo":{"@type":"ImageObject","inLanguage":"pt-PT","@id":"https:\/\/blogdoere.com.br\/#\/schema\/logo\/image\/","url":"https:\/\/blogdoere.com.br\/wp-content\/uploads\/2021\/11\/Logo-Ere-1.png","contentUrl":"https:\/\/blogdoere.com.br\/wp-content\/uploads\/2021\/11\/Logo-Ere-1.png","width":1261,"height":1330,"caption":"Blog do Er\u00ea"},"image":{"@id":"https:\/\/blogdoere.com.br\/#\/schema\/logo\/image\/"}},{"@type":"Person","@id":"https:\/\/blogdoere.com.br\/#\/schema\/person\/c4f6d566a44c7bacdda563667715d18b","name":"blogdoere@hotmail.com","image":{"@type":"ImageObject","inLanguage":"pt-PT","@id":"https:\/\/blogdoere.com.br\/#\/schema\/person\/image\/","url":"https:\/\/secure.gravatar.com\/avatar\/5684bd39df1289cb639b4ab539d6fcad69420e4a29521548fc078c58ed122fe6?s=96&d=mm&r=g","contentUrl":"https:\/\/secure.gravatar.com\/avatar\/5684bd39df1289cb639b4ab539d6fcad69420e4a29521548fc078c58ed122fe6?s=96&d=mm&r=g","caption":"blogdoere@hotmail.com"},"sameAs":["http:\/\/blogdoere.com.br"]}]}},"featured_image_urls":{"full":["https:\/\/blogdoere.com.br\/wp-content\/uploads\/2023\/03\/FOTO_20230326_222832.jpg",561,460,false],"thumbnail":["https:\/\/blogdoere.com.br\/wp-content\/uploads\/2023\/03\/FOTO_20230326_222832-150x150.jpg",150,150,true],"medium":["https:\/\/blogdoere.com.br\/wp-content\/uploads\/2023\/03\/FOTO_20230326_222832-300x246.jpg",300,246,true],"medium_large":["https:\/\/blogdoere.com.br\/wp-content\/uploads\/2023\/03\/FOTO_20230326_222832.jpg",561,460,false],"large":["https:\/\/blogdoere.com.br\/wp-content\/uploads\/2023\/03\/FOTO_20230326_222832.jpg",561,460,false],"1536x1536":["https:\/\/blogdoere.com.br\/wp-content\/uploads\/2023\/03\/FOTO_20230326_222832.jpg",561,460,false],"2048x2048":["https:\/\/blogdoere.com.br\/wp-content\/uploads\/2023\/03\/FOTO_20230326_222832.jpg",561,460,false]},"author_info":{"display_name":"blogdoere@hotmail.com","author_link":"https:\/\/blogdoere.com.br\/?author=1"},"category_info":"<a href=\"https:\/\/blogdoere.com.br\/?cat=77\" rel=\"category\">Religi\u00e3o<\/a>","tag_info":"Religi\u00e3o","comment_count":"0","_links":{"self":[{"href":"https:\/\/blogdoere.com.br\/index.php?rest_route=\/wp\/v2\/posts\/28475","targetHints":{"allow":["GET"]}}],"collection":[{"href":"https:\/\/blogdoere.com.br\/index.php?rest_route=\/wp\/v2\/posts"}],"about":[{"href":"https:\/\/blogdoere.com.br\/index.php?rest_route=\/wp\/v2\/types\/post"}],"author":[{"embeddable":true,"href":"https:\/\/blogdoere.com.br\/index.php?rest_route=\/wp\/v2\/users\/1"}],"replies":[{"embeddable":true,"href":"https:\/\/blogdoere.com.br\/index.php?rest_route=%2Fwp%2Fv2%2Fcomments&post=28475"}],"version-history":[{"count":1,"href":"https:\/\/blogdoere.com.br\/index.php?rest_route=\/wp\/v2\/posts\/28475\/revisions"}],"predecessor-version":[{"id":28478,"href":"https:\/\/blogdoere.com.br\/index.php?rest_route=\/wp\/v2\/posts\/28475\/revisions\/28478"}],"wp:featuredmedia":[{"embeddable":true,"href":"https:\/\/blogdoere.com.br\/index.php?rest_route=\/wp\/v2\/media\/28476"}],"wp:attachment":[{"href":"https:\/\/blogdoere.com.br\/index.php?rest_route=%2Fwp%2Fv2%2Fmedia&parent=28475"}],"wp:term":[{"taxonomy":"category","embeddable":true,"href":"https:\/\/blogdoere.com.br\/index.php?rest_route=%2Fwp%2Fv2%2Fcategories&post=28475"},{"taxonomy":"post_tag","embeddable":true,"href":"https:\/\/blogdoere.com.br\/index.php?rest_route=%2Fwp%2Fv2%2Ftags&post=28475"}],"curies":[{"name":"wp","href":"https:\/\/api.w.org\/{rel}","templated":true}]}}