{"id":28535,"date":"2023-04-19T02:51:10","date_gmt":"2023-04-19T02:51:10","guid":{"rendered":"https:\/\/blogdoere.com.br\/?p=28535"},"modified":"2023-04-19T03:47:35","modified_gmt":"2023-04-19T03:47:35","slug":"28535","status":"publish","type":"post","link":"https:\/\/blogdoere.com.br\/?p=28535","title":{"rendered":"ITAJU\u00cdPE: C\u00c2MARA DENOMINA RUA C, NO BAIRRO AC\u00c1CIO ALMEIDA, PROFESSORA ANNA FERREIRA"},"content":{"rendered":"\n<figure class=\"wp-block-gallery has-nested-images columns-default is-cropped wp-block-gallery-1 is-layout-flex wp-block-gallery-is-layout-flex\">\n<figure class=\"wp-block-image size-large\"><img decoding=\"async\" width=\"970\" height=\"933\" data-id=\"28487\" src=\"https:\/\/blogdoere.com.br\/wp-content\/uploads\/2023\/04\/FOTO_20230413_200648.jpg\" alt=\"\" class=\"wp-image-28487\" srcset=\"https:\/\/blogdoere.com.br\/wp-content\/uploads\/2023\/04\/FOTO_20230413_200648.jpg 970w, https:\/\/blogdoere.com.br\/wp-content\/uploads\/2023\/04\/FOTO_20230413_200648-300x289.jpg 300w, https:\/\/blogdoere.com.br\/wp-content\/uploads\/2023\/04\/FOTO_20230413_200648-768x739.jpg 768w\" sizes=\"(max-width: 970px) 100vw, 970px\" \/><\/figure>\n<\/figure>\n\n\n\n<p><\/p>\n\n\n<p class=\"has-text-align-justify\">Na \u00faltima quinta-feira, 13 de abril, atrav\u00e9s de projeto de lei de autoria do Vereador Mateus Ara\u00fajo Affonso Mattos(Podemos) a C\u00e2mara de Vereadores denominou a Rua C, no Bairro Vereador Ac\u00e1cio Almeida, Rua Professora Anna Ferreira de Souza. Para este feito, a Sociedade Alian\u00e7a dos Artistas e Oper\u00e1rios de Pirangi&nbsp; sugeriu ao parlamentar que prontamente apresentou e defendeu o projeto na Casa Legislativa. &#8220;A Sociedade Alian\u00e7a \u00e9 uma pessoa jur\u00eddica de direito privado sem fins lucrativos que tem 92 anos de hist\u00f3ria no munic\u00edpio&#8221;. Esclarece, Erenilson Santos (Er\u00ea), presidente da entidade. Em sua fala, o vereador Mateus Mattos destacou a hist\u00f3ria da homenageada que em vida sempre ajudou no desenvolvimento do munic\u00edpio.<br>&#8220;Professora Anna Ferreira sempre teve sua vida pautada em fazer o bem, com essa singela homenagem imortalizamos o nome de uma mulher que muito contribuiu com o nosso munic\u00edpio&#8221;. \u2013 Pontua, Mateus.<\/p>\n<p class=\"has-text-align-justify\">BIOGRAFIA<br>Filha de Jos\u00e9 de Almeida Souza e Esther Ferreira de Souza &#8212; uma fam\u00edlia composta de cinco irm\u00e3os, Anna Ferreira de Souza nasceu no munic\u00edpio de Ilh\u00e9us em 16 de maio de 1942. Ainda nos seus primeiros anos de vida seus pais se mudaram para Itaju\u00edpe, ent\u00e3o distrito de Ilh\u00e9us. Aqui, viveu sua inf\u00e2ncia, adolesc\u00eancia, juventude, estudos e trabalho; constituiu matrim\u00f4nio com Ant\u00f4nio Jorge Mansur. Funcion\u00e1ria p\u00fablica estadual, lecionou no Col\u00e9gio Leolina Nazar\u00e9 de Andrade, no ent\u00e3o Centro Educacional Professor Di\u00f3genes Vinhaes, onde tamb\u00e9m exerceu a fun\u00e7\u00e3o de secret\u00e1ria do col\u00e9gio. Ainda muito jovem trabalhou como secret\u00e1ria no gabinete do ent\u00e3o prefeito Domingos Chaves(1959\/1961), posteriormente aprovada em concurso p\u00fablico federal da Comiss\u00e3o Executiva do Plano da Lavoura Cacaueira (CEPLAC), exerceu por muitos anos at\u00e9 a aposentadoria a fun\u00e7\u00e3o de escritur\u00e1ria como tamb\u00e9m, no in\u00edcio da d\u00e9cada de 1990, politizada, adepta da social democracia e participante de iniciativas sociais e pol\u00edticas exerceu a fun\u00e7\u00e3o de assessora parlamentar na C\u00e2mara Municipal de Vereadores onde prestou relevantes servi\u00e7os \u00e0 popula\u00e7\u00e3o. Professora Anna Ferreira de Souza teve sua vida dedicada \u00e0 f\u00e9 crist\u00e3 na Par\u00f3quia do Sagrado Cora\u00e7\u00e3o de Jesus onde foi catequista, ministra e assistente espiritual da Ordem Franciscana Secular (OFS). Ainda na igreja cat\u00f3lica, foi respons\u00e1vel pela digitaliza\u00e7\u00e3o de todos documentos dos 90 anos da igreja matriz. Franciscana, pronta para servir com alimento f\u00edsico ou espiritual a quem batesse \u00e0 sua porta foi uma das idealizadoras da implanta\u00e7\u00e3o da Igreja de S\u00e3o Francisco de Assis no Bairro Vereador Ac\u00e1cio Almeida. Anna Ferreira de Souza faleceu em 20 de abril de 2020, na Santa Casa de Miseric\u00f3rdia de Itabuna, aos 77 anos; foi sepultada no Cemit\u00e9rio Campo Santo em Itaju\u00edpe deixando como legado amar e servir, miss\u00e3o de vida dos franciscanos.<\/p>","protected":false},"excerpt":{"rendered":"<p>Na \u00faltima quinta-feira, 13 de abril, atrav\u00e9s de projeto de lei de autoria do Vereador Mateus Ara\u00fajo Affonso Mattos(Podemos) a C\u00e2mara de Vereadores denominou a Rua C, no Bairro Vereador&#8230;<\/p>\n","protected":false},"author":1,"featured_media":28487,"comment_status":"open","ping_status":"open","sticky":false,"template":"","format":"standard","meta":{"_editorskit_title_hidden":false,"_editorskit_reading_time":0,"_editorskit_is_block_options_detached":false,"_editorskit_block_options_position":"{}","om_disable_all_campaigns":false,"_mi_skip_tracking":false,"_kad_post_transparent":"default","_kad_post_title":"","_kad_post_layout":"","_kad_post_sidebar_id":"","_kad_post_content_style":"","_kad_post_vertical_padding":"","_kad_post_feature":"","_kad_post_feature_position":"","_kad_post_header":false,"_kad_post_footer":false,"footnotes":""},"categories":[37],"tags":[],"class_list":["post-28535","post","type-post","status-publish","format-standard","has-post-thumbnail","hentry","category-cultura"],"yoast_head":"<!-- This site is optimized with the Yoast SEO plugin v20.5 - https:\/\/yoast.com\/wordpress\/plugins\/seo\/ -->\n<title>ITAJU\u00cdPE: C\u00c2MARA DENOMINA RUA C, NO BAIRRO AC\u00c1CIO ALMEIDA, PROFESSORA ANNA FERREIRA - blog do er\u00ea<\/title>\n<meta name=\"robots\" content=\"index, follow, max-snippet:-1, max-image-preview:large, max-video-preview:-1\" \/>\n<link rel=\"canonical\" href=\"https:\/\/blogdoere.com.br\/?p=28535\" \/>\n<meta property=\"og:locale\" content=\"pt_PT\" \/>\n<meta property=\"og:type\" content=\"article\" \/>\n<meta property=\"og:title\" content=\"ITAJU\u00cdPE: C\u00c2MARA DENOMINA RUA C, NO BAIRRO AC\u00c1CIO ALMEIDA, PROFESSORA ANNA FERREIRA - blog do er\u00ea\" \/>\n<meta property=\"og:description\" content=\"Na \u00faltima quinta-feira, 13 de abril, atrav\u00e9s de projeto de lei de autoria do Vereador Mateus Ara\u00fajo Affonso Mattos(Podemos) a C\u00e2mara de Vereadores denominou a Rua C, no Bairro Vereador...\" \/>\n<meta property=\"og:url\" content=\"https:\/\/blogdoere.com.br\/?p=28535\" \/>\n<meta property=\"og:site_name\" content=\"blog do er\u00ea\" \/>\n<meta property=\"article:published_time\" content=\"2023-04-19T02:51:10+00:00\" \/>\n<meta property=\"article:modified_time\" content=\"2023-04-19T03:47:35+00:00\" \/>\n<meta property=\"og:image\" content=\"https:\/\/blogdoere.com.br\/wp-content\/uploads\/2023\/04\/FOTO_20230413_200648.jpg\" \/>\n\t<meta property=\"og:image:width\" content=\"970\" \/>\n\t<meta property=\"og:image:height\" content=\"933\" \/>\n\t<meta property=\"og:image:type\" content=\"image\/jpeg\" \/>\n<meta name=\"author\" content=\"blogdoere@hotmail.com\" \/>\n<meta name=\"twitter:card\" content=\"summary_large_image\" \/>\n<meta name=\"twitter:label1\" content=\"Escrito por\" \/>\n\t<meta name=\"twitter:data1\" content=\"blogdoere@hotmail.com\" \/>\n\t<meta name=\"twitter:label2\" content=\"Tempo estimado de leitura\" \/>\n\t<meta name=\"twitter:data2\" content=\"3 minutos\" \/>\n<script type=\"application\/ld+json\" class=\"yoast-schema-graph\">{\"@context\":\"https:\/\/schema.org\",\"@graph\":[{\"@type\":\"Article\",\"@id\":\"https:\/\/blogdoere.com.br\/?p=28535#article\",\"isPartOf\":{\"@id\":\"https:\/\/blogdoere.com.br\/?p=28535\"},\"author\":{\"name\":\"blogdoere@hotmail.com\",\"@id\":\"https:\/\/blogdoere.com.br\/#\/schema\/person\/c4f6d566a44c7bacdda563667715d18b\"},\"headline\":\"ITAJU\u00cdPE: C\u00c2MARA DENOMINA RUA C, NO BAIRRO AC\u00c1CIO ALMEIDA, PROFESSORA ANNA FERREIRA\",\"datePublished\":\"2023-04-19T02:51:10+00:00\",\"dateModified\":\"2023-04-19T03:47:35+00:00\",\"mainEntityOfPage\":{\"@id\":\"https:\/\/blogdoere.com.br\/?p=28535\"},\"wordCount\":495,\"commentCount\":1,\"publisher\":{\"@id\":\"https:\/\/blogdoere.com.br\/#organization\"},\"articleSection\":[\"Cultura\"],\"inLanguage\":\"pt-PT\",\"potentialAction\":[{\"@type\":\"CommentAction\",\"name\":\"Comment\",\"target\":[\"https:\/\/blogdoere.com.br\/?p=28535#respond\"]}]},{\"@type\":\"WebPage\",\"@id\":\"https:\/\/blogdoere.com.br\/?p=28535\",\"url\":\"https:\/\/blogdoere.com.br\/?p=28535\",\"name\":\"ITAJU\u00cdPE: C\u00c2MARA DENOMINA RUA C, NO BAIRRO AC\u00c1CIO ALMEIDA, PROFESSORA ANNA FERREIRA - blog do er\u00ea\",\"isPartOf\":{\"@id\":\"https:\/\/blogdoere.com.br\/#website\"},\"datePublished\":\"2023-04-19T02:51:10+00:00\",\"dateModified\":\"2023-04-19T03:47:35+00:00\",\"breadcrumb\":{\"@id\":\"https:\/\/blogdoere.com.br\/?p=28535#breadcrumb\"},\"inLanguage\":\"pt-PT\",\"potentialAction\":[{\"@type\":\"ReadAction\",\"target\":[\"https:\/\/blogdoere.com.br\/?p=28535\"]}]},{\"@type\":\"BreadcrumbList\",\"@id\":\"https:\/\/blogdoere.com.br\/?p=28535#breadcrumb\",\"itemListElement\":[{\"@type\":\"ListItem\",\"position\":1,\"name\":\"In\u00edcio\",\"item\":\"https:\/\/blogdoere.com.br\/\"},{\"@type\":\"ListItem\",\"position\":2,\"name\":\"ITAJU\u00cdPE: C\u00c2MARA DENOMINA RUA C, NO BAIRRO AC\u00c1CIO ALMEIDA, PROFESSORA ANNA FERREIRA\"}]},{\"@type\":\"WebSite\",\"@id\":\"https:\/\/blogdoere.com.br\/#website\",\"url\":\"https:\/\/blogdoere.com.br\/\",\"name\":\"blog do er\u00ea\",\"description\":\"\",\"publisher\":{\"@id\":\"https:\/\/blogdoere.com.br\/#organization\"},\"potentialAction\":[{\"@type\":\"SearchAction\",\"target\":{\"@type\":\"EntryPoint\",\"urlTemplate\":\"https:\/\/blogdoere.com.br\/?s={search_term_string}\"},\"query-input\":\"required name=search_term_string\"}],\"inLanguage\":\"pt-PT\"},{\"@type\":\"Organization\",\"@id\":\"https:\/\/blogdoere.com.br\/#organization\",\"name\":\"Blog do Er\u00ea\",\"url\":\"https:\/\/blogdoere.com.br\/\",\"logo\":{\"@type\":\"ImageObject\",\"inLanguage\":\"pt-PT\",\"@id\":\"https:\/\/blogdoere.com.br\/#\/schema\/logo\/image\/\",\"url\":\"https:\/\/blogdoere.com.br\/wp-content\/uploads\/2021\/11\/Logo-Ere-1.png\",\"contentUrl\":\"https:\/\/blogdoere.com.br\/wp-content\/uploads\/2021\/11\/Logo-Ere-1.png\",\"width\":1261,\"height\":1330,\"caption\":\"Blog do Er\u00ea\"},\"image\":{\"@id\":\"https:\/\/blogdoere.com.br\/#\/schema\/logo\/image\/\"}},{\"@type\":\"Person\",\"@id\":\"https:\/\/blogdoere.com.br\/#\/schema\/person\/c4f6d566a44c7bacdda563667715d18b\",\"name\":\"blogdoere@hotmail.com\",\"image\":{\"@type\":\"ImageObject\",\"inLanguage\":\"pt-PT\",\"@id\":\"https:\/\/blogdoere.com.br\/#\/schema\/person\/image\/\",\"url\":\"https:\/\/secure.gravatar.com\/avatar\/5684bd39df1289cb639b4ab539d6fcad69420e4a29521548fc078c58ed122fe6?s=96&d=mm&r=g\",\"contentUrl\":\"https:\/\/secure.gravatar.com\/avatar\/5684bd39df1289cb639b4ab539d6fcad69420e4a29521548fc078c58ed122fe6?s=96&d=mm&r=g\",\"caption\":\"blogdoere@hotmail.com\"},\"sameAs\":[\"http:\/\/blogdoere.com.br\"]}]}<\/script>\n<!-- \/ Yoast SEO plugin. -->","yoast_head_json":{"title":"ITAJU\u00cdPE: C\u00c2MARA DENOMINA RUA C, NO BAIRRO AC\u00c1CIO ALMEIDA, PROFESSORA ANNA FERREIRA - blog do er\u00ea","robots":{"index":"index","follow":"follow","max-snippet":"max-snippet:-1","max-image-preview":"max-image-preview:large","max-video-preview":"max-video-preview:-1"},"canonical":"https:\/\/blogdoere.com.br\/?p=28535","og_locale":"pt_PT","og_type":"article","og_title":"ITAJU\u00cdPE: C\u00c2MARA DENOMINA RUA C, NO BAIRRO AC\u00c1CIO ALMEIDA, PROFESSORA ANNA FERREIRA - blog do er\u00ea","og_description":"Na \u00faltima quinta-feira, 13 de abril, atrav\u00e9s de projeto de lei de autoria do Vereador Mateus Ara\u00fajo Affonso Mattos(Podemos) a C\u00e2mara de Vereadores denominou a Rua C, no Bairro Vereador...","og_url":"https:\/\/blogdoere.com.br\/?p=28535","og_site_name":"blog do er\u00ea","article_published_time":"2023-04-19T02:51:10+00:00","article_modified_time":"2023-04-19T03:47:35+00:00","og_image":[{"width":970,"height":933,"url":"https:\/\/blogdoere.com.br\/wp-content\/uploads\/2023\/04\/FOTO_20230413_200648.jpg","type":"image\/jpeg"}],"author":"blogdoere@hotmail.com","twitter_card":"summary_large_image","twitter_misc":{"Escrito por":"blogdoere@hotmail.com","Tempo estimado de leitura":"3 minutos"},"schema":{"@context":"https:\/\/schema.org","@graph":[{"@type":"Article","@id":"https:\/\/blogdoere.com.br\/?p=28535#article","isPartOf":{"@id":"https:\/\/blogdoere.com.br\/?p=28535"},"author":{"name":"blogdoere@hotmail.com","@id":"https:\/\/blogdoere.com.br\/#\/schema\/person\/c4f6d566a44c7bacdda563667715d18b"},"headline":"ITAJU\u00cdPE: C\u00c2MARA DENOMINA RUA C, NO BAIRRO AC\u00c1CIO ALMEIDA, PROFESSORA ANNA FERREIRA","datePublished":"2023-04-19T02:51:10+00:00","dateModified":"2023-04-19T03:47:35+00:00","mainEntityOfPage":{"@id":"https:\/\/blogdoere.com.br\/?p=28535"},"wordCount":495,"commentCount":1,"publisher":{"@id":"https:\/\/blogdoere.com.br\/#organization"},"articleSection":["Cultura"],"inLanguage":"pt-PT","potentialAction":[{"@type":"CommentAction","name":"Comment","target":["https:\/\/blogdoere.com.br\/?p=28535#respond"]}]},{"@type":"WebPage","@id":"https:\/\/blogdoere.com.br\/?p=28535","url":"https:\/\/blogdoere.com.br\/?p=28535","name":"ITAJU\u00cdPE: C\u00c2MARA DENOMINA RUA C, NO BAIRRO AC\u00c1CIO ALMEIDA, PROFESSORA ANNA FERREIRA - blog do er\u00ea","isPartOf":{"@id":"https:\/\/blogdoere.com.br\/#website"},"datePublished":"2023-04-19T02:51:10+00:00","dateModified":"2023-04-19T03:47:35+00:00","breadcrumb":{"@id":"https:\/\/blogdoere.com.br\/?p=28535#breadcrumb"},"inLanguage":"pt-PT","potentialAction":[{"@type":"ReadAction","target":["https:\/\/blogdoere.com.br\/?p=28535"]}]},{"@type":"BreadcrumbList","@id":"https:\/\/blogdoere.com.br\/?p=28535#breadcrumb","itemListElement":[{"@type":"ListItem","position":1,"name":"In\u00edcio","item":"https:\/\/blogdoere.com.br\/"},{"@type":"ListItem","position":2,"name":"ITAJU\u00cdPE: C\u00c2MARA DENOMINA RUA C, NO BAIRRO AC\u00c1CIO ALMEIDA, PROFESSORA ANNA FERREIRA"}]},{"@type":"WebSite","@id":"https:\/\/blogdoere.com.br\/#website","url":"https:\/\/blogdoere.com.br\/","name":"blog do er\u00ea","description":"","publisher":{"@id":"https:\/\/blogdoere.com.br\/#organization"},"potentialAction":[{"@type":"SearchAction","target":{"@type":"EntryPoint","urlTemplate":"https:\/\/blogdoere.com.br\/?s={search_term_string}"},"query-input":"required name=search_term_string"}],"inLanguage":"pt-PT"},{"@type":"Organization","@id":"https:\/\/blogdoere.com.br\/#organization","name":"Blog do Er\u00ea","url":"https:\/\/blogdoere.com.br\/","logo":{"@type":"ImageObject","inLanguage":"pt-PT","@id":"https:\/\/blogdoere.com.br\/#\/schema\/logo\/image\/","url":"https:\/\/blogdoere.com.br\/wp-content\/uploads\/2021\/11\/Logo-Ere-1.png","contentUrl":"https:\/\/blogdoere.com.br\/wp-content\/uploads\/2021\/11\/Logo-Ere-1.png","width":1261,"height":1330,"caption":"Blog do Er\u00ea"},"image":{"@id":"https:\/\/blogdoere.com.br\/#\/schema\/logo\/image\/"}},{"@type":"Person","@id":"https:\/\/blogdoere.com.br\/#\/schema\/person\/c4f6d566a44c7bacdda563667715d18b","name":"blogdoere@hotmail.com","image":{"@type":"ImageObject","inLanguage":"pt-PT","@id":"https:\/\/blogdoere.com.br\/#\/schema\/person\/image\/","url":"https:\/\/secure.gravatar.com\/avatar\/5684bd39df1289cb639b4ab539d6fcad69420e4a29521548fc078c58ed122fe6?s=96&d=mm&r=g","contentUrl":"https:\/\/secure.gravatar.com\/avatar\/5684bd39df1289cb639b4ab539d6fcad69420e4a29521548fc078c58ed122fe6?s=96&d=mm&r=g","caption":"blogdoere@hotmail.com"},"sameAs":["http:\/\/blogdoere.com.br"]}]}},"featured_image_urls":{"full":["https:\/\/blogdoere.com.br\/wp-content\/uploads\/2023\/04\/FOTO_20230413_200648.jpg",970,933,false],"thumbnail":["https:\/\/blogdoere.com.br\/wp-content\/uploads\/2023\/04\/FOTO_20230413_200648-150x150.jpg",150,150,true],"medium":["https:\/\/blogdoere.com.br\/wp-content\/uploads\/2023\/04\/FOTO_20230413_200648-300x289.jpg",300,289,true],"medium_large":["https:\/\/blogdoere.com.br\/wp-content\/uploads\/2023\/04\/FOTO_20230413_200648-768x739.jpg",768,739,true],"large":["https:\/\/blogdoere.com.br\/wp-content\/uploads\/2023\/04\/FOTO_20230413_200648.jpg",970,933,false],"1536x1536":["https:\/\/blogdoere.com.br\/wp-content\/uploads\/2023\/04\/FOTO_20230413_200648.jpg",970,933,false],"2048x2048":["https:\/\/blogdoere.com.br\/wp-content\/uploads\/2023\/04\/FOTO_20230413_200648.jpg",970,933,false]},"author_info":{"display_name":"blogdoere@hotmail.com","author_link":"https:\/\/blogdoere.com.br\/?author=1"},"category_info":"<a href=\"https:\/\/blogdoere.com.br\/?cat=37\" rel=\"category\">Cultura<\/a>","tag_info":"Cultura","comment_count":"1","_links":{"self":[{"href":"https:\/\/blogdoere.com.br\/index.php?rest_route=\/wp\/v2\/posts\/28535","targetHints":{"allow":["GET"]}}],"collection":[{"href":"https:\/\/blogdoere.com.br\/index.php?rest_route=\/wp\/v2\/posts"}],"about":[{"href":"https:\/\/blogdoere.com.br\/index.php?rest_route=\/wp\/v2\/types\/post"}],"author":[{"embeddable":true,"href":"https:\/\/blogdoere.com.br\/index.php?rest_route=\/wp\/v2\/users\/1"}],"replies":[{"embeddable":true,"href":"https:\/\/blogdoere.com.br\/index.php?rest_route=%2Fwp%2Fv2%2Fcomments&post=28535"}],"version-history":[{"count":4,"href":"https:\/\/blogdoere.com.br\/index.php?rest_route=\/wp\/v2\/posts\/28535\/revisions"}],"predecessor-version":[{"id":28540,"href":"https:\/\/blogdoere.com.br\/index.php?rest_route=\/wp\/v2\/posts\/28535\/revisions\/28540"}],"wp:featuredmedia":[{"embeddable":true,"href":"https:\/\/blogdoere.com.br\/index.php?rest_route=\/wp\/v2\/media\/28487"}],"wp:attachment":[{"href":"https:\/\/blogdoere.com.br\/index.php?rest_route=%2Fwp%2Fv2%2Fmedia&parent=28535"}],"wp:term":[{"taxonomy":"category","embeddable":true,"href":"https:\/\/blogdoere.com.br\/index.php?rest_route=%2Fwp%2Fv2%2Fcategories&post=28535"},{"taxonomy":"post_tag","embeddable":true,"href":"https:\/\/blogdoere.com.br\/index.php?rest_route=%2Fwp%2Fv2%2Ftags&post=28535"}],"curies":[{"name":"wp","href":"https:\/\/api.w.org\/{rel}","templated":true}]}}