{"id":28556,"date":"2023-05-08T13:51:55","date_gmt":"2023-05-08T13:51:55","guid":{"rendered":"https:\/\/blogdoere.com.br\/?p=28556"},"modified":"2023-05-08T16:28:00","modified_gmt":"2023-05-08T16:28:00","slug":"pt-ba-vai-realizar-encontro-litoral-sul-visando-eleicoes-2024","status":"publish","type":"post","link":"https:\/\/blogdoere.com.br\/?p=28556","title":{"rendered":"PT- BA VAI REALIZAR ENCONTRO LITORAL SUL VISANDO ELEI\u00c7\u00d5ES 2024."},"content":{"rendered":"\n<figure class=\"wp-block-gallery has-nested-images columns-default is-cropped wp-block-gallery-1 is-layout-flex wp-block-gallery-is-layout-flex\">\n<figure class=\"wp-block-image size-full\"><img decoding=\"async\" width=\"366\" height=\"375\" data-id=\"28560\" src=\"https:\/\/blogdoere.com.br\/wp-content\/uploads\/2023\/05\/WhatsApp-Image-2023-05-08-at-11.15.26.jpeg\" alt=\"\" class=\"wp-image-28560\" srcset=\"https:\/\/blogdoere.com.br\/wp-content\/uploads\/2023\/05\/WhatsApp-Image-2023-05-08-at-11.15.26.jpeg 366w, https:\/\/blogdoere.com.br\/wp-content\/uploads\/2023\/05\/WhatsApp-Image-2023-05-08-at-11.15.26-293x300.jpeg 293w\" sizes=\"(max-width: 366px) 100vw, 366px\" \/><\/figure>\n<\/figure>\n\n\n\n<p> <\/p>\n\n\n\n<p class=\"has-text-align-justify\">No pr\u00f3ximo dia 13, em Ilh\u00e9us, o diret\u00f3rio estadual do PT vai se reunir com os diret\u00f3rios municipais do Litoral Sul para tentar alinhar as pr\u00e9-candidaturas a prefeitos e vereadores na regi\u00e3o. No \u00faltimo s\u00e1bado, 06 de maio, o presidente estadual \u00c9den Valadares  se reuniu nos munic\u00edpios de Teixeira de Freitas, Jequi\u00e9 e Eun\u00e1polis. J\u00e1 no munic\u00edpio de Feira de Santana, o diret\u00f3rio municipal decidiu no s\u00e1bado passado por unanimidade pela pr\u00e9-candidatura a prefeito do deputado federal Z\u00e9 Neto (PT). Enquanto isso, em Itabuna, o PT vive clima de beliger\u00e2ncia pol\u00edtica entre o vereador licenciado Manoel Porf\u00edrio (PT) e o ex-prefeito Geraldo Sim\u00f5es (PT) que quer tentar o terceiro mandato de prefeito. Porf\u00edrio, que era l\u00edder do governo Augusto Castro (PSD) no Legislativo, assumiu cargo de confian\u00e7a no governo \u2013 defende com unhas e dentes a reelei\u00e7\u00e3o de Castro. O ex-prefeito, deputado estadual, deputado federal Geraldo Sim\u00f5es ter\u00e1 pela frente um grande desafio \u2013 \u00e9 que Porf\u00edrio j\u00e1 bateu o martelo: GS n\u00e3o ser\u00e1 candidato pelo PT! Pelo visto, Porfirio tenta se viabilizar para compor a chapa de Castro como vice-prefeito.<\/p>\n","protected":false},"excerpt":{"rendered":"<p>No pr\u00f3ximo dia 13, em Ilh\u00e9us, o diret\u00f3rio estadual do PT vai se reunir com os diret\u00f3rios municipais do Litoral Sul para tentar alinhar as pr\u00e9-candidaturas a prefeitos e vereadores&#8230;<\/p>\n","protected":false},"author":1,"featured_media":28557,"comment_status":"open","ping_status":"open","sticky":false,"template":"","format":"standard","meta":{"_editorskit_title_hidden":false,"_editorskit_reading_time":0,"_editorskit_is_block_options_detached":false,"_editorskit_block_options_position":"{}","om_disable_all_campaigns":false,"_mi_skip_tracking":false,"_kad_post_transparent":"","_kad_post_title":"","_kad_post_layout":"","_kad_post_sidebar_id":"","_kad_post_content_style":"","_kad_post_vertical_padding":"","_kad_post_feature":"","_kad_post_feature_position":"","_kad_post_header":false,"_kad_post_footer":false,"footnotes":""},"categories":[32],"tags":[],"class_list":["post-28556","post","type-post","status-publish","format-standard","has-post-thumbnail","hentry","category-politica"],"yoast_head":"<!-- This site is optimized with the Yoast SEO plugin v20.5 - https:\/\/yoast.com\/wordpress\/plugins\/seo\/ -->\n<title>PT- BA VAI REALIZAR ENCONTRO LITORAL SUL VISANDO ELEI\u00c7\u00d5ES 2024. - blog do er\u00ea<\/title>\n<meta name=\"robots\" content=\"index, follow, max-snippet:-1, max-image-preview:large, max-video-preview:-1\" \/>\n<link rel=\"canonical\" href=\"https:\/\/blogdoere.com.br\/?p=28556\" \/>\n<meta property=\"og:locale\" content=\"pt_PT\" \/>\n<meta property=\"og:type\" content=\"article\" \/>\n<meta property=\"og:title\" content=\"PT- BA VAI REALIZAR ENCONTRO LITORAL SUL VISANDO ELEI\u00c7\u00d5ES 2024. - blog do er\u00ea\" \/>\n<meta property=\"og:description\" content=\"No pr\u00f3ximo dia 13, em Ilh\u00e9us, o diret\u00f3rio estadual do PT vai se reunir com os diret\u00f3rios municipais do Litoral Sul para tentar alinhar as pr\u00e9-candidaturas a prefeitos e vereadores...\" \/>\n<meta property=\"og:url\" content=\"https:\/\/blogdoere.com.br\/?p=28556\" \/>\n<meta property=\"og:site_name\" content=\"blog do er\u00ea\" \/>\n<meta property=\"article:published_time\" content=\"2023-05-08T13:51:55+00:00\" \/>\n<meta property=\"article:modified_time\" content=\"2023-05-08T16:28:00+00:00\" \/>\n<meta property=\"og:image\" content=\"https:\/\/blogdoere.com.br\/wp-content\/uploads\/2023\/05\/WhatsApp-Image-2023-05-07-at-23.33.41.jpeg\" \/>\n\t<meta property=\"og:image:width\" content=\"1600\" \/>\n\t<meta property=\"og:image:height\" content=\"1600\" \/>\n\t<meta property=\"og:image:type\" content=\"image\/jpeg\" \/>\n<meta name=\"author\" content=\"blogdoere@hotmail.com\" \/>\n<meta name=\"twitter:card\" content=\"summary_large_image\" \/>\n<meta name=\"twitter:label1\" content=\"Escrito por\" \/>\n\t<meta name=\"twitter:data1\" content=\"blogdoere@hotmail.com\" \/>\n\t<meta name=\"twitter:label2\" content=\"Tempo estimado de leitura\" \/>\n\t<meta name=\"twitter:data2\" content=\"2 minutos\" \/>\n<script type=\"application\/ld+json\" class=\"yoast-schema-graph\">{\"@context\":\"https:\/\/schema.org\",\"@graph\":[{\"@type\":\"Article\",\"@id\":\"https:\/\/blogdoere.com.br\/?p=28556#article\",\"isPartOf\":{\"@id\":\"https:\/\/blogdoere.com.br\/?p=28556\"},\"author\":{\"name\":\"blogdoere@hotmail.com\",\"@id\":\"https:\/\/blogdoere.com.br\/#\/schema\/person\/c4f6d566a44c7bacdda563667715d18b\"},\"headline\":\"PT- BA VAI REALIZAR ENCONTRO LITORAL SUL VISANDO ELEI\u00c7\u00d5ES 2024.\",\"datePublished\":\"2023-05-08T13:51:55+00:00\",\"dateModified\":\"2023-05-08T16:28:00+00:00\",\"mainEntityOfPage\":{\"@id\":\"https:\/\/blogdoere.com.br\/?p=28556\"},\"wordCount\":210,\"commentCount\":0,\"publisher\":{\"@id\":\"https:\/\/blogdoere.com.br\/#organization\"},\"articleSection\":[\"Pol\u00edtica\"],\"inLanguage\":\"pt-PT\",\"potentialAction\":[{\"@type\":\"CommentAction\",\"name\":\"Comment\",\"target\":[\"https:\/\/blogdoere.com.br\/?p=28556#respond\"]}]},{\"@type\":\"WebPage\",\"@id\":\"https:\/\/blogdoere.com.br\/?p=28556\",\"url\":\"https:\/\/blogdoere.com.br\/?p=28556\",\"name\":\"PT- BA VAI REALIZAR ENCONTRO LITORAL SUL VISANDO ELEI\u00c7\u00d5ES 2024. - blog do er\u00ea\",\"isPartOf\":{\"@id\":\"https:\/\/blogdoere.com.br\/#website\"},\"datePublished\":\"2023-05-08T13:51:55+00:00\",\"dateModified\":\"2023-05-08T16:28:00+00:00\",\"breadcrumb\":{\"@id\":\"https:\/\/blogdoere.com.br\/?p=28556#breadcrumb\"},\"inLanguage\":\"pt-PT\",\"potentialAction\":[{\"@type\":\"ReadAction\",\"target\":[\"https:\/\/blogdoere.com.br\/?p=28556\"]}]},{\"@type\":\"BreadcrumbList\",\"@id\":\"https:\/\/blogdoere.com.br\/?p=28556#breadcrumb\",\"itemListElement\":[{\"@type\":\"ListItem\",\"position\":1,\"name\":\"In\u00edcio\",\"item\":\"https:\/\/blogdoere.com.br\/\"},{\"@type\":\"ListItem\",\"position\":2,\"name\":\"PT- BA VAI REALIZAR ENCONTRO LITORAL SUL VISANDO ELEI\u00c7\u00d5ES 2024.\"}]},{\"@type\":\"WebSite\",\"@id\":\"https:\/\/blogdoere.com.br\/#website\",\"url\":\"https:\/\/blogdoere.com.br\/\",\"name\":\"blog do er\u00ea\",\"description\":\"\",\"publisher\":{\"@id\":\"https:\/\/blogdoere.com.br\/#organization\"},\"potentialAction\":[{\"@type\":\"SearchAction\",\"target\":{\"@type\":\"EntryPoint\",\"urlTemplate\":\"https:\/\/blogdoere.com.br\/?s={search_term_string}\"},\"query-input\":\"required name=search_term_string\"}],\"inLanguage\":\"pt-PT\"},{\"@type\":\"Organization\",\"@id\":\"https:\/\/blogdoere.com.br\/#organization\",\"name\":\"Blog do Er\u00ea\",\"url\":\"https:\/\/blogdoere.com.br\/\",\"logo\":{\"@type\":\"ImageObject\",\"inLanguage\":\"pt-PT\",\"@id\":\"https:\/\/blogdoere.com.br\/#\/schema\/logo\/image\/\",\"url\":\"https:\/\/blogdoere.com.br\/wp-content\/uploads\/2021\/11\/Logo-Ere-1.png\",\"contentUrl\":\"https:\/\/blogdoere.com.br\/wp-content\/uploads\/2021\/11\/Logo-Ere-1.png\",\"width\":1261,\"height\":1330,\"caption\":\"Blog do Er\u00ea\"},\"image\":{\"@id\":\"https:\/\/blogdoere.com.br\/#\/schema\/logo\/image\/\"}},{\"@type\":\"Person\",\"@id\":\"https:\/\/blogdoere.com.br\/#\/schema\/person\/c4f6d566a44c7bacdda563667715d18b\",\"name\":\"blogdoere@hotmail.com\",\"image\":{\"@type\":\"ImageObject\",\"inLanguage\":\"pt-PT\",\"@id\":\"https:\/\/blogdoere.com.br\/#\/schema\/person\/image\/\",\"url\":\"https:\/\/secure.gravatar.com\/avatar\/5684bd39df1289cb639b4ab539d6fcad69420e4a29521548fc078c58ed122fe6?s=96&d=mm&r=g\",\"contentUrl\":\"https:\/\/secure.gravatar.com\/avatar\/5684bd39df1289cb639b4ab539d6fcad69420e4a29521548fc078c58ed122fe6?s=96&d=mm&r=g\",\"caption\":\"blogdoere@hotmail.com\"},\"sameAs\":[\"http:\/\/blogdoere.com.br\"]}]}<\/script>\n<!-- \/ Yoast SEO plugin. -->","yoast_head_json":{"title":"PT- BA VAI REALIZAR ENCONTRO LITORAL SUL VISANDO ELEI\u00c7\u00d5ES 2024. - blog do er\u00ea","robots":{"index":"index","follow":"follow","max-snippet":"max-snippet:-1","max-image-preview":"max-image-preview:large","max-video-preview":"max-video-preview:-1"},"canonical":"https:\/\/blogdoere.com.br\/?p=28556","og_locale":"pt_PT","og_type":"article","og_title":"PT- BA VAI REALIZAR ENCONTRO LITORAL SUL VISANDO ELEI\u00c7\u00d5ES 2024. - blog do er\u00ea","og_description":"No pr\u00f3ximo dia 13, em Ilh\u00e9us, o diret\u00f3rio estadual do PT vai se reunir com os diret\u00f3rios municipais do Litoral Sul para tentar alinhar as pr\u00e9-candidaturas a prefeitos e vereadores...","og_url":"https:\/\/blogdoere.com.br\/?p=28556","og_site_name":"blog do er\u00ea","article_published_time":"2023-05-08T13:51:55+00:00","article_modified_time":"2023-05-08T16:28:00+00:00","og_image":[{"width":1600,"height":1600,"url":"https:\/\/blogdoere.com.br\/wp-content\/uploads\/2023\/05\/WhatsApp-Image-2023-05-07-at-23.33.41.jpeg","type":"image\/jpeg"}],"author":"blogdoere@hotmail.com","twitter_card":"summary_large_image","twitter_misc":{"Escrito por":"blogdoere@hotmail.com","Tempo estimado de leitura":"2 minutos"},"schema":{"@context":"https:\/\/schema.org","@graph":[{"@type":"Article","@id":"https:\/\/blogdoere.com.br\/?p=28556#article","isPartOf":{"@id":"https:\/\/blogdoere.com.br\/?p=28556"},"author":{"name":"blogdoere@hotmail.com","@id":"https:\/\/blogdoere.com.br\/#\/schema\/person\/c4f6d566a44c7bacdda563667715d18b"},"headline":"PT- BA VAI REALIZAR ENCONTRO LITORAL SUL VISANDO ELEI\u00c7\u00d5ES 2024.","datePublished":"2023-05-08T13:51:55+00:00","dateModified":"2023-05-08T16:28:00+00:00","mainEntityOfPage":{"@id":"https:\/\/blogdoere.com.br\/?p=28556"},"wordCount":210,"commentCount":0,"publisher":{"@id":"https:\/\/blogdoere.com.br\/#organization"},"articleSection":["Pol\u00edtica"],"inLanguage":"pt-PT","potentialAction":[{"@type":"CommentAction","name":"Comment","target":["https:\/\/blogdoere.com.br\/?p=28556#respond"]}]},{"@type":"WebPage","@id":"https:\/\/blogdoere.com.br\/?p=28556","url":"https:\/\/blogdoere.com.br\/?p=28556","name":"PT- BA VAI REALIZAR ENCONTRO LITORAL SUL VISANDO ELEI\u00c7\u00d5ES 2024. - blog do er\u00ea","isPartOf":{"@id":"https:\/\/blogdoere.com.br\/#website"},"datePublished":"2023-05-08T13:51:55+00:00","dateModified":"2023-05-08T16:28:00+00:00","breadcrumb":{"@id":"https:\/\/blogdoere.com.br\/?p=28556#breadcrumb"},"inLanguage":"pt-PT","potentialAction":[{"@type":"ReadAction","target":["https:\/\/blogdoere.com.br\/?p=28556"]}]},{"@type":"BreadcrumbList","@id":"https:\/\/blogdoere.com.br\/?p=28556#breadcrumb","itemListElement":[{"@type":"ListItem","position":1,"name":"In\u00edcio","item":"https:\/\/blogdoere.com.br\/"},{"@type":"ListItem","position":2,"name":"PT- BA VAI REALIZAR ENCONTRO LITORAL SUL VISANDO ELEI\u00c7\u00d5ES 2024."}]},{"@type":"WebSite","@id":"https:\/\/blogdoere.com.br\/#website","url":"https:\/\/blogdoere.com.br\/","name":"blog do er\u00ea","description":"","publisher":{"@id":"https:\/\/blogdoere.com.br\/#organization"},"potentialAction":[{"@type":"SearchAction","target":{"@type":"EntryPoint","urlTemplate":"https:\/\/blogdoere.com.br\/?s={search_term_string}"},"query-input":"required name=search_term_string"}],"inLanguage":"pt-PT"},{"@type":"Organization","@id":"https:\/\/blogdoere.com.br\/#organization","name":"Blog do Er\u00ea","url":"https:\/\/blogdoere.com.br\/","logo":{"@type":"ImageObject","inLanguage":"pt-PT","@id":"https:\/\/blogdoere.com.br\/#\/schema\/logo\/image\/","url":"https:\/\/blogdoere.com.br\/wp-content\/uploads\/2021\/11\/Logo-Ere-1.png","contentUrl":"https:\/\/blogdoere.com.br\/wp-content\/uploads\/2021\/11\/Logo-Ere-1.png","width":1261,"height":1330,"caption":"Blog do Er\u00ea"},"image":{"@id":"https:\/\/blogdoere.com.br\/#\/schema\/logo\/image\/"}},{"@type":"Person","@id":"https:\/\/blogdoere.com.br\/#\/schema\/person\/c4f6d566a44c7bacdda563667715d18b","name":"blogdoere@hotmail.com","image":{"@type":"ImageObject","inLanguage":"pt-PT","@id":"https:\/\/blogdoere.com.br\/#\/schema\/person\/image\/","url":"https:\/\/secure.gravatar.com\/avatar\/5684bd39df1289cb639b4ab539d6fcad69420e4a29521548fc078c58ed122fe6?s=96&d=mm&r=g","contentUrl":"https:\/\/secure.gravatar.com\/avatar\/5684bd39df1289cb639b4ab539d6fcad69420e4a29521548fc078c58ed122fe6?s=96&d=mm&r=g","caption":"blogdoere@hotmail.com"},"sameAs":["http:\/\/blogdoere.com.br"]}]}},"featured_image_urls":{"full":["https:\/\/blogdoere.com.br\/wp-content\/uploads\/2023\/05\/WhatsApp-Image-2023-05-07-at-23.33.41.jpeg",1600,1600,false],"thumbnail":["https:\/\/blogdoere.com.br\/wp-content\/uploads\/2023\/05\/WhatsApp-Image-2023-05-07-at-23.33.41-150x150.jpeg",150,150,true],"medium":["https:\/\/blogdoere.com.br\/wp-content\/uploads\/2023\/05\/WhatsApp-Image-2023-05-07-at-23.33.41-300x300.jpeg",300,300,true],"medium_large":["https:\/\/blogdoere.com.br\/wp-content\/uploads\/2023\/05\/WhatsApp-Image-2023-05-07-at-23.33.41-768x768.jpeg",768,768,true],"large":["https:\/\/blogdoere.com.br\/wp-content\/uploads\/2023\/05\/WhatsApp-Image-2023-05-07-at-23.33.41-1024x1024.jpeg",1024,1024,true],"1536x1536":["https:\/\/blogdoere.com.br\/wp-content\/uploads\/2023\/05\/WhatsApp-Image-2023-05-07-at-23.33.41-1536x1536.jpeg",1536,1536,true],"2048x2048":["https:\/\/blogdoere.com.br\/wp-content\/uploads\/2023\/05\/WhatsApp-Image-2023-05-07-at-23.33.41.jpeg",1600,1600,false]},"author_info":{"display_name":"blogdoere@hotmail.com","author_link":"https:\/\/blogdoere.com.br\/?author=1"},"category_info":"<a href=\"https:\/\/blogdoere.com.br\/?cat=32\" rel=\"category\">Pol\u00edtica<\/a>","tag_info":"Pol\u00edtica","comment_count":"0","_links":{"self":[{"href":"https:\/\/blogdoere.com.br\/index.php?rest_route=\/wp\/v2\/posts\/28556","targetHints":{"allow":["GET"]}}],"collection":[{"href":"https:\/\/blogdoere.com.br\/index.php?rest_route=\/wp\/v2\/posts"}],"about":[{"href":"https:\/\/blogdoere.com.br\/index.php?rest_route=\/wp\/v2\/types\/post"}],"author":[{"embeddable":true,"href":"https:\/\/blogdoere.com.br\/index.php?rest_route=\/wp\/v2\/users\/1"}],"replies":[{"embeddable":true,"href":"https:\/\/blogdoere.com.br\/index.php?rest_route=%2Fwp%2Fv2%2Fcomments&post=28556"}],"version-history":[{"count":3,"href":"https:\/\/blogdoere.com.br\/index.php?rest_route=\/wp\/v2\/posts\/28556\/revisions"}],"predecessor-version":[{"id":28564,"href":"https:\/\/blogdoere.com.br\/index.php?rest_route=\/wp\/v2\/posts\/28556\/revisions\/28564"}],"wp:featuredmedia":[{"embeddable":true,"href":"https:\/\/blogdoere.com.br\/index.php?rest_route=\/wp\/v2\/media\/28557"}],"wp:attachment":[{"href":"https:\/\/blogdoere.com.br\/index.php?rest_route=%2Fwp%2Fv2%2Fmedia&parent=28556"}],"wp:term":[{"taxonomy":"category","embeddable":true,"href":"https:\/\/blogdoere.com.br\/index.php?rest_route=%2Fwp%2Fv2%2Fcategories&post=28556"},{"taxonomy":"post_tag","embeddable":true,"href":"https:\/\/blogdoere.com.br\/index.php?rest_route=%2Fwp%2Fv2%2Ftags&post=28556"}],"curies":[{"name":"wp","href":"https:\/\/api.w.org\/{rel}","templated":true}]}}