{"id":28565,"date":"2023-05-11T15:46:47","date_gmt":"2023-05-11T15:46:47","guid":{"rendered":"https:\/\/blogdoere.com.br\/?p=28565"},"modified":"2023-05-11T15:46:48","modified_gmt":"2023-05-11T15:46:48","slug":"itajuipe-camara-denomina-rua-m-professor-joviano-mendes-da-silva","status":"publish","type":"post","link":"https:\/\/blogdoere.com.br\/?p=28565","title":{"rendered":"ITAJU\u00cdPE: C\u00c2MARA DENOMINA RUA M, PROFESSOR JOVIANO MENDES DA SILVA"},"content":{"rendered":"\n<figure class=\"wp-block-gallery has-nested-images columns-default is-cropped wp-block-gallery-1 is-layout-flex wp-block-gallery-is-layout-flex\">\n<figure class=\"wp-block-image size-large\"><img decoding=\"async\" width=\"509\" height=\"643\" data-id=\"28566\" src=\"https:\/\/blogdoere.com.br\/wp-content\/uploads\/2023\/05\/WhatsApp-Image-2023-05-11-at-12.15.42.jpeg\" alt=\"\" class=\"wp-image-28566\" srcset=\"https:\/\/blogdoere.com.br\/wp-content\/uploads\/2023\/05\/WhatsApp-Image-2023-05-11-at-12.15.42.jpeg 509w, https:\/\/blogdoere.com.br\/wp-content\/uploads\/2023\/05\/WhatsApp-Image-2023-05-11-at-12.15.42-237x300.jpeg 237w\" sizes=\"(max-width: 509px) 100vw, 509px\" \/><\/figure>\n<\/figure>\n\n\n\n<p class=\"has-text-align-justify\">Nesta quinta-feira, 11 de maio, a C\u00e2mara de Vereadores de Itaju\u00edpe aprovou por unanimidade projeto de lei que denomina a rua &#8220;M&#8221; no Bairro Vereador Ac\u00e1cio Almeida, Rua Professor Joviano Mendes da Silva.    O projeto teve a autoria dos vereadores Ivan J\u00fanior (PP) e Raul Estrela (PSD). Para este feito, a Sociedade Alian\u00e7a dos Artistas e Oper\u00e1rios de Pirangi, entidade sem fins lucrativos com 92 anos de hist\u00f3ria no munic\u00edpio sugeriu aos parlamentares que prontamente apresentaram  e defenderam o projeto na Casa Legislativa.   Joviano Mendes da Silva nasceu em Picos, no Piau\u00ed, em 17 de outubro de 1922. Em 1954, o piauiense mudou-se para o munic\u00edpio de Itaju\u00edpe onde casou-se com a sergipana Maria do Socorro Ribeiro (Dona Beatriz), com quem teve tr\u00eas filhos, Eduardo, F\u00e1bio e Galileu. Na d\u00e9cada de 1960, Joviano formou-se T\u00e9cnico em Contabilidade e passou a lecionar matem\u00e1tica na Escola de Com\u00e9rcio de Itaju\u00edpe \u2013 onde atuou por cerca de quatro anos. Entre as d\u00e9cadas de 1960 e in\u00edcio da d\u00e9cada de 1990, Joviano foi propriet\u00e1rio de estabelecimentos comerciais no munic\u00edpio e cidades adjacentes. Foi membro atuante do Rotary Clube de Itaju\u00edpe \u2013 entidade humanit\u00e1ria internacional pela qual contribuiu por muitos anos. Joviano Mendes da Silva faleceu em 13 de maio de 1994, aos 72 anos, em um hospital, no munic\u00edpio de Itabuna.<\/p>\n","protected":false},"excerpt":{"rendered":"<p>Nesta quinta-feira, 11 de maio, a C\u00e2mara de Vereadores de Itaju\u00edpe aprovou por unanimidade projeto de lei que denomina a rua &#8220;M&#8221; no Bairro Vereador Ac\u00e1cio Almeida, Rua Professor Joviano&#8230;<\/p>\n","protected":false},"author":1,"featured_media":28566,"comment_status":"open","ping_status":"open","sticky":false,"template":"","format":"standard","meta":{"_editorskit_title_hidden":false,"_editorskit_reading_time":0,"_editorskit_is_block_options_detached":false,"_editorskit_block_options_position":"{}","om_disable_all_campaigns":false,"_mi_skip_tracking":false,"_kad_post_transparent":"","_kad_post_title":"","_kad_post_layout":"","_kad_post_sidebar_id":"","_kad_post_content_style":"","_kad_post_vertical_padding":"","_kad_post_feature":"","_kad_post_feature_position":"","_kad_post_header":false,"_kad_post_footer":false,"footnotes":""},"categories":[37],"tags":[],"class_list":["post-28565","post","type-post","status-publish","format-standard","has-post-thumbnail","hentry","category-cultura"],"yoast_head":"<!-- This site is optimized with the Yoast SEO plugin v20.5 - https:\/\/yoast.com\/wordpress\/plugins\/seo\/ -->\n<title>ITAJU\u00cdPE: C\u00c2MARA DENOMINA RUA M, PROFESSOR JOVIANO MENDES DA SILVA - blog do er\u00ea<\/title>\n<meta name=\"robots\" content=\"index, follow, max-snippet:-1, max-image-preview:large, max-video-preview:-1\" \/>\n<link rel=\"canonical\" href=\"https:\/\/blogdoere.com.br\/?p=28565\" \/>\n<meta property=\"og:locale\" content=\"pt_PT\" \/>\n<meta property=\"og:type\" content=\"article\" \/>\n<meta property=\"og:title\" content=\"ITAJU\u00cdPE: C\u00c2MARA DENOMINA RUA M, PROFESSOR JOVIANO MENDES DA SILVA - blog do er\u00ea\" \/>\n<meta property=\"og:description\" content=\"Nesta quinta-feira, 11 de maio, a C\u00e2mara de Vereadores de Itaju\u00edpe aprovou por unanimidade projeto de lei que denomina a rua &#8220;M&#8221; no Bairro Vereador Ac\u00e1cio Almeida, Rua Professor Joviano...\" \/>\n<meta property=\"og:url\" content=\"https:\/\/blogdoere.com.br\/?p=28565\" \/>\n<meta property=\"og:site_name\" content=\"blog do er\u00ea\" \/>\n<meta property=\"article:published_time\" content=\"2023-05-11T15:46:47+00:00\" \/>\n<meta property=\"article:modified_time\" content=\"2023-05-11T15:46:48+00:00\" \/>\n<meta property=\"og:image\" content=\"https:\/\/blogdoere.com.br\/wp-content\/uploads\/2023\/05\/WhatsApp-Image-2023-05-11-at-12.15.42.jpeg\" \/>\n\t<meta property=\"og:image:width\" content=\"509\" \/>\n\t<meta property=\"og:image:height\" content=\"643\" \/>\n\t<meta property=\"og:image:type\" content=\"image\/jpeg\" \/>\n<meta name=\"author\" content=\"blogdoere@hotmail.com\" \/>\n<meta name=\"twitter:card\" content=\"summary_large_image\" \/>\n<meta name=\"twitter:label1\" content=\"Escrito por\" \/>\n\t<meta name=\"twitter:data1\" content=\"blogdoere@hotmail.com\" \/>\n\t<meta name=\"twitter:label2\" content=\"Tempo estimado de leitura\" \/>\n\t<meta name=\"twitter:data2\" content=\"2 minutos\" \/>\n<script type=\"application\/ld+json\" class=\"yoast-schema-graph\">{\"@context\":\"https:\/\/schema.org\",\"@graph\":[{\"@type\":\"Article\",\"@id\":\"https:\/\/blogdoere.com.br\/?p=28565#article\",\"isPartOf\":{\"@id\":\"https:\/\/blogdoere.com.br\/?p=28565\"},\"author\":{\"name\":\"blogdoere@hotmail.com\",\"@id\":\"https:\/\/blogdoere.com.br\/#\/schema\/person\/c4f6d566a44c7bacdda563667715d18b\"},\"headline\":\"ITAJU\u00cdPE: C\u00c2MARA DENOMINA RUA M, PROFESSOR JOVIANO MENDES DA SILVA\",\"datePublished\":\"2023-05-11T15:46:47+00:00\",\"dateModified\":\"2023-05-11T15:46:48+00:00\",\"mainEntityOfPage\":{\"@id\":\"https:\/\/blogdoere.com.br\/?p=28565\"},\"wordCount\":241,\"commentCount\":1,\"publisher\":{\"@id\":\"https:\/\/blogdoere.com.br\/#organization\"},\"articleSection\":[\"Cultura\"],\"inLanguage\":\"pt-PT\",\"potentialAction\":[{\"@type\":\"CommentAction\",\"name\":\"Comment\",\"target\":[\"https:\/\/blogdoere.com.br\/?p=28565#respond\"]}]},{\"@type\":\"WebPage\",\"@id\":\"https:\/\/blogdoere.com.br\/?p=28565\",\"url\":\"https:\/\/blogdoere.com.br\/?p=28565\",\"name\":\"ITAJU\u00cdPE: C\u00c2MARA DENOMINA RUA M, PROFESSOR JOVIANO MENDES DA SILVA - blog do er\u00ea\",\"isPartOf\":{\"@id\":\"https:\/\/blogdoere.com.br\/#website\"},\"datePublished\":\"2023-05-11T15:46:47+00:00\",\"dateModified\":\"2023-05-11T15:46:48+00:00\",\"breadcrumb\":{\"@id\":\"https:\/\/blogdoere.com.br\/?p=28565#breadcrumb\"},\"inLanguage\":\"pt-PT\",\"potentialAction\":[{\"@type\":\"ReadAction\",\"target\":[\"https:\/\/blogdoere.com.br\/?p=28565\"]}]},{\"@type\":\"BreadcrumbList\",\"@id\":\"https:\/\/blogdoere.com.br\/?p=28565#breadcrumb\",\"itemListElement\":[{\"@type\":\"ListItem\",\"position\":1,\"name\":\"In\u00edcio\",\"item\":\"https:\/\/blogdoere.com.br\/\"},{\"@type\":\"ListItem\",\"position\":2,\"name\":\"ITAJU\u00cdPE: C\u00c2MARA DENOMINA RUA M, PROFESSOR JOVIANO MENDES DA SILVA\"}]},{\"@type\":\"WebSite\",\"@id\":\"https:\/\/blogdoere.com.br\/#website\",\"url\":\"https:\/\/blogdoere.com.br\/\",\"name\":\"blog do er\u00ea\",\"description\":\"\",\"publisher\":{\"@id\":\"https:\/\/blogdoere.com.br\/#organization\"},\"potentialAction\":[{\"@type\":\"SearchAction\",\"target\":{\"@type\":\"EntryPoint\",\"urlTemplate\":\"https:\/\/blogdoere.com.br\/?s={search_term_string}\"},\"query-input\":\"required name=search_term_string\"}],\"inLanguage\":\"pt-PT\"},{\"@type\":\"Organization\",\"@id\":\"https:\/\/blogdoere.com.br\/#organization\",\"name\":\"Blog do Er\u00ea\",\"url\":\"https:\/\/blogdoere.com.br\/\",\"logo\":{\"@type\":\"ImageObject\",\"inLanguage\":\"pt-PT\",\"@id\":\"https:\/\/blogdoere.com.br\/#\/schema\/logo\/image\/\",\"url\":\"https:\/\/blogdoere.com.br\/wp-content\/uploads\/2021\/11\/Logo-Ere-1.png\",\"contentUrl\":\"https:\/\/blogdoere.com.br\/wp-content\/uploads\/2021\/11\/Logo-Ere-1.png\",\"width\":1261,\"height\":1330,\"caption\":\"Blog do Er\u00ea\"},\"image\":{\"@id\":\"https:\/\/blogdoere.com.br\/#\/schema\/logo\/image\/\"}},{\"@type\":\"Person\",\"@id\":\"https:\/\/blogdoere.com.br\/#\/schema\/person\/c4f6d566a44c7bacdda563667715d18b\",\"name\":\"blogdoere@hotmail.com\",\"image\":{\"@type\":\"ImageObject\",\"inLanguage\":\"pt-PT\",\"@id\":\"https:\/\/blogdoere.com.br\/#\/schema\/person\/image\/\",\"url\":\"https:\/\/secure.gravatar.com\/avatar\/5684bd39df1289cb639b4ab539d6fcad69420e4a29521548fc078c58ed122fe6?s=96&d=mm&r=g\",\"contentUrl\":\"https:\/\/secure.gravatar.com\/avatar\/5684bd39df1289cb639b4ab539d6fcad69420e4a29521548fc078c58ed122fe6?s=96&d=mm&r=g\",\"caption\":\"blogdoere@hotmail.com\"},\"sameAs\":[\"http:\/\/blogdoere.com.br\"]}]}<\/script>\n<!-- \/ Yoast SEO plugin. -->","yoast_head_json":{"title":"ITAJU\u00cdPE: C\u00c2MARA DENOMINA RUA M, PROFESSOR JOVIANO MENDES DA SILVA - blog do er\u00ea","robots":{"index":"index","follow":"follow","max-snippet":"max-snippet:-1","max-image-preview":"max-image-preview:large","max-video-preview":"max-video-preview:-1"},"canonical":"https:\/\/blogdoere.com.br\/?p=28565","og_locale":"pt_PT","og_type":"article","og_title":"ITAJU\u00cdPE: C\u00c2MARA DENOMINA RUA M, PROFESSOR JOVIANO MENDES DA SILVA - blog do er\u00ea","og_description":"Nesta quinta-feira, 11 de maio, a C\u00e2mara de Vereadores de Itaju\u00edpe aprovou por unanimidade projeto de lei que denomina a rua &#8220;M&#8221; no Bairro Vereador Ac\u00e1cio Almeida, Rua Professor Joviano...","og_url":"https:\/\/blogdoere.com.br\/?p=28565","og_site_name":"blog do er\u00ea","article_published_time":"2023-05-11T15:46:47+00:00","article_modified_time":"2023-05-11T15:46:48+00:00","og_image":[{"width":509,"height":643,"url":"https:\/\/blogdoere.com.br\/wp-content\/uploads\/2023\/05\/WhatsApp-Image-2023-05-11-at-12.15.42.jpeg","type":"image\/jpeg"}],"author":"blogdoere@hotmail.com","twitter_card":"summary_large_image","twitter_misc":{"Escrito por":"blogdoere@hotmail.com","Tempo estimado de leitura":"2 minutos"},"schema":{"@context":"https:\/\/schema.org","@graph":[{"@type":"Article","@id":"https:\/\/blogdoere.com.br\/?p=28565#article","isPartOf":{"@id":"https:\/\/blogdoere.com.br\/?p=28565"},"author":{"name":"blogdoere@hotmail.com","@id":"https:\/\/blogdoere.com.br\/#\/schema\/person\/c4f6d566a44c7bacdda563667715d18b"},"headline":"ITAJU\u00cdPE: C\u00c2MARA DENOMINA RUA M, PROFESSOR JOVIANO MENDES DA SILVA","datePublished":"2023-05-11T15:46:47+00:00","dateModified":"2023-05-11T15:46:48+00:00","mainEntityOfPage":{"@id":"https:\/\/blogdoere.com.br\/?p=28565"},"wordCount":241,"commentCount":1,"publisher":{"@id":"https:\/\/blogdoere.com.br\/#organization"},"articleSection":["Cultura"],"inLanguage":"pt-PT","potentialAction":[{"@type":"CommentAction","name":"Comment","target":["https:\/\/blogdoere.com.br\/?p=28565#respond"]}]},{"@type":"WebPage","@id":"https:\/\/blogdoere.com.br\/?p=28565","url":"https:\/\/blogdoere.com.br\/?p=28565","name":"ITAJU\u00cdPE: C\u00c2MARA DENOMINA RUA M, PROFESSOR JOVIANO MENDES DA SILVA - blog do er\u00ea","isPartOf":{"@id":"https:\/\/blogdoere.com.br\/#website"},"datePublished":"2023-05-11T15:46:47+00:00","dateModified":"2023-05-11T15:46:48+00:00","breadcrumb":{"@id":"https:\/\/blogdoere.com.br\/?p=28565#breadcrumb"},"inLanguage":"pt-PT","potentialAction":[{"@type":"ReadAction","target":["https:\/\/blogdoere.com.br\/?p=28565"]}]},{"@type":"BreadcrumbList","@id":"https:\/\/blogdoere.com.br\/?p=28565#breadcrumb","itemListElement":[{"@type":"ListItem","position":1,"name":"In\u00edcio","item":"https:\/\/blogdoere.com.br\/"},{"@type":"ListItem","position":2,"name":"ITAJU\u00cdPE: C\u00c2MARA DENOMINA RUA M, PROFESSOR JOVIANO MENDES DA SILVA"}]},{"@type":"WebSite","@id":"https:\/\/blogdoere.com.br\/#website","url":"https:\/\/blogdoere.com.br\/","name":"blog do er\u00ea","description":"","publisher":{"@id":"https:\/\/blogdoere.com.br\/#organization"},"potentialAction":[{"@type":"SearchAction","target":{"@type":"EntryPoint","urlTemplate":"https:\/\/blogdoere.com.br\/?s={search_term_string}"},"query-input":"required name=search_term_string"}],"inLanguage":"pt-PT"},{"@type":"Organization","@id":"https:\/\/blogdoere.com.br\/#organization","name":"Blog do Er\u00ea","url":"https:\/\/blogdoere.com.br\/","logo":{"@type":"ImageObject","inLanguage":"pt-PT","@id":"https:\/\/blogdoere.com.br\/#\/schema\/logo\/image\/","url":"https:\/\/blogdoere.com.br\/wp-content\/uploads\/2021\/11\/Logo-Ere-1.png","contentUrl":"https:\/\/blogdoere.com.br\/wp-content\/uploads\/2021\/11\/Logo-Ere-1.png","width":1261,"height":1330,"caption":"Blog do Er\u00ea"},"image":{"@id":"https:\/\/blogdoere.com.br\/#\/schema\/logo\/image\/"}},{"@type":"Person","@id":"https:\/\/blogdoere.com.br\/#\/schema\/person\/c4f6d566a44c7bacdda563667715d18b","name":"blogdoere@hotmail.com","image":{"@type":"ImageObject","inLanguage":"pt-PT","@id":"https:\/\/blogdoere.com.br\/#\/schema\/person\/image\/","url":"https:\/\/secure.gravatar.com\/avatar\/5684bd39df1289cb639b4ab539d6fcad69420e4a29521548fc078c58ed122fe6?s=96&d=mm&r=g","contentUrl":"https:\/\/secure.gravatar.com\/avatar\/5684bd39df1289cb639b4ab539d6fcad69420e4a29521548fc078c58ed122fe6?s=96&d=mm&r=g","caption":"blogdoere@hotmail.com"},"sameAs":["http:\/\/blogdoere.com.br"]}]}},"featured_image_urls":{"full":["https:\/\/blogdoere.com.br\/wp-content\/uploads\/2023\/05\/WhatsApp-Image-2023-05-11-at-12.15.42.jpeg",509,643,false],"thumbnail":["https:\/\/blogdoere.com.br\/wp-content\/uploads\/2023\/05\/WhatsApp-Image-2023-05-11-at-12.15.42-150x150.jpeg",150,150,true],"medium":["https:\/\/blogdoere.com.br\/wp-content\/uploads\/2023\/05\/WhatsApp-Image-2023-05-11-at-12.15.42-237x300.jpeg",237,300,true],"medium_large":["https:\/\/blogdoere.com.br\/wp-content\/uploads\/2023\/05\/WhatsApp-Image-2023-05-11-at-12.15.42.jpeg",509,643,false],"large":["https:\/\/blogdoere.com.br\/wp-content\/uploads\/2023\/05\/WhatsApp-Image-2023-05-11-at-12.15.42.jpeg",509,643,false],"1536x1536":["https:\/\/blogdoere.com.br\/wp-content\/uploads\/2023\/05\/WhatsApp-Image-2023-05-11-at-12.15.42.jpeg",509,643,false],"2048x2048":["https:\/\/blogdoere.com.br\/wp-content\/uploads\/2023\/05\/WhatsApp-Image-2023-05-11-at-12.15.42.jpeg",509,643,false]},"author_info":{"display_name":"blogdoere@hotmail.com","author_link":"https:\/\/blogdoere.com.br\/?author=1"},"category_info":"<a href=\"https:\/\/blogdoere.com.br\/?cat=37\" rel=\"category\">Cultura<\/a>","tag_info":"Cultura","comment_count":"1","_links":{"self":[{"href":"https:\/\/blogdoere.com.br\/index.php?rest_route=\/wp\/v2\/posts\/28565","targetHints":{"allow":["GET"]}}],"collection":[{"href":"https:\/\/blogdoere.com.br\/index.php?rest_route=\/wp\/v2\/posts"}],"about":[{"href":"https:\/\/blogdoere.com.br\/index.php?rest_route=\/wp\/v2\/types\/post"}],"author":[{"embeddable":true,"href":"https:\/\/blogdoere.com.br\/index.php?rest_route=\/wp\/v2\/users\/1"}],"replies":[{"embeddable":true,"href":"https:\/\/blogdoere.com.br\/index.php?rest_route=%2Fwp%2Fv2%2Fcomments&post=28565"}],"version-history":[{"count":1,"href":"https:\/\/blogdoere.com.br\/index.php?rest_route=\/wp\/v2\/posts\/28565\/revisions"}],"predecessor-version":[{"id":28567,"href":"https:\/\/blogdoere.com.br\/index.php?rest_route=\/wp\/v2\/posts\/28565\/revisions\/28567"}],"wp:featuredmedia":[{"embeddable":true,"href":"https:\/\/blogdoere.com.br\/index.php?rest_route=\/wp\/v2\/media\/28566"}],"wp:attachment":[{"href":"https:\/\/blogdoere.com.br\/index.php?rest_route=%2Fwp%2Fv2%2Fmedia&parent=28565"}],"wp:term":[{"taxonomy":"category","embeddable":true,"href":"https:\/\/blogdoere.com.br\/index.php?rest_route=%2Fwp%2Fv2%2Fcategories&post=28565"},{"taxonomy":"post_tag","embeddable":true,"href":"https:\/\/blogdoere.com.br\/index.php?rest_route=%2Fwp%2Fv2%2Ftags&post=28565"}],"curies":[{"name":"wp","href":"https:\/\/api.w.org\/{rel}","templated":true}]}}