{"id":28576,"date":"2023-06-20T18:31:30","date_gmt":"2023-06-20T18:31:30","guid":{"rendered":"https:\/\/blogdoere.com.br\/?p=28576"},"modified":"2023-06-20T18:31:31","modified_gmt":"2023-06-20T18:31:31","slug":"itabuna-robenilson-torres-e-eleito-presidente-da-acteba","status":"publish","type":"post","link":"https:\/\/blogdoere.com.br\/?p=28576","title":{"rendered":"ITABUNA: ROBENILSON TORRES \u00c9 ELEITO PRESIDENTE DA \u00a0ACTEBA"},"content":{"rendered":"\n<figure class=\"wp-block-gallery has-nested-images columns-default is-cropped wp-block-gallery-1 is-layout-flex wp-block-gallery-is-layout-flex\">\n<figure class=\"wp-block-image size-large\"><img decoding=\"async\" width=\"819\" height=\"819\" data-id=\"28577\" src=\"https:\/\/blogdoere.com.br\/wp-content\/uploads\/2023\/06\/WhatsApp-Image-2023-06-20-at-15.21.55.jpeg\" alt=\"\" class=\"wp-image-28577\" srcset=\"https:\/\/blogdoere.com.br\/wp-content\/uploads\/2023\/06\/WhatsApp-Image-2023-06-20-at-15.21.55.jpeg 819w, https:\/\/blogdoere.com.br\/wp-content\/uploads\/2023\/06\/WhatsApp-Image-2023-06-20-at-15.21.55-300x300.jpeg 300w, https:\/\/blogdoere.com.br\/wp-content\/uploads\/2023\/06\/WhatsApp-Image-2023-06-20-at-15.21.55-150x150.jpeg 150w, https:\/\/blogdoere.com.br\/wp-content\/uploads\/2023\/06\/WhatsApp-Image-2023-06-20-at-15.21.55-768x768.jpeg 768w\" sizes=\"(max-width: 819px) 100vw, 819px\" \/><\/figure>\n<\/figure>\n\n\n\n<p><\/p>\n\n\n\n<p class=\"has-text-align-justify\">O advogado itabunense, Robenilson Sena Torres, ser\u00e1 o novo presidente da Associa\u00e7\u00e3o de Conselheiros e Ex-Conselheiros Tutelares do Estado da Bahia (ACTEBA), para o per\u00edodo 2023\/2026. Ele foi eleito por unanimidade em Assembleia Geral da Entidade realizada nesta segunda-feira (19), no Audit\u00f3rio da Ordem dos Advogados do Brasil \u2013 (Subse\u00e7\u00e3o Itabuna).<\/p>\n\n\n\n<p class=\"has-text-align-justify\">Em sua fala, o presidente eleito se mostrou bastante otimista em rela\u00e7\u00e3o a sua gest\u00e3o, afirmando que dar\u00e1 continuidade ao projeto conduzido por Sales Barbosa, que deixar\u00e1 o cargo. \u201cAl\u00e9m de agradecer o apoio e confian\u00e7a de todos, quero salientar que nossa gest\u00e3o trabalhar\u00e1 em unidade e dar\u00e1 sequ\u00eancia e amplia\u00e7\u00e3o aos projetos iniciados anteriormente. Estamos alinhados e conscientes da import\u00e2ncia de se ter uma entidade atuante, na luta pela valoriza\u00e7\u00e3o dos conselheiros (as) tutelares na Bahia, e pela defesa dos direitos das nossas crian\u00e7as e adolescentes. Somos a continuidade de uma gest\u00e3o bem-sucedida. Hoje, o trabalho realizado pela ACTEBA \u00e9 reconhecido nacionalmente\u201d, ressaltou Robenilson.<\/p>\n\n\n\n<figure class=\"wp-block-gallery has-nested-images columns-default is-cropped wp-block-gallery-2 is-layout-flex wp-block-gallery-is-layout-flex\">\n<figure class=\"wp-block-image size-large\"><img decoding=\"async\" width=\"720\" height=\"320\" data-id=\"28578\" src=\"https:\/\/blogdoere.com.br\/wp-content\/uploads\/2023\/06\/WhatsApp-Image-2023-06-20-at-14.34.03.jpeg\" alt=\"\" class=\"wp-image-28578\" srcset=\"https:\/\/blogdoere.com.br\/wp-content\/uploads\/2023\/06\/WhatsApp-Image-2023-06-20-at-14.34.03.jpeg 720w, https:\/\/blogdoere.com.br\/wp-content\/uploads\/2023\/06\/WhatsApp-Image-2023-06-20-at-14.34.03-300x133.jpeg 300w\" sizes=\"(max-width: 720px) 100vw, 720px\" \/><\/figure>\n<\/figure>\n\n\n\n<p class=\"has-text-align-justify\">A reuni\u00e3o que elegeu a nova diretoria foi conduzida por Sales Barbosa, que agradeceu a todos pelo per\u00edodo em que esteve \u00e0 frente da associa\u00e7\u00e3o. Barbosa exaltou a hist\u00f3ria da ACTEBA, na defesa dos interesses da categoria e desejou sucesso para a nova gest\u00e3o. \u201cN\u00e3o tenho d\u00favidas de que a nova diretoria tem todas as possibilidades de dar conta do desafio proposto, com capacidade de transitar entre as institui\u00e7\u00f5es do Sistema de Garantias de Direitos do Estado da Bahia e do Brasil, prestando orienta\u00e7\u00f5es e fazendo a defesa t\u00e9cnica dos conselheiros tutelares, dando assim, continuidade \u00e0 hist\u00f3ria da ACTEBA\u201d, afirmou o ex-presidente.<\/p>\n\n\n\n<p>Curr\u00edculo<\/p>\n\n\n\n<p class=\"has-text-align-justify\">Nascido em Itabuna &#8211; BA, Robenilson Torres \u00e9 advogado formado pela Universidade Estadual de Santa Cruz; exerceu a fun\u00e7\u00e3o de&nbsp; conselheiro tutelar no munic\u00edpio de Itabuna na gest\u00e3o 2015-2019 e foi presidente da Comiss\u00e3o dos Direitos da Crian\u00e7a e dos Adolescentes da OAB \u2013 na Subse\u00e7\u00e3o Itabuna 2019-2020), atualmente exerce a fun\u00e7\u00e3o de Ouvidor Geral do Munic\u00edpio.<\/p>\n\n\n\n<p class=\"has-text-align-justify\">Junto \u00e0 ACTEBA, desenvolve um trabalho de assessoria jur\u00eddica desde 2018. Atuando tamb\u00e9m como palestrante, consultor da inf\u00e2ncia e juventude e capacita\u00e7\u00f5es de conselheiros e atores do Sistema de Garantias de Direitos em todo o Estado.<\/p>\n","protected":false},"excerpt":{"rendered":"<p>O advogado itabunense, Robenilson Sena Torres, ser\u00e1 o novo presidente da Associa\u00e7\u00e3o de Conselheiros e Ex-Conselheiros Tutelares do Estado da Bahia (ACTEBA), para o per\u00edodo 2023\/2026. Ele foi eleito por&#8230;<\/p>\n","protected":false},"author":1,"featured_media":28577,"comment_status":"open","ping_status":"open","sticky":false,"template":"","format":"standard","meta":{"_editorskit_title_hidden":false,"_editorskit_reading_time":0,"_editorskit_is_block_options_detached":false,"_editorskit_block_options_position":"{}","om_disable_all_campaigns":false,"_mi_skip_tracking":false,"_kad_post_transparent":"","_kad_post_title":"","_kad_post_layout":"","_kad_post_sidebar_id":"","_kad_post_content_style":"","_kad_post_vertical_padding":"","_kad_post_feature":"","_kad_post_feature_position":"","_kad_post_header":false,"_kad_post_footer":false,"footnotes":""},"categories":[55],"tags":[],"class_list":["post-28576","post","type-post","status-publish","format-standard","has-post-thumbnail","hentry","category-itabuna"],"yoast_head":"<!-- This site is optimized with the Yoast SEO plugin v20.5 - https:\/\/yoast.com\/wordpress\/plugins\/seo\/ -->\n<title>ITABUNA: ROBENILSON TORRES \u00c9 ELEITO PRESIDENTE DA \u00a0ACTEBA - blog do er\u00ea<\/title>\n<meta name=\"robots\" content=\"index, follow, max-snippet:-1, max-image-preview:large, max-video-preview:-1\" \/>\n<link rel=\"canonical\" href=\"https:\/\/blogdoere.com.br\/?p=28576\" \/>\n<meta property=\"og:locale\" content=\"pt_PT\" \/>\n<meta property=\"og:type\" content=\"article\" \/>\n<meta property=\"og:title\" content=\"ITABUNA: ROBENILSON TORRES \u00c9 ELEITO PRESIDENTE DA \u00a0ACTEBA - blog do er\u00ea\" \/>\n<meta property=\"og:description\" content=\"O advogado itabunense, Robenilson Sena Torres, ser\u00e1 o novo presidente da Associa\u00e7\u00e3o de Conselheiros e Ex-Conselheiros Tutelares do Estado da Bahia (ACTEBA), para o per\u00edodo 2023\/2026. Ele foi eleito por...\" \/>\n<meta property=\"og:url\" content=\"https:\/\/blogdoere.com.br\/?p=28576\" \/>\n<meta property=\"og:site_name\" content=\"blog do er\u00ea\" \/>\n<meta property=\"article:published_time\" content=\"2023-06-20T18:31:30+00:00\" \/>\n<meta property=\"article:modified_time\" content=\"2023-06-20T18:31:31+00:00\" \/>\n<meta property=\"og:image\" content=\"https:\/\/blogdoere.com.br\/wp-content\/uploads\/2023\/06\/WhatsApp-Image-2023-06-20-at-15.21.55.jpeg\" \/>\n\t<meta property=\"og:image:width\" content=\"819\" \/>\n\t<meta property=\"og:image:height\" content=\"819\" \/>\n\t<meta property=\"og:image:type\" content=\"image\/jpeg\" \/>\n<meta name=\"author\" content=\"blogdoere@hotmail.com\" \/>\n<meta name=\"twitter:card\" content=\"summary_large_image\" \/>\n<meta name=\"twitter:label1\" content=\"Escrito por\" \/>\n\t<meta name=\"twitter:data1\" content=\"blogdoere@hotmail.com\" \/>\n\t<meta name=\"twitter:label2\" content=\"Tempo estimado de leitura\" \/>\n\t<meta name=\"twitter:data2\" content=\"3 minutos\" \/>\n<script type=\"application\/ld+json\" class=\"yoast-schema-graph\">{\"@context\":\"https:\/\/schema.org\",\"@graph\":[{\"@type\":\"Article\",\"@id\":\"https:\/\/blogdoere.com.br\/?p=28576#article\",\"isPartOf\":{\"@id\":\"https:\/\/blogdoere.com.br\/?p=28576\"},\"author\":{\"name\":\"blogdoere@hotmail.com\",\"@id\":\"https:\/\/blogdoere.com.br\/#\/schema\/person\/c4f6d566a44c7bacdda563667715d18b\"},\"headline\":\"ITABUNA: ROBENILSON TORRES \u00c9 ELEITO PRESIDENTE DA \u00a0ACTEBA\",\"datePublished\":\"2023-06-20T18:31:30+00:00\",\"dateModified\":\"2023-06-20T18:31:31+00:00\",\"mainEntityOfPage\":{\"@id\":\"https:\/\/blogdoere.com.br\/?p=28576\"},\"wordCount\":389,\"commentCount\":0,\"publisher\":{\"@id\":\"https:\/\/blogdoere.com.br\/#organization\"},\"articleSection\":[\"Itabuna\"],\"inLanguage\":\"pt-PT\",\"potentialAction\":[{\"@type\":\"CommentAction\",\"name\":\"Comment\",\"target\":[\"https:\/\/blogdoere.com.br\/?p=28576#respond\"]}]},{\"@type\":\"WebPage\",\"@id\":\"https:\/\/blogdoere.com.br\/?p=28576\",\"url\":\"https:\/\/blogdoere.com.br\/?p=28576\",\"name\":\"ITABUNA: ROBENILSON TORRES \u00c9 ELEITO PRESIDENTE DA \u00a0ACTEBA - blog do er\u00ea\",\"isPartOf\":{\"@id\":\"https:\/\/blogdoere.com.br\/#website\"},\"datePublished\":\"2023-06-20T18:31:30+00:00\",\"dateModified\":\"2023-06-20T18:31:31+00:00\",\"breadcrumb\":{\"@id\":\"https:\/\/blogdoere.com.br\/?p=28576#breadcrumb\"},\"inLanguage\":\"pt-PT\",\"potentialAction\":[{\"@type\":\"ReadAction\",\"target\":[\"https:\/\/blogdoere.com.br\/?p=28576\"]}]},{\"@type\":\"BreadcrumbList\",\"@id\":\"https:\/\/blogdoere.com.br\/?p=28576#breadcrumb\",\"itemListElement\":[{\"@type\":\"ListItem\",\"position\":1,\"name\":\"In\u00edcio\",\"item\":\"https:\/\/blogdoere.com.br\/\"},{\"@type\":\"ListItem\",\"position\":2,\"name\":\"ITABUNA: ROBENILSON TORRES \u00c9 ELEITO PRESIDENTE DA \u00a0ACTEBA\"}]},{\"@type\":\"WebSite\",\"@id\":\"https:\/\/blogdoere.com.br\/#website\",\"url\":\"https:\/\/blogdoere.com.br\/\",\"name\":\"blog do er\u00ea\",\"description\":\"\",\"publisher\":{\"@id\":\"https:\/\/blogdoere.com.br\/#organization\"},\"potentialAction\":[{\"@type\":\"SearchAction\",\"target\":{\"@type\":\"EntryPoint\",\"urlTemplate\":\"https:\/\/blogdoere.com.br\/?s={search_term_string}\"},\"query-input\":\"required name=search_term_string\"}],\"inLanguage\":\"pt-PT\"},{\"@type\":\"Organization\",\"@id\":\"https:\/\/blogdoere.com.br\/#organization\",\"name\":\"Blog do Er\u00ea\",\"url\":\"https:\/\/blogdoere.com.br\/\",\"logo\":{\"@type\":\"ImageObject\",\"inLanguage\":\"pt-PT\",\"@id\":\"https:\/\/blogdoere.com.br\/#\/schema\/logo\/image\/\",\"url\":\"https:\/\/blogdoere.com.br\/wp-content\/uploads\/2021\/11\/Logo-Ere-1.png\",\"contentUrl\":\"https:\/\/blogdoere.com.br\/wp-content\/uploads\/2021\/11\/Logo-Ere-1.png\",\"width\":1261,\"height\":1330,\"caption\":\"Blog do Er\u00ea\"},\"image\":{\"@id\":\"https:\/\/blogdoere.com.br\/#\/schema\/logo\/image\/\"}},{\"@type\":\"Person\",\"@id\":\"https:\/\/blogdoere.com.br\/#\/schema\/person\/c4f6d566a44c7bacdda563667715d18b\",\"name\":\"blogdoere@hotmail.com\",\"image\":{\"@type\":\"ImageObject\",\"inLanguage\":\"pt-PT\",\"@id\":\"https:\/\/blogdoere.com.br\/#\/schema\/person\/image\/\",\"url\":\"https:\/\/secure.gravatar.com\/avatar\/5684bd39df1289cb639b4ab539d6fcad69420e4a29521548fc078c58ed122fe6?s=96&d=mm&r=g\",\"contentUrl\":\"https:\/\/secure.gravatar.com\/avatar\/5684bd39df1289cb639b4ab539d6fcad69420e4a29521548fc078c58ed122fe6?s=96&d=mm&r=g\",\"caption\":\"blogdoere@hotmail.com\"},\"sameAs\":[\"http:\/\/blogdoere.com.br\"]}]}<\/script>\n<!-- \/ Yoast SEO plugin. -->","yoast_head_json":{"title":"ITABUNA: ROBENILSON TORRES \u00c9 ELEITO PRESIDENTE DA \u00a0ACTEBA - blog do er\u00ea","robots":{"index":"index","follow":"follow","max-snippet":"max-snippet:-1","max-image-preview":"max-image-preview:large","max-video-preview":"max-video-preview:-1"},"canonical":"https:\/\/blogdoere.com.br\/?p=28576","og_locale":"pt_PT","og_type":"article","og_title":"ITABUNA: ROBENILSON TORRES \u00c9 ELEITO PRESIDENTE DA \u00a0ACTEBA - blog do er\u00ea","og_description":"O advogado itabunense, Robenilson Sena Torres, ser\u00e1 o novo presidente da Associa\u00e7\u00e3o de Conselheiros e Ex-Conselheiros Tutelares do Estado da Bahia (ACTEBA), para o per\u00edodo 2023\/2026. Ele foi eleito por...","og_url":"https:\/\/blogdoere.com.br\/?p=28576","og_site_name":"blog do er\u00ea","article_published_time":"2023-06-20T18:31:30+00:00","article_modified_time":"2023-06-20T18:31:31+00:00","og_image":[{"width":819,"height":819,"url":"https:\/\/blogdoere.com.br\/wp-content\/uploads\/2023\/06\/WhatsApp-Image-2023-06-20-at-15.21.55.jpeg","type":"image\/jpeg"}],"author":"blogdoere@hotmail.com","twitter_card":"summary_large_image","twitter_misc":{"Escrito por":"blogdoere@hotmail.com","Tempo estimado de leitura":"3 minutos"},"schema":{"@context":"https:\/\/schema.org","@graph":[{"@type":"Article","@id":"https:\/\/blogdoere.com.br\/?p=28576#article","isPartOf":{"@id":"https:\/\/blogdoere.com.br\/?p=28576"},"author":{"name":"blogdoere@hotmail.com","@id":"https:\/\/blogdoere.com.br\/#\/schema\/person\/c4f6d566a44c7bacdda563667715d18b"},"headline":"ITABUNA: ROBENILSON TORRES \u00c9 ELEITO PRESIDENTE DA \u00a0ACTEBA","datePublished":"2023-06-20T18:31:30+00:00","dateModified":"2023-06-20T18:31:31+00:00","mainEntityOfPage":{"@id":"https:\/\/blogdoere.com.br\/?p=28576"},"wordCount":389,"commentCount":0,"publisher":{"@id":"https:\/\/blogdoere.com.br\/#organization"},"articleSection":["Itabuna"],"inLanguage":"pt-PT","potentialAction":[{"@type":"CommentAction","name":"Comment","target":["https:\/\/blogdoere.com.br\/?p=28576#respond"]}]},{"@type":"WebPage","@id":"https:\/\/blogdoere.com.br\/?p=28576","url":"https:\/\/blogdoere.com.br\/?p=28576","name":"ITABUNA: ROBENILSON TORRES \u00c9 ELEITO PRESIDENTE DA \u00a0ACTEBA - blog do er\u00ea","isPartOf":{"@id":"https:\/\/blogdoere.com.br\/#website"},"datePublished":"2023-06-20T18:31:30+00:00","dateModified":"2023-06-20T18:31:31+00:00","breadcrumb":{"@id":"https:\/\/blogdoere.com.br\/?p=28576#breadcrumb"},"inLanguage":"pt-PT","potentialAction":[{"@type":"ReadAction","target":["https:\/\/blogdoere.com.br\/?p=28576"]}]},{"@type":"BreadcrumbList","@id":"https:\/\/blogdoere.com.br\/?p=28576#breadcrumb","itemListElement":[{"@type":"ListItem","position":1,"name":"In\u00edcio","item":"https:\/\/blogdoere.com.br\/"},{"@type":"ListItem","position":2,"name":"ITABUNA: ROBENILSON TORRES \u00c9 ELEITO PRESIDENTE DA \u00a0ACTEBA"}]},{"@type":"WebSite","@id":"https:\/\/blogdoere.com.br\/#website","url":"https:\/\/blogdoere.com.br\/","name":"blog do er\u00ea","description":"","publisher":{"@id":"https:\/\/blogdoere.com.br\/#organization"},"potentialAction":[{"@type":"SearchAction","target":{"@type":"EntryPoint","urlTemplate":"https:\/\/blogdoere.com.br\/?s={search_term_string}"},"query-input":"required name=search_term_string"}],"inLanguage":"pt-PT"},{"@type":"Organization","@id":"https:\/\/blogdoere.com.br\/#organization","name":"Blog do Er\u00ea","url":"https:\/\/blogdoere.com.br\/","logo":{"@type":"ImageObject","inLanguage":"pt-PT","@id":"https:\/\/blogdoere.com.br\/#\/schema\/logo\/image\/","url":"https:\/\/blogdoere.com.br\/wp-content\/uploads\/2021\/11\/Logo-Ere-1.png","contentUrl":"https:\/\/blogdoere.com.br\/wp-content\/uploads\/2021\/11\/Logo-Ere-1.png","width":1261,"height":1330,"caption":"Blog do Er\u00ea"},"image":{"@id":"https:\/\/blogdoere.com.br\/#\/schema\/logo\/image\/"}},{"@type":"Person","@id":"https:\/\/blogdoere.com.br\/#\/schema\/person\/c4f6d566a44c7bacdda563667715d18b","name":"blogdoere@hotmail.com","image":{"@type":"ImageObject","inLanguage":"pt-PT","@id":"https:\/\/blogdoere.com.br\/#\/schema\/person\/image\/","url":"https:\/\/secure.gravatar.com\/avatar\/5684bd39df1289cb639b4ab539d6fcad69420e4a29521548fc078c58ed122fe6?s=96&d=mm&r=g","contentUrl":"https:\/\/secure.gravatar.com\/avatar\/5684bd39df1289cb639b4ab539d6fcad69420e4a29521548fc078c58ed122fe6?s=96&d=mm&r=g","caption":"blogdoere@hotmail.com"},"sameAs":["http:\/\/blogdoere.com.br"]}]}},"featured_image_urls":{"full":["https:\/\/blogdoere.com.br\/wp-content\/uploads\/2023\/06\/WhatsApp-Image-2023-06-20-at-15.21.55.jpeg",819,819,false],"thumbnail":["https:\/\/blogdoere.com.br\/wp-content\/uploads\/2023\/06\/WhatsApp-Image-2023-06-20-at-15.21.55-150x150.jpeg",150,150,true],"medium":["https:\/\/blogdoere.com.br\/wp-content\/uploads\/2023\/06\/WhatsApp-Image-2023-06-20-at-15.21.55-300x300.jpeg",300,300,true],"medium_large":["https:\/\/blogdoere.com.br\/wp-content\/uploads\/2023\/06\/WhatsApp-Image-2023-06-20-at-15.21.55-768x768.jpeg",768,768,true],"large":["https:\/\/blogdoere.com.br\/wp-content\/uploads\/2023\/06\/WhatsApp-Image-2023-06-20-at-15.21.55.jpeg",819,819,false],"1536x1536":["https:\/\/blogdoere.com.br\/wp-content\/uploads\/2023\/06\/WhatsApp-Image-2023-06-20-at-15.21.55.jpeg",819,819,false],"2048x2048":["https:\/\/blogdoere.com.br\/wp-content\/uploads\/2023\/06\/WhatsApp-Image-2023-06-20-at-15.21.55.jpeg",819,819,false]},"author_info":{"display_name":"blogdoere@hotmail.com","author_link":"https:\/\/blogdoere.com.br\/?author=1"},"category_info":"<a href=\"https:\/\/blogdoere.com.br\/?cat=55\" rel=\"category\">Itabuna<\/a>","tag_info":"Itabuna","comment_count":"0","_links":{"self":[{"href":"https:\/\/blogdoere.com.br\/index.php?rest_route=\/wp\/v2\/posts\/28576","targetHints":{"allow":["GET"]}}],"collection":[{"href":"https:\/\/blogdoere.com.br\/index.php?rest_route=\/wp\/v2\/posts"}],"about":[{"href":"https:\/\/blogdoere.com.br\/index.php?rest_route=\/wp\/v2\/types\/post"}],"author":[{"embeddable":true,"href":"https:\/\/blogdoere.com.br\/index.php?rest_route=\/wp\/v2\/users\/1"}],"replies":[{"embeddable":true,"href":"https:\/\/blogdoere.com.br\/index.php?rest_route=%2Fwp%2Fv2%2Fcomments&post=28576"}],"version-history":[{"count":1,"href":"https:\/\/blogdoere.com.br\/index.php?rest_route=\/wp\/v2\/posts\/28576\/revisions"}],"predecessor-version":[{"id":28579,"href":"https:\/\/blogdoere.com.br\/index.php?rest_route=\/wp\/v2\/posts\/28576\/revisions\/28579"}],"wp:featuredmedia":[{"embeddable":true,"href":"https:\/\/blogdoere.com.br\/index.php?rest_route=\/wp\/v2\/media\/28577"}],"wp:attachment":[{"href":"https:\/\/blogdoere.com.br\/index.php?rest_route=%2Fwp%2Fv2%2Fmedia&parent=28576"}],"wp:term":[{"taxonomy":"category","embeddable":true,"href":"https:\/\/blogdoere.com.br\/index.php?rest_route=%2Fwp%2Fv2%2Fcategories&post=28576"},{"taxonomy":"post_tag","embeddable":true,"href":"https:\/\/blogdoere.com.br\/index.php?rest_route=%2Fwp%2Fv2%2Ftags&post=28576"}],"curies":[{"name":"wp","href":"https:\/\/api.w.org\/{rel}","templated":true}]}}