{"id":28603,"date":"2023-10-18T18:29:26","date_gmt":"2023-10-18T18:29:26","guid":{"rendered":"https:\/\/blogdoere.com.br\/?p=28603"},"modified":"2023-10-20T17:48:34","modified_gmt":"2023-10-20T17:48:34","slug":"lidice-critica-extrema-direita-pelo-debate-de-baixo-nivel-na-c-mara-federal","status":"publish","type":"post","link":"https:\/\/blogdoere.com.br\/?p=28603","title":{"rendered":"L\u00cdDICE CRITICA EXTREMA-DIREITA PELO DEBATE DE BAIXO N\u00cdVEL NA C\u00c2MARA FEDERAL"},"content":{"rendered":"\n<figure class=\"wp-block-gallery has-nested-images columns-default is-cropped wp-block-gallery-1 is-layout-flex wp-block-gallery-is-layout-flex\">\n<figure class=\"wp-block-image size-large\"><img decoding=\"async\" width=\"1024\" height=\"683\" data-id=\"28604\" src=\"https:\/\/blogdoere.com.br\/wp-content\/uploads\/2023\/10\/WhatsApp-Image-2023-10-18-at-15.14.42-1024x683.jpeg\" alt=\"\" class=\"wp-image-28604\" srcset=\"https:\/\/blogdoere.com.br\/wp-content\/uploads\/2023\/10\/WhatsApp-Image-2023-10-18-at-15.14.42-1024x683.jpeg 1024w, https:\/\/blogdoere.com.br\/wp-content\/uploads\/2023\/10\/WhatsApp-Image-2023-10-18-at-15.14.42-300x200.jpeg 300w, https:\/\/blogdoere.com.br\/wp-content\/uploads\/2023\/10\/WhatsApp-Image-2023-10-18-at-15.14.42-768x512.jpeg 768w, https:\/\/blogdoere.com.br\/wp-content\/uploads\/2023\/10\/WhatsApp-Image-2023-10-18-at-15.14.42.jpeg 1140w\" sizes=\"(max-width: 1024px) 100vw, 1024px\" \/><\/figure>\n<\/figure>\n\n\n\n<p class=\"has-text-align-justify\">Em pronunciamento no plen\u00e1rio da C\u00e2mara, a deputada federal L\u00eddice da Mata (PSB) criticou, na noite desta ter\u00e7a-feira (17), a realiza\u00e7\u00e3o de sess\u00f5es deliberativas sem pauta. A l\u00edder da bancada baiana no Congresso disse que apelar\u00e1 ao presidente da Casa, deputado federal Arthur Lira (PP-AL), contra o que chamou de debate de &#8220;baixo n\u00edvel&#8221;.<br>&#8220;A exist\u00eancia deste tipo de sess\u00e3o s\u00f3 serve para mostrar ao Brasil uma p\u00e9ssima fotografia do trabalho da C\u00e2mara dos Deputados&#8221;, afirmou.<br>Ela classificou o ambiente da C\u00e2mara como &#8220;t\u00f3xico&#8221; e defendeu os governos petistas do presidente Lula e do governador Jer\u00f4nimo Rodrigues. &#8220;Enquanto a extrema-direita produz cortinas de fuma\u00e7a para esconder os crimes do ex-presidente, n\u00f3s temos governos que trabalham. Na Bahia, trouxemos uma montadora, a BYD, que vai gerar mais de 5 mil empregos diretos e um metr\u00f4 que alcan\u00e7ar\u00e1 38 quil\u00f4metros. No Brasil, estamos vendo a volta do emprego e a queda da infla\u00e7\u00e3o e isso deixa a oposi\u00e7\u00e3o desesperada&#8221;, disparou.<br>A deputada federal baiana orientou ainda que os governistas n\u00e3o caiam na provoca\u00e7\u00e3o dos bolsonaristas. &#8220;Vamos deixar essa gente falando sozinha. Os c\u00e3es ladram e a caravana passa e a nossa caravana passa com muito trabalho e desenvolvimento para o Brasil&#8221;, finalizou.<\/p>\n\n\n\n<p>Fonte: Ascom da Deputada L\u00eddice da Mata<\/p>\n","protected":false},"excerpt":{"rendered":"<p>Em pronunciamento no plen\u00e1rio da C\u00e2mara, a deputada federal L\u00eddice da Mata (PSB) criticou, na noite desta ter\u00e7a-feira (17), a realiza\u00e7\u00e3o de sess\u00f5es deliberativas sem pauta. A l\u00edder da bancada&#8230;<\/p>\n","protected":false},"author":1,"featured_media":28604,"comment_status":"open","ping_status":"open","sticky":false,"template":"","format":"standard","meta":{"_editorskit_title_hidden":false,"_editorskit_reading_time":0,"_editorskit_is_block_options_detached":false,"_editorskit_block_options_position":"{}","om_disable_all_campaigns":false,"_mi_skip_tracking":false,"_kad_post_transparent":"","_kad_post_title":"","_kad_post_layout":"","_kad_post_sidebar_id":"","_kad_post_content_style":"","_kad_post_vertical_padding":"","_kad_post_feature":"","_kad_post_feature_position":"","_kad_post_header":false,"_kad_post_footer":false,"footnotes":""},"categories":[32],"tags":[],"class_list":["post-28603","post","type-post","status-publish","format-standard","has-post-thumbnail","hentry","category-politica"],"yoast_head":"<!-- This site is optimized with the Yoast SEO plugin v20.5 - https:\/\/yoast.com\/wordpress\/plugins\/seo\/ -->\n<title>L\u00cdDICE CRITICA EXTREMA-DIREITA PELO DEBATE DE BAIXO N\u00cdVEL NA C\u00c2MARA FEDERAL - blog do er\u00ea<\/title>\n<meta name=\"robots\" content=\"index, follow, max-snippet:-1, max-image-preview:large, max-video-preview:-1\" \/>\n<link rel=\"canonical\" href=\"https:\/\/blogdoere.com.br\/?p=28603\" \/>\n<meta property=\"og:locale\" content=\"pt_PT\" \/>\n<meta property=\"og:type\" content=\"article\" \/>\n<meta property=\"og:title\" content=\"L\u00cdDICE CRITICA EXTREMA-DIREITA PELO DEBATE DE BAIXO N\u00cdVEL NA C\u00c2MARA FEDERAL - blog do er\u00ea\" \/>\n<meta property=\"og:description\" content=\"Em pronunciamento no plen\u00e1rio da C\u00e2mara, a deputada federal L\u00eddice da Mata (PSB) criticou, na noite desta ter\u00e7a-feira (17), a realiza\u00e7\u00e3o de sess\u00f5es deliberativas sem pauta. A l\u00edder da bancada...\" \/>\n<meta property=\"og:url\" content=\"https:\/\/blogdoere.com.br\/?p=28603\" \/>\n<meta property=\"og:site_name\" content=\"blog do er\u00ea\" \/>\n<meta property=\"article:published_time\" content=\"2023-10-18T18:29:26+00:00\" \/>\n<meta property=\"article:modified_time\" content=\"2023-10-20T17:48:34+00:00\" \/>\n<meta property=\"og:image\" content=\"https:\/\/blogdoere.com.br\/wp-content\/uploads\/2023\/10\/WhatsApp-Image-2023-10-18-at-15.14.42.jpeg\" \/>\n\t<meta property=\"og:image:width\" content=\"1140\" \/>\n\t<meta property=\"og:image:height\" content=\"760\" \/>\n\t<meta property=\"og:image:type\" content=\"image\/jpeg\" \/>\n<meta name=\"author\" content=\"blogdoere@hotmail.com\" \/>\n<meta name=\"twitter:card\" content=\"summary_large_image\" \/>\n<meta name=\"twitter:label1\" content=\"Escrito por\" \/>\n\t<meta name=\"twitter:data1\" content=\"blogdoere@hotmail.com\" \/>\n\t<meta name=\"twitter:label2\" content=\"Tempo estimado de leitura\" \/>\n\t<meta name=\"twitter:data2\" content=\"2 minutos\" \/>\n<script type=\"application\/ld+json\" class=\"yoast-schema-graph\">{\"@context\":\"https:\/\/schema.org\",\"@graph\":[{\"@type\":\"Article\",\"@id\":\"https:\/\/blogdoere.com.br\/?p=28603#article\",\"isPartOf\":{\"@id\":\"https:\/\/blogdoere.com.br\/?p=28603\"},\"author\":{\"name\":\"blogdoere@hotmail.com\",\"@id\":\"https:\/\/blogdoere.com.br\/#\/schema\/person\/c4f6d566a44c7bacdda563667715d18b\"},\"headline\":\"L\u00cdDICE CRITICA EXTREMA-DIREITA PELO DEBATE DE BAIXO N\u00cdVEL NA C\u00c2MARA FEDERAL\",\"datePublished\":\"2023-10-18T18:29:26+00:00\",\"dateModified\":\"2023-10-20T17:48:34+00:00\",\"mainEntityOfPage\":{\"@id\":\"https:\/\/blogdoere.com.br\/?p=28603\"},\"wordCount\":243,\"commentCount\":0,\"publisher\":{\"@id\":\"https:\/\/blogdoere.com.br\/#organization\"},\"articleSection\":[\"Pol\u00edtica\"],\"inLanguage\":\"pt-PT\",\"potentialAction\":[{\"@type\":\"CommentAction\",\"name\":\"Comment\",\"target\":[\"https:\/\/blogdoere.com.br\/?p=28603#respond\"]}]},{\"@type\":\"WebPage\",\"@id\":\"https:\/\/blogdoere.com.br\/?p=28603\",\"url\":\"https:\/\/blogdoere.com.br\/?p=28603\",\"name\":\"L\u00cdDICE CRITICA EXTREMA-DIREITA PELO DEBATE DE BAIXO N\u00cdVEL NA C\u00c2MARA FEDERAL - blog do er\u00ea\",\"isPartOf\":{\"@id\":\"https:\/\/blogdoere.com.br\/#website\"},\"datePublished\":\"2023-10-18T18:29:26+00:00\",\"dateModified\":\"2023-10-20T17:48:34+00:00\",\"breadcrumb\":{\"@id\":\"https:\/\/blogdoere.com.br\/?p=28603#breadcrumb\"},\"inLanguage\":\"pt-PT\",\"potentialAction\":[{\"@type\":\"ReadAction\",\"target\":[\"https:\/\/blogdoere.com.br\/?p=28603\"]}]},{\"@type\":\"BreadcrumbList\",\"@id\":\"https:\/\/blogdoere.com.br\/?p=28603#breadcrumb\",\"itemListElement\":[{\"@type\":\"ListItem\",\"position\":1,\"name\":\"In\u00edcio\",\"item\":\"https:\/\/blogdoere.com.br\/\"},{\"@type\":\"ListItem\",\"position\":2,\"name\":\"L\u00cdDICE CRITICA EXTREMA-DIREITA PELO DEBATE DE BAIXO N\u00cdVEL NA C\u00c2MARA FEDERAL\"}]},{\"@type\":\"WebSite\",\"@id\":\"https:\/\/blogdoere.com.br\/#website\",\"url\":\"https:\/\/blogdoere.com.br\/\",\"name\":\"blog do er\u00ea\",\"description\":\"\",\"publisher\":{\"@id\":\"https:\/\/blogdoere.com.br\/#organization\"},\"potentialAction\":[{\"@type\":\"SearchAction\",\"target\":{\"@type\":\"EntryPoint\",\"urlTemplate\":\"https:\/\/blogdoere.com.br\/?s={search_term_string}\"},\"query-input\":\"required name=search_term_string\"}],\"inLanguage\":\"pt-PT\"},{\"@type\":\"Organization\",\"@id\":\"https:\/\/blogdoere.com.br\/#organization\",\"name\":\"Blog do Er\u00ea\",\"url\":\"https:\/\/blogdoere.com.br\/\",\"logo\":{\"@type\":\"ImageObject\",\"inLanguage\":\"pt-PT\",\"@id\":\"https:\/\/blogdoere.com.br\/#\/schema\/logo\/image\/\",\"url\":\"https:\/\/blogdoere.com.br\/wp-content\/uploads\/2021\/11\/Logo-Ere-1.png\",\"contentUrl\":\"https:\/\/blogdoere.com.br\/wp-content\/uploads\/2021\/11\/Logo-Ere-1.png\",\"width\":1261,\"height\":1330,\"caption\":\"Blog do Er\u00ea\"},\"image\":{\"@id\":\"https:\/\/blogdoere.com.br\/#\/schema\/logo\/image\/\"}},{\"@type\":\"Person\",\"@id\":\"https:\/\/blogdoere.com.br\/#\/schema\/person\/c4f6d566a44c7bacdda563667715d18b\",\"name\":\"blogdoere@hotmail.com\",\"image\":{\"@type\":\"ImageObject\",\"inLanguage\":\"pt-PT\",\"@id\":\"https:\/\/blogdoere.com.br\/#\/schema\/person\/image\/\",\"url\":\"https:\/\/secure.gravatar.com\/avatar\/5684bd39df1289cb639b4ab539d6fcad69420e4a29521548fc078c58ed122fe6?s=96&d=mm&r=g\",\"contentUrl\":\"https:\/\/secure.gravatar.com\/avatar\/5684bd39df1289cb639b4ab539d6fcad69420e4a29521548fc078c58ed122fe6?s=96&d=mm&r=g\",\"caption\":\"blogdoere@hotmail.com\"},\"sameAs\":[\"http:\/\/blogdoere.com.br\"]}]}<\/script>\n<!-- \/ Yoast SEO plugin. -->","yoast_head_json":{"title":"L\u00cdDICE CRITICA EXTREMA-DIREITA PELO DEBATE DE BAIXO N\u00cdVEL NA C\u00c2MARA FEDERAL - blog do er\u00ea","robots":{"index":"index","follow":"follow","max-snippet":"max-snippet:-1","max-image-preview":"max-image-preview:large","max-video-preview":"max-video-preview:-1"},"canonical":"https:\/\/blogdoere.com.br\/?p=28603","og_locale":"pt_PT","og_type":"article","og_title":"L\u00cdDICE CRITICA EXTREMA-DIREITA PELO DEBATE DE BAIXO N\u00cdVEL NA C\u00c2MARA FEDERAL - blog do er\u00ea","og_description":"Em pronunciamento no plen\u00e1rio da C\u00e2mara, a deputada federal L\u00eddice da Mata (PSB) criticou, na noite desta ter\u00e7a-feira (17), a realiza\u00e7\u00e3o de sess\u00f5es deliberativas sem pauta. A l\u00edder da bancada...","og_url":"https:\/\/blogdoere.com.br\/?p=28603","og_site_name":"blog do er\u00ea","article_published_time":"2023-10-18T18:29:26+00:00","article_modified_time":"2023-10-20T17:48:34+00:00","og_image":[{"width":1140,"height":760,"url":"https:\/\/blogdoere.com.br\/wp-content\/uploads\/2023\/10\/WhatsApp-Image-2023-10-18-at-15.14.42.jpeg","type":"image\/jpeg"}],"author":"blogdoere@hotmail.com","twitter_card":"summary_large_image","twitter_misc":{"Escrito por":"blogdoere@hotmail.com","Tempo estimado de leitura":"2 minutos"},"schema":{"@context":"https:\/\/schema.org","@graph":[{"@type":"Article","@id":"https:\/\/blogdoere.com.br\/?p=28603#article","isPartOf":{"@id":"https:\/\/blogdoere.com.br\/?p=28603"},"author":{"name":"blogdoere@hotmail.com","@id":"https:\/\/blogdoere.com.br\/#\/schema\/person\/c4f6d566a44c7bacdda563667715d18b"},"headline":"L\u00cdDICE CRITICA EXTREMA-DIREITA PELO DEBATE DE BAIXO N\u00cdVEL NA C\u00c2MARA FEDERAL","datePublished":"2023-10-18T18:29:26+00:00","dateModified":"2023-10-20T17:48:34+00:00","mainEntityOfPage":{"@id":"https:\/\/blogdoere.com.br\/?p=28603"},"wordCount":243,"commentCount":0,"publisher":{"@id":"https:\/\/blogdoere.com.br\/#organization"},"articleSection":["Pol\u00edtica"],"inLanguage":"pt-PT","potentialAction":[{"@type":"CommentAction","name":"Comment","target":["https:\/\/blogdoere.com.br\/?p=28603#respond"]}]},{"@type":"WebPage","@id":"https:\/\/blogdoere.com.br\/?p=28603","url":"https:\/\/blogdoere.com.br\/?p=28603","name":"L\u00cdDICE CRITICA EXTREMA-DIREITA PELO DEBATE DE BAIXO N\u00cdVEL NA C\u00c2MARA FEDERAL - blog do er\u00ea","isPartOf":{"@id":"https:\/\/blogdoere.com.br\/#website"},"datePublished":"2023-10-18T18:29:26+00:00","dateModified":"2023-10-20T17:48:34+00:00","breadcrumb":{"@id":"https:\/\/blogdoere.com.br\/?p=28603#breadcrumb"},"inLanguage":"pt-PT","potentialAction":[{"@type":"ReadAction","target":["https:\/\/blogdoere.com.br\/?p=28603"]}]},{"@type":"BreadcrumbList","@id":"https:\/\/blogdoere.com.br\/?p=28603#breadcrumb","itemListElement":[{"@type":"ListItem","position":1,"name":"In\u00edcio","item":"https:\/\/blogdoere.com.br\/"},{"@type":"ListItem","position":2,"name":"L\u00cdDICE CRITICA EXTREMA-DIREITA PELO DEBATE DE BAIXO N\u00cdVEL NA C\u00c2MARA FEDERAL"}]},{"@type":"WebSite","@id":"https:\/\/blogdoere.com.br\/#website","url":"https:\/\/blogdoere.com.br\/","name":"blog do er\u00ea","description":"","publisher":{"@id":"https:\/\/blogdoere.com.br\/#organization"},"potentialAction":[{"@type":"SearchAction","target":{"@type":"EntryPoint","urlTemplate":"https:\/\/blogdoere.com.br\/?s={search_term_string}"},"query-input":"required name=search_term_string"}],"inLanguage":"pt-PT"},{"@type":"Organization","@id":"https:\/\/blogdoere.com.br\/#organization","name":"Blog do Er\u00ea","url":"https:\/\/blogdoere.com.br\/","logo":{"@type":"ImageObject","inLanguage":"pt-PT","@id":"https:\/\/blogdoere.com.br\/#\/schema\/logo\/image\/","url":"https:\/\/blogdoere.com.br\/wp-content\/uploads\/2021\/11\/Logo-Ere-1.png","contentUrl":"https:\/\/blogdoere.com.br\/wp-content\/uploads\/2021\/11\/Logo-Ere-1.png","width":1261,"height":1330,"caption":"Blog do Er\u00ea"},"image":{"@id":"https:\/\/blogdoere.com.br\/#\/schema\/logo\/image\/"}},{"@type":"Person","@id":"https:\/\/blogdoere.com.br\/#\/schema\/person\/c4f6d566a44c7bacdda563667715d18b","name":"blogdoere@hotmail.com","image":{"@type":"ImageObject","inLanguage":"pt-PT","@id":"https:\/\/blogdoere.com.br\/#\/schema\/person\/image\/","url":"https:\/\/secure.gravatar.com\/avatar\/5684bd39df1289cb639b4ab539d6fcad69420e4a29521548fc078c58ed122fe6?s=96&d=mm&r=g","contentUrl":"https:\/\/secure.gravatar.com\/avatar\/5684bd39df1289cb639b4ab539d6fcad69420e4a29521548fc078c58ed122fe6?s=96&d=mm&r=g","caption":"blogdoere@hotmail.com"},"sameAs":["http:\/\/blogdoere.com.br"]}]}},"featured_image_urls":{"full":["https:\/\/blogdoere.com.br\/wp-content\/uploads\/2023\/10\/WhatsApp-Image-2023-10-18-at-15.14.42.jpeg",1140,760,false],"thumbnail":["https:\/\/blogdoere.com.br\/wp-content\/uploads\/2023\/10\/WhatsApp-Image-2023-10-18-at-15.14.42-150x150.jpeg",150,150,true],"medium":["https:\/\/blogdoere.com.br\/wp-content\/uploads\/2023\/10\/WhatsApp-Image-2023-10-18-at-15.14.42-300x200.jpeg",300,200,true],"medium_large":["https:\/\/blogdoere.com.br\/wp-content\/uploads\/2023\/10\/WhatsApp-Image-2023-10-18-at-15.14.42-768x512.jpeg",768,512,true],"large":["https:\/\/blogdoere.com.br\/wp-content\/uploads\/2023\/10\/WhatsApp-Image-2023-10-18-at-15.14.42-1024x683.jpeg",1024,683,true],"1536x1536":["https:\/\/blogdoere.com.br\/wp-content\/uploads\/2023\/10\/WhatsApp-Image-2023-10-18-at-15.14.42.jpeg",1140,760,false],"2048x2048":["https:\/\/blogdoere.com.br\/wp-content\/uploads\/2023\/10\/WhatsApp-Image-2023-10-18-at-15.14.42.jpeg",1140,760,false]},"author_info":{"display_name":"blogdoere@hotmail.com","author_link":"https:\/\/blogdoere.com.br\/?author=1"},"category_info":"<a href=\"https:\/\/blogdoere.com.br\/?cat=32\" rel=\"category\">Pol\u00edtica<\/a>","tag_info":"Pol\u00edtica","comment_count":"0","_links":{"self":[{"href":"https:\/\/blogdoere.com.br\/index.php?rest_route=\/wp\/v2\/posts\/28603","targetHints":{"allow":["GET"]}}],"collection":[{"href":"https:\/\/blogdoere.com.br\/index.php?rest_route=\/wp\/v2\/posts"}],"about":[{"href":"https:\/\/blogdoere.com.br\/index.php?rest_route=\/wp\/v2\/types\/post"}],"author":[{"embeddable":true,"href":"https:\/\/blogdoere.com.br\/index.php?rest_route=\/wp\/v2\/users\/1"}],"replies":[{"embeddable":true,"href":"https:\/\/blogdoere.com.br\/index.php?rest_route=%2Fwp%2Fv2%2Fcomments&post=28603"}],"version-history":[{"count":4,"href":"https:\/\/blogdoere.com.br\/index.php?rest_route=\/wp\/v2\/posts\/28603\/revisions"}],"predecessor-version":[{"id":28612,"href":"https:\/\/blogdoere.com.br\/index.php?rest_route=\/wp\/v2\/posts\/28603\/revisions\/28612"}],"wp:featuredmedia":[{"embeddable":true,"href":"https:\/\/blogdoere.com.br\/index.php?rest_route=\/wp\/v2\/media\/28604"}],"wp:attachment":[{"href":"https:\/\/blogdoere.com.br\/index.php?rest_route=%2Fwp%2Fv2%2Fmedia&parent=28603"}],"wp:term":[{"taxonomy":"category","embeddable":true,"href":"https:\/\/blogdoere.com.br\/index.php?rest_route=%2Fwp%2Fv2%2Fcategories&post=28603"},{"taxonomy":"post_tag","embeddable":true,"href":"https:\/\/blogdoere.com.br\/index.php?rest_route=%2Fwp%2Fv2%2Ftags&post=28603"}],"curies":[{"name":"wp","href":"https:\/\/api.w.org\/{rel}","templated":true}]}}