{"id":28630,"date":"2023-10-23T14:27:46","date_gmt":"2023-10-23T14:27:46","guid":{"rendered":"https:\/\/blogdoere.com.br\/?p=28630"},"modified":"2023-10-23T15:18:09","modified_gmt":"2023-10-23T15:18:09","slug":"itabuna-fazedores-de-cultura-repudiam-aldo-reboucas-e-querem-ele-fora-da-ficc","status":"publish","type":"post","link":"https:\/\/blogdoere.com.br\/?p=28630","title":{"rendered":"ITABUNA: FAZEDORES DE CULTURA REPUDIAM ALDO REBOU\u00c7AS E QUEREM ELE FORA DA FICC.\u00a0"},"content":{"rendered":"<div class=\"wp-block-image\">\n<figure class=\"aligncenter size-large is-resized\"><img decoding=\"async\" width=\"1024\" height=\"1024\" src=\"https:\/\/blogdoere.com.br\/wp-content\/uploads\/2023\/10\/IMG-20231022-WA0188-1024x1024.jpg\" alt=\"\" class=\"wp-image-28631\" style=\"aspect-ratio:1;width:338px;height:auto\" srcset=\"https:\/\/blogdoere.com.br\/wp-content\/uploads\/2023\/10\/IMG-20231022-WA0188-1024x1024.jpg 1024w, https:\/\/blogdoere.com.br\/wp-content\/uploads\/2023\/10\/IMG-20231022-WA0188-300x300.jpg 300w, https:\/\/blogdoere.com.br\/wp-content\/uploads\/2023\/10\/IMG-20231022-WA0188-150x150.jpg 150w, https:\/\/blogdoere.com.br\/wp-content\/uploads\/2023\/10\/IMG-20231022-WA0188-768x768.jpg 768w, https:\/\/blogdoere.com.br\/wp-content\/uploads\/2023\/10\/IMG-20231022-WA0188.jpg 1280w\" sizes=\"(max-width: 1024px) 100vw, 1024px\" \/><\/figure>\n<\/div>\n\n\n<p class=\"has-text-align-justify\">Em Itabuna, o presidente da FICC (Funda\u00e7\u00e3o Itabunense de Cultura e Cidadania), Aldo Rebou\u00e7as, est\u00e1 sendo visivelmente odiado pelos fazedores de cultura. Prova disso foi o manifesto durante a IV Confer\u00eancia Municipal de Cultura, realizado no Centro de Cultura Adonias Filho, s\u00e1bado e domingo, onde fazedores de cultura, em coro, pediram a sa\u00edda de Rebou\u00e7as da dire\u00e7\u00e3o da funda\u00e7\u00e3o que tem como principal objetivo discutir, elaborar e implantar pol\u00edticas p\u00fablicas culturais.<\/p>\n\n\n<div class=\"wp-block-image\">\n<figure class=\"aligncenter size-large\"><img decoding=\"async\" width=\"860\" height=\"1024\" src=\"https:\/\/blogdoere.com.br\/wp-content\/uploads\/2023\/10\/IMG-20231022-WA0190-860x1024.jpg\" alt=\"\" class=\"wp-image-28632\" srcset=\"https:\/\/blogdoere.com.br\/wp-content\/uploads\/2023\/10\/IMG-20231022-WA0190-860x1024.jpg 860w, https:\/\/blogdoere.com.br\/wp-content\/uploads\/2023\/10\/IMG-20231022-WA0190-252x300.jpg 252w, https:\/\/blogdoere.com.br\/wp-content\/uploads\/2023\/10\/IMG-20231022-WA0190-768x915.jpg 768w, https:\/\/blogdoere.com.br\/wp-content\/uploads\/2023\/10\/IMG-20231022-WA0190-1289x1536.jpg 1289w, https:\/\/blogdoere.com.br\/wp-content\/uploads\/2023\/10\/IMG-20231022-WA0190.jpg 1343w\" sizes=\"(max-width: 860px) 100vw, 860px\" \/><\/figure>\n<\/div>\n\n\n<p class=\"has-text-align-justify\">Como se\u00a0 n\u00e3o fosse\u00a0 o suficiente, os  fazedores  de cultura aprovaram mo\u00e7\u00e3o de rep\u00fadio contra Aldo Rebou\u00e7as e o prefeito Augusto Castro. Nas redes sociais, o comunicador Val Cabral comentou : &#8220;Pela primeira vez na hist\u00f3ria de Itabuna, uma Confer\u00eancia de Cultura \u00e9 realizada sem participa\u00e7\u00e3o do presidente da FICC&#8221;.\u00a0 Os fazedores de cultura tamb\u00e9m acusam o gestor da funda\u00e7\u00e3o de usar a fun\u00e7\u00e3o p\u00fablica\u00a0 para alimentar a ind\u00fastria de entretenimento em detrimento da cultura popular do munic\u00edpio.<\/p>\n","protected":false},"excerpt":{"rendered":"<p>Em Itabuna, o presidente da FICC (Funda\u00e7\u00e3o Itabunense de Cultura e Cidadania), Aldo Rebou\u00e7as, est\u00e1 sendo visivelmente odiado pelos fazedores de cultura. Prova disso foi o manifesto durante a IV&#8230;<\/p>\n","protected":false},"author":1,"featured_media":28631,"comment_status":"open","ping_status":"open","sticky":false,"template":"","format":"standard","meta":{"_editorskit_title_hidden":false,"_editorskit_reading_time":0,"_editorskit_is_block_options_detached":false,"_editorskit_block_options_position":"{}","om_disable_all_campaigns":false,"_mi_skip_tracking":false,"_kad_post_transparent":"","_kad_post_title":"","_kad_post_layout":"","_kad_post_sidebar_id":"","_kad_post_content_style":"","_kad_post_vertical_padding":"","_kad_post_feature":"","_kad_post_feature_position":"","_kad_post_header":false,"_kad_post_footer":false,"footnotes":""},"categories":[55],"tags":[],"class_list":["post-28630","post","type-post","status-publish","format-standard","has-post-thumbnail","hentry","category-itabuna"],"yoast_head":"<!-- This site is optimized with the Yoast SEO plugin v20.5 - https:\/\/yoast.com\/wordpress\/plugins\/seo\/ -->\n<title>ITABUNA: FAZEDORES DE CULTURA REPUDIAM ALDO REBOU\u00c7AS E QUEREM ELE FORA DA FICC.\u00a0 - blog do er\u00ea<\/title>\n<meta name=\"robots\" content=\"index, follow, max-snippet:-1, max-image-preview:large, max-video-preview:-1\" \/>\n<link rel=\"canonical\" href=\"https:\/\/blogdoere.com.br\/?p=28630\" \/>\n<meta property=\"og:locale\" content=\"pt_PT\" \/>\n<meta property=\"og:type\" content=\"article\" \/>\n<meta property=\"og:title\" content=\"ITABUNA: FAZEDORES DE CULTURA REPUDIAM ALDO REBOU\u00c7AS E QUEREM ELE FORA DA FICC.\u00a0 - blog do er\u00ea\" \/>\n<meta property=\"og:description\" content=\"Em Itabuna, o presidente da FICC (Funda\u00e7\u00e3o Itabunense de Cultura e Cidadania), Aldo Rebou\u00e7as, est\u00e1 sendo visivelmente odiado pelos fazedores de cultura. Prova disso foi o manifesto durante a IV...\" \/>\n<meta property=\"og:url\" content=\"https:\/\/blogdoere.com.br\/?p=28630\" \/>\n<meta property=\"og:site_name\" content=\"blog do er\u00ea\" \/>\n<meta property=\"article:published_time\" content=\"2023-10-23T14:27:46+00:00\" \/>\n<meta property=\"article:modified_time\" content=\"2023-10-23T15:18:09+00:00\" \/>\n<meta property=\"og:image\" content=\"https:\/\/blogdoere.com.br\/wp-content\/uploads\/2023\/10\/IMG-20231022-WA0188.jpg\" \/>\n\t<meta property=\"og:image:width\" content=\"1280\" \/>\n\t<meta property=\"og:image:height\" content=\"1280\" \/>\n\t<meta property=\"og:image:type\" content=\"image\/jpeg\" \/>\n<meta name=\"author\" content=\"blogdoere@hotmail.com\" \/>\n<meta name=\"twitter:card\" content=\"summary_large_image\" \/>\n<meta name=\"twitter:label1\" content=\"Escrito por\" \/>\n\t<meta name=\"twitter:data1\" content=\"blogdoere@hotmail.com\" \/>\n\t<meta name=\"twitter:label2\" content=\"Tempo estimado de leitura\" \/>\n\t<meta name=\"twitter:data2\" content=\"2 minutos\" \/>\n<script type=\"application\/ld+json\" class=\"yoast-schema-graph\">{\"@context\":\"https:\/\/schema.org\",\"@graph\":[{\"@type\":\"Article\",\"@id\":\"https:\/\/blogdoere.com.br\/?p=28630#article\",\"isPartOf\":{\"@id\":\"https:\/\/blogdoere.com.br\/?p=28630\"},\"author\":{\"name\":\"blogdoere@hotmail.com\",\"@id\":\"https:\/\/blogdoere.com.br\/#\/schema\/person\/c4f6d566a44c7bacdda563667715d18b\"},\"headline\":\"ITABUNA: FAZEDORES DE CULTURA REPUDIAM ALDO REBOU\u00c7AS E QUEREM ELE FORA DA FICC.\u00a0\",\"datePublished\":\"2023-10-23T14:27:46+00:00\",\"dateModified\":\"2023-10-23T15:18:09+00:00\",\"mainEntityOfPage\":{\"@id\":\"https:\/\/blogdoere.com.br\/?p=28630\"},\"wordCount\":184,\"commentCount\":0,\"publisher\":{\"@id\":\"https:\/\/blogdoere.com.br\/#organization\"},\"articleSection\":[\"Itabuna\"],\"inLanguage\":\"pt-PT\",\"potentialAction\":[{\"@type\":\"CommentAction\",\"name\":\"Comment\",\"target\":[\"https:\/\/blogdoere.com.br\/?p=28630#respond\"]}]},{\"@type\":\"WebPage\",\"@id\":\"https:\/\/blogdoere.com.br\/?p=28630\",\"url\":\"https:\/\/blogdoere.com.br\/?p=28630\",\"name\":\"ITABUNA: FAZEDORES DE CULTURA REPUDIAM ALDO REBOU\u00c7AS E QUEREM ELE FORA DA FICC.\u00a0 - blog do er\u00ea\",\"isPartOf\":{\"@id\":\"https:\/\/blogdoere.com.br\/#website\"},\"datePublished\":\"2023-10-23T14:27:46+00:00\",\"dateModified\":\"2023-10-23T15:18:09+00:00\",\"breadcrumb\":{\"@id\":\"https:\/\/blogdoere.com.br\/?p=28630#breadcrumb\"},\"inLanguage\":\"pt-PT\",\"potentialAction\":[{\"@type\":\"ReadAction\",\"target\":[\"https:\/\/blogdoere.com.br\/?p=28630\"]}]},{\"@type\":\"BreadcrumbList\",\"@id\":\"https:\/\/blogdoere.com.br\/?p=28630#breadcrumb\",\"itemListElement\":[{\"@type\":\"ListItem\",\"position\":1,\"name\":\"In\u00edcio\",\"item\":\"https:\/\/blogdoere.com.br\/\"},{\"@type\":\"ListItem\",\"position\":2,\"name\":\"ITABUNA: FAZEDORES DE CULTURA REPUDIAM ALDO REBOU\u00c7AS E QUEREM ELE FORA DA FICC.\u00a0\"}]},{\"@type\":\"WebSite\",\"@id\":\"https:\/\/blogdoere.com.br\/#website\",\"url\":\"https:\/\/blogdoere.com.br\/\",\"name\":\"blog do er\u00ea\",\"description\":\"\",\"publisher\":{\"@id\":\"https:\/\/blogdoere.com.br\/#organization\"},\"potentialAction\":[{\"@type\":\"SearchAction\",\"target\":{\"@type\":\"EntryPoint\",\"urlTemplate\":\"https:\/\/blogdoere.com.br\/?s={search_term_string}\"},\"query-input\":\"required name=search_term_string\"}],\"inLanguage\":\"pt-PT\"},{\"@type\":\"Organization\",\"@id\":\"https:\/\/blogdoere.com.br\/#organization\",\"name\":\"Blog do Er\u00ea\",\"url\":\"https:\/\/blogdoere.com.br\/\",\"logo\":{\"@type\":\"ImageObject\",\"inLanguage\":\"pt-PT\",\"@id\":\"https:\/\/blogdoere.com.br\/#\/schema\/logo\/image\/\",\"url\":\"https:\/\/blogdoere.com.br\/wp-content\/uploads\/2021\/11\/Logo-Ere-1.png\",\"contentUrl\":\"https:\/\/blogdoere.com.br\/wp-content\/uploads\/2021\/11\/Logo-Ere-1.png\",\"width\":1261,\"height\":1330,\"caption\":\"Blog do Er\u00ea\"},\"image\":{\"@id\":\"https:\/\/blogdoere.com.br\/#\/schema\/logo\/image\/\"}},{\"@type\":\"Person\",\"@id\":\"https:\/\/blogdoere.com.br\/#\/schema\/person\/c4f6d566a44c7bacdda563667715d18b\",\"name\":\"blogdoere@hotmail.com\",\"image\":{\"@type\":\"ImageObject\",\"inLanguage\":\"pt-PT\",\"@id\":\"https:\/\/blogdoere.com.br\/#\/schema\/person\/image\/\",\"url\":\"https:\/\/secure.gravatar.com\/avatar\/5684bd39df1289cb639b4ab539d6fcad69420e4a29521548fc078c58ed122fe6?s=96&d=mm&r=g\",\"contentUrl\":\"https:\/\/secure.gravatar.com\/avatar\/5684bd39df1289cb639b4ab539d6fcad69420e4a29521548fc078c58ed122fe6?s=96&d=mm&r=g\",\"caption\":\"blogdoere@hotmail.com\"},\"sameAs\":[\"http:\/\/blogdoere.com.br\"]}]}<\/script>\n<!-- \/ Yoast SEO plugin. -->","yoast_head_json":{"title":"ITABUNA: FAZEDORES DE CULTURA REPUDIAM ALDO REBOU\u00c7AS E QUEREM ELE FORA DA FICC.\u00a0 - blog do er\u00ea","robots":{"index":"index","follow":"follow","max-snippet":"max-snippet:-1","max-image-preview":"max-image-preview:large","max-video-preview":"max-video-preview:-1"},"canonical":"https:\/\/blogdoere.com.br\/?p=28630","og_locale":"pt_PT","og_type":"article","og_title":"ITABUNA: FAZEDORES DE CULTURA REPUDIAM ALDO REBOU\u00c7AS E QUEREM ELE FORA DA FICC.\u00a0 - blog do er\u00ea","og_description":"Em Itabuna, o presidente da FICC (Funda\u00e7\u00e3o Itabunense de Cultura e Cidadania), Aldo Rebou\u00e7as, est\u00e1 sendo visivelmente odiado pelos fazedores de cultura. Prova disso foi o manifesto durante a IV...","og_url":"https:\/\/blogdoere.com.br\/?p=28630","og_site_name":"blog do er\u00ea","article_published_time":"2023-10-23T14:27:46+00:00","article_modified_time":"2023-10-23T15:18:09+00:00","og_image":[{"width":1280,"height":1280,"url":"https:\/\/blogdoere.com.br\/wp-content\/uploads\/2023\/10\/IMG-20231022-WA0188.jpg","type":"image\/jpeg"}],"author":"blogdoere@hotmail.com","twitter_card":"summary_large_image","twitter_misc":{"Escrito por":"blogdoere@hotmail.com","Tempo estimado de leitura":"2 minutos"},"schema":{"@context":"https:\/\/schema.org","@graph":[{"@type":"Article","@id":"https:\/\/blogdoere.com.br\/?p=28630#article","isPartOf":{"@id":"https:\/\/blogdoere.com.br\/?p=28630"},"author":{"name":"blogdoere@hotmail.com","@id":"https:\/\/blogdoere.com.br\/#\/schema\/person\/c4f6d566a44c7bacdda563667715d18b"},"headline":"ITABUNA: FAZEDORES DE CULTURA REPUDIAM ALDO REBOU\u00c7AS E QUEREM ELE FORA DA FICC.\u00a0","datePublished":"2023-10-23T14:27:46+00:00","dateModified":"2023-10-23T15:18:09+00:00","mainEntityOfPage":{"@id":"https:\/\/blogdoere.com.br\/?p=28630"},"wordCount":184,"commentCount":0,"publisher":{"@id":"https:\/\/blogdoere.com.br\/#organization"},"articleSection":["Itabuna"],"inLanguage":"pt-PT","potentialAction":[{"@type":"CommentAction","name":"Comment","target":["https:\/\/blogdoere.com.br\/?p=28630#respond"]}]},{"@type":"WebPage","@id":"https:\/\/blogdoere.com.br\/?p=28630","url":"https:\/\/blogdoere.com.br\/?p=28630","name":"ITABUNA: FAZEDORES DE CULTURA REPUDIAM ALDO REBOU\u00c7AS E QUEREM ELE FORA DA FICC.\u00a0 - blog do er\u00ea","isPartOf":{"@id":"https:\/\/blogdoere.com.br\/#website"},"datePublished":"2023-10-23T14:27:46+00:00","dateModified":"2023-10-23T15:18:09+00:00","breadcrumb":{"@id":"https:\/\/blogdoere.com.br\/?p=28630#breadcrumb"},"inLanguage":"pt-PT","potentialAction":[{"@type":"ReadAction","target":["https:\/\/blogdoere.com.br\/?p=28630"]}]},{"@type":"BreadcrumbList","@id":"https:\/\/blogdoere.com.br\/?p=28630#breadcrumb","itemListElement":[{"@type":"ListItem","position":1,"name":"In\u00edcio","item":"https:\/\/blogdoere.com.br\/"},{"@type":"ListItem","position":2,"name":"ITABUNA: FAZEDORES DE CULTURA REPUDIAM ALDO REBOU\u00c7AS E QUEREM ELE FORA DA FICC.\u00a0"}]},{"@type":"WebSite","@id":"https:\/\/blogdoere.com.br\/#website","url":"https:\/\/blogdoere.com.br\/","name":"blog do er\u00ea","description":"","publisher":{"@id":"https:\/\/blogdoere.com.br\/#organization"},"potentialAction":[{"@type":"SearchAction","target":{"@type":"EntryPoint","urlTemplate":"https:\/\/blogdoere.com.br\/?s={search_term_string}"},"query-input":"required name=search_term_string"}],"inLanguage":"pt-PT"},{"@type":"Organization","@id":"https:\/\/blogdoere.com.br\/#organization","name":"Blog do Er\u00ea","url":"https:\/\/blogdoere.com.br\/","logo":{"@type":"ImageObject","inLanguage":"pt-PT","@id":"https:\/\/blogdoere.com.br\/#\/schema\/logo\/image\/","url":"https:\/\/blogdoere.com.br\/wp-content\/uploads\/2021\/11\/Logo-Ere-1.png","contentUrl":"https:\/\/blogdoere.com.br\/wp-content\/uploads\/2021\/11\/Logo-Ere-1.png","width":1261,"height":1330,"caption":"Blog do Er\u00ea"},"image":{"@id":"https:\/\/blogdoere.com.br\/#\/schema\/logo\/image\/"}},{"@type":"Person","@id":"https:\/\/blogdoere.com.br\/#\/schema\/person\/c4f6d566a44c7bacdda563667715d18b","name":"blogdoere@hotmail.com","image":{"@type":"ImageObject","inLanguage":"pt-PT","@id":"https:\/\/blogdoere.com.br\/#\/schema\/person\/image\/","url":"https:\/\/secure.gravatar.com\/avatar\/5684bd39df1289cb639b4ab539d6fcad69420e4a29521548fc078c58ed122fe6?s=96&d=mm&r=g","contentUrl":"https:\/\/secure.gravatar.com\/avatar\/5684bd39df1289cb639b4ab539d6fcad69420e4a29521548fc078c58ed122fe6?s=96&d=mm&r=g","caption":"blogdoere@hotmail.com"},"sameAs":["http:\/\/blogdoere.com.br"]}]}},"featured_image_urls":{"full":["https:\/\/blogdoere.com.br\/wp-content\/uploads\/2023\/10\/IMG-20231022-WA0188.jpg",1280,1280,false],"thumbnail":["https:\/\/blogdoere.com.br\/wp-content\/uploads\/2023\/10\/IMG-20231022-WA0188-150x150.jpg",150,150,true],"medium":["https:\/\/blogdoere.com.br\/wp-content\/uploads\/2023\/10\/IMG-20231022-WA0188-300x300.jpg",300,300,true],"medium_large":["https:\/\/blogdoere.com.br\/wp-content\/uploads\/2023\/10\/IMG-20231022-WA0188-768x768.jpg",768,768,true],"large":["https:\/\/blogdoere.com.br\/wp-content\/uploads\/2023\/10\/IMG-20231022-WA0188-1024x1024.jpg",1024,1024,true],"1536x1536":["https:\/\/blogdoere.com.br\/wp-content\/uploads\/2023\/10\/IMG-20231022-WA0188.jpg",1280,1280,false],"2048x2048":["https:\/\/blogdoere.com.br\/wp-content\/uploads\/2023\/10\/IMG-20231022-WA0188.jpg",1280,1280,false]},"author_info":{"display_name":"blogdoere@hotmail.com","author_link":"https:\/\/blogdoere.com.br\/?author=1"},"category_info":"<a href=\"https:\/\/blogdoere.com.br\/?cat=55\" rel=\"category\">Itabuna<\/a>","tag_info":"Itabuna","comment_count":"0","_links":{"self":[{"href":"https:\/\/blogdoere.com.br\/index.php?rest_route=\/wp\/v2\/posts\/28630","targetHints":{"allow":["GET"]}}],"collection":[{"href":"https:\/\/blogdoere.com.br\/index.php?rest_route=\/wp\/v2\/posts"}],"about":[{"href":"https:\/\/blogdoere.com.br\/index.php?rest_route=\/wp\/v2\/types\/post"}],"author":[{"embeddable":true,"href":"https:\/\/blogdoere.com.br\/index.php?rest_route=\/wp\/v2\/users\/1"}],"replies":[{"embeddable":true,"href":"https:\/\/blogdoere.com.br\/index.php?rest_route=%2Fwp%2Fv2%2Fcomments&post=28630"}],"version-history":[{"count":3,"href":"https:\/\/blogdoere.com.br\/index.php?rest_route=\/wp\/v2\/posts\/28630\/revisions"}],"predecessor-version":[{"id":28638,"href":"https:\/\/blogdoere.com.br\/index.php?rest_route=\/wp\/v2\/posts\/28630\/revisions\/28638"}],"wp:featuredmedia":[{"embeddable":true,"href":"https:\/\/blogdoere.com.br\/index.php?rest_route=\/wp\/v2\/media\/28631"}],"wp:attachment":[{"href":"https:\/\/blogdoere.com.br\/index.php?rest_route=%2Fwp%2Fv2%2Fmedia&parent=28630"}],"wp:term":[{"taxonomy":"category","embeddable":true,"href":"https:\/\/blogdoere.com.br\/index.php?rest_route=%2Fwp%2Fv2%2Fcategories&post=28630"},{"taxonomy":"post_tag","embeddable":true,"href":"https:\/\/blogdoere.com.br\/index.php?rest_route=%2Fwp%2Fv2%2Ftags&post=28630"}],"curies":[{"name":"wp","href":"https:\/\/api.w.org\/{rel}","templated":true}]}}