{"id":28652,"date":"2024-01-24T23:07:41","date_gmt":"2024-01-24T23:07:41","guid":{"rendered":"https:\/\/blogdoere.com.br\/?p=28652"},"modified":"2024-01-26T14:20:31","modified_gmt":"2024-01-26T14:20:31","slug":"itajuipe-alianca-vai-resgatar-escola-de-musica-e-filarmonica-primeiro-de-janeiro","status":"publish","type":"post","link":"https:\/\/blogdoere.com.br\/?p=28652","title":{"rendered":"ITAJU\u00cdPE: ALIAN\u00c7A VAI RESGATAR ESCOLA DE M\u00daSICA E FILARM\u00d4NICA PRIMEIRO DE JANEIRO"},"content":{"rendered":"\n<figure class=\"wp-block-gallery has-nested-images columns-default is-cropped wp-block-gallery-1 is-layout-flex wp-block-gallery-is-layout-flex\">\n<figure class=\"wp-block-image size-large\"><img decoding=\"async\" width=\"1024\" height=\"768\" data-id=\"28657\" src=\"https:\/\/blogdoere.com.br\/wp-content\/uploads\/2024\/01\/IMG_20231226_104320_827-1-1024x768.jpg\" alt=\"\" class=\"wp-image-28657\" srcset=\"https:\/\/blogdoere.com.br\/wp-content\/uploads\/2024\/01\/IMG_20231226_104320_827-1-1024x768.jpg 1024w, https:\/\/blogdoere.com.br\/wp-content\/uploads\/2024\/01\/IMG_20231226_104320_827-1-300x225.jpg 300w, https:\/\/blogdoere.com.br\/wp-content\/uploads\/2024\/01\/IMG_20231226_104320_827-1-768x576.jpg 768w, https:\/\/blogdoere.com.br\/wp-content\/uploads\/2024\/01\/IMG_20231226_104320_827-1-1536x1152.jpg 1536w, https:\/\/blogdoere.com.br\/wp-content\/uploads\/2024\/01\/IMG_20231226_104320_827-1-2048x1536.jpg 2048w\" sizes=\"(max-width: 1024px) 100vw, 1024px\" \/><\/figure>\n<\/figure>\n\n\n\n<p><\/p>\n\n\n\n<p class=\"has-text-align-justify\">A Sociedade Alian\u00e7a dos Artistas e Oper\u00e1rios de Pirangi, pessoa  jur\u00eddica de direito privado sem fins lucrativos fundada em 14 de setembro de 1930, vai resgatar a Escola de M\u00fasica e Filarm\u00f4nica Primeiro de Janeiro.  Conforme registro em ata, a Filarm\u00f4nica Primeiro de Janeiro foi fundada em Pirangi em 1928 e, na d\u00e9cada de 1960, foi incorporada \u00e0 Sociedade Alian\u00e7a dos Artistas e Oper\u00e1rios de Pirangi onde funcionou por muitos anos a Escola de M\u00fasica e Filarm\u00f4nica Primeiro de Janeiro. Segundo o presidente  da Sociedade Alian\u00e7a dos Artistas e Oper\u00e1rios de Pirangi, Erenilson Santos (Er\u00ea), para resgate da filarm\u00f4nica a Alian\u00e7a est\u00e1 fazendo  parceria tamb\u00e9m com Afai (Associa\u00e7\u00e3o  dos Filhos  e Amigos de Itajuipe). \u201cO professor de m\u00fasica itabunense Carlos Oliveira ser\u00e1  o regente e vai nos ajudar no resgate da Escola de M\u00fasica e Filarm\u00f4nica Primeiro de Janeiro\u201d.  Declarou, Er\u00ea. <\/p>\n\n\n\n<p><strong>AULAS<\/strong><\/p>\n\n\n\n<p class=\"has-text-align-justify\">No pr\u00f3ximo dia 5 de fevereiro , a partir das 9 horas da manh\u00e3  iniciar\u00e3o as aulas de m\u00fasica no Espa\u00e7o Cultural Primeiro de Janeiro,  Rua Rui Barbosa, 56 &#8211; Centro de Itaju\u00edpe. O ECPJ passou por reforma na sua estrutura f\u00edsica atrav\u00e9s do Edital 01\/2023, do Tribunal de Justi\u00e7a do Estado da Bahia, Comarca de Itaju\u00edpe o que vai permitir melhor acolher o p\u00fablico esperado. <\/p>\n\n\n\n<p><\/p>\n","protected":false},"excerpt":{"rendered":"<p>A Sociedade Alian\u00e7a dos Artistas e Oper\u00e1rios de Pirangi, pessoa jur\u00eddica de direito privado sem fins lucrativos fundada em 14 de setembro de 1930, vai resgatar a Escola de M\u00fasica&#8230;<\/p>\n","protected":false},"author":1,"featured_media":28654,"comment_status":"open","ping_status":"open","sticky":false,"template":"","format":"standard","meta":{"_editorskit_title_hidden":false,"_editorskit_reading_time":0,"_editorskit_is_block_options_detached":false,"_editorskit_block_options_position":"{}","om_disable_all_campaigns":false,"_mi_skip_tracking":false,"_kad_post_transparent":"","_kad_post_title":"","_kad_post_layout":"","_kad_post_sidebar_id":"","_kad_post_content_style":"","_kad_post_vertical_padding":"","_kad_post_feature":"","_kad_post_feature_position":"","_kad_post_header":false,"_kad_post_footer":false,"footnotes":""},"categories":[59],"tags":[],"class_list":["post-28652","post","type-post","status-publish","format-standard","has-post-thumbnail","hentry","category-musica"],"yoast_head":"<!-- This site is optimized with the Yoast SEO plugin v20.5 - https:\/\/yoast.com\/wordpress\/plugins\/seo\/ -->\n<title>ITAJU\u00cdPE: ALIAN\u00c7A VAI RESGATAR ESCOLA DE M\u00daSICA E FILARM\u00d4NICA PRIMEIRO DE JANEIRO - blog do er\u00ea<\/title>\n<meta name=\"robots\" content=\"index, follow, max-snippet:-1, max-image-preview:large, max-video-preview:-1\" \/>\n<link rel=\"canonical\" href=\"https:\/\/blogdoere.com.br\/?p=28652\" \/>\n<meta property=\"og:locale\" content=\"pt_PT\" \/>\n<meta property=\"og:type\" content=\"article\" \/>\n<meta property=\"og:title\" content=\"ITAJU\u00cdPE: ALIAN\u00c7A VAI RESGATAR ESCOLA DE M\u00daSICA E FILARM\u00d4NICA PRIMEIRO DE JANEIRO - blog do er\u00ea\" \/>\n<meta property=\"og:description\" content=\"A Sociedade Alian\u00e7a dos Artistas e Oper\u00e1rios de Pirangi, pessoa jur\u00eddica de direito privado sem fins lucrativos fundada em 14 de setembro de 1930, vai resgatar a Escola de M\u00fasica...\" \/>\n<meta property=\"og:url\" content=\"https:\/\/blogdoere.com.br\/?p=28652\" \/>\n<meta property=\"og:site_name\" content=\"blog do er\u00ea\" \/>\n<meta property=\"article:published_time\" content=\"2024-01-24T23:07:41+00:00\" \/>\n<meta property=\"article:modified_time\" content=\"2024-01-26T14:20:31+00:00\" \/>\n<meta property=\"og:image\" content=\"https:\/\/blogdoere.com.br\/wp-content\/uploads\/2024\/01\/IMG_20231226_104353_393-scaled.jpg\" \/>\n\t<meta property=\"og:image:width\" content=\"2560\" \/>\n\t<meta property=\"og:image:height\" content=\"1920\" \/>\n\t<meta property=\"og:image:type\" content=\"image\/jpeg\" \/>\n<meta name=\"author\" content=\"blogdoere@hotmail.com\" \/>\n<meta name=\"twitter:card\" content=\"summary_large_image\" \/>\n<meta name=\"twitter:label1\" content=\"Escrito por\" \/>\n\t<meta name=\"twitter:data1\" content=\"blogdoere@hotmail.com\" \/>\n\t<meta name=\"twitter:label2\" content=\"Tempo estimado de leitura\" \/>\n\t<meta name=\"twitter:data2\" content=\"2 minutos\" \/>\n<script type=\"application\/ld+json\" class=\"yoast-schema-graph\">{\"@context\":\"https:\/\/schema.org\",\"@graph\":[{\"@type\":\"Article\",\"@id\":\"https:\/\/blogdoere.com.br\/?p=28652#article\",\"isPartOf\":{\"@id\":\"https:\/\/blogdoere.com.br\/?p=28652\"},\"author\":{\"name\":\"blogdoere@hotmail.com\",\"@id\":\"https:\/\/blogdoere.com.br\/#\/schema\/person\/c4f6d566a44c7bacdda563667715d18b\"},\"headline\":\"ITAJU\u00cdPE: ALIAN\u00c7A VAI RESGATAR ESCOLA DE M\u00daSICA E FILARM\u00d4NICA PRIMEIRO DE JANEIRO\",\"datePublished\":\"2024-01-24T23:07:41+00:00\",\"dateModified\":\"2024-01-26T14:20:31+00:00\",\"mainEntityOfPage\":{\"@id\":\"https:\/\/blogdoere.com.br\/?p=28652\"},\"wordCount\":244,\"commentCount\":0,\"publisher\":{\"@id\":\"https:\/\/blogdoere.com.br\/#organization\"},\"articleSection\":[\"M\u00fasica\"],\"inLanguage\":\"pt-PT\",\"potentialAction\":[{\"@type\":\"CommentAction\",\"name\":\"Comment\",\"target\":[\"https:\/\/blogdoere.com.br\/?p=28652#respond\"]}]},{\"@type\":\"WebPage\",\"@id\":\"https:\/\/blogdoere.com.br\/?p=28652\",\"url\":\"https:\/\/blogdoere.com.br\/?p=28652\",\"name\":\"ITAJU\u00cdPE: ALIAN\u00c7A VAI RESGATAR ESCOLA DE M\u00daSICA E FILARM\u00d4NICA PRIMEIRO DE JANEIRO - blog do er\u00ea\",\"isPartOf\":{\"@id\":\"https:\/\/blogdoere.com.br\/#website\"},\"datePublished\":\"2024-01-24T23:07:41+00:00\",\"dateModified\":\"2024-01-26T14:20:31+00:00\",\"breadcrumb\":{\"@id\":\"https:\/\/blogdoere.com.br\/?p=28652#breadcrumb\"},\"inLanguage\":\"pt-PT\",\"potentialAction\":[{\"@type\":\"ReadAction\",\"target\":[\"https:\/\/blogdoere.com.br\/?p=28652\"]}]},{\"@type\":\"BreadcrumbList\",\"@id\":\"https:\/\/blogdoere.com.br\/?p=28652#breadcrumb\",\"itemListElement\":[{\"@type\":\"ListItem\",\"position\":1,\"name\":\"In\u00edcio\",\"item\":\"https:\/\/blogdoere.com.br\/\"},{\"@type\":\"ListItem\",\"position\":2,\"name\":\"ITAJU\u00cdPE: ALIAN\u00c7A VAI RESGATAR ESCOLA DE M\u00daSICA E FILARM\u00d4NICA PRIMEIRO DE JANEIRO\"}]},{\"@type\":\"WebSite\",\"@id\":\"https:\/\/blogdoere.com.br\/#website\",\"url\":\"https:\/\/blogdoere.com.br\/\",\"name\":\"blog do er\u00ea\",\"description\":\"\",\"publisher\":{\"@id\":\"https:\/\/blogdoere.com.br\/#organization\"},\"potentialAction\":[{\"@type\":\"SearchAction\",\"target\":{\"@type\":\"EntryPoint\",\"urlTemplate\":\"https:\/\/blogdoere.com.br\/?s={search_term_string}\"},\"query-input\":\"required name=search_term_string\"}],\"inLanguage\":\"pt-PT\"},{\"@type\":\"Organization\",\"@id\":\"https:\/\/blogdoere.com.br\/#organization\",\"name\":\"Blog do Er\u00ea\",\"url\":\"https:\/\/blogdoere.com.br\/\",\"logo\":{\"@type\":\"ImageObject\",\"inLanguage\":\"pt-PT\",\"@id\":\"https:\/\/blogdoere.com.br\/#\/schema\/logo\/image\/\",\"url\":\"https:\/\/blogdoere.com.br\/wp-content\/uploads\/2021\/11\/Logo-Ere-1.png\",\"contentUrl\":\"https:\/\/blogdoere.com.br\/wp-content\/uploads\/2021\/11\/Logo-Ere-1.png\",\"width\":1261,\"height\":1330,\"caption\":\"Blog do Er\u00ea\"},\"image\":{\"@id\":\"https:\/\/blogdoere.com.br\/#\/schema\/logo\/image\/\"}},{\"@type\":\"Person\",\"@id\":\"https:\/\/blogdoere.com.br\/#\/schema\/person\/c4f6d566a44c7bacdda563667715d18b\",\"name\":\"blogdoere@hotmail.com\",\"image\":{\"@type\":\"ImageObject\",\"inLanguage\":\"pt-PT\",\"@id\":\"https:\/\/blogdoere.com.br\/#\/schema\/person\/image\/\",\"url\":\"https:\/\/secure.gravatar.com\/avatar\/5684bd39df1289cb639b4ab539d6fcad69420e4a29521548fc078c58ed122fe6?s=96&d=mm&r=g\",\"contentUrl\":\"https:\/\/secure.gravatar.com\/avatar\/5684bd39df1289cb639b4ab539d6fcad69420e4a29521548fc078c58ed122fe6?s=96&d=mm&r=g\",\"caption\":\"blogdoere@hotmail.com\"},\"sameAs\":[\"http:\/\/blogdoere.com.br\"]}]}<\/script>\n<!-- \/ Yoast SEO plugin. -->","yoast_head_json":{"title":"ITAJU\u00cdPE: ALIAN\u00c7A VAI RESGATAR ESCOLA DE M\u00daSICA E FILARM\u00d4NICA PRIMEIRO DE JANEIRO - blog do er\u00ea","robots":{"index":"index","follow":"follow","max-snippet":"max-snippet:-1","max-image-preview":"max-image-preview:large","max-video-preview":"max-video-preview:-1"},"canonical":"https:\/\/blogdoere.com.br\/?p=28652","og_locale":"pt_PT","og_type":"article","og_title":"ITAJU\u00cdPE: ALIAN\u00c7A VAI RESGATAR ESCOLA DE M\u00daSICA E FILARM\u00d4NICA PRIMEIRO DE JANEIRO - blog do er\u00ea","og_description":"A Sociedade Alian\u00e7a dos Artistas e Oper\u00e1rios de Pirangi, pessoa jur\u00eddica de direito privado sem fins lucrativos fundada em 14 de setembro de 1930, vai resgatar a Escola de M\u00fasica...","og_url":"https:\/\/blogdoere.com.br\/?p=28652","og_site_name":"blog do er\u00ea","article_published_time":"2024-01-24T23:07:41+00:00","article_modified_time":"2024-01-26T14:20:31+00:00","og_image":[{"width":2560,"height":1920,"url":"https:\/\/blogdoere.com.br\/wp-content\/uploads\/2024\/01\/IMG_20231226_104353_393-scaled.jpg","type":"image\/jpeg"}],"author":"blogdoere@hotmail.com","twitter_card":"summary_large_image","twitter_misc":{"Escrito por":"blogdoere@hotmail.com","Tempo estimado de leitura":"2 minutos"},"schema":{"@context":"https:\/\/schema.org","@graph":[{"@type":"Article","@id":"https:\/\/blogdoere.com.br\/?p=28652#article","isPartOf":{"@id":"https:\/\/blogdoere.com.br\/?p=28652"},"author":{"name":"blogdoere@hotmail.com","@id":"https:\/\/blogdoere.com.br\/#\/schema\/person\/c4f6d566a44c7bacdda563667715d18b"},"headline":"ITAJU\u00cdPE: ALIAN\u00c7A VAI RESGATAR ESCOLA DE M\u00daSICA E FILARM\u00d4NICA PRIMEIRO DE JANEIRO","datePublished":"2024-01-24T23:07:41+00:00","dateModified":"2024-01-26T14:20:31+00:00","mainEntityOfPage":{"@id":"https:\/\/blogdoere.com.br\/?p=28652"},"wordCount":244,"commentCount":0,"publisher":{"@id":"https:\/\/blogdoere.com.br\/#organization"},"articleSection":["M\u00fasica"],"inLanguage":"pt-PT","potentialAction":[{"@type":"CommentAction","name":"Comment","target":["https:\/\/blogdoere.com.br\/?p=28652#respond"]}]},{"@type":"WebPage","@id":"https:\/\/blogdoere.com.br\/?p=28652","url":"https:\/\/blogdoere.com.br\/?p=28652","name":"ITAJU\u00cdPE: ALIAN\u00c7A VAI RESGATAR ESCOLA DE M\u00daSICA E FILARM\u00d4NICA PRIMEIRO DE JANEIRO - blog do er\u00ea","isPartOf":{"@id":"https:\/\/blogdoere.com.br\/#website"},"datePublished":"2024-01-24T23:07:41+00:00","dateModified":"2024-01-26T14:20:31+00:00","breadcrumb":{"@id":"https:\/\/blogdoere.com.br\/?p=28652#breadcrumb"},"inLanguage":"pt-PT","potentialAction":[{"@type":"ReadAction","target":["https:\/\/blogdoere.com.br\/?p=28652"]}]},{"@type":"BreadcrumbList","@id":"https:\/\/blogdoere.com.br\/?p=28652#breadcrumb","itemListElement":[{"@type":"ListItem","position":1,"name":"In\u00edcio","item":"https:\/\/blogdoere.com.br\/"},{"@type":"ListItem","position":2,"name":"ITAJU\u00cdPE: ALIAN\u00c7A VAI RESGATAR ESCOLA DE M\u00daSICA E FILARM\u00d4NICA PRIMEIRO DE JANEIRO"}]},{"@type":"WebSite","@id":"https:\/\/blogdoere.com.br\/#website","url":"https:\/\/blogdoere.com.br\/","name":"blog do er\u00ea","description":"","publisher":{"@id":"https:\/\/blogdoere.com.br\/#organization"},"potentialAction":[{"@type":"SearchAction","target":{"@type":"EntryPoint","urlTemplate":"https:\/\/blogdoere.com.br\/?s={search_term_string}"},"query-input":"required name=search_term_string"}],"inLanguage":"pt-PT"},{"@type":"Organization","@id":"https:\/\/blogdoere.com.br\/#organization","name":"Blog do Er\u00ea","url":"https:\/\/blogdoere.com.br\/","logo":{"@type":"ImageObject","inLanguage":"pt-PT","@id":"https:\/\/blogdoere.com.br\/#\/schema\/logo\/image\/","url":"https:\/\/blogdoere.com.br\/wp-content\/uploads\/2021\/11\/Logo-Ere-1.png","contentUrl":"https:\/\/blogdoere.com.br\/wp-content\/uploads\/2021\/11\/Logo-Ere-1.png","width":1261,"height":1330,"caption":"Blog do Er\u00ea"},"image":{"@id":"https:\/\/blogdoere.com.br\/#\/schema\/logo\/image\/"}},{"@type":"Person","@id":"https:\/\/blogdoere.com.br\/#\/schema\/person\/c4f6d566a44c7bacdda563667715d18b","name":"blogdoere@hotmail.com","image":{"@type":"ImageObject","inLanguage":"pt-PT","@id":"https:\/\/blogdoere.com.br\/#\/schema\/person\/image\/","url":"https:\/\/secure.gravatar.com\/avatar\/5684bd39df1289cb639b4ab539d6fcad69420e4a29521548fc078c58ed122fe6?s=96&d=mm&r=g","contentUrl":"https:\/\/secure.gravatar.com\/avatar\/5684bd39df1289cb639b4ab539d6fcad69420e4a29521548fc078c58ed122fe6?s=96&d=mm&r=g","caption":"blogdoere@hotmail.com"},"sameAs":["http:\/\/blogdoere.com.br"]}]}},"featured_image_urls":{"full":["https:\/\/blogdoere.com.br\/wp-content\/uploads\/2024\/01\/IMG_20231226_104353_393-scaled.jpg",2560,1920,false],"thumbnail":["https:\/\/blogdoere.com.br\/wp-content\/uploads\/2024\/01\/IMG_20231226_104353_393-150x150.jpg",150,150,true],"medium":["https:\/\/blogdoere.com.br\/wp-content\/uploads\/2024\/01\/IMG_20231226_104353_393-300x225.jpg",300,225,true],"medium_large":["https:\/\/blogdoere.com.br\/wp-content\/uploads\/2024\/01\/IMG_20231226_104353_393-768x576.jpg",768,576,true],"large":["https:\/\/blogdoere.com.br\/wp-content\/uploads\/2024\/01\/IMG_20231226_104353_393-1024x768.jpg",1024,768,true],"1536x1536":["https:\/\/blogdoere.com.br\/wp-content\/uploads\/2024\/01\/IMG_20231226_104353_393-1536x1152.jpg",1536,1152,true],"2048x2048":["https:\/\/blogdoere.com.br\/wp-content\/uploads\/2024\/01\/IMG_20231226_104353_393-2048x1536.jpg",2048,1536,true]},"author_info":{"display_name":"blogdoere@hotmail.com","author_link":"https:\/\/blogdoere.com.br\/?author=1"},"category_info":"<a href=\"https:\/\/blogdoere.com.br\/?cat=59\" rel=\"category\">M\u00fasica<\/a>","tag_info":"M\u00fasica","comment_count":"0","_links":{"self":[{"href":"https:\/\/blogdoere.com.br\/index.php?rest_route=\/wp\/v2\/posts\/28652","targetHints":{"allow":["GET"]}}],"collection":[{"href":"https:\/\/blogdoere.com.br\/index.php?rest_route=\/wp\/v2\/posts"}],"about":[{"href":"https:\/\/blogdoere.com.br\/index.php?rest_route=\/wp\/v2\/types\/post"}],"author":[{"embeddable":true,"href":"https:\/\/blogdoere.com.br\/index.php?rest_route=\/wp\/v2\/users\/1"}],"replies":[{"embeddable":true,"href":"https:\/\/blogdoere.com.br\/index.php?rest_route=%2Fwp%2Fv2%2Fcomments&post=28652"}],"version-history":[{"count":8,"href":"https:\/\/blogdoere.com.br\/index.php?rest_route=\/wp\/v2\/posts\/28652\/revisions"}],"predecessor-version":[{"id":28669,"href":"https:\/\/blogdoere.com.br\/index.php?rest_route=\/wp\/v2\/posts\/28652\/revisions\/28669"}],"wp:featuredmedia":[{"embeddable":true,"href":"https:\/\/blogdoere.com.br\/index.php?rest_route=\/wp\/v2\/media\/28654"}],"wp:attachment":[{"href":"https:\/\/blogdoere.com.br\/index.php?rest_route=%2Fwp%2Fv2%2Fmedia&parent=28652"}],"wp:term":[{"taxonomy":"category","embeddable":true,"href":"https:\/\/blogdoere.com.br\/index.php?rest_route=%2Fwp%2Fv2%2Fcategories&post=28652"},{"taxonomy":"post_tag","embeddable":true,"href":"https:\/\/blogdoere.com.br\/index.php?rest_route=%2Fwp%2Fv2%2Ftags&post=28652"}],"curies":[{"name":"wp","href":"https:\/\/api.w.org\/{rel}","templated":true}]}}