{"id":28686,"date":"2024-03-17T14:39:17","date_gmt":"2024-03-17T14:39:17","guid":{"rendered":"https:\/\/blogdoere.com.br\/?p=28686"},"modified":"2024-03-17T15:41:31","modified_gmt":"2024-03-17T15:41:31","slug":"e-vedado-uso-de-predio-publico-para-realizar-ato-politico-partidario-antes-da-convencao","status":"publish","type":"post","link":"https:\/\/blogdoere.com.br\/?p=28686","title":{"rendered":"\u00c9 VEDADO USO DE PR\u00c9DIO P\u00daBLICO PARA REALIZAR ATO POL\u00cdTICO PARTID\u00c1RIO ANTES DA CONVEN\u00c7\u00c3O.\u00a0"},"content":{"rendered":"<div class=\"wp-block-image\">\n<figure class=\"aligncenter size-large is-resized\"><img decoding=\"async\" width=\"1024\" height=\"1024\" src=\"https:\/\/blogdoere.com.br\/wp-content\/uploads\/2024\/01\/IMG_20240102_114003_651-1024x1024.jpg\" alt=\"\" class=\"wp-image-28647\" style=\"width:205px;height:auto\" srcset=\"https:\/\/blogdoere.com.br\/wp-content\/uploads\/2024\/01\/IMG_20240102_114003_651-1024x1024.jpg 1024w, https:\/\/blogdoere.com.br\/wp-content\/uploads\/2024\/01\/IMG_20240102_114003_651-300x300.jpg 300w, https:\/\/blogdoere.com.br\/wp-content\/uploads\/2024\/01\/IMG_20240102_114003_651-150x150.jpg 150w, https:\/\/blogdoere.com.br\/wp-content\/uploads\/2024\/01\/IMG_20240102_114003_651-768x768.jpg 768w, https:\/\/blogdoere.com.br\/wp-content\/uploads\/2024\/01\/IMG_20240102_114003_651-1536x1536.jpg 1536w, https:\/\/blogdoere.com.br\/wp-content\/uploads\/2024\/01\/IMG_20240102_114003_651.jpg 1773w\" sizes=\"(max-width: 1024px) 100vw, 1024px\" \/><figcaption class=\"wp-element-caption\">Erenilson Santos  &#8211; Er\u00ea <\/figcaption><\/figure>\n<\/div>\n\n\n<p class=\"has-text-align-justify\">Na \u00faltima sexta-feira, dia 15 de mar\u00e7o, foi realizado no pr\u00e9dio da C\u00e2mara Municipal de Itaju\u00edpe o lan\u00e7amento da pr\u00e9-candidatura a prefeita de Lusiane Maia (PSD). Lusiane \u00e9 vereadora de dois mandatos, inclusive foi presidente\u00a0 do Poder Legislativo. Em conformidade\u00a0 com a Lei 9.504\/97 antigo\u00a0 73, I, o ato pol\u00edtico partid\u00e1rio n\u00e3o deveria acontecer no pr\u00e9dio p\u00fablico. Isso s\u00f3 \u00e9 permitido nas conven\u00e7\u00f5es partid\u00e1rias, o que n\u00e3o \u00e9 o caso.\u00a0 As conven\u00e7\u00f5es acontecem de 20 de julho a 5 de agosto. Por outro\u00a0 lado, posso afirmar que o ato de filia\u00e7\u00e3o\u00a0 do prefeito L\u00e9o da Capoeira ao Avante e\u00a0 lan\u00e7amento da pr\u00e9-candidatura a prefeito num pr\u00e9dio privado foi legal e conforme a lei eleitoral. No caso da pr\u00e9-candidata Lusiane   j\u00e1 tinha certeza que n\u00e3o deveria usar pr\u00e9dio p\u00fablico para atos desta\u00a0 natureza mas, ainda assim, resolvi consultar o especialista em direito eleitoral Nelson Canedo e perguntei-lhe: \u00c9 permitido usar pr\u00e9dio p\u00fablico, por exemplo, C\u00e2mara de Vereadores\u00a0 para ato de pr\u00e9-campanha? A resposta foi taxativa e s\u00f3 confirmou o que j\u00e1 sabia: &#8220;N\u00e3o \u00e9 permitido. Somente na conven\u00e7\u00e3o partid\u00e1ria \u00e9 permitido&#8221;. Numa\u00a0 campanha eleitoral n\u00e3o basta ter marqueteiro pol\u00edtico e gestor\u00a0 de redes sociais, \u00e9 necess\u00e1rio ter um excelente jur\u00eddico para evitar pagar multas e o pior, ganhar a elei\u00e7\u00e3o\u00a0 e n\u00e3o levar.\u00a0 Assim, espero que aprendam com os erros e n\u00e3o usem mais pr\u00e9dios p\u00fablicos antes das conven\u00e7\u00f5es, isso \u00e9 vedado pela lei eleitoral. <\/p>\n\n\n\n<p>Er\u00ea<\/p>\n\n\n\n<p>Estrategista Pol\u00edtico<\/p>\n\n\n\n<p>MBA em Comunica\u00e7\u00e3o e Marketing Pol\u00edtico Eleitoral<\/p>\n\n\n\n<p>Graduado em Gest\u00e3o P\u00fablica&nbsp;<\/p>\n\n\n\n<p>P\u00f3s-graduado em Gest\u00e3o P\u00fablica Municipal-UESC.&nbsp;<\/p>\n\n\n\n<p>S\u00f3cio Efetivo da Associa\u00e7\u00e3o Brasileira de Imprensa ABI\/Nacional<\/p>\n\n\n\n<p>Radialista por forma\u00e7\u00e3o DRT\/BA 6315<\/p>\n\n\n\n<p>Presidente da Sociedade Alian\u00e7a dos Artistas e Oper\u00e1rios de Pirangi<\/p>\n\n\n\n<p>MBA em Gest\u00e3o Hospitalar<\/p>\n","protected":false},"excerpt":{"rendered":"<p>Na \u00faltima sexta-feira, dia 15 de mar\u00e7o, foi realizado no pr\u00e9dio da C\u00e2mara Municipal de Itaju\u00edpe o lan\u00e7amento da pr\u00e9-candidatura a prefeita de Lusiane Maia (PSD). Lusiane \u00e9 vereadora de&#8230;<\/p>\n","protected":false},"author":1,"featured_media":28647,"comment_status":"open","ping_status":"open","sticky":false,"template":"","format":"standard","meta":{"_editorskit_title_hidden":false,"_editorskit_reading_time":0,"_editorskit_is_block_options_detached":false,"_editorskit_block_options_position":"{}","om_disable_all_campaigns":false,"_mi_skip_tracking":false,"_kad_post_transparent":"","_kad_post_title":"","_kad_post_layout":"","_kad_post_sidebar_id":"","_kad_post_content_style":"","_kad_post_vertical_padding":"","_kad_post_feature":"","_kad_post_feature_position":"","_kad_post_header":false,"_kad_post_footer":false,"footnotes":""},"categories":[32],"tags":[],"class_list":["post-28686","post","type-post","status-publish","format-standard","has-post-thumbnail","hentry","category-politica"],"yoast_head":"<!-- This site is optimized with the Yoast SEO plugin v20.5 - https:\/\/yoast.com\/wordpress\/plugins\/seo\/ -->\n<title>\u00c9 VEDADO USO DE PR\u00c9DIO P\u00daBLICO PARA REALIZAR ATO POL\u00cdTICO PARTID\u00c1RIO ANTES DA CONVEN\u00c7\u00c3O.\u00a0 - blog do er\u00ea<\/title>\n<meta name=\"robots\" content=\"index, follow, max-snippet:-1, max-image-preview:large, max-video-preview:-1\" \/>\n<link rel=\"canonical\" href=\"https:\/\/blogdoere.com.br\/?p=28686\" \/>\n<meta property=\"og:locale\" content=\"pt_PT\" \/>\n<meta property=\"og:type\" content=\"article\" \/>\n<meta property=\"og:title\" content=\"\u00c9 VEDADO USO DE PR\u00c9DIO P\u00daBLICO PARA REALIZAR ATO POL\u00cdTICO PARTID\u00c1RIO ANTES DA CONVEN\u00c7\u00c3O.\u00a0 - blog do er\u00ea\" \/>\n<meta property=\"og:description\" content=\"Na \u00faltima sexta-feira, dia 15 de mar\u00e7o, foi realizado no pr\u00e9dio da C\u00e2mara Municipal de Itaju\u00edpe o lan\u00e7amento da pr\u00e9-candidatura a prefeita de Lusiane Maia (PSD). Lusiane \u00e9 vereadora de...\" \/>\n<meta property=\"og:url\" content=\"https:\/\/blogdoere.com.br\/?p=28686\" \/>\n<meta property=\"og:site_name\" content=\"blog do er\u00ea\" \/>\n<meta property=\"article:published_time\" content=\"2024-03-17T14:39:17+00:00\" \/>\n<meta property=\"article:modified_time\" content=\"2024-03-17T15:41:31+00:00\" \/>\n<meta property=\"og:image\" content=\"https:\/\/blogdoere.com.br\/wp-content\/uploads\/2024\/01\/IMG_20240102_114003_651.jpg\" \/>\n\t<meta property=\"og:image:width\" content=\"1773\" \/>\n\t<meta property=\"og:image:height\" content=\"1773\" \/>\n\t<meta property=\"og:image:type\" content=\"image\/jpeg\" \/>\n<meta name=\"author\" content=\"blogdoere@hotmail.com\" \/>\n<meta name=\"twitter:card\" content=\"summary_large_image\" \/>\n<meta name=\"twitter:label1\" content=\"Escrito por\" \/>\n\t<meta name=\"twitter:data1\" content=\"blogdoere@hotmail.com\" \/>\n\t<meta name=\"twitter:label2\" content=\"Tempo estimado de leitura\" \/>\n\t<meta name=\"twitter:data2\" content=\"2 minutos\" \/>\n<script type=\"application\/ld+json\" class=\"yoast-schema-graph\">{\"@context\":\"https:\/\/schema.org\",\"@graph\":[{\"@type\":\"Article\",\"@id\":\"https:\/\/blogdoere.com.br\/?p=28686#article\",\"isPartOf\":{\"@id\":\"https:\/\/blogdoere.com.br\/?p=28686\"},\"author\":{\"name\":\"blogdoere@hotmail.com\",\"@id\":\"https:\/\/blogdoere.com.br\/#\/schema\/person\/c4f6d566a44c7bacdda563667715d18b\"},\"headline\":\"\u00c9 VEDADO USO DE PR\u00c9DIO P\u00daBLICO PARA REALIZAR ATO POL\u00cdTICO PARTID\u00c1RIO ANTES DA CONVEN\u00c7\u00c3O.\u00a0\",\"datePublished\":\"2024-03-17T14:39:17+00:00\",\"dateModified\":\"2024-03-17T15:41:31+00:00\",\"mainEntityOfPage\":{\"@id\":\"https:\/\/blogdoere.com.br\/?p=28686\"},\"wordCount\":347,\"commentCount\":1,\"publisher\":{\"@id\":\"https:\/\/blogdoere.com.br\/#organization\"},\"articleSection\":[\"Pol\u00edtica\"],\"inLanguage\":\"pt-PT\",\"potentialAction\":[{\"@type\":\"CommentAction\",\"name\":\"Comment\",\"target\":[\"https:\/\/blogdoere.com.br\/?p=28686#respond\"]}]},{\"@type\":\"WebPage\",\"@id\":\"https:\/\/blogdoere.com.br\/?p=28686\",\"url\":\"https:\/\/blogdoere.com.br\/?p=28686\",\"name\":\"\u00c9 VEDADO USO DE PR\u00c9DIO P\u00daBLICO PARA REALIZAR ATO POL\u00cdTICO PARTID\u00c1RIO ANTES DA CONVEN\u00c7\u00c3O.\u00a0 - blog do er\u00ea\",\"isPartOf\":{\"@id\":\"https:\/\/blogdoere.com.br\/#website\"},\"datePublished\":\"2024-03-17T14:39:17+00:00\",\"dateModified\":\"2024-03-17T15:41:31+00:00\",\"breadcrumb\":{\"@id\":\"https:\/\/blogdoere.com.br\/?p=28686#breadcrumb\"},\"inLanguage\":\"pt-PT\",\"potentialAction\":[{\"@type\":\"ReadAction\",\"target\":[\"https:\/\/blogdoere.com.br\/?p=28686\"]}]},{\"@type\":\"BreadcrumbList\",\"@id\":\"https:\/\/blogdoere.com.br\/?p=28686#breadcrumb\",\"itemListElement\":[{\"@type\":\"ListItem\",\"position\":1,\"name\":\"In\u00edcio\",\"item\":\"https:\/\/blogdoere.com.br\/\"},{\"@type\":\"ListItem\",\"position\":2,\"name\":\"\u00c9 VEDADO USO DE PR\u00c9DIO P\u00daBLICO PARA REALIZAR ATO POL\u00cdTICO PARTID\u00c1RIO ANTES DA CONVEN\u00c7\u00c3O.\u00a0\"}]},{\"@type\":\"WebSite\",\"@id\":\"https:\/\/blogdoere.com.br\/#website\",\"url\":\"https:\/\/blogdoere.com.br\/\",\"name\":\"blog do er\u00ea\",\"description\":\"\",\"publisher\":{\"@id\":\"https:\/\/blogdoere.com.br\/#organization\"},\"potentialAction\":[{\"@type\":\"SearchAction\",\"target\":{\"@type\":\"EntryPoint\",\"urlTemplate\":\"https:\/\/blogdoere.com.br\/?s={search_term_string}\"},\"query-input\":\"required name=search_term_string\"}],\"inLanguage\":\"pt-PT\"},{\"@type\":\"Organization\",\"@id\":\"https:\/\/blogdoere.com.br\/#organization\",\"name\":\"Blog do Er\u00ea\",\"url\":\"https:\/\/blogdoere.com.br\/\",\"logo\":{\"@type\":\"ImageObject\",\"inLanguage\":\"pt-PT\",\"@id\":\"https:\/\/blogdoere.com.br\/#\/schema\/logo\/image\/\",\"url\":\"https:\/\/blogdoere.com.br\/wp-content\/uploads\/2021\/11\/Logo-Ere-1.png\",\"contentUrl\":\"https:\/\/blogdoere.com.br\/wp-content\/uploads\/2021\/11\/Logo-Ere-1.png\",\"width\":1261,\"height\":1330,\"caption\":\"Blog do Er\u00ea\"},\"image\":{\"@id\":\"https:\/\/blogdoere.com.br\/#\/schema\/logo\/image\/\"}},{\"@type\":\"Person\",\"@id\":\"https:\/\/blogdoere.com.br\/#\/schema\/person\/c4f6d566a44c7bacdda563667715d18b\",\"name\":\"blogdoere@hotmail.com\",\"image\":{\"@type\":\"ImageObject\",\"inLanguage\":\"pt-PT\",\"@id\":\"https:\/\/blogdoere.com.br\/#\/schema\/person\/image\/\",\"url\":\"https:\/\/secure.gravatar.com\/avatar\/5684bd39df1289cb639b4ab539d6fcad69420e4a29521548fc078c58ed122fe6?s=96&d=mm&r=g\",\"contentUrl\":\"https:\/\/secure.gravatar.com\/avatar\/5684bd39df1289cb639b4ab539d6fcad69420e4a29521548fc078c58ed122fe6?s=96&d=mm&r=g\",\"caption\":\"blogdoere@hotmail.com\"},\"sameAs\":[\"http:\/\/blogdoere.com.br\"]}]}<\/script>\n<!-- \/ Yoast SEO plugin. -->","yoast_head_json":{"title":"\u00c9 VEDADO USO DE PR\u00c9DIO P\u00daBLICO PARA REALIZAR ATO POL\u00cdTICO PARTID\u00c1RIO ANTES DA CONVEN\u00c7\u00c3O.\u00a0 - blog do er\u00ea","robots":{"index":"index","follow":"follow","max-snippet":"max-snippet:-1","max-image-preview":"max-image-preview:large","max-video-preview":"max-video-preview:-1"},"canonical":"https:\/\/blogdoere.com.br\/?p=28686","og_locale":"pt_PT","og_type":"article","og_title":"\u00c9 VEDADO USO DE PR\u00c9DIO P\u00daBLICO PARA REALIZAR ATO POL\u00cdTICO PARTID\u00c1RIO ANTES DA CONVEN\u00c7\u00c3O.\u00a0 - blog do er\u00ea","og_description":"Na \u00faltima sexta-feira, dia 15 de mar\u00e7o, foi realizado no pr\u00e9dio da C\u00e2mara Municipal de Itaju\u00edpe o lan\u00e7amento da pr\u00e9-candidatura a prefeita de Lusiane Maia (PSD). Lusiane \u00e9 vereadora de...","og_url":"https:\/\/blogdoere.com.br\/?p=28686","og_site_name":"blog do er\u00ea","article_published_time":"2024-03-17T14:39:17+00:00","article_modified_time":"2024-03-17T15:41:31+00:00","og_image":[{"width":1773,"height":1773,"url":"https:\/\/blogdoere.com.br\/wp-content\/uploads\/2024\/01\/IMG_20240102_114003_651.jpg","type":"image\/jpeg"}],"author":"blogdoere@hotmail.com","twitter_card":"summary_large_image","twitter_misc":{"Escrito por":"blogdoere@hotmail.com","Tempo estimado de leitura":"2 minutos"},"schema":{"@context":"https:\/\/schema.org","@graph":[{"@type":"Article","@id":"https:\/\/blogdoere.com.br\/?p=28686#article","isPartOf":{"@id":"https:\/\/blogdoere.com.br\/?p=28686"},"author":{"name":"blogdoere@hotmail.com","@id":"https:\/\/blogdoere.com.br\/#\/schema\/person\/c4f6d566a44c7bacdda563667715d18b"},"headline":"\u00c9 VEDADO USO DE PR\u00c9DIO P\u00daBLICO PARA REALIZAR ATO POL\u00cdTICO PARTID\u00c1RIO ANTES DA CONVEN\u00c7\u00c3O.\u00a0","datePublished":"2024-03-17T14:39:17+00:00","dateModified":"2024-03-17T15:41:31+00:00","mainEntityOfPage":{"@id":"https:\/\/blogdoere.com.br\/?p=28686"},"wordCount":347,"commentCount":1,"publisher":{"@id":"https:\/\/blogdoere.com.br\/#organization"},"articleSection":["Pol\u00edtica"],"inLanguage":"pt-PT","potentialAction":[{"@type":"CommentAction","name":"Comment","target":["https:\/\/blogdoere.com.br\/?p=28686#respond"]}]},{"@type":"WebPage","@id":"https:\/\/blogdoere.com.br\/?p=28686","url":"https:\/\/blogdoere.com.br\/?p=28686","name":"\u00c9 VEDADO USO DE PR\u00c9DIO P\u00daBLICO PARA REALIZAR ATO POL\u00cdTICO PARTID\u00c1RIO ANTES DA CONVEN\u00c7\u00c3O.\u00a0 - blog do er\u00ea","isPartOf":{"@id":"https:\/\/blogdoere.com.br\/#website"},"datePublished":"2024-03-17T14:39:17+00:00","dateModified":"2024-03-17T15:41:31+00:00","breadcrumb":{"@id":"https:\/\/blogdoere.com.br\/?p=28686#breadcrumb"},"inLanguage":"pt-PT","potentialAction":[{"@type":"ReadAction","target":["https:\/\/blogdoere.com.br\/?p=28686"]}]},{"@type":"BreadcrumbList","@id":"https:\/\/blogdoere.com.br\/?p=28686#breadcrumb","itemListElement":[{"@type":"ListItem","position":1,"name":"In\u00edcio","item":"https:\/\/blogdoere.com.br\/"},{"@type":"ListItem","position":2,"name":"\u00c9 VEDADO USO DE PR\u00c9DIO P\u00daBLICO PARA REALIZAR ATO POL\u00cdTICO PARTID\u00c1RIO ANTES DA CONVEN\u00c7\u00c3O.\u00a0"}]},{"@type":"WebSite","@id":"https:\/\/blogdoere.com.br\/#website","url":"https:\/\/blogdoere.com.br\/","name":"blog do er\u00ea","description":"","publisher":{"@id":"https:\/\/blogdoere.com.br\/#organization"},"potentialAction":[{"@type":"SearchAction","target":{"@type":"EntryPoint","urlTemplate":"https:\/\/blogdoere.com.br\/?s={search_term_string}"},"query-input":"required name=search_term_string"}],"inLanguage":"pt-PT"},{"@type":"Organization","@id":"https:\/\/blogdoere.com.br\/#organization","name":"Blog do Er\u00ea","url":"https:\/\/blogdoere.com.br\/","logo":{"@type":"ImageObject","inLanguage":"pt-PT","@id":"https:\/\/blogdoere.com.br\/#\/schema\/logo\/image\/","url":"https:\/\/blogdoere.com.br\/wp-content\/uploads\/2021\/11\/Logo-Ere-1.png","contentUrl":"https:\/\/blogdoere.com.br\/wp-content\/uploads\/2021\/11\/Logo-Ere-1.png","width":1261,"height":1330,"caption":"Blog do Er\u00ea"},"image":{"@id":"https:\/\/blogdoere.com.br\/#\/schema\/logo\/image\/"}},{"@type":"Person","@id":"https:\/\/blogdoere.com.br\/#\/schema\/person\/c4f6d566a44c7bacdda563667715d18b","name":"blogdoere@hotmail.com","image":{"@type":"ImageObject","inLanguage":"pt-PT","@id":"https:\/\/blogdoere.com.br\/#\/schema\/person\/image\/","url":"https:\/\/secure.gravatar.com\/avatar\/5684bd39df1289cb639b4ab539d6fcad69420e4a29521548fc078c58ed122fe6?s=96&d=mm&r=g","contentUrl":"https:\/\/secure.gravatar.com\/avatar\/5684bd39df1289cb639b4ab539d6fcad69420e4a29521548fc078c58ed122fe6?s=96&d=mm&r=g","caption":"blogdoere@hotmail.com"},"sameAs":["http:\/\/blogdoere.com.br"]}]}},"featured_image_urls":{"full":["https:\/\/blogdoere.com.br\/wp-content\/uploads\/2024\/01\/IMG_20240102_114003_651.jpg",1773,1773,false],"thumbnail":["https:\/\/blogdoere.com.br\/wp-content\/uploads\/2024\/01\/IMG_20240102_114003_651-150x150.jpg",150,150,true],"medium":["https:\/\/blogdoere.com.br\/wp-content\/uploads\/2024\/01\/IMG_20240102_114003_651-300x300.jpg",300,300,true],"medium_large":["https:\/\/blogdoere.com.br\/wp-content\/uploads\/2024\/01\/IMG_20240102_114003_651-768x768.jpg",768,768,true],"large":["https:\/\/blogdoere.com.br\/wp-content\/uploads\/2024\/01\/IMG_20240102_114003_651-1024x1024.jpg",1024,1024,true],"1536x1536":["https:\/\/blogdoere.com.br\/wp-content\/uploads\/2024\/01\/IMG_20240102_114003_651-1536x1536.jpg",1536,1536,true],"2048x2048":["https:\/\/blogdoere.com.br\/wp-content\/uploads\/2024\/01\/IMG_20240102_114003_651.jpg",1773,1773,false]},"author_info":{"display_name":"blogdoere@hotmail.com","author_link":"https:\/\/blogdoere.com.br\/?author=1"},"category_info":"<a href=\"https:\/\/blogdoere.com.br\/?cat=32\" rel=\"category\">Pol\u00edtica<\/a>","tag_info":"Pol\u00edtica","comment_count":"1","_links":{"self":[{"href":"https:\/\/blogdoere.com.br\/index.php?rest_route=\/wp\/v2\/posts\/28686","targetHints":{"allow":["GET"]}}],"collection":[{"href":"https:\/\/blogdoere.com.br\/index.php?rest_route=\/wp\/v2\/posts"}],"about":[{"href":"https:\/\/blogdoere.com.br\/index.php?rest_route=\/wp\/v2\/types\/post"}],"author":[{"embeddable":true,"href":"https:\/\/blogdoere.com.br\/index.php?rest_route=\/wp\/v2\/users\/1"}],"replies":[{"embeddable":true,"href":"https:\/\/blogdoere.com.br\/index.php?rest_route=%2Fwp%2Fv2%2Fcomments&post=28686"}],"version-history":[{"count":5,"href":"https:\/\/blogdoere.com.br\/index.php?rest_route=\/wp\/v2\/posts\/28686\/revisions"}],"predecessor-version":[{"id":28696,"href":"https:\/\/blogdoere.com.br\/index.php?rest_route=\/wp\/v2\/posts\/28686\/revisions\/28696"}],"wp:featuredmedia":[{"embeddable":true,"href":"https:\/\/blogdoere.com.br\/index.php?rest_route=\/wp\/v2\/media\/28647"}],"wp:attachment":[{"href":"https:\/\/blogdoere.com.br\/index.php?rest_route=%2Fwp%2Fv2%2Fmedia&parent=28686"}],"wp:term":[{"taxonomy":"category","embeddable":true,"href":"https:\/\/blogdoere.com.br\/index.php?rest_route=%2Fwp%2Fv2%2Fcategories&post=28686"},{"taxonomy":"post_tag","embeddable":true,"href":"https:\/\/blogdoere.com.br\/index.php?rest_route=%2Fwp%2Fv2%2Ftags&post=28686"}],"curies":[{"name":"wp","href":"https:\/\/api.w.org\/{rel}","templated":true}]}}