{"id":28713,"date":"2024-04-12T23:32:02","date_gmt":"2024-04-12T23:32:02","guid":{"rendered":"https:\/\/blogdoere.com.br\/?p=28713"},"modified":"2024-04-13T00:27:42","modified_gmt":"2024-04-13T00:27:42","slug":"ilheus-bebeto-confirma-pre-candidatura-e-critica-postura-de-marao","status":"publish","type":"post","link":"https:\/\/blogdoere.com.br\/?p=28713","title":{"rendered":"ILH\u00c9US: BEBETO CONFIRMA PR\u00c9-CANDIDATURA E CR\u00cdTICA POSTURA DE MAR\u00c3O."},"content":{"rendered":"\n<figure class=\"wp-block-image size-full\"><img decoding=\"async\" width=\"782\" height=\"774\" src=\"https:\/\/blogdoere.com.br\/wp-content\/uploads\/2024\/04\/FOTO_20240412_195816.jpg\" alt=\"\" class=\"wp-image-28714\" srcset=\"https:\/\/blogdoere.com.br\/wp-content\/uploads\/2024\/04\/FOTO_20240412_195816.jpg 782w, https:\/\/blogdoere.com.br\/wp-content\/uploads\/2024\/04\/FOTO_20240412_195816-300x297.jpg 300w, https:\/\/blogdoere.com.br\/wp-content\/uploads\/2024\/04\/FOTO_20240412_195816-768x760.jpg 768w\" sizes=\"(max-width: 782px) 100vw, 782px\" \/><\/figure>\n\n\n\n<p class=\"has-text-align-justify\">Em entrevista para o radialista Vila Nova, Ilh\u00e9us FM, nesta manh\u00e3 de\u00a0 sexta-feira, dia 12 de abril, o vice-prefeito de Ilh\u00e9us, Bebeto Galv\u00e3o (PSB), confirmou\u00a0 sua pr\u00e9-candidatura a prefeito. Segundo Bebeto que tamb\u00e9m \u00e9 suplente\u00a0 do Senador  Jaques\u00a0 Wagner(PT), sua pr\u00e9-candidatura tem embasamento em toda sua hist\u00f3ria de vida e pol\u00edtica,\u00a0 sempre\u00a0 em defesa de mais qualidade de vida para a popula\u00e7\u00e3o ilheense. \u00a0 Por outro lado, n\u00e3o poupou cr\u00edticas a postura do prefeito Mar\u00e3o (PSD). Segundo Bebeto, \u00e9 um \u201cinadimplente da palavra\u201d, ou seja,\u00a0 \u201cn\u00e3o cumpre acordos\u201d.\u00a0 &#8220;A gente tinha um acordo desde 2020, \u00a0 quando\u00a0 aceitei ser vice na chapa dele&#8221; \u2013 Declarou\u00a0 Bebeto que esperava\u00a0 o apoio pol\u00edtico do alcaide. O imbr\u00f3glio pol\u00edtico surgiu quando o prefeito Mar\u00e3o, no in\u00edcio do m\u00eas, apresentou seu principal\u00a0 escudeiro, o secret\u00e1rio de gest\u00e3o Bento Lima(PSD), como\u00a0 pr\u00e9-candidato a prefeito o que passou a gerar\u00a0 desacordo\u00a0 com\u00a0 nomes da base municipal e estadual.\u00a0<\/p>\n","protected":false},"excerpt":{"rendered":"<p>Em entrevista para o radialista Vila Nova, Ilh\u00e9us FM, nesta manh\u00e3 de\u00a0 sexta-feira, dia 12 de abril, o vice-prefeito de Ilh\u00e9us, Bebeto Galv\u00e3o (PSB), confirmou\u00a0 sua pr\u00e9-candidatura a prefeito. Segundo&#8230;<\/p>\n","protected":false},"author":1,"featured_media":28714,"comment_status":"open","ping_status":"open","sticky":false,"template":"","format":"standard","meta":{"_editorskit_title_hidden":false,"_editorskit_reading_time":0,"_editorskit_is_block_options_detached":false,"_editorskit_block_options_position":"{}","om_disable_all_campaigns":false,"_mi_skip_tracking":false,"_kad_post_transparent":"","_kad_post_title":"","_kad_post_layout":"","_kad_post_sidebar_id":"","_kad_post_content_style":"","_kad_post_vertical_padding":"","_kad_post_feature":"","_kad_post_feature_position":"","_kad_post_header":false,"_kad_post_footer":false,"footnotes":""},"categories":[32],"tags":[],"class_list":["post-28713","post","type-post","status-publish","format-standard","has-post-thumbnail","hentry","category-politica"],"yoast_head":"<!-- This site is optimized with the Yoast SEO plugin v20.5 - https:\/\/yoast.com\/wordpress\/plugins\/seo\/ -->\n<title>ILH\u00c9US: BEBETO CONFIRMA PR\u00c9-CANDIDATURA E CR\u00cdTICA POSTURA DE MAR\u00c3O. - blog do er\u00ea<\/title>\n<meta name=\"robots\" content=\"index, follow, max-snippet:-1, max-image-preview:large, max-video-preview:-1\" \/>\n<link rel=\"canonical\" href=\"https:\/\/blogdoere.com.br\/?p=28713\" \/>\n<meta property=\"og:locale\" content=\"pt_PT\" \/>\n<meta property=\"og:type\" content=\"article\" \/>\n<meta property=\"og:title\" content=\"ILH\u00c9US: BEBETO CONFIRMA PR\u00c9-CANDIDATURA E CR\u00cdTICA POSTURA DE MAR\u00c3O. - blog do er\u00ea\" \/>\n<meta property=\"og:description\" content=\"Em entrevista para o radialista Vila Nova, Ilh\u00e9us FM, nesta manh\u00e3 de\u00a0 sexta-feira, dia 12 de abril, o vice-prefeito de Ilh\u00e9us, Bebeto Galv\u00e3o (PSB), confirmou\u00a0 sua pr\u00e9-candidatura a prefeito. Segundo...\" \/>\n<meta property=\"og:url\" content=\"https:\/\/blogdoere.com.br\/?p=28713\" \/>\n<meta property=\"og:site_name\" content=\"blog do er\u00ea\" \/>\n<meta property=\"article:published_time\" content=\"2024-04-12T23:32:02+00:00\" \/>\n<meta property=\"article:modified_time\" content=\"2024-04-13T00:27:42+00:00\" \/>\n<meta property=\"og:image\" content=\"https:\/\/blogdoere.com.br\/wp-content\/uploads\/2024\/04\/FOTO_20240412_195816.jpg\" \/>\n\t<meta property=\"og:image:width\" content=\"782\" \/>\n\t<meta property=\"og:image:height\" content=\"774\" \/>\n\t<meta property=\"og:image:type\" content=\"image\/jpeg\" \/>\n<meta name=\"author\" content=\"blogdoere@hotmail.com\" \/>\n<meta name=\"twitter:card\" content=\"summary_large_image\" \/>\n<meta name=\"twitter:label1\" content=\"Escrito por\" \/>\n\t<meta name=\"twitter:data1\" content=\"blogdoere@hotmail.com\" \/>\n\t<meta name=\"twitter:label2\" content=\"Tempo estimado de leitura\" \/>\n\t<meta name=\"twitter:data2\" content=\"2 minutos\" \/>\n<script type=\"application\/ld+json\" class=\"yoast-schema-graph\">{\"@context\":\"https:\/\/schema.org\",\"@graph\":[{\"@type\":\"Article\",\"@id\":\"https:\/\/blogdoere.com.br\/?p=28713#article\",\"isPartOf\":{\"@id\":\"https:\/\/blogdoere.com.br\/?p=28713\"},\"author\":{\"name\":\"blogdoere@hotmail.com\",\"@id\":\"https:\/\/blogdoere.com.br\/#\/schema\/person\/c4f6d566a44c7bacdda563667715d18b\"},\"headline\":\"ILH\u00c9US: BEBETO CONFIRMA PR\u00c9-CANDIDATURA E CR\u00cdTICA POSTURA DE MAR\u00c3O.\",\"datePublished\":\"2024-04-12T23:32:02+00:00\",\"dateModified\":\"2024-04-13T00:27:42+00:00\",\"mainEntityOfPage\":{\"@id\":\"https:\/\/blogdoere.com.br\/?p=28713\"},\"wordCount\":182,\"commentCount\":0,\"publisher\":{\"@id\":\"https:\/\/blogdoere.com.br\/#organization\"},\"articleSection\":[\"Pol\u00edtica\"],\"inLanguage\":\"pt-PT\",\"potentialAction\":[{\"@type\":\"CommentAction\",\"name\":\"Comment\",\"target\":[\"https:\/\/blogdoere.com.br\/?p=28713#respond\"]}]},{\"@type\":\"WebPage\",\"@id\":\"https:\/\/blogdoere.com.br\/?p=28713\",\"url\":\"https:\/\/blogdoere.com.br\/?p=28713\",\"name\":\"ILH\u00c9US: BEBETO CONFIRMA PR\u00c9-CANDIDATURA E CR\u00cdTICA POSTURA DE MAR\u00c3O. - blog do er\u00ea\",\"isPartOf\":{\"@id\":\"https:\/\/blogdoere.com.br\/#website\"},\"datePublished\":\"2024-04-12T23:32:02+00:00\",\"dateModified\":\"2024-04-13T00:27:42+00:00\",\"breadcrumb\":{\"@id\":\"https:\/\/blogdoere.com.br\/?p=28713#breadcrumb\"},\"inLanguage\":\"pt-PT\",\"potentialAction\":[{\"@type\":\"ReadAction\",\"target\":[\"https:\/\/blogdoere.com.br\/?p=28713\"]}]},{\"@type\":\"BreadcrumbList\",\"@id\":\"https:\/\/blogdoere.com.br\/?p=28713#breadcrumb\",\"itemListElement\":[{\"@type\":\"ListItem\",\"position\":1,\"name\":\"In\u00edcio\",\"item\":\"https:\/\/blogdoere.com.br\/\"},{\"@type\":\"ListItem\",\"position\":2,\"name\":\"ILH\u00c9US: BEBETO CONFIRMA PR\u00c9-CANDIDATURA E CR\u00cdTICA POSTURA DE MAR\u00c3O.\"}]},{\"@type\":\"WebSite\",\"@id\":\"https:\/\/blogdoere.com.br\/#website\",\"url\":\"https:\/\/blogdoere.com.br\/\",\"name\":\"blog do er\u00ea\",\"description\":\"\",\"publisher\":{\"@id\":\"https:\/\/blogdoere.com.br\/#organization\"},\"potentialAction\":[{\"@type\":\"SearchAction\",\"target\":{\"@type\":\"EntryPoint\",\"urlTemplate\":\"https:\/\/blogdoere.com.br\/?s={search_term_string}\"},\"query-input\":\"required name=search_term_string\"}],\"inLanguage\":\"pt-PT\"},{\"@type\":\"Organization\",\"@id\":\"https:\/\/blogdoere.com.br\/#organization\",\"name\":\"Blog do Er\u00ea\",\"url\":\"https:\/\/blogdoere.com.br\/\",\"logo\":{\"@type\":\"ImageObject\",\"inLanguage\":\"pt-PT\",\"@id\":\"https:\/\/blogdoere.com.br\/#\/schema\/logo\/image\/\",\"url\":\"https:\/\/blogdoere.com.br\/wp-content\/uploads\/2021\/11\/Logo-Ere-1.png\",\"contentUrl\":\"https:\/\/blogdoere.com.br\/wp-content\/uploads\/2021\/11\/Logo-Ere-1.png\",\"width\":1261,\"height\":1330,\"caption\":\"Blog do Er\u00ea\"},\"image\":{\"@id\":\"https:\/\/blogdoere.com.br\/#\/schema\/logo\/image\/\"}},{\"@type\":\"Person\",\"@id\":\"https:\/\/blogdoere.com.br\/#\/schema\/person\/c4f6d566a44c7bacdda563667715d18b\",\"name\":\"blogdoere@hotmail.com\",\"image\":{\"@type\":\"ImageObject\",\"inLanguage\":\"pt-PT\",\"@id\":\"https:\/\/blogdoere.com.br\/#\/schema\/person\/image\/\",\"url\":\"https:\/\/secure.gravatar.com\/avatar\/5684bd39df1289cb639b4ab539d6fcad69420e4a29521548fc078c58ed122fe6?s=96&d=mm&r=g\",\"contentUrl\":\"https:\/\/secure.gravatar.com\/avatar\/5684bd39df1289cb639b4ab539d6fcad69420e4a29521548fc078c58ed122fe6?s=96&d=mm&r=g\",\"caption\":\"blogdoere@hotmail.com\"},\"sameAs\":[\"http:\/\/blogdoere.com.br\"]}]}<\/script>\n<!-- \/ Yoast SEO plugin. -->","yoast_head_json":{"title":"ILH\u00c9US: BEBETO CONFIRMA PR\u00c9-CANDIDATURA E CR\u00cdTICA POSTURA DE MAR\u00c3O. - blog do er\u00ea","robots":{"index":"index","follow":"follow","max-snippet":"max-snippet:-1","max-image-preview":"max-image-preview:large","max-video-preview":"max-video-preview:-1"},"canonical":"https:\/\/blogdoere.com.br\/?p=28713","og_locale":"pt_PT","og_type":"article","og_title":"ILH\u00c9US: BEBETO CONFIRMA PR\u00c9-CANDIDATURA E CR\u00cdTICA POSTURA DE MAR\u00c3O. - blog do er\u00ea","og_description":"Em entrevista para o radialista Vila Nova, Ilh\u00e9us FM, nesta manh\u00e3 de\u00a0 sexta-feira, dia 12 de abril, o vice-prefeito de Ilh\u00e9us, Bebeto Galv\u00e3o (PSB), confirmou\u00a0 sua pr\u00e9-candidatura a prefeito. Segundo...","og_url":"https:\/\/blogdoere.com.br\/?p=28713","og_site_name":"blog do er\u00ea","article_published_time":"2024-04-12T23:32:02+00:00","article_modified_time":"2024-04-13T00:27:42+00:00","og_image":[{"width":782,"height":774,"url":"https:\/\/blogdoere.com.br\/wp-content\/uploads\/2024\/04\/FOTO_20240412_195816.jpg","type":"image\/jpeg"}],"author":"blogdoere@hotmail.com","twitter_card":"summary_large_image","twitter_misc":{"Escrito por":"blogdoere@hotmail.com","Tempo estimado de leitura":"2 minutos"},"schema":{"@context":"https:\/\/schema.org","@graph":[{"@type":"Article","@id":"https:\/\/blogdoere.com.br\/?p=28713#article","isPartOf":{"@id":"https:\/\/blogdoere.com.br\/?p=28713"},"author":{"name":"blogdoere@hotmail.com","@id":"https:\/\/blogdoere.com.br\/#\/schema\/person\/c4f6d566a44c7bacdda563667715d18b"},"headline":"ILH\u00c9US: BEBETO CONFIRMA PR\u00c9-CANDIDATURA E CR\u00cdTICA POSTURA DE MAR\u00c3O.","datePublished":"2024-04-12T23:32:02+00:00","dateModified":"2024-04-13T00:27:42+00:00","mainEntityOfPage":{"@id":"https:\/\/blogdoere.com.br\/?p=28713"},"wordCount":182,"commentCount":0,"publisher":{"@id":"https:\/\/blogdoere.com.br\/#organization"},"articleSection":["Pol\u00edtica"],"inLanguage":"pt-PT","potentialAction":[{"@type":"CommentAction","name":"Comment","target":["https:\/\/blogdoere.com.br\/?p=28713#respond"]}]},{"@type":"WebPage","@id":"https:\/\/blogdoere.com.br\/?p=28713","url":"https:\/\/blogdoere.com.br\/?p=28713","name":"ILH\u00c9US: BEBETO CONFIRMA PR\u00c9-CANDIDATURA E CR\u00cdTICA POSTURA DE MAR\u00c3O. - blog do er\u00ea","isPartOf":{"@id":"https:\/\/blogdoere.com.br\/#website"},"datePublished":"2024-04-12T23:32:02+00:00","dateModified":"2024-04-13T00:27:42+00:00","breadcrumb":{"@id":"https:\/\/blogdoere.com.br\/?p=28713#breadcrumb"},"inLanguage":"pt-PT","potentialAction":[{"@type":"ReadAction","target":["https:\/\/blogdoere.com.br\/?p=28713"]}]},{"@type":"BreadcrumbList","@id":"https:\/\/blogdoere.com.br\/?p=28713#breadcrumb","itemListElement":[{"@type":"ListItem","position":1,"name":"In\u00edcio","item":"https:\/\/blogdoere.com.br\/"},{"@type":"ListItem","position":2,"name":"ILH\u00c9US: BEBETO CONFIRMA PR\u00c9-CANDIDATURA E CR\u00cdTICA POSTURA DE MAR\u00c3O."}]},{"@type":"WebSite","@id":"https:\/\/blogdoere.com.br\/#website","url":"https:\/\/blogdoere.com.br\/","name":"blog do er\u00ea","description":"","publisher":{"@id":"https:\/\/blogdoere.com.br\/#organization"},"potentialAction":[{"@type":"SearchAction","target":{"@type":"EntryPoint","urlTemplate":"https:\/\/blogdoere.com.br\/?s={search_term_string}"},"query-input":"required name=search_term_string"}],"inLanguage":"pt-PT"},{"@type":"Organization","@id":"https:\/\/blogdoere.com.br\/#organization","name":"Blog do Er\u00ea","url":"https:\/\/blogdoere.com.br\/","logo":{"@type":"ImageObject","inLanguage":"pt-PT","@id":"https:\/\/blogdoere.com.br\/#\/schema\/logo\/image\/","url":"https:\/\/blogdoere.com.br\/wp-content\/uploads\/2021\/11\/Logo-Ere-1.png","contentUrl":"https:\/\/blogdoere.com.br\/wp-content\/uploads\/2021\/11\/Logo-Ere-1.png","width":1261,"height":1330,"caption":"Blog do Er\u00ea"},"image":{"@id":"https:\/\/blogdoere.com.br\/#\/schema\/logo\/image\/"}},{"@type":"Person","@id":"https:\/\/blogdoere.com.br\/#\/schema\/person\/c4f6d566a44c7bacdda563667715d18b","name":"blogdoere@hotmail.com","image":{"@type":"ImageObject","inLanguage":"pt-PT","@id":"https:\/\/blogdoere.com.br\/#\/schema\/person\/image\/","url":"https:\/\/secure.gravatar.com\/avatar\/5684bd39df1289cb639b4ab539d6fcad69420e4a29521548fc078c58ed122fe6?s=96&d=mm&r=g","contentUrl":"https:\/\/secure.gravatar.com\/avatar\/5684bd39df1289cb639b4ab539d6fcad69420e4a29521548fc078c58ed122fe6?s=96&d=mm&r=g","caption":"blogdoere@hotmail.com"},"sameAs":["http:\/\/blogdoere.com.br"]}]}},"featured_image_urls":{"full":["https:\/\/blogdoere.com.br\/wp-content\/uploads\/2024\/04\/FOTO_20240412_195816.jpg",782,774,false],"thumbnail":["https:\/\/blogdoere.com.br\/wp-content\/uploads\/2024\/04\/FOTO_20240412_195816-150x150.jpg",150,150,true],"medium":["https:\/\/blogdoere.com.br\/wp-content\/uploads\/2024\/04\/FOTO_20240412_195816-300x297.jpg",300,297,true],"medium_large":["https:\/\/blogdoere.com.br\/wp-content\/uploads\/2024\/04\/FOTO_20240412_195816-768x760.jpg",768,760,true],"large":["https:\/\/blogdoere.com.br\/wp-content\/uploads\/2024\/04\/FOTO_20240412_195816.jpg",782,774,false],"1536x1536":["https:\/\/blogdoere.com.br\/wp-content\/uploads\/2024\/04\/FOTO_20240412_195816.jpg",782,774,false],"2048x2048":["https:\/\/blogdoere.com.br\/wp-content\/uploads\/2024\/04\/FOTO_20240412_195816.jpg",782,774,false]},"author_info":{"display_name":"blogdoere@hotmail.com","author_link":"https:\/\/blogdoere.com.br\/?author=1"},"category_info":"<a href=\"https:\/\/blogdoere.com.br\/?cat=32\" rel=\"category\">Pol\u00edtica<\/a>","tag_info":"Pol\u00edtica","comment_count":"0","_links":{"self":[{"href":"https:\/\/blogdoere.com.br\/index.php?rest_route=\/wp\/v2\/posts\/28713","targetHints":{"allow":["GET"]}}],"collection":[{"href":"https:\/\/blogdoere.com.br\/index.php?rest_route=\/wp\/v2\/posts"}],"about":[{"href":"https:\/\/blogdoere.com.br\/index.php?rest_route=\/wp\/v2\/types\/post"}],"author":[{"embeddable":true,"href":"https:\/\/blogdoere.com.br\/index.php?rest_route=\/wp\/v2\/users\/1"}],"replies":[{"embeddable":true,"href":"https:\/\/blogdoere.com.br\/index.php?rest_route=%2Fwp%2Fv2%2Fcomments&post=28713"}],"version-history":[{"count":3,"href":"https:\/\/blogdoere.com.br\/index.php?rest_route=\/wp\/v2\/posts\/28713\/revisions"}],"predecessor-version":[{"id":28717,"href":"https:\/\/blogdoere.com.br\/index.php?rest_route=\/wp\/v2\/posts\/28713\/revisions\/28717"}],"wp:featuredmedia":[{"embeddable":true,"href":"https:\/\/blogdoere.com.br\/index.php?rest_route=\/wp\/v2\/media\/28714"}],"wp:attachment":[{"href":"https:\/\/blogdoere.com.br\/index.php?rest_route=%2Fwp%2Fv2%2Fmedia&parent=28713"}],"wp:term":[{"taxonomy":"category","embeddable":true,"href":"https:\/\/blogdoere.com.br\/index.php?rest_route=%2Fwp%2Fv2%2Fcategories&post=28713"},{"taxonomy":"post_tag","embeddable":true,"href":"https:\/\/blogdoere.com.br\/index.php?rest_route=%2Fwp%2Fv2%2Ftags&post=28713"}],"curies":[{"name":"wp","href":"https:\/\/api.w.org\/{rel}","templated":true}]}}