{"id":28773,"date":"2024-11-17T15:37:25","date_gmt":"2024-11-17T15:37:25","guid":{"rendered":"https:\/\/blogdoere.com.br\/?p=28773"},"modified":"2024-11-17T16:02:57","modified_gmt":"2024-11-17T16:02:57","slug":"itabunaministerio-das-comunicacoes-abre-edital-para-radio-comunitaria","status":"publish","type":"post","link":"https:\/\/blogdoere.com.br\/?p=28773","title":{"rendered":"ITABUNA:MINIST\u00c9RIO DAS COMUNICA\u00c7\u00d5ES LAN\u00c7A  EDITAL PARA R\u00c1DIO COMUNIT\u00c1RIA."},"content":{"rendered":"<div class=\"wp-block-image\">\n<figure class=\"aligncenter size-full\"><img decoding=\"async\" width=\"747\" height=\"498\" src=\"https:\/\/blogdoere.com.br\/wp-content\/uploads\/2024\/11\/radios-foto-comunitarias.jpg.webp\" alt=\"\" class=\"wp-image-28774\" srcset=\"https:\/\/blogdoere.com.br\/wp-content\/uploads\/2024\/11\/radios-foto-comunitarias.jpg.webp 747w, https:\/\/blogdoere.com.br\/wp-content\/uploads\/2024\/11\/radios-foto-comunitarias.jpg-300x200.webp 300w\" sizes=\"(max-width: 747px) 100vw, 747px\" \/><\/figure>\n<\/div>\n\n\n<p class=\"has-text-align-left\">O Minist\u00e9rio das Comunica\u00e7\u00f5es lan\u00e7ou edital para sele\u00e7\u00e3o p\u00fablica de r\u00e1dio comunit\u00e1ria nos munic\u00edpios de Itabuna, Almadina, Barro Preto e Itap\u00e9. Podem se inscrever at\u00e9 o dia 13 de dezembro associa\u00e7\u00f5es e funda\u00e7\u00f5es sem fins lucrativos sediadas nas \u00e1reas das comunidades onde pretendem prestar o servi\u00e7o. Leia mais <a href=\"https:\/\/www.gov.br\/pt-br\/servicos\/participar-de-edital-para-executar-servicos-de-radcom\">https:\/\/www.gov.br\/pt-br\/servicos\/participar-de-edital-para-executar-servicos-de-radcom<\/a><\/p>\n\n\n\n<p><\/p>\n","protected":false},"excerpt":{"rendered":"<p>O Minist\u00e9rio das Comunica\u00e7\u00f5es lan\u00e7ou edital para sele\u00e7\u00e3o p\u00fablica de r\u00e1dio comunit\u00e1ria nos munic\u00edpios de Itabuna, Almadina, Barro Preto e Itap\u00e9. Podem se inscrever at\u00e9 o dia 13 de dezembro&#8230;<\/p>\n","protected":false},"author":1,"featured_media":28774,"comment_status":"open","ping_status":"open","sticky":false,"template":"","format":"standard","meta":{"_editorskit_title_hidden":false,"_editorskit_reading_time":0,"_editorskit_is_block_options_detached":false,"_editorskit_block_options_position":"{}","om_disable_all_campaigns":false,"_mi_skip_tracking":false,"_kad_post_transparent":"","_kad_post_title":"","_kad_post_layout":"","_kad_post_sidebar_id":"","_kad_post_content_style":"","_kad_post_vertical_padding":"","_kad_post_feature":"","_kad_post_feature_position":"","_kad_post_header":false,"_kad_post_footer":false,"footnotes":""},"categories":[39],"tags":[],"class_list":["post-28773","post","type-post","status-publish","format-standard","has-post-thumbnail","hentry","category-bahia"],"yoast_head":"<!-- This site is optimized with the Yoast SEO plugin v20.5 - https:\/\/yoast.com\/wordpress\/plugins\/seo\/ -->\n<title>ITABUNA:MINIST\u00c9RIO DAS COMUNICA\u00c7\u00d5ES LAN\u00c7A EDITAL PARA R\u00c1DIO COMUNIT\u00c1RIA. - blog do er\u00ea<\/title>\n<meta name=\"robots\" content=\"index, follow, max-snippet:-1, max-image-preview:large, max-video-preview:-1\" \/>\n<link rel=\"canonical\" href=\"https:\/\/blogdoere.com.br\/?p=28773\" \/>\n<meta property=\"og:locale\" content=\"pt_PT\" \/>\n<meta property=\"og:type\" content=\"article\" \/>\n<meta property=\"og:title\" content=\"ITABUNA:MINIST\u00c9RIO DAS COMUNICA\u00c7\u00d5ES LAN\u00c7A EDITAL PARA R\u00c1DIO COMUNIT\u00c1RIA. - blog do er\u00ea\" \/>\n<meta property=\"og:description\" content=\"O Minist\u00e9rio das Comunica\u00e7\u00f5es lan\u00e7ou edital para sele\u00e7\u00e3o p\u00fablica de r\u00e1dio comunit\u00e1ria nos munic\u00edpios de Itabuna, Almadina, Barro Preto e Itap\u00e9. Podem se inscrever at\u00e9 o dia 13 de dezembro...\" \/>\n<meta property=\"og:url\" content=\"https:\/\/blogdoere.com.br\/?p=28773\" \/>\n<meta property=\"og:site_name\" content=\"blog do er\u00ea\" \/>\n<meta property=\"article:published_time\" content=\"2024-11-17T15:37:25+00:00\" \/>\n<meta property=\"article:modified_time\" content=\"2024-11-17T16:02:57+00:00\" \/>\n<meta property=\"og:image\" content=\"https:\/\/blogdoere.com.br\/wp-content\/uploads\/2024\/11\/radios-foto-comunitarias.jpg.webp\" \/>\n\t<meta property=\"og:image:width\" content=\"747\" \/>\n\t<meta property=\"og:image:height\" content=\"498\" \/>\n\t<meta property=\"og:image:type\" content=\"image\/webp\" \/>\n<meta name=\"author\" content=\"blogdoere@hotmail.com\" \/>\n<meta name=\"twitter:card\" content=\"summary_large_image\" \/>\n<meta name=\"twitter:label1\" content=\"Escrito por\" \/>\n\t<meta name=\"twitter:data1\" content=\"blogdoere@hotmail.com\" \/>\n\t<meta name=\"twitter:label2\" content=\"Tempo estimado de leitura\" \/>\n\t<meta name=\"twitter:data2\" content=\"1 minuto\" \/>\n<script type=\"application\/ld+json\" class=\"yoast-schema-graph\">{\"@context\":\"https:\/\/schema.org\",\"@graph\":[{\"@type\":\"Article\",\"@id\":\"https:\/\/blogdoere.com.br\/?p=28773#article\",\"isPartOf\":{\"@id\":\"https:\/\/blogdoere.com.br\/?p=28773\"},\"author\":{\"name\":\"blogdoere@hotmail.com\",\"@id\":\"https:\/\/blogdoere.com.br\/#\/schema\/person\/c4f6d566a44c7bacdda563667715d18b\"},\"headline\":\"ITABUNA:MINIST\u00c9RIO DAS COMUNICA\u00c7\u00d5ES LAN\u00c7A EDITAL PARA R\u00c1DIO COMUNIT\u00c1RIA.\",\"datePublished\":\"2024-11-17T15:37:25+00:00\",\"dateModified\":\"2024-11-17T16:02:57+00:00\",\"mainEntityOfPage\":{\"@id\":\"https:\/\/blogdoere.com.br\/?p=28773\"},\"wordCount\":79,\"commentCount\":0,\"publisher\":{\"@id\":\"https:\/\/blogdoere.com.br\/#organization\"},\"articleSection\":[\"Bahia\"],\"inLanguage\":\"pt-PT\",\"potentialAction\":[{\"@type\":\"CommentAction\",\"name\":\"Comment\",\"target\":[\"https:\/\/blogdoere.com.br\/?p=28773#respond\"]}]},{\"@type\":\"WebPage\",\"@id\":\"https:\/\/blogdoere.com.br\/?p=28773\",\"url\":\"https:\/\/blogdoere.com.br\/?p=28773\",\"name\":\"ITABUNA:MINIST\u00c9RIO DAS COMUNICA\u00c7\u00d5ES LAN\u00c7A EDITAL PARA R\u00c1DIO COMUNIT\u00c1RIA. - blog do er\u00ea\",\"isPartOf\":{\"@id\":\"https:\/\/blogdoere.com.br\/#website\"},\"datePublished\":\"2024-11-17T15:37:25+00:00\",\"dateModified\":\"2024-11-17T16:02:57+00:00\",\"breadcrumb\":{\"@id\":\"https:\/\/blogdoere.com.br\/?p=28773#breadcrumb\"},\"inLanguage\":\"pt-PT\",\"potentialAction\":[{\"@type\":\"ReadAction\",\"target\":[\"https:\/\/blogdoere.com.br\/?p=28773\"]}]},{\"@type\":\"BreadcrumbList\",\"@id\":\"https:\/\/blogdoere.com.br\/?p=28773#breadcrumb\",\"itemListElement\":[{\"@type\":\"ListItem\",\"position\":1,\"name\":\"In\u00edcio\",\"item\":\"https:\/\/blogdoere.com.br\/\"},{\"@type\":\"ListItem\",\"position\":2,\"name\":\"ITABUNA:MINIST\u00c9RIO DAS COMUNICA\u00c7\u00d5ES LAN\u00c7A EDITAL PARA R\u00c1DIO COMUNIT\u00c1RIA.\"}]},{\"@type\":\"WebSite\",\"@id\":\"https:\/\/blogdoere.com.br\/#website\",\"url\":\"https:\/\/blogdoere.com.br\/\",\"name\":\"blog do er\u00ea\",\"description\":\"\",\"publisher\":{\"@id\":\"https:\/\/blogdoere.com.br\/#organization\"},\"potentialAction\":[{\"@type\":\"SearchAction\",\"target\":{\"@type\":\"EntryPoint\",\"urlTemplate\":\"https:\/\/blogdoere.com.br\/?s={search_term_string}\"},\"query-input\":\"required name=search_term_string\"}],\"inLanguage\":\"pt-PT\"},{\"@type\":\"Organization\",\"@id\":\"https:\/\/blogdoere.com.br\/#organization\",\"name\":\"Blog do Er\u00ea\",\"url\":\"https:\/\/blogdoere.com.br\/\",\"logo\":{\"@type\":\"ImageObject\",\"inLanguage\":\"pt-PT\",\"@id\":\"https:\/\/blogdoere.com.br\/#\/schema\/logo\/image\/\",\"url\":\"https:\/\/blogdoere.com.br\/wp-content\/uploads\/2021\/11\/Logo-Ere-1.png\",\"contentUrl\":\"https:\/\/blogdoere.com.br\/wp-content\/uploads\/2021\/11\/Logo-Ere-1.png\",\"width\":1261,\"height\":1330,\"caption\":\"Blog do Er\u00ea\"},\"image\":{\"@id\":\"https:\/\/blogdoere.com.br\/#\/schema\/logo\/image\/\"}},{\"@type\":\"Person\",\"@id\":\"https:\/\/blogdoere.com.br\/#\/schema\/person\/c4f6d566a44c7bacdda563667715d18b\",\"name\":\"blogdoere@hotmail.com\",\"image\":{\"@type\":\"ImageObject\",\"inLanguage\":\"pt-PT\",\"@id\":\"https:\/\/blogdoere.com.br\/#\/schema\/person\/image\/\",\"url\":\"https:\/\/secure.gravatar.com\/avatar\/5684bd39df1289cb639b4ab539d6fcad69420e4a29521548fc078c58ed122fe6?s=96&d=mm&r=g\",\"contentUrl\":\"https:\/\/secure.gravatar.com\/avatar\/5684bd39df1289cb639b4ab539d6fcad69420e4a29521548fc078c58ed122fe6?s=96&d=mm&r=g\",\"caption\":\"blogdoere@hotmail.com\"},\"sameAs\":[\"http:\/\/blogdoere.com.br\"]}]}<\/script>\n<!-- \/ Yoast SEO plugin. -->","yoast_head_json":{"title":"ITABUNA:MINIST\u00c9RIO DAS COMUNICA\u00c7\u00d5ES LAN\u00c7A EDITAL PARA R\u00c1DIO COMUNIT\u00c1RIA. - blog do er\u00ea","robots":{"index":"index","follow":"follow","max-snippet":"max-snippet:-1","max-image-preview":"max-image-preview:large","max-video-preview":"max-video-preview:-1"},"canonical":"https:\/\/blogdoere.com.br\/?p=28773","og_locale":"pt_PT","og_type":"article","og_title":"ITABUNA:MINIST\u00c9RIO DAS COMUNICA\u00c7\u00d5ES LAN\u00c7A EDITAL PARA R\u00c1DIO COMUNIT\u00c1RIA. - blog do er\u00ea","og_description":"O Minist\u00e9rio das Comunica\u00e7\u00f5es lan\u00e7ou edital para sele\u00e7\u00e3o p\u00fablica de r\u00e1dio comunit\u00e1ria nos munic\u00edpios de Itabuna, Almadina, Barro Preto e Itap\u00e9. Podem se inscrever at\u00e9 o dia 13 de dezembro...","og_url":"https:\/\/blogdoere.com.br\/?p=28773","og_site_name":"blog do er\u00ea","article_published_time":"2024-11-17T15:37:25+00:00","article_modified_time":"2024-11-17T16:02:57+00:00","og_image":[{"width":747,"height":498,"url":"https:\/\/blogdoere.com.br\/wp-content\/uploads\/2024\/11\/radios-foto-comunitarias.jpg.webp","type":"image\/webp"}],"author":"blogdoere@hotmail.com","twitter_card":"summary_large_image","twitter_misc":{"Escrito por":"blogdoere@hotmail.com","Tempo estimado de leitura":"1 minuto"},"schema":{"@context":"https:\/\/schema.org","@graph":[{"@type":"Article","@id":"https:\/\/blogdoere.com.br\/?p=28773#article","isPartOf":{"@id":"https:\/\/blogdoere.com.br\/?p=28773"},"author":{"name":"blogdoere@hotmail.com","@id":"https:\/\/blogdoere.com.br\/#\/schema\/person\/c4f6d566a44c7bacdda563667715d18b"},"headline":"ITABUNA:MINIST\u00c9RIO DAS COMUNICA\u00c7\u00d5ES LAN\u00c7A EDITAL PARA R\u00c1DIO COMUNIT\u00c1RIA.","datePublished":"2024-11-17T15:37:25+00:00","dateModified":"2024-11-17T16:02:57+00:00","mainEntityOfPage":{"@id":"https:\/\/blogdoere.com.br\/?p=28773"},"wordCount":79,"commentCount":0,"publisher":{"@id":"https:\/\/blogdoere.com.br\/#organization"},"articleSection":["Bahia"],"inLanguage":"pt-PT","potentialAction":[{"@type":"CommentAction","name":"Comment","target":["https:\/\/blogdoere.com.br\/?p=28773#respond"]}]},{"@type":"WebPage","@id":"https:\/\/blogdoere.com.br\/?p=28773","url":"https:\/\/blogdoere.com.br\/?p=28773","name":"ITABUNA:MINIST\u00c9RIO DAS COMUNICA\u00c7\u00d5ES LAN\u00c7A EDITAL PARA R\u00c1DIO COMUNIT\u00c1RIA. - blog do er\u00ea","isPartOf":{"@id":"https:\/\/blogdoere.com.br\/#website"},"datePublished":"2024-11-17T15:37:25+00:00","dateModified":"2024-11-17T16:02:57+00:00","breadcrumb":{"@id":"https:\/\/blogdoere.com.br\/?p=28773#breadcrumb"},"inLanguage":"pt-PT","potentialAction":[{"@type":"ReadAction","target":["https:\/\/blogdoere.com.br\/?p=28773"]}]},{"@type":"BreadcrumbList","@id":"https:\/\/blogdoere.com.br\/?p=28773#breadcrumb","itemListElement":[{"@type":"ListItem","position":1,"name":"In\u00edcio","item":"https:\/\/blogdoere.com.br\/"},{"@type":"ListItem","position":2,"name":"ITABUNA:MINIST\u00c9RIO DAS COMUNICA\u00c7\u00d5ES LAN\u00c7A EDITAL PARA R\u00c1DIO COMUNIT\u00c1RIA."}]},{"@type":"WebSite","@id":"https:\/\/blogdoere.com.br\/#website","url":"https:\/\/blogdoere.com.br\/","name":"blog do er\u00ea","description":"","publisher":{"@id":"https:\/\/blogdoere.com.br\/#organization"},"potentialAction":[{"@type":"SearchAction","target":{"@type":"EntryPoint","urlTemplate":"https:\/\/blogdoere.com.br\/?s={search_term_string}"},"query-input":"required name=search_term_string"}],"inLanguage":"pt-PT"},{"@type":"Organization","@id":"https:\/\/blogdoere.com.br\/#organization","name":"Blog do Er\u00ea","url":"https:\/\/blogdoere.com.br\/","logo":{"@type":"ImageObject","inLanguage":"pt-PT","@id":"https:\/\/blogdoere.com.br\/#\/schema\/logo\/image\/","url":"https:\/\/blogdoere.com.br\/wp-content\/uploads\/2021\/11\/Logo-Ere-1.png","contentUrl":"https:\/\/blogdoere.com.br\/wp-content\/uploads\/2021\/11\/Logo-Ere-1.png","width":1261,"height":1330,"caption":"Blog do Er\u00ea"},"image":{"@id":"https:\/\/blogdoere.com.br\/#\/schema\/logo\/image\/"}},{"@type":"Person","@id":"https:\/\/blogdoere.com.br\/#\/schema\/person\/c4f6d566a44c7bacdda563667715d18b","name":"blogdoere@hotmail.com","image":{"@type":"ImageObject","inLanguage":"pt-PT","@id":"https:\/\/blogdoere.com.br\/#\/schema\/person\/image\/","url":"https:\/\/secure.gravatar.com\/avatar\/5684bd39df1289cb639b4ab539d6fcad69420e4a29521548fc078c58ed122fe6?s=96&d=mm&r=g","contentUrl":"https:\/\/secure.gravatar.com\/avatar\/5684bd39df1289cb639b4ab539d6fcad69420e4a29521548fc078c58ed122fe6?s=96&d=mm&r=g","caption":"blogdoere@hotmail.com"},"sameAs":["http:\/\/blogdoere.com.br"]}]}},"featured_image_urls":{"full":["https:\/\/blogdoere.com.br\/wp-content\/uploads\/2024\/11\/radios-foto-comunitarias.jpg.webp",747,498,false],"thumbnail":["https:\/\/blogdoere.com.br\/wp-content\/uploads\/2024\/11\/radios-foto-comunitarias.jpg-150x150.webp",150,150,true],"medium":["https:\/\/blogdoere.com.br\/wp-content\/uploads\/2024\/11\/radios-foto-comunitarias.jpg-300x200.webp",300,200,true],"medium_large":["https:\/\/blogdoere.com.br\/wp-content\/uploads\/2024\/11\/radios-foto-comunitarias.jpg.webp",747,498,false],"large":["https:\/\/blogdoere.com.br\/wp-content\/uploads\/2024\/11\/radios-foto-comunitarias.jpg.webp",747,498,false],"1536x1536":["https:\/\/blogdoere.com.br\/wp-content\/uploads\/2024\/11\/radios-foto-comunitarias.jpg.webp",747,498,false],"2048x2048":["https:\/\/blogdoere.com.br\/wp-content\/uploads\/2024\/11\/radios-foto-comunitarias.jpg.webp",747,498,false]},"author_info":{"display_name":"blogdoere@hotmail.com","author_link":"https:\/\/blogdoere.com.br\/?author=1"},"category_info":"<a href=\"https:\/\/blogdoere.com.br\/?cat=39\" rel=\"category\">Bahia<\/a>","tag_info":"Bahia","comment_count":"0","_links":{"self":[{"href":"https:\/\/blogdoere.com.br\/index.php?rest_route=\/wp\/v2\/posts\/28773","targetHints":{"allow":["GET"]}}],"collection":[{"href":"https:\/\/blogdoere.com.br\/index.php?rest_route=\/wp\/v2\/posts"}],"about":[{"href":"https:\/\/blogdoere.com.br\/index.php?rest_route=\/wp\/v2\/types\/post"}],"author":[{"embeddable":true,"href":"https:\/\/blogdoere.com.br\/index.php?rest_route=\/wp\/v2\/users\/1"}],"replies":[{"embeddable":true,"href":"https:\/\/blogdoere.com.br\/index.php?rest_route=%2Fwp%2Fv2%2Fcomments&post=28773"}],"version-history":[{"count":2,"href":"https:\/\/blogdoere.com.br\/index.php?rest_route=\/wp\/v2\/posts\/28773\/revisions"}],"predecessor-version":[{"id":28777,"href":"https:\/\/blogdoere.com.br\/index.php?rest_route=\/wp\/v2\/posts\/28773\/revisions\/28777"}],"wp:featuredmedia":[{"embeddable":true,"href":"https:\/\/blogdoere.com.br\/index.php?rest_route=\/wp\/v2\/media\/28774"}],"wp:attachment":[{"href":"https:\/\/blogdoere.com.br\/index.php?rest_route=%2Fwp%2Fv2%2Fmedia&parent=28773"}],"wp:term":[{"taxonomy":"category","embeddable":true,"href":"https:\/\/blogdoere.com.br\/index.php?rest_route=%2Fwp%2Fv2%2Fcategories&post=28773"},{"taxonomy":"post_tag","embeddable":true,"href":"https:\/\/blogdoere.com.br\/index.php?rest_route=%2Fwp%2Fv2%2Ftags&post=28773"}],"curies":[{"name":"wp","href":"https:\/\/api.w.org\/{rel}","templated":true}]}}