{"id":28802,"date":"2024-12-03T23:36:25","date_gmt":"2024-12-03T23:36:25","guid":{"rendered":"https:\/\/blogdoere.com.br\/?p=28802"},"modified":"2024-12-04T07:54:54","modified_gmt":"2024-12-04T07:54:54","slug":"itajuipe-prefeito-vice-prefeita-e-vereadores-serao-diplomados-dia-9","status":"publish","type":"post","link":"https:\/\/blogdoere.com.br\/?p=28802","title":{"rendered":"ITAJU\u00cdPE: PREFEITO, VICE-PREFEITA  E VEREADORES SER\u00c3O DIPLOMADOS DIA 9"},"content":{"rendered":"<div class=\"wp-block-image\">\n<figure class=\"aligncenter size-full\"><img decoding=\"async\" width=\"737\" height=\"628\" src=\"https:\/\/blogdoere.com.br\/wp-content\/uploads\/2024\/12\/WhatsApp-Image-2024-12-03-at-20.27.31.jpeg\" alt=\"\" class=\"wp-image-28803\" srcset=\"https:\/\/blogdoere.com.br\/wp-content\/uploads\/2024\/12\/WhatsApp-Image-2024-12-03-at-20.27.31.jpeg 737w, https:\/\/blogdoere.com.br\/wp-content\/uploads\/2024\/12\/WhatsApp-Image-2024-12-03-at-20.27.31-300x256.jpeg 300w\" sizes=\"(max-width: 737px) 100vw, 737px\" \/><\/figure>\n<\/div>\n\n\n<p>No dia 09 de dezembro,segunda-feira, \u00e0s 9h, ser\u00e1 realizada no F\u00f3rum Desembargador Orlando Pereira dos Santos a cerim\u00f4nia de diploma\u00e7\u00e3o dos eleitos e eleitas por Itaju\u00edpe nas elei\u00e7\u00f5es municipais de 2024, que aconteceram no dia 06 de outubro.<\/p>\n\n\n\n<p>A diploma\u00e7\u00e3o \u00e9 organizada pela Justi\u00e7a Eleitoral \u00e9 um evento que formaliza a escolha dos eleitos e eleitas  nas urnas, marcando o encerramento do processo eleitoral.<\/p>\n\n\n\n<p>Desta forma, a diploma\u00e7\u00e3o vai terminar o ciclo da elei\u00e7\u00e3o, \u00e9 quando o Tribunal Regional Eleitoral (TRE), vai entregar os diplomas para aqueles que foram eleitos. Ap\u00f3s cada eleito receber o seu diploma, eles estar\u00e3o aptos a apresentar a documenta\u00e7\u00e3o na C\u00e2mara para que a Casa Legislativa elabore os termos de posse para que, no dia primeiro de janeiro, todos efetivamente sejam empossados.<\/p>\n\n\n\n<p>Confira abaixo a rela\u00e7\u00e3o dos eleitos que ser\u00e3o diplomados.<\/p>\n\n\n\n<p>Prefeito: L\u00e9o da Capoeira (Avante)<br>Vice-prefeita: Clara Adry (Podemos)<\/p>\n\n\n\n<p>Vereadores:<\/p>\n\n\n\n<p>Mateus Mala (Avante)<br>Raul Estrela (Podemos)<br>J\u00f3 de Marab\u00e1 (Podemos)<br>C\u00e9lia de Van Baster (MDB)<br>Roninho de Vete (Avante)<br>Adriano Ben\u00e7\u00e3o (PSB)<br>Ivan Junior (PSB)<br>Lusiane da Sa\u00fade (PSD)<br>Camila Loja Variedade Rural (PSB)<br>P\u00e1dua Galo (Avante)<br>Tenente Portela(MDB)<\/p>\n","protected":false},"excerpt":{"rendered":"<p>No dia 09 de dezembro,segunda-feira, \u00e0s 9h, ser\u00e1 realizada no F\u00f3rum Desembargador Orlando Pereira dos Santos a cerim\u00f4nia de diploma\u00e7\u00e3o dos eleitos e eleitas por Itaju\u00edpe nas elei\u00e7\u00f5es municipais de&#8230;<\/p>\n","protected":false},"author":1,"featured_media":28803,"comment_status":"open","ping_status":"open","sticky":false,"template":"","format":"standard","meta":{"_editorskit_title_hidden":false,"_editorskit_reading_time":0,"_editorskit_is_block_options_detached":false,"_editorskit_block_options_position":"{}","om_disable_all_campaigns":false,"_mi_skip_tracking":false,"_kad_post_transparent":"","_kad_post_title":"","_kad_post_layout":"","_kad_post_sidebar_id":"","_kad_post_content_style":"","_kad_post_vertical_padding":"","_kad_post_feature":"","_kad_post_feature_position":"","_kad_post_header":false,"_kad_post_footer":false,"footnotes":""},"categories":[32],"tags":[],"class_list":["post-28802","post","type-post","status-publish","format-standard","has-post-thumbnail","hentry","category-politica"],"yoast_head":"<!-- This site is optimized with the Yoast SEO plugin v20.5 - https:\/\/yoast.com\/wordpress\/plugins\/seo\/ -->\n<title>ITAJU\u00cdPE: PREFEITO, VICE-PREFEITA E VEREADORES SER\u00c3O DIPLOMADOS DIA 9 - blog do er\u00ea<\/title>\n<meta name=\"robots\" content=\"index, follow, max-snippet:-1, max-image-preview:large, max-video-preview:-1\" \/>\n<link rel=\"canonical\" href=\"https:\/\/blogdoere.com.br\/?p=28802\" \/>\n<meta property=\"og:locale\" content=\"pt_PT\" \/>\n<meta property=\"og:type\" content=\"article\" \/>\n<meta property=\"og:title\" content=\"ITAJU\u00cdPE: PREFEITO, VICE-PREFEITA E VEREADORES SER\u00c3O DIPLOMADOS DIA 9 - blog do er\u00ea\" \/>\n<meta property=\"og:description\" content=\"No dia 09 de dezembro,segunda-feira, \u00e0s 9h, ser\u00e1 realizada no F\u00f3rum Desembargador Orlando Pereira dos Santos a cerim\u00f4nia de diploma\u00e7\u00e3o dos eleitos e eleitas por Itaju\u00edpe nas elei\u00e7\u00f5es municipais de...\" \/>\n<meta property=\"og:url\" content=\"https:\/\/blogdoere.com.br\/?p=28802\" \/>\n<meta property=\"og:site_name\" content=\"blog do er\u00ea\" \/>\n<meta property=\"article:published_time\" content=\"2024-12-03T23:36:25+00:00\" \/>\n<meta property=\"article:modified_time\" content=\"2024-12-04T07:54:54+00:00\" \/>\n<meta property=\"og:image\" content=\"https:\/\/blogdoere.com.br\/wp-content\/uploads\/2024\/12\/WhatsApp-Image-2024-12-03-at-20.27.31.jpeg\" \/>\n\t<meta property=\"og:image:width\" content=\"737\" \/>\n\t<meta property=\"og:image:height\" content=\"628\" \/>\n\t<meta property=\"og:image:type\" content=\"image\/jpeg\" \/>\n<meta name=\"author\" content=\"blogdoere@hotmail.com\" \/>\n<meta name=\"twitter:card\" content=\"summary_large_image\" \/>\n<meta name=\"twitter:label1\" content=\"Escrito por\" \/>\n\t<meta name=\"twitter:data1\" content=\"blogdoere@hotmail.com\" \/>\n\t<meta name=\"twitter:label2\" content=\"Tempo estimado de leitura\" \/>\n\t<meta name=\"twitter:data2\" content=\"2 minutos\" \/>\n<script type=\"application\/ld+json\" class=\"yoast-schema-graph\">{\"@context\":\"https:\/\/schema.org\",\"@graph\":[{\"@type\":\"Article\",\"@id\":\"https:\/\/blogdoere.com.br\/?p=28802#article\",\"isPartOf\":{\"@id\":\"https:\/\/blogdoere.com.br\/?p=28802\"},\"author\":{\"name\":\"blogdoere@hotmail.com\",\"@id\":\"https:\/\/blogdoere.com.br\/#\/schema\/person\/c4f6d566a44c7bacdda563667715d18b\"},\"headline\":\"ITAJU\u00cdPE: PREFEITO, VICE-PREFEITA E VEREADORES SER\u00c3O DIPLOMADOS DIA 9\",\"datePublished\":\"2024-12-03T23:36:25+00:00\",\"dateModified\":\"2024-12-04T07:54:54+00:00\",\"mainEntityOfPage\":{\"@id\":\"https:\/\/blogdoere.com.br\/?p=28802\"},\"wordCount\":211,\"commentCount\":0,\"publisher\":{\"@id\":\"https:\/\/blogdoere.com.br\/#organization\"},\"articleSection\":[\"Pol\u00edtica\"],\"inLanguage\":\"pt-PT\",\"potentialAction\":[{\"@type\":\"CommentAction\",\"name\":\"Comment\",\"target\":[\"https:\/\/blogdoere.com.br\/?p=28802#respond\"]}]},{\"@type\":\"WebPage\",\"@id\":\"https:\/\/blogdoere.com.br\/?p=28802\",\"url\":\"https:\/\/blogdoere.com.br\/?p=28802\",\"name\":\"ITAJU\u00cdPE: PREFEITO, VICE-PREFEITA E VEREADORES SER\u00c3O DIPLOMADOS DIA 9 - blog do er\u00ea\",\"isPartOf\":{\"@id\":\"https:\/\/blogdoere.com.br\/#website\"},\"datePublished\":\"2024-12-03T23:36:25+00:00\",\"dateModified\":\"2024-12-04T07:54:54+00:00\",\"breadcrumb\":{\"@id\":\"https:\/\/blogdoere.com.br\/?p=28802#breadcrumb\"},\"inLanguage\":\"pt-PT\",\"potentialAction\":[{\"@type\":\"ReadAction\",\"target\":[\"https:\/\/blogdoere.com.br\/?p=28802\"]}]},{\"@type\":\"BreadcrumbList\",\"@id\":\"https:\/\/blogdoere.com.br\/?p=28802#breadcrumb\",\"itemListElement\":[{\"@type\":\"ListItem\",\"position\":1,\"name\":\"In\u00edcio\",\"item\":\"https:\/\/blogdoere.com.br\/\"},{\"@type\":\"ListItem\",\"position\":2,\"name\":\"ITAJU\u00cdPE: PREFEITO, VICE-PREFEITA E VEREADORES SER\u00c3O DIPLOMADOS DIA 9\"}]},{\"@type\":\"WebSite\",\"@id\":\"https:\/\/blogdoere.com.br\/#website\",\"url\":\"https:\/\/blogdoere.com.br\/\",\"name\":\"blog do er\u00ea\",\"description\":\"\",\"publisher\":{\"@id\":\"https:\/\/blogdoere.com.br\/#organization\"},\"potentialAction\":[{\"@type\":\"SearchAction\",\"target\":{\"@type\":\"EntryPoint\",\"urlTemplate\":\"https:\/\/blogdoere.com.br\/?s={search_term_string}\"},\"query-input\":\"required name=search_term_string\"}],\"inLanguage\":\"pt-PT\"},{\"@type\":\"Organization\",\"@id\":\"https:\/\/blogdoere.com.br\/#organization\",\"name\":\"Blog do Er\u00ea\",\"url\":\"https:\/\/blogdoere.com.br\/\",\"logo\":{\"@type\":\"ImageObject\",\"inLanguage\":\"pt-PT\",\"@id\":\"https:\/\/blogdoere.com.br\/#\/schema\/logo\/image\/\",\"url\":\"https:\/\/blogdoere.com.br\/wp-content\/uploads\/2021\/11\/Logo-Ere-1.png\",\"contentUrl\":\"https:\/\/blogdoere.com.br\/wp-content\/uploads\/2021\/11\/Logo-Ere-1.png\",\"width\":1261,\"height\":1330,\"caption\":\"Blog do Er\u00ea\"},\"image\":{\"@id\":\"https:\/\/blogdoere.com.br\/#\/schema\/logo\/image\/\"}},{\"@type\":\"Person\",\"@id\":\"https:\/\/blogdoere.com.br\/#\/schema\/person\/c4f6d566a44c7bacdda563667715d18b\",\"name\":\"blogdoere@hotmail.com\",\"image\":{\"@type\":\"ImageObject\",\"inLanguage\":\"pt-PT\",\"@id\":\"https:\/\/blogdoere.com.br\/#\/schema\/person\/image\/\",\"url\":\"https:\/\/secure.gravatar.com\/avatar\/5684bd39df1289cb639b4ab539d6fcad69420e4a29521548fc078c58ed122fe6?s=96&d=mm&r=g\",\"contentUrl\":\"https:\/\/secure.gravatar.com\/avatar\/5684bd39df1289cb639b4ab539d6fcad69420e4a29521548fc078c58ed122fe6?s=96&d=mm&r=g\",\"caption\":\"blogdoere@hotmail.com\"},\"sameAs\":[\"http:\/\/blogdoere.com.br\"]}]}<\/script>\n<!-- \/ Yoast SEO plugin. -->","yoast_head_json":{"title":"ITAJU\u00cdPE: PREFEITO, VICE-PREFEITA E VEREADORES SER\u00c3O DIPLOMADOS DIA 9 - blog do er\u00ea","robots":{"index":"index","follow":"follow","max-snippet":"max-snippet:-1","max-image-preview":"max-image-preview:large","max-video-preview":"max-video-preview:-1"},"canonical":"https:\/\/blogdoere.com.br\/?p=28802","og_locale":"pt_PT","og_type":"article","og_title":"ITAJU\u00cdPE: PREFEITO, VICE-PREFEITA E VEREADORES SER\u00c3O DIPLOMADOS DIA 9 - blog do er\u00ea","og_description":"No dia 09 de dezembro,segunda-feira, \u00e0s 9h, ser\u00e1 realizada no F\u00f3rum Desembargador Orlando Pereira dos Santos a cerim\u00f4nia de diploma\u00e7\u00e3o dos eleitos e eleitas por Itaju\u00edpe nas elei\u00e7\u00f5es municipais de...","og_url":"https:\/\/blogdoere.com.br\/?p=28802","og_site_name":"blog do er\u00ea","article_published_time":"2024-12-03T23:36:25+00:00","article_modified_time":"2024-12-04T07:54:54+00:00","og_image":[{"width":737,"height":628,"url":"https:\/\/blogdoere.com.br\/wp-content\/uploads\/2024\/12\/WhatsApp-Image-2024-12-03-at-20.27.31.jpeg","type":"image\/jpeg"}],"author":"blogdoere@hotmail.com","twitter_card":"summary_large_image","twitter_misc":{"Escrito por":"blogdoere@hotmail.com","Tempo estimado de leitura":"2 minutos"},"schema":{"@context":"https:\/\/schema.org","@graph":[{"@type":"Article","@id":"https:\/\/blogdoere.com.br\/?p=28802#article","isPartOf":{"@id":"https:\/\/blogdoere.com.br\/?p=28802"},"author":{"name":"blogdoere@hotmail.com","@id":"https:\/\/blogdoere.com.br\/#\/schema\/person\/c4f6d566a44c7bacdda563667715d18b"},"headline":"ITAJU\u00cdPE: PREFEITO, VICE-PREFEITA E VEREADORES SER\u00c3O DIPLOMADOS DIA 9","datePublished":"2024-12-03T23:36:25+00:00","dateModified":"2024-12-04T07:54:54+00:00","mainEntityOfPage":{"@id":"https:\/\/blogdoere.com.br\/?p=28802"},"wordCount":211,"commentCount":0,"publisher":{"@id":"https:\/\/blogdoere.com.br\/#organization"},"articleSection":["Pol\u00edtica"],"inLanguage":"pt-PT","potentialAction":[{"@type":"CommentAction","name":"Comment","target":["https:\/\/blogdoere.com.br\/?p=28802#respond"]}]},{"@type":"WebPage","@id":"https:\/\/blogdoere.com.br\/?p=28802","url":"https:\/\/blogdoere.com.br\/?p=28802","name":"ITAJU\u00cdPE: PREFEITO, VICE-PREFEITA E VEREADORES SER\u00c3O DIPLOMADOS DIA 9 - blog do er\u00ea","isPartOf":{"@id":"https:\/\/blogdoere.com.br\/#website"},"datePublished":"2024-12-03T23:36:25+00:00","dateModified":"2024-12-04T07:54:54+00:00","breadcrumb":{"@id":"https:\/\/blogdoere.com.br\/?p=28802#breadcrumb"},"inLanguage":"pt-PT","potentialAction":[{"@type":"ReadAction","target":["https:\/\/blogdoere.com.br\/?p=28802"]}]},{"@type":"BreadcrumbList","@id":"https:\/\/blogdoere.com.br\/?p=28802#breadcrumb","itemListElement":[{"@type":"ListItem","position":1,"name":"In\u00edcio","item":"https:\/\/blogdoere.com.br\/"},{"@type":"ListItem","position":2,"name":"ITAJU\u00cdPE: PREFEITO, VICE-PREFEITA E VEREADORES SER\u00c3O DIPLOMADOS DIA 9"}]},{"@type":"WebSite","@id":"https:\/\/blogdoere.com.br\/#website","url":"https:\/\/blogdoere.com.br\/","name":"blog do er\u00ea","description":"","publisher":{"@id":"https:\/\/blogdoere.com.br\/#organization"},"potentialAction":[{"@type":"SearchAction","target":{"@type":"EntryPoint","urlTemplate":"https:\/\/blogdoere.com.br\/?s={search_term_string}"},"query-input":"required name=search_term_string"}],"inLanguage":"pt-PT"},{"@type":"Organization","@id":"https:\/\/blogdoere.com.br\/#organization","name":"Blog do Er\u00ea","url":"https:\/\/blogdoere.com.br\/","logo":{"@type":"ImageObject","inLanguage":"pt-PT","@id":"https:\/\/blogdoere.com.br\/#\/schema\/logo\/image\/","url":"https:\/\/blogdoere.com.br\/wp-content\/uploads\/2021\/11\/Logo-Ere-1.png","contentUrl":"https:\/\/blogdoere.com.br\/wp-content\/uploads\/2021\/11\/Logo-Ere-1.png","width":1261,"height":1330,"caption":"Blog do Er\u00ea"},"image":{"@id":"https:\/\/blogdoere.com.br\/#\/schema\/logo\/image\/"}},{"@type":"Person","@id":"https:\/\/blogdoere.com.br\/#\/schema\/person\/c4f6d566a44c7bacdda563667715d18b","name":"blogdoere@hotmail.com","image":{"@type":"ImageObject","inLanguage":"pt-PT","@id":"https:\/\/blogdoere.com.br\/#\/schema\/person\/image\/","url":"https:\/\/secure.gravatar.com\/avatar\/5684bd39df1289cb639b4ab539d6fcad69420e4a29521548fc078c58ed122fe6?s=96&d=mm&r=g","contentUrl":"https:\/\/secure.gravatar.com\/avatar\/5684bd39df1289cb639b4ab539d6fcad69420e4a29521548fc078c58ed122fe6?s=96&d=mm&r=g","caption":"blogdoere@hotmail.com"},"sameAs":["http:\/\/blogdoere.com.br"]}]}},"featured_image_urls":{"full":["https:\/\/blogdoere.com.br\/wp-content\/uploads\/2024\/12\/WhatsApp-Image-2024-12-03-at-20.27.31.jpeg",737,628,false],"thumbnail":["https:\/\/blogdoere.com.br\/wp-content\/uploads\/2024\/12\/WhatsApp-Image-2024-12-03-at-20.27.31-150x150.jpeg",150,150,true],"medium":["https:\/\/blogdoere.com.br\/wp-content\/uploads\/2024\/12\/WhatsApp-Image-2024-12-03-at-20.27.31-300x256.jpeg",300,256,true],"medium_large":["https:\/\/blogdoere.com.br\/wp-content\/uploads\/2024\/12\/WhatsApp-Image-2024-12-03-at-20.27.31.jpeg",737,628,false],"large":["https:\/\/blogdoere.com.br\/wp-content\/uploads\/2024\/12\/WhatsApp-Image-2024-12-03-at-20.27.31.jpeg",737,628,false],"1536x1536":["https:\/\/blogdoere.com.br\/wp-content\/uploads\/2024\/12\/WhatsApp-Image-2024-12-03-at-20.27.31.jpeg",737,628,false],"2048x2048":["https:\/\/blogdoere.com.br\/wp-content\/uploads\/2024\/12\/WhatsApp-Image-2024-12-03-at-20.27.31.jpeg",737,628,false]},"author_info":{"display_name":"blogdoere@hotmail.com","author_link":"https:\/\/blogdoere.com.br\/?author=1"},"category_info":"<a href=\"https:\/\/blogdoere.com.br\/?cat=32\" rel=\"category\">Pol\u00edtica<\/a>","tag_info":"Pol\u00edtica","comment_count":"0","_links":{"self":[{"href":"https:\/\/blogdoere.com.br\/index.php?rest_route=\/wp\/v2\/posts\/28802","targetHints":{"allow":["GET"]}}],"collection":[{"href":"https:\/\/blogdoere.com.br\/index.php?rest_route=\/wp\/v2\/posts"}],"about":[{"href":"https:\/\/blogdoere.com.br\/index.php?rest_route=\/wp\/v2\/types\/post"}],"author":[{"embeddable":true,"href":"https:\/\/blogdoere.com.br\/index.php?rest_route=\/wp\/v2\/users\/1"}],"replies":[{"embeddable":true,"href":"https:\/\/blogdoere.com.br\/index.php?rest_route=%2Fwp%2Fv2%2Fcomments&post=28802"}],"version-history":[{"count":4,"href":"https:\/\/blogdoere.com.br\/index.php?rest_route=\/wp\/v2\/posts\/28802\/revisions"}],"predecessor-version":[{"id":28810,"href":"https:\/\/blogdoere.com.br\/index.php?rest_route=\/wp\/v2\/posts\/28802\/revisions\/28810"}],"wp:featuredmedia":[{"embeddable":true,"href":"https:\/\/blogdoere.com.br\/index.php?rest_route=\/wp\/v2\/media\/28803"}],"wp:attachment":[{"href":"https:\/\/blogdoere.com.br\/index.php?rest_route=%2Fwp%2Fv2%2Fmedia&parent=28802"}],"wp:term":[{"taxonomy":"category","embeddable":true,"href":"https:\/\/blogdoere.com.br\/index.php?rest_route=%2Fwp%2Fv2%2Fcategories&post=28802"},{"taxonomy":"post_tag","embeddable":true,"href":"https:\/\/blogdoere.com.br\/index.php?rest_route=%2Fwp%2Fv2%2Ftags&post=28802"}],"curies":[{"name":"wp","href":"https:\/\/api.w.org\/{rel}","templated":true}]}}