{"id":28825,"date":"2024-12-24T01:22:33","date_gmt":"2024-12-24T01:22:33","guid":{"rendered":"https:\/\/blogdoere.com.br\/?p=28825"},"modified":"2024-12-24T01:27:40","modified_gmt":"2024-12-24T01:27:40","slug":"itajuipe-com-94-anos-alianca-e-tema-de-documentario","status":"publish","type":"post","link":"https:\/\/blogdoere.com.br\/?p=28825","title":{"rendered":"ITAJU\u00cdPE: COM 94 ANOS, ALIAN\u00c7A \u00c9 TEMA DE DOCUMENT\u00c1RIO."},"content":{"rendered":"<div class=\"wp-block-image\">\n<figure class=\"aligncenter size-full\"><img decoding=\"async\" width=\"878\" height=\"830\" src=\"https:\/\/blogdoere.com.br\/wp-content\/uploads\/2024\/12\/WhatsApp-Image-2024-12-23-at-22.09.37.jpeg\" alt=\"\" class=\"wp-image-28826\" srcset=\"https:\/\/blogdoere.com.br\/wp-content\/uploads\/2024\/12\/WhatsApp-Image-2024-12-23-at-22.09.37.jpeg 878w, https:\/\/blogdoere.com.br\/wp-content\/uploads\/2024\/12\/WhatsApp-Image-2024-12-23-at-22.09.37-300x284.jpeg 300w, https:\/\/blogdoere.com.br\/wp-content\/uploads\/2024\/12\/WhatsApp-Image-2024-12-23-at-22.09.37-768x726.jpeg 768w\" sizes=\"(max-width: 878px) 100vw, 878px\" \/><\/figure>\n<\/div>\n\n\n<p>&#8220;O curta-metragem ter\u00e1 sua estreia dia 27 de dezembro, sexta-feira, \u00e0s 19 horas, na Casa da Cultura Junot Matos de Santana&#8221;.<\/p>\n\n\n\n<p>O document\u00e1rio &#8220;Mem\u00f3ria Viva: Narrativa sobre uma Alian\u00e7a&#8221; celebra os 94 anos da Sociedade Alian\u00e7a dos Artistas e Oper\u00e1rios de Pirangi, em Itaju\u00edpe. A entidade, que \u00e9 uma organiza\u00e7\u00e3o privada sem fins lucrativos, tem desempenhado um papel significativo na comunidade ao longo de sua hist\u00f3ria.&nbsp; Segundo o presidente da Alian\u00e7a, Erenilson Santos a produ\u00e7\u00e3o oferece um olhar sobre a trajet\u00f3ria da sociedade, destacando suas contribui\u00e7\u00f5es culturais e sociais, al\u00e9m de preservar a mem\u00f3ria coletiva dos seus associados que fazem parte dessa hist\u00f3ria.<\/p>\n\n\n\n<p>O curta-metragem ter\u00e1 sua estreia dia 27 de dezembro, sexta-feira, \u00e0s 19 horas, na Casa da Cultura Junot Matos de Santana. O filme, que vai contar a hist\u00f3ria da quase centen\u00e1ria institui\u00e7\u00e3o, tem a dire\u00e7\u00e3o da comunic\u00f3loga Laura Moysetes Oliveira, edi\u00e7\u00e3o Alisson Sena e coprodu\u00e7\u00e3o, pesquisa de Erenilson Santos. Financiado com recursos da Lei Paulo Gustavo, 14 pessoas fazem parte da narrativa que vai mostrar os bastidores de uma institui\u00e7\u00e3o que tem relevantes servi\u00e7os prestados bem antes da emancipa\u00e7\u00e3o pol\u00edtica do munic\u00edpio em 1952.<\/p>\n\n\n\n<p><\/p>\n","protected":false},"excerpt":{"rendered":"<p>&#8220;O curta-metragem ter\u00e1 sua estreia dia 27 de dezembro, sexta-feira, \u00e0s 19 horas, na Casa da Cultura Junot Matos de Santana&#8221;. O document\u00e1rio &#8220;Mem\u00f3ria Viva: Narrativa sobre uma Alian\u00e7a&#8221; celebra&#8230;<\/p>\n","protected":false},"author":1,"featured_media":28826,"comment_status":"open","ping_status":"open","sticky":false,"template":"","format":"standard","meta":{"_editorskit_title_hidden":false,"_editorskit_reading_time":0,"_editorskit_is_block_options_detached":false,"_editorskit_block_options_position":"{}","om_disable_all_campaigns":false,"_mi_skip_tracking":false,"_kad_post_transparent":"","_kad_post_title":"","_kad_post_layout":"","_kad_post_sidebar_id":"","_kad_post_content_style":"","_kad_post_vertical_padding":"","_kad_post_feature":"","_kad_post_feature_position":"","_kad_post_header":false,"_kad_post_footer":false,"footnotes":""},"categories":[37],"tags":[],"class_list":["post-28825","post","type-post","status-publish","format-standard","has-post-thumbnail","hentry","category-cultura"],"yoast_head":"<!-- This site is optimized with the Yoast SEO plugin v20.5 - https:\/\/yoast.com\/wordpress\/plugins\/seo\/ -->\n<title>ITAJU\u00cdPE: COM 94 ANOS, ALIAN\u00c7A \u00c9 TEMA DE DOCUMENT\u00c1RIO. - blog do er\u00ea<\/title>\n<meta name=\"robots\" content=\"index, follow, max-snippet:-1, max-image-preview:large, max-video-preview:-1\" \/>\n<link rel=\"canonical\" href=\"https:\/\/blogdoere.com.br\/?p=28825\" \/>\n<meta property=\"og:locale\" content=\"pt_PT\" \/>\n<meta property=\"og:type\" content=\"article\" \/>\n<meta property=\"og:title\" content=\"ITAJU\u00cdPE: COM 94 ANOS, ALIAN\u00c7A \u00c9 TEMA DE DOCUMENT\u00c1RIO. - blog do er\u00ea\" \/>\n<meta property=\"og:description\" content=\"&#8220;O curta-metragem ter\u00e1 sua estreia dia 27 de dezembro, sexta-feira, \u00e0s 19 horas, na Casa da Cultura Junot Matos de Santana&#8221;. O document\u00e1rio &#8220;Mem\u00f3ria Viva: Narrativa sobre uma Alian\u00e7a&#8221; celebra...\" \/>\n<meta property=\"og:url\" content=\"https:\/\/blogdoere.com.br\/?p=28825\" \/>\n<meta property=\"og:site_name\" content=\"blog do er\u00ea\" \/>\n<meta property=\"article:published_time\" content=\"2024-12-24T01:22:33+00:00\" \/>\n<meta property=\"article:modified_time\" content=\"2024-12-24T01:27:40+00:00\" \/>\n<meta property=\"og:image\" content=\"https:\/\/blogdoere.com.br\/wp-content\/uploads\/2024\/12\/WhatsApp-Image-2024-12-23-at-22.09.37.jpeg\" \/>\n\t<meta property=\"og:image:width\" content=\"878\" \/>\n\t<meta property=\"og:image:height\" content=\"830\" \/>\n\t<meta property=\"og:image:type\" content=\"image\/jpeg\" \/>\n<meta name=\"author\" content=\"blogdoere@hotmail.com\" \/>\n<meta name=\"twitter:card\" content=\"summary_large_image\" \/>\n<meta name=\"twitter:label1\" content=\"Escrito por\" \/>\n\t<meta name=\"twitter:data1\" content=\"blogdoere@hotmail.com\" \/>\n\t<meta name=\"twitter:label2\" content=\"Tempo estimado de leitura\" \/>\n\t<meta name=\"twitter:data2\" content=\"2 minutos\" \/>\n<script type=\"application\/ld+json\" class=\"yoast-schema-graph\">{\"@context\":\"https:\/\/schema.org\",\"@graph\":[{\"@type\":\"Article\",\"@id\":\"https:\/\/blogdoere.com.br\/?p=28825#article\",\"isPartOf\":{\"@id\":\"https:\/\/blogdoere.com.br\/?p=28825\"},\"author\":{\"name\":\"blogdoere@hotmail.com\",\"@id\":\"https:\/\/blogdoere.com.br\/#\/schema\/person\/c4f6d566a44c7bacdda563667715d18b\"},\"headline\":\"ITAJU\u00cdPE: COM 94 ANOS, ALIAN\u00c7A \u00c9 TEMA DE DOCUMENT\u00c1RIO.\",\"datePublished\":\"2024-12-24T01:22:33+00:00\",\"dateModified\":\"2024-12-24T01:27:40+00:00\",\"mainEntityOfPage\":{\"@id\":\"https:\/\/blogdoere.com.br\/?p=28825\"},\"wordCount\":217,\"commentCount\":0,\"publisher\":{\"@id\":\"https:\/\/blogdoere.com.br\/#organization\"},\"articleSection\":[\"Cultura\"],\"inLanguage\":\"pt-PT\",\"potentialAction\":[{\"@type\":\"CommentAction\",\"name\":\"Comment\",\"target\":[\"https:\/\/blogdoere.com.br\/?p=28825#respond\"]}]},{\"@type\":\"WebPage\",\"@id\":\"https:\/\/blogdoere.com.br\/?p=28825\",\"url\":\"https:\/\/blogdoere.com.br\/?p=28825\",\"name\":\"ITAJU\u00cdPE: COM 94 ANOS, ALIAN\u00c7A \u00c9 TEMA DE DOCUMENT\u00c1RIO. - blog do er\u00ea\",\"isPartOf\":{\"@id\":\"https:\/\/blogdoere.com.br\/#website\"},\"datePublished\":\"2024-12-24T01:22:33+00:00\",\"dateModified\":\"2024-12-24T01:27:40+00:00\",\"breadcrumb\":{\"@id\":\"https:\/\/blogdoere.com.br\/?p=28825#breadcrumb\"},\"inLanguage\":\"pt-PT\",\"potentialAction\":[{\"@type\":\"ReadAction\",\"target\":[\"https:\/\/blogdoere.com.br\/?p=28825\"]}]},{\"@type\":\"BreadcrumbList\",\"@id\":\"https:\/\/blogdoere.com.br\/?p=28825#breadcrumb\",\"itemListElement\":[{\"@type\":\"ListItem\",\"position\":1,\"name\":\"In\u00edcio\",\"item\":\"https:\/\/blogdoere.com.br\/\"},{\"@type\":\"ListItem\",\"position\":2,\"name\":\"ITAJU\u00cdPE: COM 94 ANOS, ALIAN\u00c7A \u00c9 TEMA DE DOCUMENT\u00c1RIO.\"}]},{\"@type\":\"WebSite\",\"@id\":\"https:\/\/blogdoere.com.br\/#website\",\"url\":\"https:\/\/blogdoere.com.br\/\",\"name\":\"blog do er\u00ea\",\"description\":\"\",\"publisher\":{\"@id\":\"https:\/\/blogdoere.com.br\/#organization\"},\"potentialAction\":[{\"@type\":\"SearchAction\",\"target\":{\"@type\":\"EntryPoint\",\"urlTemplate\":\"https:\/\/blogdoere.com.br\/?s={search_term_string}\"},\"query-input\":\"required name=search_term_string\"}],\"inLanguage\":\"pt-PT\"},{\"@type\":\"Organization\",\"@id\":\"https:\/\/blogdoere.com.br\/#organization\",\"name\":\"Blog do Er\u00ea\",\"url\":\"https:\/\/blogdoere.com.br\/\",\"logo\":{\"@type\":\"ImageObject\",\"inLanguage\":\"pt-PT\",\"@id\":\"https:\/\/blogdoere.com.br\/#\/schema\/logo\/image\/\",\"url\":\"https:\/\/blogdoere.com.br\/wp-content\/uploads\/2021\/11\/Logo-Ere-1.png\",\"contentUrl\":\"https:\/\/blogdoere.com.br\/wp-content\/uploads\/2021\/11\/Logo-Ere-1.png\",\"width\":1261,\"height\":1330,\"caption\":\"Blog do Er\u00ea\"},\"image\":{\"@id\":\"https:\/\/blogdoere.com.br\/#\/schema\/logo\/image\/\"}},{\"@type\":\"Person\",\"@id\":\"https:\/\/blogdoere.com.br\/#\/schema\/person\/c4f6d566a44c7bacdda563667715d18b\",\"name\":\"blogdoere@hotmail.com\",\"image\":{\"@type\":\"ImageObject\",\"inLanguage\":\"pt-PT\",\"@id\":\"https:\/\/blogdoere.com.br\/#\/schema\/person\/image\/\",\"url\":\"https:\/\/secure.gravatar.com\/avatar\/5684bd39df1289cb639b4ab539d6fcad69420e4a29521548fc078c58ed122fe6?s=96&d=mm&r=g\",\"contentUrl\":\"https:\/\/secure.gravatar.com\/avatar\/5684bd39df1289cb639b4ab539d6fcad69420e4a29521548fc078c58ed122fe6?s=96&d=mm&r=g\",\"caption\":\"blogdoere@hotmail.com\"},\"sameAs\":[\"http:\/\/blogdoere.com.br\"]}]}<\/script>\n<!-- \/ Yoast SEO plugin. -->","yoast_head_json":{"title":"ITAJU\u00cdPE: COM 94 ANOS, ALIAN\u00c7A \u00c9 TEMA DE DOCUMENT\u00c1RIO. - blog do er\u00ea","robots":{"index":"index","follow":"follow","max-snippet":"max-snippet:-1","max-image-preview":"max-image-preview:large","max-video-preview":"max-video-preview:-1"},"canonical":"https:\/\/blogdoere.com.br\/?p=28825","og_locale":"pt_PT","og_type":"article","og_title":"ITAJU\u00cdPE: COM 94 ANOS, ALIAN\u00c7A \u00c9 TEMA DE DOCUMENT\u00c1RIO. - blog do er\u00ea","og_description":"&#8220;O curta-metragem ter\u00e1 sua estreia dia 27 de dezembro, sexta-feira, \u00e0s 19 horas, na Casa da Cultura Junot Matos de Santana&#8221;. O document\u00e1rio &#8220;Mem\u00f3ria Viva: Narrativa sobre uma Alian\u00e7a&#8221; celebra...","og_url":"https:\/\/blogdoere.com.br\/?p=28825","og_site_name":"blog do er\u00ea","article_published_time":"2024-12-24T01:22:33+00:00","article_modified_time":"2024-12-24T01:27:40+00:00","og_image":[{"width":878,"height":830,"url":"https:\/\/blogdoere.com.br\/wp-content\/uploads\/2024\/12\/WhatsApp-Image-2024-12-23-at-22.09.37.jpeg","type":"image\/jpeg"}],"author":"blogdoere@hotmail.com","twitter_card":"summary_large_image","twitter_misc":{"Escrito por":"blogdoere@hotmail.com","Tempo estimado de leitura":"2 minutos"},"schema":{"@context":"https:\/\/schema.org","@graph":[{"@type":"Article","@id":"https:\/\/blogdoere.com.br\/?p=28825#article","isPartOf":{"@id":"https:\/\/blogdoere.com.br\/?p=28825"},"author":{"name":"blogdoere@hotmail.com","@id":"https:\/\/blogdoere.com.br\/#\/schema\/person\/c4f6d566a44c7bacdda563667715d18b"},"headline":"ITAJU\u00cdPE: COM 94 ANOS, ALIAN\u00c7A \u00c9 TEMA DE DOCUMENT\u00c1RIO.","datePublished":"2024-12-24T01:22:33+00:00","dateModified":"2024-12-24T01:27:40+00:00","mainEntityOfPage":{"@id":"https:\/\/blogdoere.com.br\/?p=28825"},"wordCount":217,"commentCount":0,"publisher":{"@id":"https:\/\/blogdoere.com.br\/#organization"},"articleSection":["Cultura"],"inLanguage":"pt-PT","potentialAction":[{"@type":"CommentAction","name":"Comment","target":["https:\/\/blogdoere.com.br\/?p=28825#respond"]}]},{"@type":"WebPage","@id":"https:\/\/blogdoere.com.br\/?p=28825","url":"https:\/\/blogdoere.com.br\/?p=28825","name":"ITAJU\u00cdPE: COM 94 ANOS, ALIAN\u00c7A \u00c9 TEMA DE DOCUMENT\u00c1RIO. - blog do er\u00ea","isPartOf":{"@id":"https:\/\/blogdoere.com.br\/#website"},"datePublished":"2024-12-24T01:22:33+00:00","dateModified":"2024-12-24T01:27:40+00:00","breadcrumb":{"@id":"https:\/\/blogdoere.com.br\/?p=28825#breadcrumb"},"inLanguage":"pt-PT","potentialAction":[{"@type":"ReadAction","target":["https:\/\/blogdoere.com.br\/?p=28825"]}]},{"@type":"BreadcrumbList","@id":"https:\/\/blogdoere.com.br\/?p=28825#breadcrumb","itemListElement":[{"@type":"ListItem","position":1,"name":"In\u00edcio","item":"https:\/\/blogdoere.com.br\/"},{"@type":"ListItem","position":2,"name":"ITAJU\u00cdPE: COM 94 ANOS, ALIAN\u00c7A \u00c9 TEMA DE DOCUMENT\u00c1RIO."}]},{"@type":"WebSite","@id":"https:\/\/blogdoere.com.br\/#website","url":"https:\/\/blogdoere.com.br\/","name":"blog do er\u00ea","description":"","publisher":{"@id":"https:\/\/blogdoere.com.br\/#organization"},"potentialAction":[{"@type":"SearchAction","target":{"@type":"EntryPoint","urlTemplate":"https:\/\/blogdoere.com.br\/?s={search_term_string}"},"query-input":"required name=search_term_string"}],"inLanguage":"pt-PT"},{"@type":"Organization","@id":"https:\/\/blogdoere.com.br\/#organization","name":"Blog do Er\u00ea","url":"https:\/\/blogdoere.com.br\/","logo":{"@type":"ImageObject","inLanguage":"pt-PT","@id":"https:\/\/blogdoere.com.br\/#\/schema\/logo\/image\/","url":"https:\/\/blogdoere.com.br\/wp-content\/uploads\/2021\/11\/Logo-Ere-1.png","contentUrl":"https:\/\/blogdoere.com.br\/wp-content\/uploads\/2021\/11\/Logo-Ere-1.png","width":1261,"height":1330,"caption":"Blog do Er\u00ea"},"image":{"@id":"https:\/\/blogdoere.com.br\/#\/schema\/logo\/image\/"}},{"@type":"Person","@id":"https:\/\/blogdoere.com.br\/#\/schema\/person\/c4f6d566a44c7bacdda563667715d18b","name":"blogdoere@hotmail.com","image":{"@type":"ImageObject","inLanguage":"pt-PT","@id":"https:\/\/blogdoere.com.br\/#\/schema\/person\/image\/","url":"https:\/\/secure.gravatar.com\/avatar\/5684bd39df1289cb639b4ab539d6fcad69420e4a29521548fc078c58ed122fe6?s=96&d=mm&r=g","contentUrl":"https:\/\/secure.gravatar.com\/avatar\/5684bd39df1289cb639b4ab539d6fcad69420e4a29521548fc078c58ed122fe6?s=96&d=mm&r=g","caption":"blogdoere@hotmail.com"},"sameAs":["http:\/\/blogdoere.com.br"]}]}},"featured_image_urls":{"full":["https:\/\/blogdoere.com.br\/wp-content\/uploads\/2024\/12\/WhatsApp-Image-2024-12-23-at-22.09.37.jpeg",878,830,false],"thumbnail":["https:\/\/blogdoere.com.br\/wp-content\/uploads\/2024\/12\/WhatsApp-Image-2024-12-23-at-22.09.37-150x150.jpeg",150,150,true],"medium":["https:\/\/blogdoere.com.br\/wp-content\/uploads\/2024\/12\/WhatsApp-Image-2024-12-23-at-22.09.37-300x284.jpeg",300,284,true],"medium_large":["https:\/\/blogdoere.com.br\/wp-content\/uploads\/2024\/12\/WhatsApp-Image-2024-12-23-at-22.09.37-768x726.jpeg",768,726,true],"large":["https:\/\/blogdoere.com.br\/wp-content\/uploads\/2024\/12\/WhatsApp-Image-2024-12-23-at-22.09.37.jpeg",878,830,false],"1536x1536":["https:\/\/blogdoere.com.br\/wp-content\/uploads\/2024\/12\/WhatsApp-Image-2024-12-23-at-22.09.37.jpeg",878,830,false],"2048x2048":["https:\/\/blogdoere.com.br\/wp-content\/uploads\/2024\/12\/WhatsApp-Image-2024-12-23-at-22.09.37.jpeg",878,830,false]},"author_info":{"display_name":"blogdoere@hotmail.com","author_link":"https:\/\/blogdoere.com.br\/?author=1"},"category_info":"<a href=\"https:\/\/blogdoere.com.br\/?cat=37\" rel=\"category\">Cultura<\/a>","tag_info":"Cultura","comment_count":"0","_links":{"self":[{"href":"https:\/\/blogdoere.com.br\/index.php?rest_route=\/wp\/v2\/posts\/28825","targetHints":{"allow":["GET"]}}],"collection":[{"href":"https:\/\/blogdoere.com.br\/index.php?rest_route=\/wp\/v2\/posts"}],"about":[{"href":"https:\/\/blogdoere.com.br\/index.php?rest_route=\/wp\/v2\/types\/post"}],"author":[{"embeddable":true,"href":"https:\/\/blogdoere.com.br\/index.php?rest_route=\/wp\/v2\/users\/1"}],"replies":[{"embeddable":true,"href":"https:\/\/blogdoere.com.br\/index.php?rest_route=%2Fwp%2Fv2%2Fcomments&post=28825"}],"version-history":[{"count":2,"href":"https:\/\/blogdoere.com.br\/index.php?rest_route=\/wp\/v2\/posts\/28825\/revisions"}],"predecessor-version":[{"id":28829,"href":"https:\/\/blogdoere.com.br\/index.php?rest_route=\/wp\/v2\/posts\/28825\/revisions\/28829"}],"wp:featuredmedia":[{"embeddable":true,"href":"https:\/\/blogdoere.com.br\/index.php?rest_route=\/wp\/v2\/media\/28826"}],"wp:attachment":[{"href":"https:\/\/blogdoere.com.br\/index.php?rest_route=%2Fwp%2Fv2%2Fmedia&parent=28825"}],"wp:term":[{"taxonomy":"category","embeddable":true,"href":"https:\/\/blogdoere.com.br\/index.php?rest_route=%2Fwp%2Fv2%2Fcategories&post=28825"},{"taxonomy":"post_tag","embeddable":true,"href":"https:\/\/blogdoere.com.br\/index.php?rest_route=%2Fwp%2Fv2%2Ftags&post=28825"}],"curies":[{"name":"wp","href":"https:\/\/api.w.org\/{rel}","templated":true}]}}