{"id":28831,"date":"2025-01-08T19:08:49","date_gmt":"2025-01-08T19:08:49","guid":{"rendered":"https:\/\/blogdoere.com.br\/?p=28831"},"modified":"2025-01-08T19:14:42","modified_gmt":"2025-01-08T19:14:42","slug":"marcelo-nilo-ataca-o-governador-jeronimo","status":"publish","type":"post","link":"https:\/\/blogdoere.com.br\/?p=28831","title":{"rendered":"MARCELO NILO ATACA O GOVERNADOR JER\u00d4NIMO"},"content":{"rendered":"\n<figure class=\"wp-block-image size-large\"><img decoding=\"async\" width=\"1024\" height=\"864\" src=\"https:\/\/blogdoere.com.br\/wp-content\/uploads\/2025\/01\/IMG-20250108-WA0088-1024x864.jpg\" alt=\"\" class=\"wp-image-28833\" srcset=\"https:\/\/blogdoere.com.br\/wp-content\/uploads\/2025\/01\/IMG-20250108-WA0088-1024x864.jpg 1024w, https:\/\/blogdoere.com.br\/wp-content\/uploads\/2025\/01\/IMG-20250108-WA0088-300x253.jpg 300w, https:\/\/blogdoere.com.br\/wp-content\/uploads\/2025\/01\/IMG-20250108-WA0088-768x648.jpg 768w, https:\/\/blogdoere.com.br\/wp-content\/uploads\/2025\/01\/IMG-20250108-WA0088.jpg 1080w\" sizes=\"(max-width: 1024px) 100vw, 1024px\" \/><\/figure>\n\n\n\n<p>Sem mandato, o ex-deputado federal Marcelo Nilo (Republicanos) resolveu atacar o governador Jer\u00f4nimo Rodrigues (PT) em um v\u00eddeo compartilhado nas redes sociais. Visivelmente transtornado, o filho de Antas disparou: \u201cO pior governador da hist\u00f3ria da Bahia \u2013 de gest\u00e3o nada entende, s\u00f3 tira selfie\u201d. Desde que decidiu fazer oposi\u00e7\u00e3o ao grupo governista, Nilo amarga o ostracismo pol\u00edtico. Como voc\u00ea v\u00ea essa situa\u00e7\u00e3o? Acredita que Nilo conseguir\u00e1 reverter seu ostracismo pol\u00edtico?<\/p>\n\n\n\n<figure class=\"wp-block-gallery has-nested-images columns-default is-cropped wp-block-gallery-1 is-layout-flex wp-block-gallery-is-layout-flex\"><\/figure>\n","protected":false},"excerpt":{"rendered":"<p>Sem mandato, o ex-deputado federal Marcelo Nilo (Republicanos) resolveu atacar o governador Jer\u00f4nimo Rodrigues (PT) em um v\u00eddeo compartilhado nas redes sociais. Visivelmente transtornado, o filho de Antas disparou: \u201cO&#8230;<\/p>\n","protected":false},"author":1,"featured_media":28833,"comment_status":"open","ping_status":"open","sticky":false,"template":"","format":"standard","meta":{"_editorskit_title_hidden":false,"_editorskit_reading_time":0,"_editorskit_is_block_options_detached":false,"_editorskit_block_options_position":"{}","om_disable_all_campaigns":false,"_mi_skip_tracking":false,"_kad_post_transparent":"","_kad_post_title":"","_kad_post_layout":"","_kad_post_sidebar_id":"","_kad_post_content_style":"","_kad_post_vertical_padding":"","_kad_post_feature":"","_kad_post_feature_position":"","_kad_post_header":false,"_kad_post_footer":false,"footnotes":""},"categories":[32],"tags":[],"class_list":["post-28831","post","type-post","status-publish","format-standard","has-post-thumbnail","hentry","category-politica"],"yoast_head":"<!-- This site is optimized with the Yoast SEO plugin v20.5 - https:\/\/yoast.com\/wordpress\/plugins\/seo\/ -->\n<title>MARCELO NILO ATACA O GOVERNADOR JER\u00d4NIMO - blog do er\u00ea<\/title>\n<meta name=\"robots\" content=\"index, follow, max-snippet:-1, max-image-preview:large, max-video-preview:-1\" \/>\n<link rel=\"canonical\" href=\"https:\/\/blogdoere.com.br\/?p=28831\" \/>\n<meta property=\"og:locale\" content=\"pt_PT\" \/>\n<meta property=\"og:type\" content=\"article\" \/>\n<meta property=\"og:title\" content=\"MARCELO NILO ATACA O GOVERNADOR JER\u00d4NIMO - blog do er\u00ea\" \/>\n<meta property=\"og:description\" content=\"Sem mandato, o ex-deputado federal Marcelo Nilo (Republicanos) resolveu atacar o governador Jer\u00f4nimo Rodrigues (PT) em um v\u00eddeo compartilhado nas redes sociais. Visivelmente transtornado, o filho de Antas disparou: \u201cO...\" \/>\n<meta property=\"og:url\" content=\"https:\/\/blogdoere.com.br\/?p=28831\" \/>\n<meta property=\"og:site_name\" content=\"blog do er\u00ea\" \/>\n<meta property=\"article:published_time\" content=\"2025-01-08T19:08:49+00:00\" \/>\n<meta property=\"article:modified_time\" content=\"2025-01-08T19:14:42+00:00\" \/>\n<meta property=\"og:image\" content=\"https:\/\/blogdoere.com.br\/wp-content\/uploads\/2025\/01\/IMG-20250108-WA0088.jpg\" \/>\n\t<meta property=\"og:image:width\" content=\"1080\" \/>\n\t<meta property=\"og:image:height\" content=\"911\" \/>\n\t<meta property=\"og:image:type\" content=\"image\/jpeg\" \/>\n<meta name=\"author\" content=\"blogdoere@hotmail.com\" \/>\n<meta name=\"twitter:card\" content=\"summary_large_image\" \/>\n<meta name=\"twitter:label1\" content=\"Escrito por\" \/>\n\t<meta name=\"twitter:data1\" content=\"blogdoere@hotmail.com\" \/>\n\t<meta name=\"twitter:label2\" content=\"Tempo estimado de leitura\" \/>\n\t<meta name=\"twitter:data2\" content=\"1 minuto\" \/>\n<script type=\"application\/ld+json\" class=\"yoast-schema-graph\">{\"@context\":\"https:\/\/schema.org\",\"@graph\":[{\"@type\":\"Article\",\"@id\":\"https:\/\/blogdoere.com.br\/?p=28831#article\",\"isPartOf\":{\"@id\":\"https:\/\/blogdoere.com.br\/?p=28831\"},\"author\":{\"name\":\"blogdoere@hotmail.com\",\"@id\":\"https:\/\/blogdoere.com.br\/#\/schema\/person\/c4f6d566a44c7bacdda563667715d18b\"},\"headline\":\"MARCELO NILO ATACA O GOVERNADOR JER\u00d4NIMO\",\"datePublished\":\"2025-01-08T19:08:49+00:00\",\"dateModified\":\"2025-01-08T19:14:42+00:00\",\"mainEntityOfPage\":{\"@id\":\"https:\/\/blogdoere.com.br\/?p=28831\"},\"wordCount\":84,\"commentCount\":0,\"publisher\":{\"@id\":\"https:\/\/blogdoere.com.br\/#organization\"},\"articleSection\":[\"Pol\u00edtica\"],\"inLanguage\":\"pt-PT\",\"potentialAction\":[{\"@type\":\"CommentAction\",\"name\":\"Comment\",\"target\":[\"https:\/\/blogdoere.com.br\/?p=28831#respond\"]}]},{\"@type\":\"WebPage\",\"@id\":\"https:\/\/blogdoere.com.br\/?p=28831\",\"url\":\"https:\/\/blogdoere.com.br\/?p=28831\",\"name\":\"MARCELO NILO ATACA O GOVERNADOR JER\u00d4NIMO - blog do er\u00ea\",\"isPartOf\":{\"@id\":\"https:\/\/blogdoere.com.br\/#website\"},\"datePublished\":\"2025-01-08T19:08:49+00:00\",\"dateModified\":\"2025-01-08T19:14:42+00:00\",\"breadcrumb\":{\"@id\":\"https:\/\/blogdoere.com.br\/?p=28831#breadcrumb\"},\"inLanguage\":\"pt-PT\",\"potentialAction\":[{\"@type\":\"ReadAction\",\"target\":[\"https:\/\/blogdoere.com.br\/?p=28831\"]}]},{\"@type\":\"BreadcrumbList\",\"@id\":\"https:\/\/blogdoere.com.br\/?p=28831#breadcrumb\",\"itemListElement\":[{\"@type\":\"ListItem\",\"position\":1,\"name\":\"In\u00edcio\",\"item\":\"https:\/\/blogdoere.com.br\/\"},{\"@type\":\"ListItem\",\"position\":2,\"name\":\"MARCELO NILO ATACA O GOVERNADOR JER\u00d4NIMO\"}]},{\"@type\":\"WebSite\",\"@id\":\"https:\/\/blogdoere.com.br\/#website\",\"url\":\"https:\/\/blogdoere.com.br\/\",\"name\":\"blog do er\u00ea\",\"description\":\"\",\"publisher\":{\"@id\":\"https:\/\/blogdoere.com.br\/#organization\"},\"potentialAction\":[{\"@type\":\"SearchAction\",\"target\":{\"@type\":\"EntryPoint\",\"urlTemplate\":\"https:\/\/blogdoere.com.br\/?s={search_term_string}\"},\"query-input\":\"required name=search_term_string\"}],\"inLanguage\":\"pt-PT\"},{\"@type\":\"Organization\",\"@id\":\"https:\/\/blogdoere.com.br\/#organization\",\"name\":\"Blog do Er\u00ea\",\"url\":\"https:\/\/blogdoere.com.br\/\",\"logo\":{\"@type\":\"ImageObject\",\"inLanguage\":\"pt-PT\",\"@id\":\"https:\/\/blogdoere.com.br\/#\/schema\/logo\/image\/\",\"url\":\"https:\/\/blogdoere.com.br\/wp-content\/uploads\/2021\/11\/Logo-Ere-1.png\",\"contentUrl\":\"https:\/\/blogdoere.com.br\/wp-content\/uploads\/2021\/11\/Logo-Ere-1.png\",\"width\":1261,\"height\":1330,\"caption\":\"Blog do Er\u00ea\"},\"image\":{\"@id\":\"https:\/\/blogdoere.com.br\/#\/schema\/logo\/image\/\"}},{\"@type\":\"Person\",\"@id\":\"https:\/\/blogdoere.com.br\/#\/schema\/person\/c4f6d566a44c7bacdda563667715d18b\",\"name\":\"blogdoere@hotmail.com\",\"image\":{\"@type\":\"ImageObject\",\"inLanguage\":\"pt-PT\",\"@id\":\"https:\/\/blogdoere.com.br\/#\/schema\/person\/image\/\",\"url\":\"https:\/\/secure.gravatar.com\/avatar\/5684bd39df1289cb639b4ab539d6fcad69420e4a29521548fc078c58ed122fe6?s=96&d=mm&r=g\",\"contentUrl\":\"https:\/\/secure.gravatar.com\/avatar\/5684bd39df1289cb639b4ab539d6fcad69420e4a29521548fc078c58ed122fe6?s=96&d=mm&r=g\",\"caption\":\"blogdoere@hotmail.com\"},\"sameAs\":[\"http:\/\/blogdoere.com.br\"]}]}<\/script>\n<!-- \/ Yoast SEO plugin. -->","yoast_head_json":{"title":"MARCELO NILO ATACA O GOVERNADOR JER\u00d4NIMO - blog do er\u00ea","robots":{"index":"index","follow":"follow","max-snippet":"max-snippet:-1","max-image-preview":"max-image-preview:large","max-video-preview":"max-video-preview:-1"},"canonical":"https:\/\/blogdoere.com.br\/?p=28831","og_locale":"pt_PT","og_type":"article","og_title":"MARCELO NILO ATACA O GOVERNADOR JER\u00d4NIMO - blog do er\u00ea","og_description":"Sem mandato, o ex-deputado federal Marcelo Nilo (Republicanos) resolveu atacar o governador Jer\u00f4nimo Rodrigues (PT) em um v\u00eddeo compartilhado nas redes sociais. Visivelmente transtornado, o filho de Antas disparou: \u201cO...","og_url":"https:\/\/blogdoere.com.br\/?p=28831","og_site_name":"blog do er\u00ea","article_published_time":"2025-01-08T19:08:49+00:00","article_modified_time":"2025-01-08T19:14:42+00:00","og_image":[{"width":1080,"height":911,"url":"https:\/\/blogdoere.com.br\/wp-content\/uploads\/2025\/01\/IMG-20250108-WA0088.jpg","type":"image\/jpeg"}],"author":"blogdoere@hotmail.com","twitter_card":"summary_large_image","twitter_misc":{"Escrito por":"blogdoere@hotmail.com","Tempo estimado de leitura":"1 minuto"},"schema":{"@context":"https:\/\/schema.org","@graph":[{"@type":"Article","@id":"https:\/\/blogdoere.com.br\/?p=28831#article","isPartOf":{"@id":"https:\/\/blogdoere.com.br\/?p=28831"},"author":{"name":"blogdoere@hotmail.com","@id":"https:\/\/blogdoere.com.br\/#\/schema\/person\/c4f6d566a44c7bacdda563667715d18b"},"headline":"MARCELO NILO ATACA O GOVERNADOR JER\u00d4NIMO","datePublished":"2025-01-08T19:08:49+00:00","dateModified":"2025-01-08T19:14:42+00:00","mainEntityOfPage":{"@id":"https:\/\/blogdoere.com.br\/?p=28831"},"wordCount":84,"commentCount":0,"publisher":{"@id":"https:\/\/blogdoere.com.br\/#organization"},"articleSection":["Pol\u00edtica"],"inLanguage":"pt-PT","potentialAction":[{"@type":"CommentAction","name":"Comment","target":["https:\/\/blogdoere.com.br\/?p=28831#respond"]}]},{"@type":"WebPage","@id":"https:\/\/blogdoere.com.br\/?p=28831","url":"https:\/\/blogdoere.com.br\/?p=28831","name":"MARCELO NILO ATACA O GOVERNADOR JER\u00d4NIMO - blog do er\u00ea","isPartOf":{"@id":"https:\/\/blogdoere.com.br\/#website"},"datePublished":"2025-01-08T19:08:49+00:00","dateModified":"2025-01-08T19:14:42+00:00","breadcrumb":{"@id":"https:\/\/blogdoere.com.br\/?p=28831#breadcrumb"},"inLanguage":"pt-PT","potentialAction":[{"@type":"ReadAction","target":["https:\/\/blogdoere.com.br\/?p=28831"]}]},{"@type":"BreadcrumbList","@id":"https:\/\/blogdoere.com.br\/?p=28831#breadcrumb","itemListElement":[{"@type":"ListItem","position":1,"name":"In\u00edcio","item":"https:\/\/blogdoere.com.br\/"},{"@type":"ListItem","position":2,"name":"MARCELO NILO ATACA O GOVERNADOR JER\u00d4NIMO"}]},{"@type":"WebSite","@id":"https:\/\/blogdoere.com.br\/#website","url":"https:\/\/blogdoere.com.br\/","name":"blog do er\u00ea","description":"","publisher":{"@id":"https:\/\/blogdoere.com.br\/#organization"},"potentialAction":[{"@type":"SearchAction","target":{"@type":"EntryPoint","urlTemplate":"https:\/\/blogdoere.com.br\/?s={search_term_string}"},"query-input":"required name=search_term_string"}],"inLanguage":"pt-PT"},{"@type":"Organization","@id":"https:\/\/blogdoere.com.br\/#organization","name":"Blog do Er\u00ea","url":"https:\/\/blogdoere.com.br\/","logo":{"@type":"ImageObject","inLanguage":"pt-PT","@id":"https:\/\/blogdoere.com.br\/#\/schema\/logo\/image\/","url":"https:\/\/blogdoere.com.br\/wp-content\/uploads\/2021\/11\/Logo-Ere-1.png","contentUrl":"https:\/\/blogdoere.com.br\/wp-content\/uploads\/2021\/11\/Logo-Ere-1.png","width":1261,"height":1330,"caption":"Blog do Er\u00ea"},"image":{"@id":"https:\/\/blogdoere.com.br\/#\/schema\/logo\/image\/"}},{"@type":"Person","@id":"https:\/\/blogdoere.com.br\/#\/schema\/person\/c4f6d566a44c7bacdda563667715d18b","name":"blogdoere@hotmail.com","image":{"@type":"ImageObject","inLanguage":"pt-PT","@id":"https:\/\/blogdoere.com.br\/#\/schema\/person\/image\/","url":"https:\/\/secure.gravatar.com\/avatar\/5684bd39df1289cb639b4ab539d6fcad69420e4a29521548fc078c58ed122fe6?s=96&d=mm&r=g","contentUrl":"https:\/\/secure.gravatar.com\/avatar\/5684bd39df1289cb639b4ab539d6fcad69420e4a29521548fc078c58ed122fe6?s=96&d=mm&r=g","caption":"blogdoere@hotmail.com"},"sameAs":["http:\/\/blogdoere.com.br"]}]}},"featured_image_urls":{"full":["https:\/\/blogdoere.com.br\/wp-content\/uploads\/2025\/01\/IMG-20250108-WA0088.jpg",1080,911,false],"thumbnail":["https:\/\/blogdoere.com.br\/wp-content\/uploads\/2025\/01\/IMG-20250108-WA0088-150x150.jpg",150,150,true],"medium":["https:\/\/blogdoere.com.br\/wp-content\/uploads\/2025\/01\/IMG-20250108-WA0088-300x253.jpg",300,253,true],"medium_large":["https:\/\/blogdoere.com.br\/wp-content\/uploads\/2025\/01\/IMG-20250108-WA0088-768x648.jpg",768,648,true],"large":["https:\/\/blogdoere.com.br\/wp-content\/uploads\/2025\/01\/IMG-20250108-WA0088-1024x864.jpg",1024,864,true],"1536x1536":["https:\/\/blogdoere.com.br\/wp-content\/uploads\/2025\/01\/IMG-20250108-WA0088.jpg",1080,911,false],"2048x2048":["https:\/\/blogdoere.com.br\/wp-content\/uploads\/2025\/01\/IMG-20250108-WA0088.jpg",1080,911,false]},"author_info":{"display_name":"blogdoere@hotmail.com","author_link":"https:\/\/blogdoere.com.br\/?author=1"},"category_info":"<a href=\"https:\/\/blogdoere.com.br\/?cat=32\" rel=\"category\">Pol\u00edtica<\/a>","tag_info":"Pol\u00edtica","comment_count":"0","_links":{"self":[{"href":"https:\/\/blogdoere.com.br\/index.php?rest_route=\/wp\/v2\/posts\/28831","targetHints":{"allow":["GET"]}}],"collection":[{"href":"https:\/\/blogdoere.com.br\/index.php?rest_route=\/wp\/v2\/posts"}],"about":[{"href":"https:\/\/blogdoere.com.br\/index.php?rest_route=\/wp\/v2\/types\/post"}],"author":[{"embeddable":true,"href":"https:\/\/blogdoere.com.br\/index.php?rest_route=\/wp\/v2\/users\/1"}],"replies":[{"embeddable":true,"href":"https:\/\/blogdoere.com.br\/index.php?rest_route=%2Fwp%2Fv2%2Fcomments&post=28831"}],"version-history":[{"count":3,"href":"https:\/\/blogdoere.com.br\/index.php?rest_route=\/wp\/v2\/posts\/28831\/revisions"}],"predecessor-version":[{"id":28836,"href":"https:\/\/blogdoere.com.br\/index.php?rest_route=\/wp\/v2\/posts\/28831\/revisions\/28836"}],"wp:featuredmedia":[{"embeddable":true,"href":"https:\/\/blogdoere.com.br\/index.php?rest_route=\/wp\/v2\/media\/28833"}],"wp:attachment":[{"href":"https:\/\/blogdoere.com.br\/index.php?rest_route=%2Fwp%2Fv2%2Fmedia&parent=28831"}],"wp:term":[{"taxonomy":"category","embeddable":true,"href":"https:\/\/blogdoere.com.br\/index.php?rest_route=%2Fwp%2Fv2%2Fcategories&post=28831"},{"taxonomy":"post_tag","embeddable":true,"href":"https:\/\/blogdoere.com.br\/index.php?rest_route=%2Fwp%2Fv2%2Ftags&post=28831"}],"curies":[{"name":"wp","href":"https:\/\/api.w.org\/{rel}","templated":true}]}}