{"id":28854,"date":"2025-02-05T01:19:15","date_gmt":"2025-02-05T01:19:15","guid":{"rendered":"https:\/\/blogdoere.com.br\/?p=28854"},"modified":"2025-02-05T10:39:06","modified_gmt":"2025-02-05T10:39:06","slug":"urucuca-prefeita-se-reune-com-representante-do-governo-do-estado-para-impulsionar-desenvolvimento-do-municipio","status":"publish","type":"post","link":"https:\/\/blogdoere.com.br\/?p=28854","title":{"rendered":"URU\u00c7UCA: PREFEITA SE RE\u00daNE COM REPRESENTANTES DO GOVERNO DO ESTADO PARA  IMPULSIONAR DESENVOLVIMENTO DO MUNIC\u00cdPIO"},"content":{"rendered":"\n<figure class=\"wp-block-gallery has-nested-images columns-default is-cropped wp-block-gallery-1 is-layout-flex wp-block-gallery-is-layout-flex\">\n<figure class=\"wp-block-image size-large\"><img decoding=\"async\" width=\"1024\" height=\"631\" data-id=\"28856\" src=\"https:\/\/blogdoere.com.br\/wp-content\/uploads\/2025\/02\/IMG-20250204-WA0111-1-1024x631.jpg\" alt=\"\" class=\"wp-image-28856\" srcset=\"https:\/\/blogdoere.com.br\/wp-content\/uploads\/2025\/02\/IMG-20250204-WA0111-1-1024x631.jpg 1024w, https:\/\/blogdoere.com.br\/wp-content\/uploads\/2025\/02\/IMG-20250204-WA0111-1-300x185.jpg 300w, https:\/\/blogdoere.com.br\/wp-content\/uploads\/2025\/02\/IMG-20250204-WA0111-1-768x473.jpg 768w, https:\/\/blogdoere.com.br\/wp-content\/uploads\/2025\/02\/IMG-20250204-WA0111-1.jpg 1080w\" sizes=\"(max-width: 1024px) 100vw, 1024px\" \/><\/figure>\n<\/figure>\n\n\n\n<p>Na tarde desta ter\u00e7a-feira, 4 de fevereiro, a prefeita de Uru\u00e7uca, Magn\u00f3lia Barreto, e o vice-prefeito, Alessandro Lebr\u00e3o, realizaram uma importante reuni\u00e3o com Adolpho Loyola, chefe de gabinete do governador Jer\u00f4nimo Rodrigues, e o deputado estadual \u00c2ngelo Almeida, que tamb\u00e9m ocupa o cargo de secret\u00e1rio de Desenvolvimento Econ\u00f4mico.<\/p>\n\n\n\n<p>O encontro, que ocorreu em um clima de colabora\u00e7\u00e3o, teve como principal objetivo estabelecer um di\u00e1logo com o Governo do Estado e explorar parcerias estrat\u00e9gicas que visem o desenvolvimento do munic\u00edpio. As \u00e1reas priorit\u00e1rias discutidas incluem infraestrutura, educa\u00e7\u00e3o e a recupera\u00e7\u00e3o de estradas, essenciais para a melhoria da qualidade de vida dos habitantes de Uru\u00e7uca.<\/p>\n\n\n\n<p>Durante a reuni\u00e3o, a prefeita Magn\u00f3lia Barreto reafirmou seu compromisso em buscar recursos e apoio para implementar projetos que tragam avan\u00e7os significativos para a popula\u00e7\u00e3o local. \u201cEstamos empenhados em garantir que Uru\u00e7uca receba a aten\u00e7\u00e3o necess\u00e1ria para se desenvolver, e esse di\u00e1logo \u00e9 fundamental para alcan\u00e7armos nossos objetivos\u201d, destacou a prefeita.<\/p>\n\n\n\n<p>A expectativa \u00e9 que, a partir desse encontro, novas oportunidades de investimento e colabora\u00e7\u00e3o entre o munic\u00edpio e o governo estadual sejam concretizadas, beneficiando diretamente a comunidade urucuquense.<\/p>\n","protected":false},"excerpt":{"rendered":"<p>Na tarde desta ter\u00e7a-feira, 4 de fevereiro, a prefeita de Uru\u00e7uca, Magn\u00f3lia Barreto, e o vice-prefeito, Alessandro Lebr\u00e3o, realizaram uma importante reuni\u00e3o com Adolpho Loyola, chefe de gabinete do governador&#8230;<\/p>\n","protected":false},"author":1,"featured_media":28856,"comment_status":"open","ping_status":"open","sticky":false,"template":"","format":"standard","meta":{"_editorskit_title_hidden":false,"_editorskit_reading_time":0,"_editorskit_is_block_options_detached":false,"_editorskit_block_options_position":"{}","om_disable_all_campaigns":false,"_mi_skip_tracking":false,"_kad_post_transparent":"","_kad_post_title":"","_kad_post_layout":"","_kad_post_sidebar_id":"","_kad_post_content_style":"","_kad_post_vertical_padding":"","_kad_post_feature":"","_kad_post_feature_position":"","_kad_post_header":false,"_kad_post_footer":false,"footnotes":""},"categories":[32],"tags":[],"class_list":["post-28854","post","type-post","status-publish","format-standard","has-post-thumbnail","hentry","category-politica"],"yoast_head":"<!-- This site is optimized with the Yoast SEO plugin v20.5 - https:\/\/yoast.com\/wordpress\/plugins\/seo\/ -->\n<title>URU\u00c7UCA: PREFEITA SE RE\u00daNE COM REPRESENTANTES DO GOVERNO DO ESTADO PARA IMPULSIONAR DESENVOLVIMENTO DO MUNIC\u00cdPIO - blog do er\u00ea<\/title>\n<meta name=\"robots\" content=\"index, follow, max-snippet:-1, max-image-preview:large, max-video-preview:-1\" \/>\n<link rel=\"canonical\" href=\"https:\/\/blogdoere.com.br\/?p=28854\" \/>\n<meta property=\"og:locale\" content=\"pt_PT\" \/>\n<meta property=\"og:type\" content=\"article\" \/>\n<meta property=\"og:title\" content=\"URU\u00c7UCA: PREFEITA SE RE\u00daNE COM REPRESENTANTES DO GOVERNO DO ESTADO PARA IMPULSIONAR DESENVOLVIMENTO DO MUNIC\u00cdPIO - blog do er\u00ea\" \/>\n<meta property=\"og:description\" content=\"Na tarde desta ter\u00e7a-feira, 4 de fevereiro, a prefeita de Uru\u00e7uca, Magn\u00f3lia Barreto, e o vice-prefeito, Alessandro Lebr\u00e3o, realizaram uma importante reuni\u00e3o com Adolpho Loyola, chefe de gabinete do governador...\" \/>\n<meta property=\"og:url\" content=\"https:\/\/blogdoere.com.br\/?p=28854\" \/>\n<meta property=\"og:site_name\" content=\"blog do er\u00ea\" \/>\n<meta property=\"article:published_time\" content=\"2025-02-05T01:19:15+00:00\" \/>\n<meta property=\"article:modified_time\" content=\"2025-02-05T10:39:06+00:00\" \/>\n<meta property=\"og:image\" content=\"https:\/\/blogdoere.com.br\/wp-content\/uploads\/2025\/02\/IMG-20250204-WA0111-1.jpg\" \/>\n\t<meta property=\"og:image:width\" content=\"1080\" \/>\n\t<meta property=\"og:image:height\" content=\"665\" \/>\n\t<meta property=\"og:image:type\" content=\"image\/jpeg\" \/>\n<meta name=\"author\" content=\"blogdoere@hotmail.com\" \/>\n<meta name=\"twitter:card\" content=\"summary_large_image\" \/>\n<meta name=\"twitter:label1\" content=\"Escrito por\" \/>\n\t<meta name=\"twitter:data1\" content=\"blogdoere@hotmail.com\" \/>\n\t<meta name=\"twitter:label2\" content=\"Tempo estimado de leitura\" \/>\n\t<meta name=\"twitter:data2\" content=\"2 minutos\" \/>\n<script type=\"application\/ld+json\" class=\"yoast-schema-graph\">{\"@context\":\"https:\/\/schema.org\",\"@graph\":[{\"@type\":\"Article\",\"@id\":\"https:\/\/blogdoere.com.br\/?p=28854#article\",\"isPartOf\":{\"@id\":\"https:\/\/blogdoere.com.br\/?p=28854\"},\"author\":{\"name\":\"blogdoere@hotmail.com\",\"@id\":\"https:\/\/blogdoere.com.br\/#\/schema\/person\/c4f6d566a44c7bacdda563667715d18b\"},\"headline\":\"URU\u00c7UCA: PREFEITA SE RE\u00daNE COM REPRESENTANTES DO GOVERNO DO ESTADO PARA IMPULSIONAR DESENVOLVIMENTO DO MUNIC\u00cdPIO\",\"datePublished\":\"2025-02-05T01:19:15+00:00\",\"dateModified\":\"2025-02-05T10:39:06+00:00\",\"mainEntityOfPage\":{\"@id\":\"https:\/\/blogdoere.com.br\/?p=28854\"},\"wordCount\":225,\"commentCount\":0,\"publisher\":{\"@id\":\"https:\/\/blogdoere.com.br\/#organization\"},\"articleSection\":[\"Pol\u00edtica\"],\"inLanguage\":\"pt-PT\",\"potentialAction\":[{\"@type\":\"CommentAction\",\"name\":\"Comment\",\"target\":[\"https:\/\/blogdoere.com.br\/?p=28854#respond\"]}]},{\"@type\":\"WebPage\",\"@id\":\"https:\/\/blogdoere.com.br\/?p=28854\",\"url\":\"https:\/\/blogdoere.com.br\/?p=28854\",\"name\":\"URU\u00c7UCA: PREFEITA SE RE\u00daNE COM REPRESENTANTES DO GOVERNO DO ESTADO PARA IMPULSIONAR DESENVOLVIMENTO DO MUNIC\u00cdPIO - blog do er\u00ea\",\"isPartOf\":{\"@id\":\"https:\/\/blogdoere.com.br\/#website\"},\"datePublished\":\"2025-02-05T01:19:15+00:00\",\"dateModified\":\"2025-02-05T10:39:06+00:00\",\"breadcrumb\":{\"@id\":\"https:\/\/blogdoere.com.br\/?p=28854#breadcrumb\"},\"inLanguage\":\"pt-PT\",\"potentialAction\":[{\"@type\":\"ReadAction\",\"target\":[\"https:\/\/blogdoere.com.br\/?p=28854\"]}]},{\"@type\":\"BreadcrumbList\",\"@id\":\"https:\/\/blogdoere.com.br\/?p=28854#breadcrumb\",\"itemListElement\":[{\"@type\":\"ListItem\",\"position\":1,\"name\":\"In\u00edcio\",\"item\":\"https:\/\/blogdoere.com.br\/\"},{\"@type\":\"ListItem\",\"position\":2,\"name\":\"URU\u00c7UCA: PREFEITA SE RE\u00daNE COM REPRESENTANTES DO GOVERNO DO ESTADO PARA IMPULSIONAR DESENVOLVIMENTO DO MUNIC\u00cdPIO\"}]},{\"@type\":\"WebSite\",\"@id\":\"https:\/\/blogdoere.com.br\/#website\",\"url\":\"https:\/\/blogdoere.com.br\/\",\"name\":\"blog do er\u00ea\",\"description\":\"\",\"publisher\":{\"@id\":\"https:\/\/blogdoere.com.br\/#organization\"},\"potentialAction\":[{\"@type\":\"SearchAction\",\"target\":{\"@type\":\"EntryPoint\",\"urlTemplate\":\"https:\/\/blogdoere.com.br\/?s={search_term_string}\"},\"query-input\":\"required name=search_term_string\"}],\"inLanguage\":\"pt-PT\"},{\"@type\":\"Organization\",\"@id\":\"https:\/\/blogdoere.com.br\/#organization\",\"name\":\"Blog do Er\u00ea\",\"url\":\"https:\/\/blogdoere.com.br\/\",\"logo\":{\"@type\":\"ImageObject\",\"inLanguage\":\"pt-PT\",\"@id\":\"https:\/\/blogdoere.com.br\/#\/schema\/logo\/image\/\",\"url\":\"https:\/\/blogdoere.com.br\/wp-content\/uploads\/2021\/11\/Logo-Ere-1.png\",\"contentUrl\":\"https:\/\/blogdoere.com.br\/wp-content\/uploads\/2021\/11\/Logo-Ere-1.png\",\"width\":1261,\"height\":1330,\"caption\":\"Blog do Er\u00ea\"},\"image\":{\"@id\":\"https:\/\/blogdoere.com.br\/#\/schema\/logo\/image\/\"}},{\"@type\":\"Person\",\"@id\":\"https:\/\/blogdoere.com.br\/#\/schema\/person\/c4f6d566a44c7bacdda563667715d18b\",\"name\":\"blogdoere@hotmail.com\",\"image\":{\"@type\":\"ImageObject\",\"inLanguage\":\"pt-PT\",\"@id\":\"https:\/\/blogdoere.com.br\/#\/schema\/person\/image\/\",\"url\":\"https:\/\/secure.gravatar.com\/avatar\/5684bd39df1289cb639b4ab539d6fcad69420e4a29521548fc078c58ed122fe6?s=96&d=mm&r=g\",\"contentUrl\":\"https:\/\/secure.gravatar.com\/avatar\/5684bd39df1289cb639b4ab539d6fcad69420e4a29521548fc078c58ed122fe6?s=96&d=mm&r=g\",\"caption\":\"blogdoere@hotmail.com\"},\"sameAs\":[\"http:\/\/blogdoere.com.br\"]}]}<\/script>\n<!-- \/ Yoast SEO plugin. -->","yoast_head_json":{"title":"URU\u00c7UCA: PREFEITA SE RE\u00daNE COM REPRESENTANTES DO GOVERNO DO ESTADO PARA IMPULSIONAR DESENVOLVIMENTO DO MUNIC\u00cdPIO - blog do er\u00ea","robots":{"index":"index","follow":"follow","max-snippet":"max-snippet:-1","max-image-preview":"max-image-preview:large","max-video-preview":"max-video-preview:-1"},"canonical":"https:\/\/blogdoere.com.br\/?p=28854","og_locale":"pt_PT","og_type":"article","og_title":"URU\u00c7UCA: PREFEITA SE RE\u00daNE COM REPRESENTANTES DO GOVERNO DO ESTADO PARA IMPULSIONAR DESENVOLVIMENTO DO MUNIC\u00cdPIO - blog do er\u00ea","og_description":"Na tarde desta ter\u00e7a-feira, 4 de fevereiro, a prefeita de Uru\u00e7uca, Magn\u00f3lia Barreto, e o vice-prefeito, Alessandro Lebr\u00e3o, realizaram uma importante reuni\u00e3o com Adolpho Loyola, chefe de gabinete do governador...","og_url":"https:\/\/blogdoere.com.br\/?p=28854","og_site_name":"blog do er\u00ea","article_published_time":"2025-02-05T01:19:15+00:00","article_modified_time":"2025-02-05T10:39:06+00:00","og_image":[{"width":1080,"height":665,"url":"https:\/\/blogdoere.com.br\/wp-content\/uploads\/2025\/02\/IMG-20250204-WA0111-1.jpg","type":"image\/jpeg"}],"author":"blogdoere@hotmail.com","twitter_card":"summary_large_image","twitter_misc":{"Escrito por":"blogdoere@hotmail.com","Tempo estimado de leitura":"2 minutos"},"schema":{"@context":"https:\/\/schema.org","@graph":[{"@type":"Article","@id":"https:\/\/blogdoere.com.br\/?p=28854#article","isPartOf":{"@id":"https:\/\/blogdoere.com.br\/?p=28854"},"author":{"name":"blogdoere@hotmail.com","@id":"https:\/\/blogdoere.com.br\/#\/schema\/person\/c4f6d566a44c7bacdda563667715d18b"},"headline":"URU\u00c7UCA: PREFEITA SE RE\u00daNE COM REPRESENTANTES DO GOVERNO DO ESTADO PARA IMPULSIONAR DESENVOLVIMENTO DO MUNIC\u00cdPIO","datePublished":"2025-02-05T01:19:15+00:00","dateModified":"2025-02-05T10:39:06+00:00","mainEntityOfPage":{"@id":"https:\/\/blogdoere.com.br\/?p=28854"},"wordCount":225,"commentCount":0,"publisher":{"@id":"https:\/\/blogdoere.com.br\/#organization"},"articleSection":["Pol\u00edtica"],"inLanguage":"pt-PT","potentialAction":[{"@type":"CommentAction","name":"Comment","target":["https:\/\/blogdoere.com.br\/?p=28854#respond"]}]},{"@type":"WebPage","@id":"https:\/\/blogdoere.com.br\/?p=28854","url":"https:\/\/blogdoere.com.br\/?p=28854","name":"URU\u00c7UCA: PREFEITA SE RE\u00daNE COM REPRESENTANTES DO GOVERNO DO ESTADO PARA IMPULSIONAR DESENVOLVIMENTO DO MUNIC\u00cdPIO - blog do er\u00ea","isPartOf":{"@id":"https:\/\/blogdoere.com.br\/#website"},"datePublished":"2025-02-05T01:19:15+00:00","dateModified":"2025-02-05T10:39:06+00:00","breadcrumb":{"@id":"https:\/\/blogdoere.com.br\/?p=28854#breadcrumb"},"inLanguage":"pt-PT","potentialAction":[{"@type":"ReadAction","target":["https:\/\/blogdoere.com.br\/?p=28854"]}]},{"@type":"BreadcrumbList","@id":"https:\/\/blogdoere.com.br\/?p=28854#breadcrumb","itemListElement":[{"@type":"ListItem","position":1,"name":"In\u00edcio","item":"https:\/\/blogdoere.com.br\/"},{"@type":"ListItem","position":2,"name":"URU\u00c7UCA: PREFEITA SE RE\u00daNE COM REPRESENTANTES DO GOVERNO DO ESTADO PARA IMPULSIONAR DESENVOLVIMENTO DO MUNIC\u00cdPIO"}]},{"@type":"WebSite","@id":"https:\/\/blogdoere.com.br\/#website","url":"https:\/\/blogdoere.com.br\/","name":"blog do er\u00ea","description":"","publisher":{"@id":"https:\/\/blogdoere.com.br\/#organization"},"potentialAction":[{"@type":"SearchAction","target":{"@type":"EntryPoint","urlTemplate":"https:\/\/blogdoere.com.br\/?s={search_term_string}"},"query-input":"required name=search_term_string"}],"inLanguage":"pt-PT"},{"@type":"Organization","@id":"https:\/\/blogdoere.com.br\/#organization","name":"Blog do Er\u00ea","url":"https:\/\/blogdoere.com.br\/","logo":{"@type":"ImageObject","inLanguage":"pt-PT","@id":"https:\/\/blogdoere.com.br\/#\/schema\/logo\/image\/","url":"https:\/\/blogdoere.com.br\/wp-content\/uploads\/2021\/11\/Logo-Ere-1.png","contentUrl":"https:\/\/blogdoere.com.br\/wp-content\/uploads\/2021\/11\/Logo-Ere-1.png","width":1261,"height":1330,"caption":"Blog do Er\u00ea"},"image":{"@id":"https:\/\/blogdoere.com.br\/#\/schema\/logo\/image\/"}},{"@type":"Person","@id":"https:\/\/blogdoere.com.br\/#\/schema\/person\/c4f6d566a44c7bacdda563667715d18b","name":"blogdoere@hotmail.com","image":{"@type":"ImageObject","inLanguage":"pt-PT","@id":"https:\/\/blogdoere.com.br\/#\/schema\/person\/image\/","url":"https:\/\/secure.gravatar.com\/avatar\/5684bd39df1289cb639b4ab539d6fcad69420e4a29521548fc078c58ed122fe6?s=96&d=mm&r=g","contentUrl":"https:\/\/secure.gravatar.com\/avatar\/5684bd39df1289cb639b4ab539d6fcad69420e4a29521548fc078c58ed122fe6?s=96&d=mm&r=g","caption":"blogdoere@hotmail.com"},"sameAs":["http:\/\/blogdoere.com.br"]}]}},"featured_image_urls":{"full":["https:\/\/blogdoere.com.br\/wp-content\/uploads\/2025\/02\/IMG-20250204-WA0111-1.jpg",1080,665,false],"thumbnail":["https:\/\/blogdoere.com.br\/wp-content\/uploads\/2025\/02\/IMG-20250204-WA0111-1-150x150.jpg",150,150,true],"medium":["https:\/\/blogdoere.com.br\/wp-content\/uploads\/2025\/02\/IMG-20250204-WA0111-1-300x185.jpg",300,185,true],"medium_large":["https:\/\/blogdoere.com.br\/wp-content\/uploads\/2025\/02\/IMG-20250204-WA0111-1-768x473.jpg",768,473,true],"large":["https:\/\/blogdoere.com.br\/wp-content\/uploads\/2025\/02\/IMG-20250204-WA0111-1-1024x631.jpg",1024,631,true],"1536x1536":["https:\/\/blogdoere.com.br\/wp-content\/uploads\/2025\/02\/IMG-20250204-WA0111-1.jpg",1080,665,false],"2048x2048":["https:\/\/blogdoere.com.br\/wp-content\/uploads\/2025\/02\/IMG-20250204-WA0111-1.jpg",1080,665,false]},"author_info":{"display_name":"blogdoere@hotmail.com","author_link":"https:\/\/blogdoere.com.br\/?author=1"},"category_info":"<a href=\"https:\/\/blogdoere.com.br\/?cat=32\" rel=\"category\">Pol\u00edtica<\/a>","tag_info":"Pol\u00edtica","comment_count":"0","_links":{"self":[{"href":"https:\/\/blogdoere.com.br\/index.php?rest_route=\/wp\/v2\/posts\/28854","targetHints":{"allow":["GET"]}}],"collection":[{"href":"https:\/\/blogdoere.com.br\/index.php?rest_route=\/wp\/v2\/posts"}],"about":[{"href":"https:\/\/blogdoere.com.br\/index.php?rest_route=\/wp\/v2\/types\/post"}],"author":[{"embeddable":true,"href":"https:\/\/blogdoere.com.br\/index.php?rest_route=\/wp\/v2\/users\/1"}],"replies":[{"embeddable":true,"href":"https:\/\/blogdoere.com.br\/index.php?rest_route=%2Fwp%2Fv2%2Fcomments&post=28854"}],"version-history":[{"count":2,"href":"https:\/\/blogdoere.com.br\/index.php?rest_route=\/wp\/v2\/posts\/28854\/revisions"}],"predecessor-version":[{"id":28860,"href":"https:\/\/blogdoere.com.br\/index.php?rest_route=\/wp\/v2\/posts\/28854\/revisions\/28860"}],"wp:featuredmedia":[{"embeddable":true,"href":"https:\/\/blogdoere.com.br\/index.php?rest_route=\/wp\/v2\/media\/28856"}],"wp:attachment":[{"href":"https:\/\/blogdoere.com.br\/index.php?rest_route=%2Fwp%2Fv2%2Fmedia&parent=28854"}],"wp:term":[{"taxonomy":"category","embeddable":true,"href":"https:\/\/blogdoere.com.br\/index.php?rest_route=%2Fwp%2Fv2%2Fcategories&post=28854"},{"taxonomy":"post_tag","embeddable":true,"href":"https:\/\/blogdoere.com.br\/index.php?rest_route=%2Fwp%2Fv2%2Ftags&post=28854"}],"curies":[{"name":"wp","href":"https:\/\/api.w.org\/{rel}","templated":true}]}}