{"id":28869,"date":"2025-02-06T17:10:03","date_gmt":"2025-02-06T17:10:03","guid":{"rendered":"https:\/\/blogdoere.com.br\/?p=28869"},"modified":"2025-02-06T17:13:57","modified_gmt":"2025-02-06T17:13:57","slug":"itajuipe-sessao-especial-abre-os-trabalhos-legislativos","status":"publish","type":"post","link":"https:\/\/blogdoere.com.br\/?p=28869","title":{"rendered":"ITAJU\u00cdPE: SESS\u00c3O ESPECIAL ABRE OS TRABALHOS LEGISLATIVOS"},"content":{"rendered":"\n<figure class=\"wp-block-image size-full\"><img decoding=\"async\" width=\"752\" height=\"865\" src=\"https:\/\/blogdoere.com.br\/wp-content\/uploads\/2025\/02\/IMG-20250206-WA0058.jpg\" alt=\"\" class=\"wp-image-28863\" srcset=\"https:\/\/blogdoere.com.br\/wp-content\/uploads\/2025\/02\/IMG-20250206-WA0058.jpg 752w, https:\/\/blogdoere.com.br\/wp-content\/uploads\/2025\/02\/IMG-20250206-WA0058-261x300.jpg 261w\" sizes=\"(max-width: 752px) 100vw, 752px\" \/><\/figure>\n\n\n\n<p><\/p>\n\n\n\n<p>Nesta quinta-feira, 6 de fevereiro, os vereadores de Itaju\u00edpe reiniciaram suas atividades no Poder Legislativo, marcando o in\u00edcio de um novo ciclo de trabalho. A sess\u00e3o foi aberta pelo presidente da C\u00e2mara, Ivan J\u00fanior, que passou a palavra \u00e0 vice-prefeita Clara Adry, representando o prefeito L\u00e9o da Capoeira.<\/p>\n\n\n\n<figure class=\"wp-block-image size-large\"><img decoding=\"async\" width=\"1024\" height=\"802\" src=\"https:\/\/blogdoere.com.br\/wp-content\/uploads\/2025\/02\/IMG-20250206-WA0057-1-1024x802.jpg\" alt=\"\" class=\"wp-image-28870\" srcset=\"https:\/\/blogdoere.com.br\/wp-content\/uploads\/2025\/02\/IMG-20250206-WA0057-1-1024x802.jpg 1024w, https:\/\/blogdoere.com.br\/wp-content\/uploads\/2025\/02\/IMG-20250206-WA0057-1-300x235.jpg 300w, https:\/\/blogdoere.com.br\/wp-content\/uploads\/2025\/02\/IMG-20250206-WA0057-1-768x602.jpg 768w, https:\/\/blogdoere.com.br\/wp-content\/uploads\/2025\/02\/IMG-20250206-WA0057-1.jpg 1035w\" sizes=\"(max-width: 1024px) 100vw, 1024px\" \/><\/figure>\n\n\n\n<p>Em seu discurso, Clara, que tamb\u00e9m exerce a fun\u00e7\u00e3o de secret\u00e1ria de Administra\u00e7\u00e3o do munic\u00edpio, delineou as diretrizes do governo para os pr\u00f3ximos quatro anos. Ela destacou o compromisso da administra\u00e7\u00e3o em combater a fome e promover a inclus\u00e3o social, apresentando iniciativas como a implementa\u00e7\u00e3o de escolas de educa\u00e7\u00e3o infantil em tempo integral, programas de habita\u00e7\u00e3o, fortalecimento da agricultura local e melhorias na sa\u00fade p\u00fablica. Al\u00e9m disso, a vice-prefeita fez um apelo \u00e0 popula\u00e7\u00e3o para que mantenham a esperan\u00e7a em rela\u00e7\u00e3o \u00e0s a\u00e7\u00f5es do governo municipal.<\/p>\n\n\n\n<p>Ivan J\u00fanior, por sua vez, reafirmou que o Poder Legislativo est\u00e1 preparado para debater as demandas do munic\u00edpio, sempre respeitando a independ\u00eancia entre os poderes. A retomada dos trabalhos legislativos \u00e9 um momento significativo para Itaju\u00edpe, gerando expectativas de que as novas propostas tragam melhorias substanciais para a comunidade.<\/p>\n","protected":false},"excerpt":{"rendered":"<p>Nesta quinta-feira, 6 de fevereiro, os vereadores de Itaju\u00edpe reiniciaram suas atividades no Poder Legislativo, marcando o in\u00edcio de um novo ciclo de trabalho. A sess\u00e3o foi aberta pelo presidente&#8230;<\/p>\n","protected":false},"author":1,"featured_media":28863,"comment_status":"open","ping_status":"open","sticky":false,"template":"","format":"standard","meta":{"_editorskit_title_hidden":false,"_editorskit_reading_time":0,"_editorskit_is_block_options_detached":false,"_editorskit_block_options_position":"{}","om_disable_all_campaigns":false,"_mi_skip_tracking":false,"_kad_post_transparent":"","_kad_post_title":"","_kad_post_layout":"","_kad_post_sidebar_id":"","_kad_post_content_style":"","_kad_post_vertical_padding":"","_kad_post_feature":"","_kad_post_feature_position":"","_kad_post_header":false,"_kad_post_footer":false,"footnotes":""},"categories":[1],"tags":[],"class_list":["post-28869","post","type-post","status-publish","format-standard","has-post-thumbnail","hentry","category-destaques"],"yoast_head":"<!-- This site is optimized with the Yoast SEO plugin v20.5 - https:\/\/yoast.com\/wordpress\/plugins\/seo\/ -->\n<title>ITAJU\u00cdPE: SESS\u00c3O ESPECIAL ABRE OS TRABALHOS LEGISLATIVOS - blog do er\u00ea<\/title>\n<meta name=\"robots\" content=\"index, follow, max-snippet:-1, max-image-preview:large, max-video-preview:-1\" \/>\n<link rel=\"canonical\" href=\"https:\/\/blogdoere.com.br\/?p=28869\" \/>\n<meta property=\"og:locale\" content=\"pt_PT\" \/>\n<meta property=\"og:type\" content=\"article\" \/>\n<meta property=\"og:title\" content=\"ITAJU\u00cdPE: SESS\u00c3O ESPECIAL ABRE OS TRABALHOS LEGISLATIVOS - blog do er\u00ea\" \/>\n<meta property=\"og:description\" content=\"Nesta quinta-feira, 6 de fevereiro, os vereadores de Itaju\u00edpe reiniciaram suas atividades no Poder Legislativo, marcando o in\u00edcio de um novo ciclo de trabalho. A sess\u00e3o foi aberta pelo presidente...\" \/>\n<meta property=\"og:url\" content=\"https:\/\/blogdoere.com.br\/?p=28869\" \/>\n<meta property=\"og:site_name\" content=\"blog do er\u00ea\" \/>\n<meta property=\"article:published_time\" content=\"2025-02-06T17:10:03+00:00\" \/>\n<meta property=\"article:modified_time\" content=\"2025-02-06T17:13:57+00:00\" \/>\n<meta property=\"og:image\" content=\"https:\/\/blogdoere.com.br\/wp-content\/uploads\/2025\/02\/IMG-20250206-WA0058.jpg\" \/>\n\t<meta property=\"og:image:width\" content=\"752\" \/>\n\t<meta property=\"og:image:height\" content=\"865\" \/>\n\t<meta property=\"og:image:type\" content=\"image\/jpeg\" \/>\n<meta name=\"author\" content=\"blogdoere@hotmail.com\" \/>\n<meta name=\"twitter:card\" content=\"summary_large_image\" \/>\n<meta name=\"twitter:label1\" content=\"Escrito por\" \/>\n\t<meta name=\"twitter:data1\" content=\"blogdoere@hotmail.com\" \/>\n\t<meta name=\"twitter:label2\" content=\"Tempo estimado de leitura\" \/>\n\t<meta name=\"twitter:data2\" content=\"2 minutos\" \/>\n<script type=\"application\/ld+json\" class=\"yoast-schema-graph\">{\"@context\":\"https:\/\/schema.org\",\"@graph\":[{\"@type\":\"Article\",\"@id\":\"https:\/\/blogdoere.com.br\/?p=28869#article\",\"isPartOf\":{\"@id\":\"https:\/\/blogdoere.com.br\/?p=28869\"},\"author\":{\"name\":\"blogdoere@hotmail.com\",\"@id\":\"https:\/\/blogdoere.com.br\/#\/schema\/person\/c4f6d566a44c7bacdda563667715d18b\"},\"headline\":\"ITAJU\u00cdPE: SESS\u00c3O ESPECIAL ABRE OS TRABALHOS LEGISLATIVOS\",\"datePublished\":\"2025-02-06T17:10:03+00:00\",\"dateModified\":\"2025-02-06T17:13:57+00:00\",\"mainEntityOfPage\":{\"@id\":\"https:\/\/blogdoere.com.br\/?p=28869\"},\"wordCount\":216,\"commentCount\":0,\"publisher\":{\"@id\":\"https:\/\/blogdoere.com.br\/#organization\"},\"articleSection\":[\"Destaques\"],\"inLanguage\":\"pt-PT\",\"potentialAction\":[{\"@type\":\"CommentAction\",\"name\":\"Comment\",\"target\":[\"https:\/\/blogdoere.com.br\/?p=28869#respond\"]}]},{\"@type\":\"WebPage\",\"@id\":\"https:\/\/blogdoere.com.br\/?p=28869\",\"url\":\"https:\/\/blogdoere.com.br\/?p=28869\",\"name\":\"ITAJU\u00cdPE: SESS\u00c3O ESPECIAL ABRE OS TRABALHOS LEGISLATIVOS - blog do er\u00ea\",\"isPartOf\":{\"@id\":\"https:\/\/blogdoere.com.br\/#website\"},\"datePublished\":\"2025-02-06T17:10:03+00:00\",\"dateModified\":\"2025-02-06T17:13:57+00:00\",\"breadcrumb\":{\"@id\":\"https:\/\/blogdoere.com.br\/?p=28869#breadcrumb\"},\"inLanguage\":\"pt-PT\",\"potentialAction\":[{\"@type\":\"ReadAction\",\"target\":[\"https:\/\/blogdoere.com.br\/?p=28869\"]}]},{\"@type\":\"BreadcrumbList\",\"@id\":\"https:\/\/blogdoere.com.br\/?p=28869#breadcrumb\",\"itemListElement\":[{\"@type\":\"ListItem\",\"position\":1,\"name\":\"In\u00edcio\",\"item\":\"https:\/\/blogdoere.com.br\/\"},{\"@type\":\"ListItem\",\"position\":2,\"name\":\"ITAJU\u00cdPE: SESS\u00c3O ESPECIAL ABRE OS TRABALHOS LEGISLATIVOS\"}]},{\"@type\":\"WebSite\",\"@id\":\"https:\/\/blogdoere.com.br\/#website\",\"url\":\"https:\/\/blogdoere.com.br\/\",\"name\":\"blog do er\u00ea\",\"description\":\"\",\"publisher\":{\"@id\":\"https:\/\/blogdoere.com.br\/#organization\"},\"potentialAction\":[{\"@type\":\"SearchAction\",\"target\":{\"@type\":\"EntryPoint\",\"urlTemplate\":\"https:\/\/blogdoere.com.br\/?s={search_term_string}\"},\"query-input\":\"required name=search_term_string\"}],\"inLanguage\":\"pt-PT\"},{\"@type\":\"Organization\",\"@id\":\"https:\/\/blogdoere.com.br\/#organization\",\"name\":\"Blog do Er\u00ea\",\"url\":\"https:\/\/blogdoere.com.br\/\",\"logo\":{\"@type\":\"ImageObject\",\"inLanguage\":\"pt-PT\",\"@id\":\"https:\/\/blogdoere.com.br\/#\/schema\/logo\/image\/\",\"url\":\"https:\/\/blogdoere.com.br\/wp-content\/uploads\/2021\/11\/Logo-Ere-1.png\",\"contentUrl\":\"https:\/\/blogdoere.com.br\/wp-content\/uploads\/2021\/11\/Logo-Ere-1.png\",\"width\":1261,\"height\":1330,\"caption\":\"Blog do Er\u00ea\"},\"image\":{\"@id\":\"https:\/\/blogdoere.com.br\/#\/schema\/logo\/image\/\"}},{\"@type\":\"Person\",\"@id\":\"https:\/\/blogdoere.com.br\/#\/schema\/person\/c4f6d566a44c7bacdda563667715d18b\",\"name\":\"blogdoere@hotmail.com\",\"image\":{\"@type\":\"ImageObject\",\"inLanguage\":\"pt-PT\",\"@id\":\"https:\/\/blogdoere.com.br\/#\/schema\/person\/image\/\",\"url\":\"https:\/\/secure.gravatar.com\/avatar\/5684bd39df1289cb639b4ab539d6fcad69420e4a29521548fc078c58ed122fe6?s=96&d=mm&r=g\",\"contentUrl\":\"https:\/\/secure.gravatar.com\/avatar\/5684bd39df1289cb639b4ab539d6fcad69420e4a29521548fc078c58ed122fe6?s=96&d=mm&r=g\",\"caption\":\"blogdoere@hotmail.com\"},\"sameAs\":[\"http:\/\/blogdoere.com.br\"]}]}<\/script>\n<!-- \/ Yoast SEO plugin. -->","yoast_head_json":{"title":"ITAJU\u00cdPE: SESS\u00c3O ESPECIAL ABRE OS TRABALHOS LEGISLATIVOS - blog do er\u00ea","robots":{"index":"index","follow":"follow","max-snippet":"max-snippet:-1","max-image-preview":"max-image-preview:large","max-video-preview":"max-video-preview:-1"},"canonical":"https:\/\/blogdoere.com.br\/?p=28869","og_locale":"pt_PT","og_type":"article","og_title":"ITAJU\u00cdPE: SESS\u00c3O ESPECIAL ABRE OS TRABALHOS LEGISLATIVOS - blog do er\u00ea","og_description":"Nesta quinta-feira, 6 de fevereiro, os vereadores de Itaju\u00edpe reiniciaram suas atividades no Poder Legislativo, marcando o in\u00edcio de um novo ciclo de trabalho. A sess\u00e3o foi aberta pelo presidente...","og_url":"https:\/\/blogdoere.com.br\/?p=28869","og_site_name":"blog do er\u00ea","article_published_time":"2025-02-06T17:10:03+00:00","article_modified_time":"2025-02-06T17:13:57+00:00","og_image":[{"width":752,"height":865,"url":"https:\/\/blogdoere.com.br\/wp-content\/uploads\/2025\/02\/IMG-20250206-WA0058.jpg","type":"image\/jpeg"}],"author":"blogdoere@hotmail.com","twitter_card":"summary_large_image","twitter_misc":{"Escrito por":"blogdoere@hotmail.com","Tempo estimado de leitura":"2 minutos"},"schema":{"@context":"https:\/\/schema.org","@graph":[{"@type":"Article","@id":"https:\/\/blogdoere.com.br\/?p=28869#article","isPartOf":{"@id":"https:\/\/blogdoere.com.br\/?p=28869"},"author":{"name":"blogdoere@hotmail.com","@id":"https:\/\/blogdoere.com.br\/#\/schema\/person\/c4f6d566a44c7bacdda563667715d18b"},"headline":"ITAJU\u00cdPE: SESS\u00c3O ESPECIAL ABRE OS TRABALHOS LEGISLATIVOS","datePublished":"2025-02-06T17:10:03+00:00","dateModified":"2025-02-06T17:13:57+00:00","mainEntityOfPage":{"@id":"https:\/\/blogdoere.com.br\/?p=28869"},"wordCount":216,"commentCount":0,"publisher":{"@id":"https:\/\/blogdoere.com.br\/#organization"},"articleSection":["Destaques"],"inLanguage":"pt-PT","potentialAction":[{"@type":"CommentAction","name":"Comment","target":["https:\/\/blogdoere.com.br\/?p=28869#respond"]}]},{"@type":"WebPage","@id":"https:\/\/blogdoere.com.br\/?p=28869","url":"https:\/\/blogdoere.com.br\/?p=28869","name":"ITAJU\u00cdPE: SESS\u00c3O ESPECIAL ABRE OS TRABALHOS LEGISLATIVOS - blog do er\u00ea","isPartOf":{"@id":"https:\/\/blogdoere.com.br\/#website"},"datePublished":"2025-02-06T17:10:03+00:00","dateModified":"2025-02-06T17:13:57+00:00","breadcrumb":{"@id":"https:\/\/blogdoere.com.br\/?p=28869#breadcrumb"},"inLanguage":"pt-PT","potentialAction":[{"@type":"ReadAction","target":["https:\/\/blogdoere.com.br\/?p=28869"]}]},{"@type":"BreadcrumbList","@id":"https:\/\/blogdoere.com.br\/?p=28869#breadcrumb","itemListElement":[{"@type":"ListItem","position":1,"name":"In\u00edcio","item":"https:\/\/blogdoere.com.br\/"},{"@type":"ListItem","position":2,"name":"ITAJU\u00cdPE: SESS\u00c3O ESPECIAL ABRE OS TRABALHOS LEGISLATIVOS"}]},{"@type":"WebSite","@id":"https:\/\/blogdoere.com.br\/#website","url":"https:\/\/blogdoere.com.br\/","name":"blog do er\u00ea","description":"","publisher":{"@id":"https:\/\/blogdoere.com.br\/#organization"},"potentialAction":[{"@type":"SearchAction","target":{"@type":"EntryPoint","urlTemplate":"https:\/\/blogdoere.com.br\/?s={search_term_string}"},"query-input":"required name=search_term_string"}],"inLanguage":"pt-PT"},{"@type":"Organization","@id":"https:\/\/blogdoere.com.br\/#organization","name":"Blog do Er\u00ea","url":"https:\/\/blogdoere.com.br\/","logo":{"@type":"ImageObject","inLanguage":"pt-PT","@id":"https:\/\/blogdoere.com.br\/#\/schema\/logo\/image\/","url":"https:\/\/blogdoere.com.br\/wp-content\/uploads\/2021\/11\/Logo-Ere-1.png","contentUrl":"https:\/\/blogdoere.com.br\/wp-content\/uploads\/2021\/11\/Logo-Ere-1.png","width":1261,"height":1330,"caption":"Blog do Er\u00ea"},"image":{"@id":"https:\/\/blogdoere.com.br\/#\/schema\/logo\/image\/"}},{"@type":"Person","@id":"https:\/\/blogdoere.com.br\/#\/schema\/person\/c4f6d566a44c7bacdda563667715d18b","name":"blogdoere@hotmail.com","image":{"@type":"ImageObject","inLanguage":"pt-PT","@id":"https:\/\/blogdoere.com.br\/#\/schema\/person\/image\/","url":"https:\/\/secure.gravatar.com\/avatar\/5684bd39df1289cb639b4ab539d6fcad69420e4a29521548fc078c58ed122fe6?s=96&d=mm&r=g","contentUrl":"https:\/\/secure.gravatar.com\/avatar\/5684bd39df1289cb639b4ab539d6fcad69420e4a29521548fc078c58ed122fe6?s=96&d=mm&r=g","caption":"blogdoere@hotmail.com"},"sameAs":["http:\/\/blogdoere.com.br"]}]}},"featured_image_urls":{"full":["https:\/\/blogdoere.com.br\/wp-content\/uploads\/2025\/02\/IMG-20250206-WA0058.jpg",752,865,false],"thumbnail":["https:\/\/blogdoere.com.br\/wp-content\/uploads\/2025\/02\/IMG-20250206-WA0058-150x150.jpg",150,150,true],"medium":["https:\/\/blogdoere.com.br\/wp-content\/uploads\/2025\/02\/IMG-20250206-WA0058-261x300.jpg",261,300,true],"medium_large":["https:\/\/blogdoere.com.br\/wp-content\/uploads\/2025\/02\/IMG-20250206-WA0058.jpg",752,865,false],"large":["https:\/\/blogdoere.com.br\/wp-content\/uploads\/2025\/02\/IMG-20250206-WA0058.jpg",752,865,false],"1536x1536":["https:\/\/blogdoere.com.br\/wp-content\/uploads\/2025\/02\/IMG-20250206-WA0058.jpg",752,865,false],"2048x2048":["https:\/\/blogdoere.com.br\/wp-content\/uploads\/2025\/02\/IMG-20250206-WA0058.jpg",752,865,false]},"author_info":{"display_name":"blogdoere@hotmail.com","author_link":"https:\/\/blogdoere.com.br\/?author=1"},"category_info":"<a href=\"https:\/\/blogdoere.com.br\/?cat=1\" rel=\"category\">Destaques<\/a>","tag_info":"Destaques","comment_count":"0","_links":{"self":[{"href":"https:\/\/blogdoere.com.br\/index.php?rest_route=\/wp\/v2\/posts\/28869","targetHints":{"allow":["GET"]}}],"collection":[{"href":"https:\/\/blogdoere.com.br\/index.php?rest_route=\/wp\/v2\/posts"}],"about":[{"href":"https:\/\/blogdoere.com.br\/index.php?rest_route=\/wp\/v2\/types\/post"}],"author":[{"embeddable":true,"href":"https:\/\/blogdoere.com.br\/index.php?rest_route=\/wp\/v2\/users\/1"}],"replies":[{"embeddable":true,"href":"https:\/\/blogdoere.com.br\/index.php?rest_route=%2Fwp%2Fv2%2Fcomments&post=28869"}],"version-history":[{"count":1,"href":"https:\/\/blogdoere.com.br\/index.php?rest_route=\/wp\/v2\/posts\/28869\/revisions"}],"predecessor-version":[{"id":28871,"href":"https:\/\/blogdoere.com.br\/index.php?rest_route=\/wp\/v2\/posts\/28869\/revisions\/28871"}],"wp:featuredmedia":[{"embeddable":true,"href":"https:\/\/blogdoere.com.br\/index.php?rest_route=\/wp\/v2\/media\/28863"}],"wp:attachment":[{"href":"https:\/\/blogdoere.com.br\/index.php?rest_route=%2Fwp%2Fv2%2Fmedia&parent=28869"}],"wp:term":[{"taxonomy":"category","embeddable":true,"href":"https:\/\/blogdoere.com.br\/index.php?rest_route=%2Fwp%2Fv2%2Fcategories&post=28869"},{"taxonomy":"post_tag","embeddable":true,"href":"https:\/\/blogdoere.com.br\/index.php?rest_route=%2Fwp%2Fv2%2Ftags&post=28869"}],"curies":[{"name":"wp","href":"https:\/\/api.w.org\/{rel}","templated":true}]}}