{"id":28890,"date":"2025-02-11T02:33:28","date_gmt":"2025-02-11T02:33:28","guid":{"rendered":"https:\/\/blogdoere.com.br\/?p=28890"},"modified":"2025-02-11T02:33:29","modified_gmt":"2025-02-11T02:33:29","slug":"colegio-polivalente-um-importante-capitulo-na-historia-educacional-de-itajuipe","status":"publish","type":"post","link":"https:\/\/blogdoere.com.br\/?p=28890","title":{"rendered":"Col\u00e9gio Polivalente: Um Importante Cap\u00edtulo na Hist\u00f3ria Educacional de Itaju\u00edpe"},"content":{"rendered":"\n<figure class=\"wp-block-image size-large\"><img decoding=\"async\" width=\"1024\" height=\"863\" src=\"https:\/\/blogdoere.com.br\/wp-content\/uploads\/2025\/02\/IMG_20250210_090352_448-1024x863.webp\" alt=\"\" class=\"wp-image-28891\" srcset=\"https:\/\/blogdoere.com.br\/wp-content\/uploads\/2025\/02\/IMG_20250210_090352_448-1024x863.webp 1024w, https:\/\/blogdoere.com.br\/wp-content\/uploads\/2025\/02\/IMG_20250210_090352_448-300x253.webp 300w, https:\/\/blogdoere.com.br\/wp-content\/uploads\/2025\/02\/IMG_20250210_090352_448-768x647.webp 768w, https:\/\/blogdoere.com.br\/wp-content\/uploads\/2025\/02\/IMG_20250210_090352_448-1536x1295.webp 1536w, https:\/\/blogdoere.com.br\/wp-content\/uploads\/2025\/02\/IMG_20250210_090352_448-2048x1727.webp 2048w\" sizes=\"(max-width: 1024px) 100vw, 1024px\" \/><\/figure>\n\n\n\n<p>O Col\u00e9gio Estadual Polivalente de Itaju\u00edpe, inaugurado em 3 de abril de 1972, representa um marco significativo na trajet\u00f3ria educacional da cidade. Sob a lideran\u00e7a da primeira diretora, a memor\u00e1vel professora Maria \u00c2ngela Ramos Bezerra, e durante a gest\u00e3o do ent\u00e3o prefeito Sebasti\u00e3o Otoni de Oliveira, a escola foi criada com a proposta de se estabelecer como uma institui\u00e7\u00e3o t\u00e9cnica, oferecendo uma forma\u00e7\u00e3o diversificada que inclu\u00eda disciplinas como marcenaria e culin\u00e1ria.<\/p>\n\n\n\n<p>Nos seus primeiros anos, o Polivalente se destacou como um verdadeiro centro de aprendizado e forma\u00e7\u00e3o profissional, atraindo estudantes e fam\u00edlias em busca de uma educa\u00e7\u00e3o de qualidade. Contudo, com o passar do tempo, a escola enfrentou desafios que comprometeram sua identidade e atratividade. Apesar de continuar a revelar talentos promissores, muitos alunos alcan\u00e7aram \u00eaxito em exames como o vestibular e ENEM, a institui\u00e7\u00e3o come\u00e7ou a perder seu prest\u00edgio.<\/p>\n\n\n\n<p>Diante dessa situa\u00e7\u00e3o, o governo estadual atendeu ao clamor por melhorias e revitaliza\u00e7\u00e3o. Ap\u00f3s um per\u00edodo de reformas significativas, o Col\u00e9gio Polivalente reabriu suas portas para um novo ano letivo, apresentando uma infraestrutura modernizada que atende \u00e0s exig\u00eancias do mundo contempor\u00e2neo. Hoje, o Polivalente conta com amplas instala\u00e7\u00f5es, incluindo uma quadra poliesportiva, um anfiteatro e salas de aula equipadas com recursos tecnol\u00f3gicos adequados.<\/p>\n\n\n\n<p>Esse renascimento do Col\u00e9gio Estadual Polivalente de Itaju\u00edpe n\u00e3o se resume apenas a uma transforma\u00e7\u00e3o f\u00edsica, mas reflete um compromisso renovado com a qualidade da educa\u00e7\u00e3o. A nova fase da escola, agora em tempo integral, visa inspirar tanto alunos quanto educadores, promovendo um ambiente prop\u00edcio ao aprendizado e ao desenvolvimento pessoal. A educa\u00e7\u00e3o, nesse contexto, se reafirma como a chave que liberta e capacita os indiv\u00edduos a alcan\u00e7arem seus objetivos e contribu\u00edrem para a sociedade.<\/p>\n\n\n\n<p>Em suma, o Col\u00e9gio Polivalente n\u00e3o s\u00f3 faz parte da hist\u00f3ria de Itaju\u00edpe, mas tamb\u00e9m continua a moldar o futuro de seus estudantes, reafirmando a import\u00e2ncia de uma educa\u00e7\u00e3o de qualidade e acess\u00edvel.<\/p>\n\n\n\n<p>Por: Er\u00ea Silva<\/p>\n\n\n\n<p><\/p>\n\n\n\n<p><\/p>\n","protected":false},"excerpt":{"rendered":"<p>O Col\u00e9gio Estadual Polivalente de Itaju\u00edpe, inaugurado em 3 de abril de 1972, representa um marco significativo na trajet\u00f3ria educacional da cidade. Sob a lideran\u00e7a da primeira diretora, a memor\u00e1vel&#8230;<\/p>\n","protected":false},"author":1,"featured_media":28891,"comment_status":"open","ping_status":"open","sticky":false,"template":"","format":"standard","meta":{"_editorskit_title_hidden":false,"_editorskit_reading_time":0,"_editorskit_is_block_options_detached":false,"_editorskit_block_options_position":"{}","om_disable_all_campaigns":false,"_mi_skip_tracking":false,"_kad_post_transparent":"","_kad_post_title":"","_kad_post_layout":"","_kad_post_sidebar_id":"","_kad_post_content_style":"","_kad_post_vertical_padding":"","_kad_post_feature":"","_kad_post_feature_position":"","_kad_post_header":false,"_kad_post_footer":false,"footnotes":""},"categories":[70],"tags":[],"class_list":["post-28890","post","type-post","status-publish","format-standard","has-post-thumbnail","hentry","category-educacao"],"yoast_head":"<!-- This site is optimized with the Yoast SEO plugin v20.5 - https:\/\/yoast.com\/wordpress\/plugins\/seo\/ -->\n<title>Col\u00e9gio Polivalente: Um Importante Cap\u00edtulo na Hist\u00f3ria Educacional de Itaju\u00edpe - blog do er\u00ea<\/title>\n<meta name=\"robots\" content=\"index, follow, max-snippet:-1, max-image-preview:large, max-video-preview:-1\" \/>\n<link rel=\"canonical\" href=\"https:\/\/blogdoere.com.br\/?p=28890\" \/>\n<meta property=\"og:locale\" content=\"pt_PT\" \/>\n<meta property=\"og:type\" content=\"article\" \/>\n<meta property=\"og:title\" content=\"Col\u00e9gio Polivalente: Um Importante Cap\u00edtulo na Hist\u00f3ria Educacional de Itaju\u00edpe - blog do er\u00ea\" \/>\n<meta property=\"og:description\" content=\"O Col\u00e9gio Estadual Polivalente de Itaju\u00edpe, inaugurado em 3 de abril de 1972, representa um marco significativo na trajet\u00f3ria educacional da cidade. Sob a lideran\u00e7a da primeira diretora, a memor\u00e1vel...\" \/>\n<meta property=\"og:url\" content=\"https:\/\/blogdoere.com.br\/?p=28890\" \/>\n<meta property=\"og:site_name\" content=\"blog do er\u00ea\" \/>\n<meta property=\"article:published_time\" content=\"2025-02-11T02:33:28+00:00\" \/>\n<meta property=\"article:modified_time\" content=\"2025-02-11T02:33:29+00:00\" \/>\n<meta property=\"og:image\" content=\"https:\/\/blogdoere.com.br\/wp-content\/uploads\/2025\/02\/IMG_20250210_090352_448-scaled.webp\" \/>\n\t<meta property=\"og:image:width\" content=\"2560\" \/>\n\t<meta property=\"og:image:height\" content=\"2158\" \/>\n\t<meta property=\"og:image:type\" content=\"image\/webp\" \/>\n<meta name=\"author\" content=\"blogdoere@hotmail.com\" \/>\n<meta name=\"twitter:card\" content=\"summary_large_image\" \/>\n<meta name=\"twitter:label1\" content=\"Escrito por\" \/>\n\t<meta name=\"twitter:data1\" content=\"blogdoere@hotmail.com\" \/>\n\t<meta name=\"twitter:label2\" content=\"Tempo estimado de leitura\" \/>\n\t<meta name=\"twitter:data2\" content=\"2 minutos\" \/>\n<script type=\"application\/ld+json\" class=\"yoast-schema-graph\">{\"@context\":\"https:\/\/schema.org\",\"@graph\":[{\"@type\":\"Article\",\"@id\":\"https:\/\/blogdoere.com.br\/?p=28890#article\",\"isPartOf\":{\"@id\":\"https:\/\/blogdoere.com.br\/?p=28890\"},\"author\":{\"name\":\"blogdoere@hotmail.com\",\"@id\":\"https:\/\/blogdoere.com.br\/#\/schema\/person\/c4f6d566a44c7bacdda563667715d18b\"},\"headline\":\"Col\u00e9gio Polivalente: Um Importante Cap\u00edtulo na Hist\u00f3ria Educacional de Itaju\u00edpe\",\"datePublished\":\"2025-02-11T02:33:28+00:00\",\"dateModified\":\"2025-02-11T02:33:29+00:00\",\"mainEntityOfPage\":{\"@id\":\"https:\/\/blogdoere.com.br\/?p=28890\"},\"wordCount\":374,\"commentCount\":0,\"publisher\":{\"@id\":\"https:\/\/blogdoere.com.br\/#organization\"},\"articleSection\":[\"Educa\u00e7\u00e3o\"],\"inLanguage\":\"pt-PT\",\"potentialAction\":[{\"@type\":\"CommentAction\",\"name\":\"Comment\",\"target\":[\"https:\/\/blogdoere.com.br\/?p=28890#respond\"]}]},{\"@type\":\"WebPage\",\"@id\":\"https:\/\/blogdoere.com.br\/?p=28890\",\"url\":\"https:\/\/blogdoere.com.br\/?p=28890\",\"name\":\"Col\u00e9gio Polivalente: Um Importante Cap\u00edtulo na Hist\u00f3ria Educacional de Itaju\u00edpe - blog do er\u00ea\",\"isPartOf\":{\"@id\":\"https:\/\/blogdoere.com.br\/#website\"},\"datePublished\":\"2025-02-11T02:33:28+00:00\",\"dateModified\":\"2025-02-11T02:33:29+00:00\",\"breadcrumb\":{\"@id\":\"https:\/\/blogdoere.com.br\/?p=28890#breadcrumb\"},\"inLanguage\":\"pt-PT\",\"potentialAction\":[{\"@type\":\"ReadAction\",\"target\":[\"https:\/\/blogdoere.com.br\/?p=28890\"]}]},{\"@type\":\"BreadcrumbList\",\"@id\":\"https:\/\/blogdoere.com.br\/?p=28890#breadcrumb\",\"itemListElement\":[{\"@type\":\"ListItem\",\"position\":1,\"name\":\"In\u00edcio\",\"item\":\"https:\/\/blogdoere.com.br\/\"},{\"@type\":\"ListItem\",\"position\":2,\"name\":\"Col\u00e9gio Polivalente: Um Importante Cap\u00edtulo na Hist\u00f3ria Educacional de Itaju\u00edpe\"}]},{\"@type\":\"WebSite\",\"@id\":\"https:\/\/blogdoere.com.br\/#website\",\"url\":\"https:\/\/blogdoere.com.br\/\",\"name\":\"blog do er\u00ea\",\"description\":\"\",\"publisher\":{\"@id\":\"https:\/\/blogdoere.com.br\/#organization\"},\"potentialAction\":[{\"@type\":\"SearchAction\",\"target\":{\"@type\":\"EntryPoint\",\"urlTemplate\":\"https:\/\/blogdoere.com.br\/?s={search_term_string}\"},\"query-input\":\"required name=search_term_string\"}],\"inLanguage\":\"pt-PT\"},{\"@type\":\"Organization\",\"@id\":\"https:\/\/blogdoere.com.br\/#organization\",\"name\":\"Blog do Er\u00ea\",\"url\":\"https:\/\/blogdoere.com.br\/\",\"logo\":{\"@type\":\"ImageObject\",\"inLanguage\":\"pt-PT\",\"@id\":\"https:\/\/blogdoere.com.br\/#\/schema\/logo\/image\/\",\"url\":\"https:\/\/blogdoere.com.br\/wp-content\/uploads\/2021\/11\/Logo-Ere-1.png\",\"contentUrl\":\"https:\/\/blogdoere.com.br\/wp-content\/uploads\/2021\/11\/Logo-Ere-1.png\",\"width\":1261,\"height\":1330,\"caption\":\"Blog do Er\u00ea\"},\"image\":{\"@id\":\"https:\/\/blogdoere.com.br\/#\/schema\/logo\/image\/\"}},{\"@type\":\"Person\",\"@id\":\"https:\/\/blogdoere.com.br\/#\/schema\/person\/c4f6d566a44c7bacdda563667715d18b\",\"name\":\"blogdoere@hotmail.com\",\"image\":{\"@type\":\"ImageObject\",\"inLanguage\":\"pt-PT\",\"@id\":\"https:\/\/blogdoere.com.br\/#\/schema\/person\/image\/\",\"url\":\"https:\/\/secure.gravatar.com\/avatar\/5684bd39df1289cb639b4ab539d6fcad69420e4a29521548fc078c58ed122fe6?s=96&d=mm&r=g\",\"contentUrl\":\"https:\/\/secure.gravatar.com\/avatar\/5684bd39df1289cb639b4ab539d6fcad69420e4a29521548fc078c58ed122fe6?s=96&d=mm&r=g\",\"caption\":\"blogdoere@hotmail.com\"},\"sameAs\":[\"http:\/\/blogdoere.com.br\"]}]}<\/script>\n<!-- \/ Yoast SEO plugin. -->","yoast_head_json":{"title":"Col\u00e9gio Polivalente: Um Importante Cap\u00edtulo na Hist\u00f3ria Educacional de Itaju\u00edpe - blog do er\u00ea","robots":{"index":"index","follow":"follow","max-snippet":"max-snippet:-1","max-image-preview":"max-image-preview:large","max-video-preview":"max-video-preview:-1"},"canonical":"https:\/\/blogdoere.com.br\/?p=28890","og_locale":"pt_PT","og_type":"article","og_title":"Col\u00e9gio Polivalente: Um Importante Cap\u00edtulo na Hist\u00f3ria Educacional de Itaju\u00edpe - blog do er\u00ea","og_description":"O Col\u00e9gio Estadual Polivalente de Itaju\u00edpe, inaugurado em 3 de abril de 1972, representa um marco significativo na trajet\u00f3ria educacional da cidade. Sob a lideran\u00e7a da primeira diretora, a memor\u00e1vel...","og_url":"https:\/\/blogdoere.com.br\/?p=28890","og_site_name":"blog do er\u00ea","article_published_time":"2025-02-11T02:33:28+00:00","article_modified_time":"2025-02-11T02:33:29+00:00","og_image":[{"width":2560,"height":2158,"url":"https:\/\/blogdoere.com.br\/wp-content\/uploads\/2025\/02\/IMG_20250210_090352_448-scaled.webp","type":"image\/webp"}],"author":"blogdoere@hotmail.com","twitter_card":"summary_large_image","twitter_misc":{"Escrito por":"blogdoere@hotmail.com","Tempo estimado de leitura":"2 minutos"},"schema":{"@context":"https:\/\/schema.org","@graph":[{"@type":"Article","@id":"https:\/\/blogdoere.com.br\/?p=28890#article","isPartOf":{"@id":"https:\/\/blogdoere.com.br\/?p=28890"},"author":{"name":"blogdoere@hotmail.com","@id":"https:\/\/blogdoere.com.br\/#\/schema\/person\/c4f6d566a44c7bacdda563667715d18b"},"headline":"Col\u00e9gio Polivalente: Um Importante Cap\u00edtulo na Hist\u00f3ria Educacional de Itaju\u00edpe","datePublished":"2025-02-11T02:33:28+00:00","dateModified":"2025-02-11T02:33:29+00:00","mainEntityOfPage":{"@id":"https:\/\/blogdoere.com.br\/?p=28890"},"wordCount":374,"commentCount":0,"publisher":{"@id":"https:\/\/blogdoere.com.br\/#organization"},"articleSection":["Educa\u00e7\u00e3o"],"inLanguage":"pt-PT","potentialAction":[{"@type":"CommentAction","name":"Comment","target":["https:\/\/blogdoere.com.br\/?p=28890#respond"]}]},{"@type":"WebPage","@id":"https:\/\/blogdoere.com.br\/?p=28890","url":"https:\/\/blogdoere.com.br\/?p=28890","name":"Col\u00e9gio Polivalente: Um Importante Cap\u00edtulo na Hist\u00f3ria Educacional de Itaju\u00edpe - blog do er\u00ea","isPartOf":{"@id":"https:\/\/blogdoere.com.br\/#website"},"datePublished":"2025-02-11T02:33:28+00:00","dateModified":"2025-02-11T02:33:29+00:00","breadcrumb":{"@id":"https:\/\/blogdoere.com.br\/?p=28890#breadcrumb"},"inLanguage":"pt-PT","potentialAction":[{"@type":"ReadAction","target":["https:\/\/blogdoere.com.br\/?p=28890"]}]},{"@type":"BreadcrumbList","@id":"https:\/\/blogdoere.com.br\/?p=28890#breadcrumb","itemListElement":[{"@type":"ListItem","position":1,"name":"In\u00edcio","item":"https:\/\/blogdoere.com.br\/"},{"@type":"ListItem","position":2,"name":"Col\u00e9gio Polivalente: Um Importante Cap\u00edtulo na Hist\u00f3ria Educacional de Itaju\u00edpe"}]},{"@type":"WebSite","@id":"https:\/\/blogdoere.com.br\/#website","url":"https:\/\/blogdoere.com.br\/","name":"blog do er\u00ea","description":"","publisher":{"@id":"https:\/\/blogdoere.com.br\/#organization"},"potentialAction":[{"@type":"SearchAction","target":{"@type":"EntryPoint","urlTemplate":"https:\/\/blogdoere.com.br\/?s={search_term_string}"},"query-input":"required name=search_term_string"}],"inLanguage":"pt-PT"},{"@type":"Organization","@id":"https:\/\/blogdoere.com.br\/#organization","name":"Blog do Er\u00ea","url":"https:\/\/blogdoere.com.br\/","logo":{"@type":"ImageObject","inLanguage":"pt-PT","@id":"https:\/\/blogdoere.com.br\/#\/schema\/logo\/image\/","url":"https:\/\/blogdoere.com.br\/wp-content\/uploads\/2021\/11\/Logo-Ere-1.png","contentUrl":"https:\/\/blogdoere.com.br\/wp-content\/uploads\/2021\/11\/Logo-Ere-1.png","width":1261,"height":1330,"caption":"Blog do Er\u00ea"},"image":{"@id":"https:\/\/blogdoere.com.br\/#\/schema\/logo\/image\/"}},{"@type":"Person","@id":"https:\/\/blogdoere.com.br\/#\/schema\/person\/c4f6d566a44c7bacdda563667715d18b","name":"blogdoere@hotmail.com","image":{"@type":"ImageObject","inLanguage":"pt-PT","@id":"https:\/\/blogdoere.com.br\/#\/schema\/person\/image\/","url":"https:\/\/secure.gravatar.com\/avatar\/5684bd39df1289cb639b4ab539d6fcad69420e4a29521548fc078c58ed122fe6?s=96&d=mm&r=g","contentUrl":"https:\/\/secure.gravatar.com\/avatar\/5684bd39df1289cb639b4ab539d6fcad69420e4a29521548fc078c58ed122fe6?s=96&d=mm&r=g","caption":"blogdoere@hotmail.com"},"sameAs":["http:\/\/blogdoere.com.br"]}]}},"featured_image_urls":{"full":["https:\/\/blogdoere.com.br\/wp-content\/uploads\/2025\/02\/IMG_20250210_090352_448-scaled.webp",2560,2158,false],"thumbnail":["https:\/\/blogdoere.com.br\/wp-content\/uploads\/2025\/02\/IMG_20250210_090352_448-150x150.webp",150,150,true],"medium":["https:\/\/blogdoere.com.br\/wp-content\/uploads\/2025\/02\/IMG_20250210_090352_448-300x253.webp",300,253,true],"medium_large":["https:\/\/blogdoere.com.br\/wp-content\/uploads\/2025\/02\/IMG_20250210_090352_448-768x647.webp",768,647,true],"large":["https:\/\/blogdoere.com.br\/wp-content\/uploads\/2025\/02\/IMG_20250210_090352_448-1024x863.webp",1024,863,true],"1536x1536":["https:\/\/blogdoere.com.br\/wp-content\/uploads\/2025\/02\/IMG_20250210_090352_448-1536x1295.webp",1536,1295,true],"2048x2048":["https:\/\/blogdoere.com.br\/wp-content\/uploads\/2025\/02\/IMG_20250210_090352_448-2048x1727.webp",2048,1727,true]},"author_info":{"display_name":"blogdoere@hotmail.com","author_link":"https:\/\/blogdoere.com.br\/?author=1"},"category_info":"<a href=\"https:\/\/blogdoere.com.br\/?cat=70\" rel=\"category\">Educa\u00e7\u00e3o<\/a>","tag_info":"Educa\u00e7\u00e3o","comment_count":"0","_links":{"self":[{"href":"https:\/\/blogdoere.com.br\/index.php?rest_route=\/wp\/v2\/posts\/28890","targetHints":{"allow":["GET"]}}],"collection":[{"href":"https:\/\/blogdoere.com.br\/index.php?rest_route=\/wp\/v2\/posts"}],"about":[{"href":"https:\/\/blogdoere.com.br\/index.php?rest_route=\/wp\/v2\/types\/post"}],"author":[{"embeddable":true,"href":"https:\/\/blogdoere.com.br\/index.php?rest_route=\/wp\/v2\/users\/1"}],"replies":[{"embeddable":true,"href":"https:\/\/blogdoere.com.br\/index.php?rest_route=%2Fwp%2Fv2%2Fcomments&post=28890"}],"version-history":[{"count":1,"href":"https:\/\/blogdoere.com.br\/index.php?rest_route=\/wp\/v2\/posts\/28890\/revisions"}],"predecessor-version":[{"id":28892,"href":"https:\/\/blogdoere.com.br\/index.php?rest_route=\/wp\/v2\/posts\/28890\/revisions\/28892"}],"wp:featuredmedia":[{"embeddable":true,"href":"https:\/\/blogdoere.com.br\/index.php?rest_route=\/wp\/v2\/media\/28891"}],"wp:attachment":[{"href":"https:\/\/blogdoere.com.br\/index.php?rest_route=%2Fwp%2Fv2%2Fmedia&parent=28890"}],"wp:term":[{"taxonomy":"category","embeddable":true,"href":"https:\/\/blogdoere.com.br\/index.php?rest_route=%2Fwp%2Fv2%2Fcategories&post=28890"},{"taxonomy":"post_tag","embeddable":true,"href":"https:\/\/blogdoere.com.br\/index.php?rest_route=%2Fwp%2Fv2%2Ftags&post=28890"}],"curies":[{"name":"wp","href":"https:\/\/api.w.org\/{rel}","templated":true}]}}