{"id":28893,"date":"2025-02-11T03:09:23","date_gmt":"2025-02-11T03:09:23","guid":{"rendered":"https:\/\/blogdoere.com.br\/?p=28893"},"modified":"2025-02-11T03:17:38","modified_gmt":"2025-02-11T03:17:38","slug":"presidente-da-alba-sofre-derrota-no-stf-e-vice-assume-a-lideranca-da-casa","status":"publish","type":"post","link":"https:\/\/blogdoere.com.br\/?p=28893","title":{"rendered":"Presidente da Alba Sofre Derrota no STF e Vice assume a Lideran\u00e7a da Casa"},"content":{"rendered":"\n<figure class=\"wp-block-image size-large\"><img decoding=\"async\" width=\"1024\" height=\"609\" src=\"https:\/\/blogdoere.com.br\/wp-content\/uploads\/2025\/02\/adolfo-menezes-1024x576-3-1024x609.webp\" alt=\"\" class=\"wp-image-28894\" srcset=\"https:\/\/blogdoere.com.br\/wp-content\/uploads\/2025\/02\/adolfo-menezes-1024x576-3-1024x609.webp 1024w, https:\/\/blogdoere.com.br\/wp-content\/uploads\/2025\/02\/adolfo-menezes-1024x576-3-300x179.webp 300w, https:\/\/blogdoere.com.br\/wp-content\/uploads\/2025\/02\/adolfo-menezes-1024x576-3-768x457.webp 768w, https:\/\/blogdoere.com.br\/wp-content\/uploads\/2025\/02\/adolfo-menezes-1024x576-3.webp 1210w\" sizes=\"(max-width: 1024px) 100vw, 1024px\" \/><\/figure>\n\n\n\n<p>Na tarde desta segunda-feira, 10 de fevereiro, o presidente rec\u00e9m-eleito da Assembleia Legislativa da Bahia (Alba), Adolfo Menezes (PSD), enfrentou uma reviravolta ao sofrer uma derrota no Supremo Tribunal Federal (STF). A decis\u00e3o judicial, esperada por muitos, destaca a controv\u00e9rsia em torno da sua reelei\u00e7\u00e3o para a presid\u00eancia da casa legislativa pela terceira vez.<\/p>\n\n\n\n<p>Menezes conquistou um expressivo apoio na elei\u00e7\u00e3o, recebendo 61 dos 62 votos dos deputados presentes, com apenas uma absten\u00e7\u00e3o registrada. No entanto, sua insist\u00eancia em continuar \u00e0 frente da presid\u00eancia gerou questionamentos legais.<\/p>\n\n\n\n<p>O deputado estadual Hilton Coelho (PSOL), que concorreu  ao cargo \u2013 um dos cr\u00edticos da reelei\u00e7\u00e3o, j\u00e1 havia antecipado a possibilidade de um desfecho desfavor\u00e1vel para Menezes. Em resposta \u00e0 situa\u00e7\u00e3o, o PSOL protocolou um mandato de seguran\u00e7a no Tribunal de Justi\u00e7a da Bahia, mas n\u00e3o obteve o resultado esperado. O partido, ent\u00e3o, recorreu ao STF, que decidiu a favor da legenda, reafirmando a legisla\u00e7\u00e3o que pro\u00edbe a recondu\u00e7\u00e3o ao cargo de presidente da Alba por mais de duas vezes consecutivas.<\/p>\n\n\n\n<p>Ap\u00f3s a decis\u00e3o, Hilton Coelho comemorou o veredicto em suas redes sociais, celebrando a vit\u00f3ria da legalidade sobre a insist\u00eancia de Menezes em permanecer no cargo. Com a sa\u00edda de Adolfo Menezes da presid\u00eancia, a vice-presidente Ivana Bastos (PSD) assume interinamente a lideran\u00e7a da Alba, enquanto a justi\u00e7a avan\u00e7a com o processo que dever\u00e1 oficializar a exclus\u00e3o do deputado do cargo. A situa\u00e7\u00e3o gera expectativa sobre os pr\u00f3ximos passos na Alba e os impactos pol\u00edticos decorrentes dessa decis\u00e3o judicial.<\/p>\n","protected":false},"excerpt":{"rendered":"<p>Na tarde desta segunda-feira, 10 de fevereiro, o presidente rec\u00e9m-eleito da Assembleia Legislativa da Bahia (Alba), Adolfo Menezes (PSD), enfrentou uma reviravolta ao sofrer uma derrota no Supremo Tribunal Federal&#8230;<\/p>\n","protected":false},"author":1,"featured_media":28894,"comment_status":"open","ping_status":"open","sticky":false,"template":"","format":"standard","meta":{"_editorskit_title_hidden":false,"_editorskit_reading_time":0,"_editorskit_is_block_options_detached":false,"_editorskit_block_options_position":"{}","om_disable_all_campaigns":false,"_mi_skip_tracking":false,"_kad_post_transparent":"","_kad_post_title":"","_kad_post_layout":"","_kad_post_sidebar_id":"","_kad_post_content_style":"","_kad_post_vertical_padding":"","_kad_post_feature":"","_kad_post_feature_position":"","_kad_post_header":false,"_kad_post_footer":false,"footnotes":""},"categories":[39],"tags":[],"class_list":["post-28893","post","type-post","status-publish","format-standard","has-post-thumbnail","hentry","category-bahia"],"yoast_head":"<!-- This site is optimized with the Yoast SEO plugin v20.5 - https:\/\/yoast.com\/wordpress\/plugins\/seo\/ -->\n<title>Presidente da Alba Sofre Derrota no STF e Vice assume a Lideran\u00e7a da Casa - blog do er\u00ea<\/title>\n<meta name=\"robots\" content=\"index, follow, max-snippet:-1, max-image-preview:large, max-video-preview:-1\" \/>\n<link rel=\"canonical\" href=\"https:\/\/blogdoere.com.br\/?p=28893\" \/>\n<meta property=\"og:locale\" content=\"pt_PT\" \/>\n<meta property=\"og:type\" content=\"article\" \/>\n<meta property=\"og:title\" content=\"Presidente da Alba Sofre Derrota no STF e Vice assume a Lideran\u00e7a da Casa - blog do er\u00ea\" \/>\n<meta property=\"og:description\" content=\"Na tarde desta segunda-feira, 10 de fevereiro, o presidente rec\u00e9m-eleito da Assembleia Legislativa da Bahia (Alba), Adolfo Menezes (PSD), enfrentou uma reviravolta ao sofrer uma derrota no Supremo Tribunal Federal...\" \/>\n<meta property=\"og:url\" content=\"https:\/\/blogdoere.com.br\/?p=28893\" \/>\n<meta property=\"og:site_name\" content=\"blog do er\u00ea\" \/>\n<meta property=\"article:published_time\" content=\"2025-02-11T03:09:23+00:00\" \/>\n<meta property=\"article:modified_time\" content=\"2025-02-11T03:17:38+00:00\" \/>\n<meta property=\"og:image\" content=\"https:\/\/blogdoere.com.br\/wp-content\/uploads\/2025\/02\/adolfo-menezes-1024x576-3.webp\" \/>\n\t<meta property=\"og:image:width\" content=\"1210\" \/>\n\t<meta property=\"og:image:height\" content=\"720\" \/>\n\t<meta property=\"og:image:type\" content=\"image\/webp\" \/>\n<meta name=\"author\" content=\"blogdoere@hotmail.com\" \/>\n<meta name=\"twitter:card\" content=\"summary_large_image\" \/>\n<meta name=\"twitter:label1\" content=\"Escrito por\" \/>\n\t<meta name=\"twitter:data1\" content=\"blogdoere@hotmail.com\" \/>\n\t<meta name=\"twitter:label2\" content=\"Tempo estimado de leitura\" \/>\n\t<meta name=\"twitter:data2\" content=\"2 minutos\" \/>\n<script type=\"application\/ld+json\" class=\"yoast-schema-graph\">{\"@context\":\"https:\/\/schema.org\",\"@graph\":[{\"@type\":\"Article\",\"@id\":\"https:\/\/blogdoere.com.br\/?p=28893#article\",\"isPartOf\":{\"@id\":\"https:\/\/blogdoere.com.br\/?p=28893\"},\"author\":{\"name\":\"blogdoere@hotmail.com\",\"@id\":\"https:\/\/blogdoere.com.br\/#\/schema\/person\/c4f6d566a44c7bacdda563667715d18b\"},\"headline\":\"Presidente da Alba Sofre Derrota no STF e Vice assume a Lideran\u00e7a da Casa\",\"datePublished\":\"2025-02-11T03:09:23+00:00\",\"dateModified\":\"2025-02-11T03:17:38+00:00\",\"mainEntityOfPage\":{\"@id\":\"https:\/\/blogdoere.com.br\/?p=28893\"},\"wordCount\":290,\"commentCount\":0,\"publisher\":{\"@id\":\"https:\/\/blogdoere.com.br\/#organization\"},\"articleSection\":[\"Bahia\"],\"inLanguage\":\"pt-PT\",\"potentialAction\":[{\"@type\":\"CommentAction\",\"name\":\"Comment\",\"target\":[\"https:\/\/blogdoere.com.br\/?p=28893#respond\"]}]},{\"@type\":\"WebPage\",\"@id\":\"https:\/\/blogdoere.com.br\/?p=28893\",\"url\":\"https:\/\/blogdoere.com.br\/?p=28893\",\"name\":\"Presidente da Alba Sofre Derrota no STF e Vice assume a Lideran\u00e7a da Casa - blog do er\u00ea\",\"isPartOf\":{\"@id\":\"https:\/\/blogdoere.com.br\/#website\"},\"datePublished\":\"2025-02-11T03:09:23+00:00\",\"dateModified\":\"2025-02-11T03:17:38+00:00\",\"breadcrumb\":{\"@id\":\"https:\/\/blogdoere.com.br\/?p=28893#breadcrumb\"},\"inLanguage\":\"pt-PT\",\"potentialAction\":[{\"@type\":\"ReadAction\",\"target\":[\"https:\/\/blogdoere.com.br\/?p=28893\"]}]},{\"@type\":\"BreadcrumbList\",\"@id\":\"https:\/\/blogdoere.com.br\/?p=28893#breadcrumb\",\"itemListElement\":[{\"@type\":\"ListItem\",\"position\":1,\"name\":\"In\u00edcio\",\"item\":\"https:\/\/blogdoere.com.br\/\"},{\"@type\":\"ListItem\",\"position\":2,\"name\":\"Presidente da Alba Sofre Derrota no STF e Vice assume a Lideran\u00e7a da Casa\"}]},{\"@type\":\"WebSite\",\"@id\":\"https:\/\/blogdoere.com.br\/#website\",\"url\":\"https:\/\/blogdoere.com.br\/\",\"name\":\"blog do er\u00ea\",\"description\":\"\",\"publisher\":{\"@id\":\"https:\/\/blogdoere.com.br\/#organization\"},\"potentialAction\":[{\"@type\":\"SearchAction\",\"target\":{\"@type\":\"EntryPoint\",\"urlTemplate\":\"https:\/\/blogdoere.com.br\/?s={search_term_string}\"},\"query-input\":\"required name=search_term_string\"}],\"inLanguage\":\"pt-PT\"},{\"@type\":\"Organization\",\"@id\":\"https:\/\/blogdoere.com.br\/#organization\",\"name\":\"Blog do Er\u00ea\",\"url\":\"https:\/\/blogdoere.com.br\/\",\"logo\":{\"@type\":\"ImageObject\",\"inLanguage\":\"pt-PT\",\"@id\":\"https:\/\/blogdoere.com.br\/#\/schema\/logo\/image\/\",\"url\":\"https:\/\/blogdoere.com.br\/wp-content\/uploads\/2021\/11\/Logo-Ere-1.png\",\"contentUrl\":\"https:\/\/blogdoere.com.br\/wp-content\/uploads\/2021\/11\/Logo-Ere-1.png\",\"width\":1261,\"height\":1330,\"caption\":\"Blog do Er\u00ea\"},\"image\":{\"@id\":\"https:\/\/blogdoere.com.br\/#\/schema\/logo\/image\/\"}},{\"@type\":\"Person\",\"@id\":\"https:\/\/blogdoere.com.br\/#\/schema\/person\/c4f6d566a44c7bacdda563667715d18b\",\"name\":\"blogdoere@hotmail.com\",\"image\":{\"@type\":\"ImageObject\",\"inLanguage\":\"pt-PT\",\"@id\":\"https:\/\/blogdoere.com.br\/#\/schema\/person\/image\/\",\"url\":\"https:\/\/secure.gravatar.com\/avatar\/5684bd39df1289cb639b4ab539d6fcad69420e4a29521548fc078c58ed122fe6?s=96&d=mm&r=g\",\"contentUrl\":\"https:\/\/secure.gravatar.com\/avatar\/5684bd39df1289cb639b4ab539d6fcad69420e4a29521548fc078c58ed122fe6?s=96&d=mm&r=g\",\"caption\":\"blogdoere@hotmail.com\"},\"sameAs\":[\"http:\/\/blogdoere.com.br\"]}]}<\/script>\n<!-- \/ Yoast SEO plugin. -->","yoast_head_json":{"title":"Presidente da Alba Sofre Derrota no STF e Vice assume a Lideran\u00e7a da Casa - blog do er\u00ea","robots":{"index":"index","follow":"follow","max-snippet":"max-snippet:-1","max-image-preview":"max-image-preview:large","max-video-preview":"max-video-preview:-1"},"canonical":"https:\/\/blogdoere.com.br\/?p=28893","og_locale":"pt_PT","og_type":"article","og_title":"Presidente da Alba Sofre Derrota no STF e Vice assume a Lideran\u00e7a da Casa - blog do er\u00ea","og_description":"Na tarde desta segunda-feira, 10 de fevereiro, o presidente rec\u00e9m-eleito da Assembleia Legislativa da Bahia (Alba), Adolfo Menezes (PSD), enfrentou uma reviravolta ao sofrer uma derrota no Supremo Tribunal Federal...","og_url":"https:\/\/blogdoere.com.br\/?p=28893","og_site_name":"blog do er\u00ea","article_published_time":"2025-02-11T03:09:23+00:00","article_modified_time":"2025-02-11T03:17:38+00:00","og_image":[{"width":1210,"height":720,"url":"https:\/\/blogdoere.com.br\/wp-content\/uploads\/2025\/02\/adolfo-menezes-1024x576-3.webp","type":"image\/webp"}],"author":"blogdoere@hotmail.com","twitter_card":"summary_large_image","twitter_misc":{"Escrito por":"blogdoere@hotmail.com","Tempo estimado de leitura":"2 minutos"},"schema":{"@context":"https:\/\/schema.org","@graph":[{"@type":"Article","@id":"https:\/\/blogdoere.com.br\/?p=28893#article","isPartOf":{"@id":"https:\/\/blogdoere.com.br\/?p=28893"},"author":{"name":"blogdoere@hotmail.com","@id":"https:\/\/blogdoere.com.br\/#\/schema\/person\/c4f6d566a44c7bacdda563667715d18b"},"headline":"Presidente da Alba Sofre Derrota no STF e Vice assume a Lideran\u00e7a da Casa","datePublished":"2025-02-11T03:09:23+00:00","dateModified":"2025-02-11T03:17:38+00:00","mainEntityOfPage":{"@id":"https:\/\/blogdoere.com.br\/?p=28893"},"wordCount":290,"commentCount":0,"publisher":{"@id":"https:\/\/blogdoere.com.br\/#organization"},"articleSection":["Bahia"],"inLanguage":"pt-PT","potentialAction":[{"@type":"CommentAction","name":"Comment","target":["https:\/\/blogdoere.com.br\/?p=28893#respond"]}]},{"@type":"WebPage","@id":"https:\/\/blogdoere.com.br\/?p=28893","url":"https:\/\/blogdoere.com.br\/?p=28893","name":"Presidente da Alba Sofre Derrota no STF e Vice assume a Lideran\u00e7a da Casa - blog do er\u00ea","isPartOf":{"@id":"https:\/\/blogdoere.com.br\/#website"},"datePublished":"2025-02-11T03:09:23+00:00","dateModified":"2025-02-11T03:17:38+00:00","breadcrumb":{"@id":"https:\/\/blogdoere.com.br\/?p=28893#breadcrumb"},"inLanguage":"pt-PT","potentialAction":[{"@type":"ReadAction","target":["https:\/\/blogdoere.com.br\/?p=28893"]}]},{"@type":"BreadcrumbList","@id":"https:\/\/blogdoere.com.br\/?p=28893#breadcrumb","itemListElement":[{"@type":"ListItem","position":1,"name":"In\u00edcio","item":"https:\/\/blogdoere.com.br\/"},{"@type":"ListItem","position":2,"name":"Presidente da Alba Sofre Derrota no STF e Vice assume a Lideran\u00e7a da Casa"}]},{"@type":"WebSite","@id":"https:\/\/blogdoere.com.br\/#website","url":"https:\/\/blogdoere.com.br\/","name":"blog do er\u00ea","description":"","publisher":{"@id":"https:\/\/blogdoere.com.br\/#organization"},"potentialAction":[{"@type":"SearchAction","target":{"@type":"EntryPoint","urlTemplate":"https:\/\/blogdoere.com.br\/?s={search_term_string}"},"query-input":"required name=search_term_string"}],"inLanguage":"pt-PT"},{"@type":"Organization","@id":"https:\/\/blogdoere.com.br\/#organization","name":"Blog do Er\u00ea","url":"https:\/\/blogdoere.com.br\/","logo":{"@type":"ImageObject","inLanguage":"pt-PT","@id":"https:\/\/blogdoere.com.br\/#\/schema\/logo\/image\/","url":"https:\/\/blogdoere.com.br\/wp-content\/uploads\/2021\/11\/Logo-Ere-1.png","contentUrl":"https:\/\/blogdoere.com.br\/wp-content\/uploads\/2021\/11\/Logo-Ere-1.png","width":1261,"height":1330,"caption":"Blog do Er\u00ea"},"image":{"@id":"https:\/\/blogdoere.com.br\/#\/schema\/logo\/image\/"}},{"@type":"Person","@id":"https:\/\/blogdoere.com.br\/#\/schema\/person\/c4f6d566a44c7bacdda563667715d18b","name":"blogdoere@hotmail.com","image":{"@type":"ImageObject","inLanguage":"pt-PT","@id":"https:\/\/blogdoere.com.br\/#\/schema\/person\/image\/","url":"https:\/\/secure.gravatar.com\/avatar\/5684bd39df1289cb639b4ab539d6fcad69420e4a29521548fc078c58ed122fe6?s=96&d=mm&r=g","contentUrl":"https:\/\/secure.gravatar.com\/avatar\/5684bd39df1289cb639b4ab539d6fcad69420e4a29521548fc078c58ed122fe6?s=96&d=mm&r=g","caption":"blogdoere@hotmail.com"},"sameAs":["http:\/\/blogdoere.com.br"]}]}},"featured_image_urls":{"full":["https:\/\/blogdoere.com.br\/wp-content\/uploads\/2025\/02\/adolfo-menezes-1024x576-3.webp",1210,720,false],"thumbnail":["https:\/\/blogdoere.com.br\/wp-content\/uploads\/2025\/02\/adolfo-menezes-1024x576-3-150x150.webp",150,150,true],"medium":["https:\/\/blogdoere.com.br\/wp-content\/uploads\/2025\/02\/adolfo-menezes-1024x576-3-300x179.webp",300,179,true],"medium_large":["https:\/\/blogdoere.com.br\/wp-content\/uploads\/2025\/02\/adolfo-menezes-1024x576-3-768x457.webp",768,457,true],"large":["https:\/\/blogdoere.com.br\/wp-content\/uploads\/2025\/02\/adolfo-menezes-1024x576-3-1024x609.webp",1024,609,true],"1536x1536":["https:\/\/blogdoere.com.br\/wp-content\/uploads\/2025\/02\/adolfo-menezes-1024x576-3.webp",1210,720,false],"2048x2048":["https:\/\/blogdoere.com.br\/wp-content\/uploads\/2025\/02\/adolfo-menezes-1024x576-3.webp",1210,720,false]},"author_info":{"display_name":"blogdoere@hotmail.com","author_link":"https:\/\/blogdoere.com.br\/?author=1"},"category_info":"<a href=\"https:\/\/blogdoere.com.br\/?cat=39\" rel=\"category\">Bahia<\/a>","tag_info":"Bahia","comment_count":"0","_links":{"self":[{"href":"https:\/\/blogdoere.com.br\/index.php?rest_route=\/wp\/v2\/posts\/28893","targetHints":{"allow":["GET"]}}],"collection":[{"href":"https:\/\/blogdoere.com.br\/index.php?rest_route=\/wp\/v2\/posts"}],"about":[{"href":"https:\/\/blogdoere.com.br\/index.php?rest_route=\/wp\/v2\/types\/post"}],"author":[{"embeddable":true,"href":"https:\/\/blogdoere.com.br\/index.php?rest_route=\/wp\/v2\/users\/1"}],"replies":[{"embeddable":true,"href":"https:\/\/blogdoere.com.br\/index.php?rest_route=%2Fwp%2Fv2%2Fcomments&post=28893"}],"version-history":[{"count":2,"href":"https:\/\/blogdoere.com.br\/index.php?rest_route=\/wp\/v2\/posts\/28893\/revisions"}],"predecessor-version":[{"id":28897,"href":"https:\/\/blogdoere.com.br\/index.php?rest_route=\/wp\/v2\/posts\/28893\/revisions\/28897"}],"wp:featuredmedia":[{"embeddable":true,"href":"https:\/\/blogdoere.com.br\/index.php?rest_route=\/wp\/v2\/media\/28894"}],"wp:attachment":[{"href":"https:\/\/blogdoere.com.br\/index.php?rest_route=%2Fwp%2Fv2%2Fmedia&parent=28893"}],"wp:term":[{"taxonomy":"category","embeddable":true,"href":"https:\/\/blogdoere.com.br\/index.php?rest_route=%2Fwp%2Fv2%2Fcategories&post=28893"},{"taxonomy":"post_tag","embeddable":true,"href":"https:\/\/blogdoere.com.br\/index.php?rest_route=%2Fwp%2Fv2%2Ftags&post=28893"}],"curies":[{"name":"wp","href":"https:\/\/api.w.org\/{rel}","templated":true}]}}