{"id":28898,"date":"2025-02-12T01:58:53","date_gmt":"2025-02-12T01:58:53","guid":{"rendered":"https:\/\/blogdoere.com.br\/?p=28898"},"modified":"2025-02-12T01:58:54","modified_gmt":"2025-02-12T01:58:54","slug":"deputada-ivana-bastos-faz-historia-como-primeira-mulher-a-presidir-a-alba","status":"publish","type":"post","link":"https:\/\/blogdoere.com.br\/?p=28898","title":{"rendered":"DEPUTADA IVANA BASTOS FAZ  HIST\u00d3RIA COMO PRIMEIRA MULHER A PRESIDIR A ALBA"},"content":{"rendered":"\n<figure class=\"wp-block-image size-full\"><img decoding=\"async\" width=\"800\" height=\"450\" src=\"https:\/\/blogdoere.com.br\/wp-content\/uploads\/2025\/02\/ivana_bastos_1_widelg.jpg\" alt=\"\" class=\"wp-image-28899\" srcset=\"https:\/\/blogdoere.com.br\/wp-content\/uploads\/2025\/02\/ivana_bastos_1_widelg.jpg 800w, https:\/\/blogdoere.com.br\/wp-content\/uploads\/2025\/02\/ivana_bastos_1_widelg-300x169.jpg 300w, https:\/\/blogdoere.com.br\/wp-content\/uploads\/2025\/02\/ivana_bastos_1_widelg-768x432.jpg 768w\" sizes=\"(max-width: 800px) 100vw, 800px\" \/><\/figure>\n\n\n\n<p>Nesta quarta-feira, dia 11 de fevereiro , a deputada estadual Ivana Bastos, do Partido Social Democr\u00e1tico (PSD), fez hist\u00f3ria ao se tornar a primeira mulher a assumir a presid\u00eancia da Assembleia Legislativa da Bahia, uma posi\u00e7\u00e3o que n\u00e3o foi ocupada por uma mulher em 190 anos.<\/p>\n\n\n\n<p>Natural de Caitit\u00e9 e com 60 anos, Ivana possui uma trajet\u00f3ria pol\u00edtica s\u00f3lida, tendo conquistado quatro mandatos como deputada estadual em sua carreira.Filha de uma fam\u00edlia com forte tradi\u00e7\u00e3o pol\u00edtica, Ivana Bastos construiu sua carreira em Guanambi, onde se destacou por seu trabalho e dedica\u00e7\u00e3o \u00e0 comunidade. <\/p>\n\n\n\n<p>Embora seja de forma interina devido  ao afastamento judicial do deputado Adolfo Menezes(PSD), sua ascens\u00e3o \u00e0 presid\u00eancia da Assembleia \u00e9 vista como um marco significativo para a representa\u00e7\u00e3o feminina na pol\u00edtica baiana e um passo importante em dire\u00e7\u00e3o \u00e0 igualdade de g\u00eanero em cargos de lideran\u00e7a.<\/p>\n\n\n\n<p>A posse  de Ivana \u00e9 celebrada por seus colegas e por diversas organiza\u00e7\u00f5es que lutam pelos direitos das mulheres, que veem essa conquista como uma inspira\u00e7\u00e3o para futuras gera\u00e7\u00f5es de mulheres na pol\u00edtica. A nova presidente da Assembleia Legislativa promete trabalhar em prol de uma Bahia mais justa e inclusiva, refletindo a diversidade e as necessidades de toda a popula\u00e7\u00e3o.<\/p>\n","protected":false},"excerpt":{"rendered":"<p>Nesta quarta-feira, dia 11 de fevereiro , a deputada estadual Ivana Bastos, do Partido Social Democr\u00e1tico (PSD), fez hist\u00f3ria ao se tornar a primeira mulher a assumir a presid\u00eancia da&#8230;<\/p>\n","protected":false},"author":1,"featured_media":28899,"comment_status":"open","ping_status":"open","sticky":false,"template":"","format":"standard","meta":{"_editorskit_title_hidden":false,"_editorskit_reading_time":0,"_editorskit_is_block_options_detached":false,"_editorskit_block_options_position":"{}","om_disable_all_campaigns":false,"_mi_skip_tracking":false,"_kad_post_transparent":"","_kad_post_title":"","_kad_post_layout":"","_kad_post_sidebar_id":"","_kad_post_content_style":"","_kad_post_vertical_padding":"","_kad_post_feature":"","_kad_post_feature_position":"","_kad_post_header":false,"_kad_post_footer":false,"footnotes":""},"categories":[39],"tags":[],"class_list":["post-28898","post","type-post","status-publish","format-standard","has-post-thumbnail","hentry","category-bahia"],"yoast_head":"<!-- This site is optimized with the Yoast SEO plugin v20.5 - https:\/\/yoast.com\/wordpress\/plugins\/seo\/ -->\n<title>DEPUTADA IVANA BASTOS FAZ HIST\u00d3RIA COMO PRIMEIRA MULHER A PRESIDIR A ALBA - blog do er\u00ea<\/title>\n<meta name=\"robots\" content=\"index, follow, max-snippet:-1, max-image-preview:large, max-video-preview:-1\" \/>\n<link rel=\"canonical\" href=\"https:\/\/blogdoere.com.br\/?p=28898\" \/>\n<meta property=\"og:locale\" content=\"pt_PT\" \/>\n<meta property=\"og:type\" content=\"article\" \/>\n<meta property=\"og:title\" content=\"DEPUTADA IVANA BASTOS FAZ HIST\u00d3RIA COMO PRIMEIRA MULHER A PRESIDIR A ALBA - blog do er\u00ea\" \/>\n<meta property=\"og:description\" content=\"Nesta quarta-feira, dia 11 de fevereiro , a deputada estadual Ivana Bastos, do Partido Social Democr\u00e1tico (PSD), fez hist\u00f3ria ao se tornar a primeira mulher a assumir a presid\u00eancia da...\" \/>\n<meta property=\"og:url\" content=\"https:\/\/blogdoere.com.br\/?p=28898\" \/>\n<meta property=\"og:site_name\" content=\"blog do er\u00ea\" \/>\n<meta property=\"article:published_time\" content=\"2025-02-12T01:58:53+00:00\" \/>\n<meta property=\"article:modified_time\" content=\"2025-02-12T01:58:54+00:00\" \/>\n<meta property=\"og:image\" content=\"https:\/\/blogdoere.com.br\/wp-content\/uploads\/2025\/02\/ivana_bastos_1_widelg.jpg\" \/>\n\t<meta property=\"og:image:width\" content=\"800\" \/>\n\t<meta property=\"og:image:height\" content=\"450\" \/>\n\t<meta property=\"og:image:type\" content=\"image\/jpeg\" \/>\n<meta name=\"author\" content=\"blogdoere@hotmail.com\" \/>\n<meta name=\"twitter:card\" content=\"summary_large_image\" \/>\n<meta name=\"twitter:label1\" content=\"Escrito por\" \/>\n\t<meta name=\"twitter:data1\" content=\"blogdoere@hotmail.com\" \/>\n\t<meta name=\"twitter:label2\" content=\"Tempo estimado de leitura\" \/>\n\t<meta name=\"twitter:data2\" content=\"2 minutos\" \/>\n<script type=\"application\/ld+json\" class=\"yoast-schema-graph\">{\"@context\":\"https:\/\/schema.org\",\"@graph\":[{\"@type\":\"Article\",\"@id\":\"https:\/\/blogdoere.com.br\/?p=28898#article\",\"isPartOf\":{\"@id\":\"https:\/\/blogdoere.com.br\/?p=28898\"},\"author\":{\"name\":\"blogdoere@hotmail.com\",\"@id\":\"https:\/\/blogdoere.com.br\/#\/schema\/person\/c4f6d566a44c7bacdda563667715d18b\"},\"headline\":\"DEPUTADA IVANA BASTOS FAZ HIST\u00d3RIA COMO PRIMEIRA MULHER A PRESIDIR A ALBA\",\"datePublished\":\"2025-02-12T01:58:53+00:00\",\"dateModified\":\"2025-02-12T01:58:54+00:00\",\"mainEntityOfPage\":{\"@id\":\"https:\/\/blogdoere.com.br\/?p=28898\"},\"wordCount\":229,\"commentCount\":0,\"publisher\":{\"@id\":\"https:\/\/blogdoere.com.br\/#organization\"},\"articleSection\":[\"Bahia\"],\"inLanguage\":\"pt-PT\",\"potentialAction\":[{\"@type\":\"CommentAction\",\"name\":\"Comment\",\"target\":[\"https:\/\/blogdoere.com.br\/?p=28898#respond\"]}]},{\"@type\":\"WebPage\",\"@id\":\"https:\/\/blogdoere.com.br\/?p=28898\",\"url\":\"https:\/\/blogdoere.com.br\/?p=28898\",\"name\":\"DEPUTADA IVANA BASTOS FAZ HIST\u00d3RIA COMO PRIMEIRA MULHER A PRESIDIR A ALBA - blog do er\u00ea\",\"isPartOf\":{\"@id\":\"https:\/\/blogdoere.com.br\/#website\"},\"datePublished\":\"2025-02-12T01:58:53+00:00\",\"dateModified\":\"2025-02-12T01:58:54+00:00\",\"breadcrumb\":{\"@id\":\"https:\/\/blogdoere.com.br\/?p=28898#breadcrumb\"},\"inLanguage\":\"pt-PT\",\"potentialAction\":[{\"@type\":\"ReadAction\",\"target\":[\"https:\/\/blogdoere.com.br\/?p=28898\"]}]},{\"@type\":\"BreadcrumbList\",\"@id\":\"https:\/\/blogdoere.com.br\/?p=28898#breadcrumb\",\"itemListElement\":[{\"@type\":\"ListItem\",\"position\":1,\"name\":\"In\u00edcio\",\"item\":\"https:\/\/blogdoere.com.br\/\"},{\"@type\":\"ListItem\",\"position\":2,\"name\":\"DEPUTADA IVANA BASTOS FAZ HIST\u00d3RIA COMO PRIMEIRA MULHER A PRESIDIR A ALBA\"}]},{\"@type\":\"WebSite\",\"@id\":\"https:\/\/blogdoere.com.br\/#website\",\"url\":\"https:\/\/blogdoere.com.br\/\",\"name\":\"blog do er\u00ea\",\"description\":\"\",\"publisher\":{\"@id\":\"https:\/\/blogdoere.com.br\/#organization\"},\"potentialAction\":[{\"@type\":\"SearchAction\",\"target\":{\"@type\":\"EntryPoint\",\"urlTemplate\":\"https:\/\/blogdoere.com.br\/?s={search_term_string}\"},\"query-input\":\"required name=search_term_string\"}],\"inLanguage\":\"pt-PT\"},{\"@type\":\"Organization\",\"@id\":\"https:\/\/blogdoere.com.br\/#organization\",\"name\":\"Blog do Er\u00ea\",\"url\":\"https:\/\/blogdoere.com.br\/\",\"logo\":{\"@type\":\"ImageObject\",\"inLanguage\":\"pt-PT\",\"@id\":\"https:\/\/blogdoere.com.br\/#\/schema\/logo\/image\/\",\"url\":\"https:\/\/blogdoere.com.br\/wp-content\/uploads\/2021\/11\/Logo-Ere-1.png\",\"contentUrl\":\"https:\/\/blogdoere.com.br\/wp-content\/uploads\/2021\/11\/Logo-Ere-1.png\",\"width\":1261,\"height\":1330,\"caption\":\"Blog do Er\u00ea\"},\"image\":{\"@id\":\"https:\/\/blogdoere.com.br\/#\/schema\/logo\/image\/\"}},{\"@type\":\"Person\",\"@id\":\"https:\/\/blogdoere.com.br\/#\/schema\/person\/c4f6d566a44c7bacdda563667715d18b\",\"name\":\"blogdoere@hotmail.com\",\"image\":{\"@type\":\"ImageObject\",\"inLanguage\":\"pt-PT\",\"@id\":\"https:\/\/blogdoere.com.br\/#\/schema\/person\/image\/\",\"url\":\"https:\/\/secure.gravatar.com\/avatar\/5684bd39df1289cb639b4ab539d6fcad69420e4a29521548fc078c58ed122fe6?s=96&d=mm&r=g\",\"contentUrl\":\"https:\/\/secure.gravatar.com\/avatar\/5684bd39df1289cb639b4ab539d6fcad69420e4a29521548fc078c58ed122fe6?s=96&d=mm&r=g\",\"caption\":\"blogdoere@hotmail.com\"},\"sameAs\":[\"http:\/\/blogdoere.com.br\"]}]}<\/script>\n<!-- \/ Yoast SEO plugin. -->","yoast_head_json":{"title":"DEPUTADA IVANA BASTOS FAZ HIST\u00d3RIA COMO PRIMEIRA MULHER A PRESIDIR A ALBA - blog do er\u00ea","robots":{"index":"index","follow":"follow","max-snippet":"max-snippet:-1","max-image-preview":"max-image-preview:large","max-video-preview":"max-video-preview:-1"},"canonical":"https:\/\/blogdoere.com.br\/?p=28898","og_locale":"pt_PT","og_type":"article","og_title":"DEPUTADA IVANA BASTOS FAZ HIST\u00d3RIA COMO PRIMEIRA MULHER A PRESIDIR A ALBA - blog do er\u00ea","og_description":"Nesta quarta-feira, dia 11 de fevereiro , a deputada estadual Ivana Bastos, do Partido Social Democr\u00e1tico (PSD), fez hist\u00f3ria ao se tornar a primeira mulher a assumir a presid\u00eancia da...","og_url":"https:\/\/blogdoere.com.br\/?p=28898","og_site_name":"blog do er\u00ea","article_published_time":"2025-02-12T01:58:53+00:00","article_modified_time":"2025-02-12T01:58:54+00:00","og_image":[{"width":800,"height":450,"url":"https:\/\/blogdoere.com.br\/wp-content\/uploads\/2025\/02\/ivana_bastos_1_widelg.jpg","type":"image\/jpeg"}],"author":"blogdoere@hotmail.com","twitter_card":"summary_large_image","twitter_misc":{"Escrito por":"blogdoere@hotmail.com","Tempo estimado de leitura":"2 minutos"},"schema":{"@context":"https:\/\/schema.org","@graph":[{"@type":"Article","@id":"https:\/\/blogdoere.com.br\/?p=28898#article","isPartOf":{"@id":"https:\/\/blogdoere.com.br\/?p=28898"},"author":{"name":"blogdoere@hotmail.com","@id":"https:\/\/blogdoere.com.br\/#\/schema\/person\/c4f6d566a44c7bacdda563667715d18b"},"headline":"DEPUTADA IVANA BASTOS FAZ HIST\u00d3RIA COMO PRIMEIRA MULHER A PRESIDIR A ALBA","datePublished":"2025-02-12T01:58:53+00:00","dateModified":"2025-02-12T01:58:54+00:00","mainEntityOfPage":{"@id":"https:\/\/blogdoere.com.br\/?p=28898"},"wordCount":229,"commentCount":0,"publisher":{"@id":"https:\/\/blogdoere.com.br\/#organization"},"articleSection":["Bahia"],"inLanguage":"pt-PT","potentialAction":[{"@type":"CommentAction","name":"Comment","target":["https:\/\/blogdoere.com.br\/?p=28898#respond"]}]},{"@type":"WebPage","@id":"https:\/\/blogdoere.com.br\/?p=28898","url":"https:\/\/blogdoere.com.br\/?p=28898","name":"DEPUTADA IVANA BASTOS FAZ HIST\u00d3RIA COMO PRIMEIRA MULHER A PRESIDIR A ALBA - blog do er\u00ea","isPartOf":{"@id":"https:\/\/blogdoere.com.br\/#website"},"datePublished":"2025-02-12T01:58:53+00:00","dateModified":"2025-02-12T01:58:54+00:00","breadcrumb":{"@id":"https:\/\/blogdoere.com.br\/?p=28898#breadcrumb"},"inLanguage":"pt-PT","potentialAction":[{"@type":"ReadAction","target":["https:\/\/blogdoere.com.br\/?p=28898"]}]},{"@type":"BreadcrumbList","@id":"https:\/\/blogdoere.com.br\/?p=28898#breadcrumb","itemListElement":[{"@type":"ListItem","position":1,"name":"In\u00edcio","item":"https:\/\/blogdoere.com.br\/"},{"@type":"ListItem","position":2,"name":"DEPUTADA IVANA BASTOS FAZ HIST\u00d3RIA COMO PRIMEIRA MULHER A PRESIDIR A ALBA"}]},{"@type":"WebSite","@id":"https:\/\/blogdoere.com.br\/#website","url":"https:\/\/blogdoere.com.br\/","name":"blog do er\u00ea","description":"","publisher":{"@id":"https:\/\/blogdoere.com.br\/#organization"},"potentialAction":[{"@type":"SearchAction","target":{"@type":"EntryPoint","urlTemplate":"https:\/\/blogdoere.com.br\/?s={search_term_string}"},"query-input":"required name=search_term_string"}],"inLanguage":"pt-PT"},{"@type":"Organization","@id":"https:\/\/blogdoere.com.br\/#organization","name":"Blog do Er\u00ea","url":"https:\/\/blogdoere.com.br\/","logo":{"@type":"ImageObject","inLanguage":"pt-PT","@id":"https:\/\/blogdoere.com.br\/#\/schema\/logo\/image\/","url":"https:\/\/blogdoere.com.br\/wp-content\/uploads\/2021\/11\/Logo-Ere-1.png","contentUrl":"https:\/\/blogdoere.com.br\/wp-content\/uploads\/2021\/11\/Logo-Ere-1.png","width":1261,"height":1330,"caption":"Blog do Er\u00ea"},"image":{"@id":"https:\/\/blogdoere.com.br\/#\/schema\/logo\/image\/"}},{"@type":"Person","@id":"https:\/\/blogdoere.com.br\/#\/schema\/person\/c4f6d566a44c7bacdda563667715d18b","name":"blogdoere@hotmail.com","image":{"@type":"ImageObject","inLanguage":"pt-PT","@id":"https:\/\/blogdoere.com.br\/#\/schema\/person\/image\/","url":"https:\/\/secure.gravatar.com\/avatar\/5684bd39df1289cb639b4ab539d6fcad69420e4a29521548fc078c58ed122fe6?s=96&d=mm&r=g","contentUrl":"https:\/\/secure.gravatar.com\/avatar\/5684bd39df1289cb639b4ab539d6fcad69420e4a29521548fc078c58ed122fe6?s=96&d=mm&r=g","caption":"blogdoere@hotmail.com"},"sameAs":["http:\/\/blogdoere.com.br"]}]}},"featured_image_urls":{"full":["https:\/\/blogdoere.com.br\/wp-content\/uploads\/2025\/02\/ivana_bastos_1_widelg.jpg",800,450,false],"thumbnail":["https:\/\/blogdoere.com.br\/wp-content\/uploads\/2025\/02\/ivana_bastos_1_widelg-150x150.jpg",150,150,true],"medium":["https:\/\/blogdoere.com.br\/wp-content\/uploads\/2025\/02\/ivana_bastos_1_widelg-300x169.jpg",300,169,true],"medium_large":["https:\/\/blogdoere.com.br\/wp-content\/uploads\/2025\/02\/ivana_bastos_1_widelg-768x432.jpg",768,432,true],"large":["https:\/\/blogdoere.com.br\/wp-content\/uploads\/2025\/02\/ivana_bastos_1_widelg.jpg",800,450,false],"1536x1536":["https:\/\/blogdoere.com.br\/wp-content\/uploads\/2025\/02\/ivana_bastos_1_widelg.jpg",800,450,false],"2048x2048":["https:\/\/blogdoere.com.br\/wp-content\/uploads\/2025\/02\/ivana_bastos_1_widelg.jpg",800,450,false]},"author_info":{"display_name":"blogdoere@hotmail.com","author_link":"https:\/\/blogdoere.com.br\/?author=1"},"category_info":"<a href=\"https:\/\/blogdoere.com.br\/?cat=39\" rel=\"category\">Bahia<\/a>","tag_info":"Bahia","comment_count":"0","_links":{"self":[{"href":"https:\/\/blogdoere.com.br\/index.php?rest_route=\/wp\/v2\/posts\/28898","targetHints":{"allow":["GET"]}}],"collection":[{"href":"https:\/\/blogdoere.com.br\/index.php?rest_route=\/wp\/v2\/posts"}],"about":[{"href":"https:\/\/blogdoere.com.br\/index.php?rest_route=\/wp\/v2\/types\/post"}],"author":[{"embeddable":true,"href":"https:\/\/blogdoere.com.br\/index.php?rest_route=\/wp\/v2\/users\/1"}],"replies":[{"embeddable":true,"href":"https:\/\/blogdoere.com.br\/index.php?rest_route=%2Fwp%2Fv2%2Fcomments&post=28898"}],"version-history":[{"count":1,"href":"https:\/\/blogdoere.com.br\/index.php?rest_route=\/wp\/v2\/posts\/28898\/revisions"}],"predecessor-version":[{"id":28900,"href":"https:\/\/blogdoere.com.br\/index.php?rest_route=\/wp\/v2\/posts\/28898\/revisions\/28900"}],"wp:featuredmedia":[{"embeddable":true,"href":"https:\/\/blogdoere.com.br\/index.php?rest_route=\/wp\/v2\/media\/28899"}],"wp:attachment":[{"href":"https:\/\/blogdoere.com.br\/index.php?rest_route=%2Fwp%2Fv2%2Fmedia&parent=28898"}],"wp:term":[{"taxonomy":"category","embeddable":true,"href":"https:\/\/blogdoere.com.br\/index.php?rest_route=%2Fwp%2Fv2%2Fcategories&post=28898"},{"taxonomy":"post_tag","embeddable":true,"href":"https:\/\/blogdoere.com.br\/index.php?rest_route=%2Fwp%2Fv2%2Ftags&post=28898"}],"curies":[{"name":"wp","href":"https:\/\/api.w.org\/{rel}","templated":true}]}}