{"id":28901,"date":"2025-02-14T11:27:49","date_gmt":"2025-02-14T11:27:49","guid":{"rendered":"https:\/\/blogdoere.com.br\/?p=28901"},"modified":"2025-02-14T11:27:49","modified_gmt":"2025-02-14T11:27:49","slug":"itabuna-denuncia-de-assedio-sexual-e-racismo-envolve-diretor-do-ciebtec","status":"publish","type":"post","link":"https:\/\/blogdoere.com.br\/?p=28901","title":{"rendered":"ITABUNA: DEN\u00daNCIA DE ASS\u00c9DIO SEXUAL E RACISMO ENVOLVE DIRETOR DO CIEBTEC"},"content":{"rendered":"\n<figure class=\"wp-block-image size-full\"><img decoding=\"async\" width=\"600\" height=\"285\" src=\"https:\/\/blogdoere.com.br\/wp-content\/uploads\/2025\/02\/whatsapp-image-2025-02-13-at-1.56.36-pm.jpeg\" alt=\"\" class=\"wp-image-28902\" srcset=\"https:\/\/blogdoere.com.br\/wp-content\/uploads\/2025\/02\/whatsapp-image-2025-02-13-at-1.56.36-pm.jpeg 600w, https:\/\/blogdoere.com.br\/wp-content\/uploads\/2025\/02\/whatsapp-image-2025-02-13-at-1.56.36-pm-300x143.jpeg 300w\" sizes=\"(max-width: 600px) 100vw, 600px\" \/><\/figure>\n\n\n\n<p>O diretor do CIEBTEC (Complexo Integrado de Educa\u00e7\u00e3o B\u00e1sica, Profissional e Tecnol\u00f3gico) em Itabuna, Denelisio Nobre, est\u00e1 no centro de uma controv\u00e9rsia s\u00e9ria, enfrentando acusa\u00e7\u00f5es de ass\u00e9dio sexual, importuna\u00e7\u00e3o sexual e ass\u00e9dio moral por parte de estudantes da institui\u00e7\u00e3o. <\/p>\n\n\n\n<p>As den\u00fancias, que causaram grande como\u00e7\u00e3o na comunidade escolar, demandam uma resposta imediata das autoridades competentes.  <span style=\"font-size: revert; color: var(--global-palette3); font-family: 'Open Sans', var(--global-fallback-font);\">A den\u00fancia foi feita pela advogada Ursula Matos durante um programa de r\u00e1dio na \u00faltima semana, onde ela descreveu as a\u00e7\u00f5es de Nobre como &#8220;covardes e abusivas&#8221;. Matos ressaltou que \u00e9 dever de um educador proteger os jovens, ao inv\u00e9s de amea\u00e7\u00e1-los, especialmente em um ambiente onde muitos alunos se encontram em situa\u00e7\u00e3o de vulnerabilidade.<\/span><\/p>\n\n\n\n<p><span style=\"font-size: revert; color: var(--global-palette3); font-family: 'Open Sans', var(--global-fallback-font);\">Adicionalmente, o professor Jos\u00e9 Roberto, que atua na unidade escolar, expressou sua preocupa\u00e7\u00e3o em suas redes sociais, solicitando medidas para investigar as acusa\u00e7\u00f5es contra o diretor. Em um v\u00eddeo compartilhado, ele revelou que est\u00e1 sendo impedido de acessar a institui\u00e7\u00e3o, uma situa\u00e7\u00e3o que agrava ainda mais a seriedade dos fatos.<\/span><\/p>\n\n\n\n<p><span style=\"font-size: revert; color: var(--global-palette3); font-family: 'Open Sans', var(--global-fallback-font);\">Diante da gravidade das alega\u00e7\u00f5es, a sociedade e poss\u00edveis v\u00edtimas aguardam um pronunciamento urgente das autoridades locais. A expectativa \u00e9 que sejam tomadas as devidas provid\u00eancias para esclarecer os fatos e garantir a seguran\u00e7a dos estudantes dentro da institui\u00e7\u00e3o. As manifesta\u00e7\u00f5es em busca de justi\u00e7a e prote\u00e7\u00e3o aos alunos continuam a crescer, refletindo a necessidade de um ambiente escolar seguro e respeitoso.<\/span><\/p>\n\n\n\n<p><\/p>\n","protected":false},"excerpt":{"rendered":"<p>O diretor do CIEBTEC (Complexo Integrado de Educa\u00e7\u00e3o B\u00e1sica, Profissional e Tecnol\u00f3gico) em Itabuna, Denelisio Nobre, est\u00e1 no centro de uma controv\u00e9rsia s\u00e9ria, enfrentando acusa\u00e7\u00f5es de ass\u00e9dio sexual, importuna\u00e7\u00e3o sexual&#8230;<\/p>\n","protected":false},"author":1,"featured_media":28902,"comment_status":"open","ping_status":"open","sticky":false,"template":"","format":"standard","meta":{"_editorskit_title_hidden":false,"_editorskit_reading_time":0,"_editorskit_is_block_options_detached":false,"_editorskit_block_options_position":"{}","om_disable_all_campaigns":false,"_mi_skip_tracking":false,"_kad_post_transparent":"","_kad_post_title":"","_kad_post_layout":"","_kad_post_sidebar_id":"","_kad_post_content_style":"","_kad_post_vertical_padding":"","_kad_post_feature":"","_kad_post_feature_position":"","_kad_post_header":false,"_kad_post_footer":false,"footnotes":""},"categories":[55],"tags":[],"class_list":["post-28901","post","type-post","status-publish","format-standard","has-post-thumbnail","hentry","category-itabuna"],"yoast_head":"<!-- This site is optimized with the Yoast SEO plugin v20.5 - https:\/\/yoast.com\/wordpress\/plugins\/seo\/ -->\n<title>ITABUNA: DEN\u00daNCIA DE ASS\u00c9DIO SEXUAL E RACISMO ENVOLVE DIRETOR DO CIEBTEC - blog do er\u00ea<\/title>\n<meta name=\"robots\" content=\"index, follow, max-snippet:-1, max-image-preview:large, max-video-preview:-1\" \/>\n<link rel=\"canonical\" href=\"https:\/\/blogdoere.com.br\/?p=28901\" \/>\n<meta property=\"og:locale\" content=\"pt_PT\" \/>\n<meta property=\"og:type\" content=\"article\" \/>\n<meta property=\"og:title\" content=\"ITABUNA: DEN\u00daNCIA DE ASS\u00c9DIO SEXUAL E RACISMO ENVOLVE DIRETOR DO CIEBTEC - blog do er\u00ea\" \/>\n<meta property=\"og:description\" content=\"O diretor do CIEBTEC (Complexo Integrado de Educa\u00e7\u00e3o B\u00e1sica, Profissional e Tecnol\u00f3gico) em Itabuna, Denelisio Nobre, est\u00e1 no centro de uma controv\u00e9rsia s\u00e9ria, enfrentando acusa\u00e7\u00f5es de ass\u00e9dio sexual, importuna\u00e7\u00e3o sexual...\" \/>\n<meta property=\"og:url\" content=\"https:\/\/blogdoere.com.br\/?p=28901\" \/>\n<meta property=\"og:site_name\" content=\"blog do er\u00ea\" \/>\n<meta property=\"article:published_time\" content=\"2025-02-14T11:27:49+00:00\" \/>\n<meta property=\"og:image\" content=\"https:\/\/blogdoere.com.br\/wp-content\/uploads\/2025\/02\/whatsapp-image-2025-02-13-at-1.56.36-pm.jpeg\" \/>\n\t<meta property=\"og:image:width\" content=\"600\" \/>\n\t<meta property=\"og:image:height\" content=\"285\" \/>\n\t<meta property=\"og:image:type\" content=\"image\/jpeg\" \/>\n<meta name=\"author\" content=\"blogdoere@hotmail.com\" \/>\n<meta name=\"twitter:card\" content=\"summary_large_image\" \/>\n<meta name=\"twitter:label1\" content=\"Escrito por\" \/>\n\t<meta name=\"twitter:data1\" content=\"blogdoere@hotmail.com\" \/>\n\t<meta name=\"twitter:label2\" content=\"Tempo estimado de leitura\" \/>\n\t<meta name=\"twitter:data2\" content=\"2 minutos\" \/>\n<script type=\"application\/ld+json\" class=\"yoast-schema-graph\">{\"@context\":\"https:\/\/schema.org\",\"@graph\":[{\"@type\":\"Article\",\"@id\":\"https:\/\/blogdoere.com.br\/?p=28901#article\",\"isPartOf\":{\"@id\":\"https:\/\/blogdoere.com.br\/?p=28901\"},\"author\":{\"name\":\"blogdoere@hotmail.com\",\"@id\":\"https:\/\/blogdoere.com.br\/#\/schema\/person\/c4f6d566a44c7bacdda563667715d18b\"},\"headline\":\"ITABUNA: DEN\u00daNCIA DE ASS\u00c9DIO SEXUAL E RACISMO ENVOLVE DIRETOR DO CIEBTEC\",\"datePublished\":\"2025-02-14T11:27:49+00:00\",\"dateModified\":\"2025-02-14T11:27:49+00:00\",\"mainEntityOfPage\":{\"@id\":\"https:\/\/blogdoere.com.br\/?p=28901\"},\"wordCount\":265,\"commentCount\":0,\"publisher\":{\"@id\":\"https:\/\/blogdoere.com.br\/#organization\"},\"articleSection\":[\"Itabuna\"],\"inLanguage\":\"pt-PT\",\"potentialAction\":[{\"@type\":\"CommentAction\",\"name\":\"Comment\",\"target\":[\"https:\/\/blogdoere.com.br\/?p=28901#respond\"]}]},{\"@type\":\"WebPage\",\"@id\":\"https:\/\/blogdoere.com.br\/?p=28901\",\"url\":\"https:\/\/blogdoere.com.br\/?p=28901\",\"name\":\"ITABUNA: DEN\u00daNCIA DE ASS\u00c9DIO SEXUAL E RACISMO ENVOLVE DIRETOR DO CIEBTEC - blog do er\u00ea\",\"isPartOf\":{\"@id\":\"https:\/\/blogdoere.com.br\/#website\"},\"datePublished\":\"2025-02-14T11:27:49+00:00\",\"dateModified\":\"2025-02-14T11:27:49+00:00\",\"breadcrumb\":{\"@id\":\"https:\/\/blogdoere.com.br\/?p=28901#breadcrumb\"},\"inLanguage\":\"pt-PT\",\"potentialAction\":[{\"@type\":\"ReadAction\",\"target\":[\"https:\/\/blogdoere.com.br\/?p=28901\"]}]},{\"@type\":\"BreadcrumbList\",\"@id\":\"https:\/\/blogdoere.com.br\/?p=28901#breadcrumb\",\"itemListElement\":[{\"@type\":\"ListItem\",\"position\":1,\"name\":\"In\u00edcio\",\"item\":\"https:\/\/blogdoere.com.br\/\"},{\"@type\":\"ListItem\",\"position\":2,\"name\":\"ITABUNA: DEN\u00daNCIA DE ASS\u00c9DIO SEXUAL E RACISMO ENVOLVE DIRETOR DO CIEBTEC\"}]},{\"@type\":\"WebSite\",\"@id\":\"https:\/\/blogdoere.com.br\/#website\",\"url\":\"https:\/\/blogdoere.com.br\/\",\"name\":\"blog do er\u00ea\",\"description\":\"\",\"publisher\":{\"@id\":\"https:\/\/blogdoere.com.br\/#organization\"},\"potentialAction\":[{\"@type\":\"SearchAction\",\"target\":{\"@type\":\"EntryPoint\",\"urlTemplate\":\"https:\/\/blogdoere.com.br\/?s={search_term_string}\"},\"query-input\":\"required name=search_term_string\"}],\"inLanguage\":\"pt-PT\"},{\"@type\":\"Organization\",\"@id\":\"https:\/\/blogdoere.com.br\/#organization\",\"name\":\"Blog do Er\u00ea\",\"url\":\"https:\/\/blogdoere.com.br\/\",\"logo\":{\"@type\":\"ImageObject\",\"inLanguage\":\"pt-PT\",\"@id\":\"https:\/\/blogdoere.com.br\/#\/schema\/logo\/image\/\",\"url\":\"https:\/\/blogdoere.com.br\/wp-content\/uploads\/2021\/11\/Logo-Ere-1.png\",\"contentUrl\":\"https:\/\/blogdoere.com.br\/wp-content\/uploads\/2021\/11\/Logo-Ere-1.png\",\"width\":1261,\"height\":1330,\"caption\":\"Blog do Er\u00ea\"},\"image\":{\"@id\":\"https:\/\/blogdoere.com.br\/#\/schema\/logo\/image\/\"}},{\"@type\":\"Person\",\"@id\":\"https:\/\/blogdoere.com.br\/#\/schema\/person\/c4f6d566a44c7bacdda563667715d18b\",\"name\":\"blogdoere@hotmail.com\",\"image\":{\"@type\":\"ImageObject\",\"inLanguage\":\"pt-PT\",\"@id\":\"https:\/\/blogdoere.com.br\/#\/schema\/person\/image\/\",\"url\":\"https:\/\/secure.gravatar.com\/avatar\/5684bd39df1289cb639b4ab539d6fcad69420e4a29521548fc078c58ed122fe6?s=96&d=mm&r=g\",\"contentUrl\":\"https:\/\/secure.gravatar.com\/avatar\/5684bd39df1289cb639b4ab539d6fcad69420e4a29521548fc078c58ed122fe6?s=96&d=mm&r=g\",\"caption\":\"blogdoere@hotmail.com\"},\"sameAs\":[\"http:\/\/blogdoere.com.br\"]}]}<\/script>\n<!-- \/ Yoast SEO plugin. -->","yoast_head_json":{"title":"ITABUNA: DEN\u00daNCIA DE ASS\u00c9DIO SEXUAL E RACISMO ENVOLVE DIRETOR DO CIEBTEC - blog do er\u00ea","robots":{"index":"index","follow":"follow","max-snippet":"max-snippet:-1","max-image-preview":"max-image-preview:large","max-video-preview":"max-video-preview:-1"},"canonical":"https:\/\/blogdoere.com.br\/?p=28901","og_locale":"pt_PT","og_type":"article","og_title":"ITABUNA: DEN\u00daNCIA DE ASS\u00c9DIO SEXUAL E RACISMO ENVOLVE DIRETOR DO CIEBTEC - blog do er\u00ea","og_description":"O diretor do CIEBTEC (Complexo Integrado de Educa\u00e7\u00e3o B\u00e1sica, Profissional e Tecnol\u00f3gico) em Itabuna, Denelisio Nobre, est\u00e1 no centro de uma controv\u00e9rsia s\u00e9ria, enfrentando acusa\u00e7\u00f5es de ass\u00e9dio sexual, importuna\u00e7\u00e3o sexual...","og_url":"https:\/\/blogdoere.com.br\/?p=28901","og_site_name":"blog do er\u00ea","article_published_time":"2025-02-14T11:27:49+00:00","og_image":[{"width":600,"height":285,"url":"https:\/\/blogdoere.com.br\/wp-content\/uploads\/2025\/02\/whatsapp-image-2025-02-13-at-1.56.36-pm.jpeg","type":"image\/jpeg"}],"author":"blogdoere@hotmail.com","twitter_card":"summary_large_image","twitter_misc":{"Escrito por":"blogdoere@hotmail.com","Tempo estimado de leitura":"2 minutos"},"schema":{"@context":"https:\/\/schema.org","@graph":[{"@type":"Article","@id":"https:\/\/blogdoere.com.br\/?p=28901#article","isPartOf":{"@id":"https:\/\/blogdoere.com.br\/?p=28901"},"author":{"name":"blogdoere@hotmail.com","@id":"https:\/\/blogdoere.com.br\/#\/schema\/person\/c4f6d566a44c7bacdda563667715d18b"},"headline":"ITABUNA: DEN\u00daNCIA DE ASS\u00c9DIO SEXUAL E RACISMO ENVOLVE DIRETOR DO CIEBTEC","datePublished":"2025-02-14T11:27:49+00:00","dateModified":"2025-02-14T11:27:49+00:00","mainEntityOfPage":{"@id":"https:\/\/blogdoere.com.br\/?p=28901"},"wordCount":265,"commentCount":0,"publisher":{"@id":"https:\/\/blogdoere.com.br\/#organization"},"articleSection":["Itabuna"],"inLanguage":"pt-PT","potentialAction":[{"@type":"CommentAction","name":"Comment","target":["https:\/\/blogdoere.com.br\/?p=28901#respond"]}]},{"@type":"WebPage","@id":"https:\/\/blogdoere.com.br\/?p=28901","url":"https:\/\/blogdoere.com.br\/?p=28901","name":"ITABUNA: DEN\u00daNCIA DE ASS\u00c9DIO SEXUAL E RACISMO ENVOLVE DIRETOR DO CIEBTEC - blog do er\u00ea","isPartOf":{"@id":"https:\/\/blogdoere.com.br\/#website"},"datePublished":"2025-02-14T11:27:49+00:00","dateModified":"2025-02-14T11:27:49+00:00","breadcrumb":{"@id":"https:\/\/blogdoere.com.br\/?p=28901#breadcrumb"},"inLanguage":"pt-PT","potentialAction":[{"@type":"ReadAction","target":["https:\/\/blogdoere.com.br\/?p=28901"]}]},{"@type":"BreadcrumbList","@id":"https:\/\/blogdoere.com.br\/?p=28901#breadcrumb","itemListElement":[{"@type":"ListItem","position":1,"name":"In\u00edcio","item":"https:\/\/blogdoere.com.br\/"},{"@type":"ListItem","position":2,"name":"ITABUNA: DEN\u00daNCIA DE ASS\u00c9DIO SEXUAL E RACISMO ENVOLVE DIRETOR DO CIEBTEC"}]},{"@type":"WebSite","@id":"https:\/\/blogdoere.com.br\/#website","url":"https:\/\/blogdoere.com.br\/","name":"blog do er\u00ea","description":"","publisher":{"@id":"https:\/\/blogdoere.com.br\/#organization"},"potentialAction":[{"@type":"SearchAction","target":{"@type":"EntryPoint","urlTemplate":"https:\/\/blogdoere.com.br\/?s={search_term_string}"},"query-input":"required name=search_term_string"}],"inLanguage":"pt-PT"},{"@type":"Organization","@id":"https:\/\/blogdoere.com.br\/#organization","name":"Blog do Er\u00ea","url":"https:\/\/blogdoere.com.br\/","logo":{"@type":"ImageObject","inLanguage":"pt-PT","@id":"https:\/\/blogdoere.com.br\/#\/schema\/logo\/image\/","url":"https:\/\/blogdoere.com.br\/wp-content\/uploads\/2021\/11\/Logo-Ere-1.png","contentUrl":"https:\/\/blogdoere.com.br\/wp-content\/uploads\/2021\/11\/Logo-Ere-1.png","width":1261,"height":1330,"caption":"Blog do Er\u00ea"},"image":{"@id":"https:\/\/blogdoere.com.br\/#\/schema\/logo\/image\/"}},{"@type":"Person","@id":"https:\/\/blogdoere.com.br\/#\/schema\/person\/c4f6d566a44c7bacdda563667715d18b","name":"blogdoere@hotmail.com","image":{"@type":"ImageObject","inLanguage":"pt-PT","@id":"https:\/\/blogdoere.com.br\/#\/schema\/person\/image\/","url":"https:\/\/secure.gravatar.com\/avatar\/5684bd39df1289cb639b4ab539d6fcad69420e4a29521548fc078c58ed122fe6?s=96&d=mm&r=g","contentUrl":"https:\/\/secure.gravatar.com\/avatar\/5684bd39df1289cb639b4ab539d6fcad69420e4a29521548fc078c58ed122fe6?s=96&d=mm&r=g","caption":"blogdoere@hotmail.com"},"sameAs":["http:\/\/blogdoere.com.br"]}]}},"featured_image_urls":{"full":["https:\/\/blogdoere.com.br\/wp-content\/uploads\/2025\/02\/whatsapp-image-2025-02-13-at-1.56.36-pm.jpeg",600,285,false],"thumbnail":["https:\/\/blogdoere.com.br\/wp-content\/uploads\/2025\/02\/whatsapp-image-2025-02-13-at-1.56.36-pm-150x150.jpeg",150,150,true],"medium":["https:\/\/blogdoere.com.br\/wp-content\/uploads\/2025\/02\/whatsapp-image-2025-02-13-at-1.56.36-pm-300x143.jpeg",300,143,true],"medium_large":["https:\/\/blogdoere.com.br\/wp-content\/uploads\/2025\/02\/whatsapp-image-2025-02-13-at-1.56.36-pm.jpeg",600,285,false],"large":["https:\/\/blogdoere.com.br\/wp-content\/uploads\/2025\/02\/whatsapp-image-2025-02-13-at-1.56.36-pm.jpeg",600,285,false],"1536x1536":["https:\/\/blogdoere.com.br\/wp-content\/uploads\/2025\/02\/whatsapp-image-2025-02-13-at-1.56.36-pm.jpeg",600,285,false],"2048x2048":["https:\/\/blogdoere.com.br\/wp-content\/uploads\/2025\/02\/whatsapp-image-2025-02-13-at-1.56.36-pm.jpeg",600,285,false]},"author_info":{"display_name":"blogdoere@hotmail.com","author_link":"https:\/\/blogdoere.com.br\/?author=1"},"category_info":"<a href=\"https:\/\/blogdoere.com.br\/?cat=55\" rel=\"category\">Itabuna<\/a>","tag_info":"Itabuna","comment_count":"0","_links":{"self":[{"href":"https:\/\/blogdoere.com.br\/index.php?rest_route=\/wp\/v2\/posts\/28901","targetHints":{"allow":["GET"]}}],"collection":[{"href":"https:\/\/blogdoere.com.br\/index.php?rest_route=\/wp\/v2\/posts"}],"about":[{"href":"https:\/\/blogdoere.com.br\/index.php?rest_route=\/wp\/v2\/types\/post"}],"author":[{"embeddable":true,"href":"https:\/\/blogdoere.com.br\/index.php?rest_route=\/wp\/v2\/users\/1"}],"replies":[{"embeddable":true,"href":"https:\/\/blogdoere.com.br\/index.php?rest_route=%2Fwp%2Fv2%2Fcomments&post=28901"}],"version-history":[{"count":1,"href":"https:\/\/blogdoere.com.br\/index.php?rest_route=\/wp\/v2\/posts\/28901\/revisions"}],"predecessor-version":[{"id":28903,"href":"https:\/\/blogdoere.com.br\/index.php?rest_route=\/wp\/v2\/posts\/28901\/revisions\/28903"}],"wp:featuredmedia":[{"embeddable":true,"href":"https:\/\/blogdoere.com.br\/index.php?rest_route=\/wp\/v2\/media\/28902"}],"wp:attachment":[{"href":"https:\/\/blogdoere.com.br\/index.php?rest_route=%2Fwp%2Fv2%2Fmedia&parent=28901"}],"wp:term":[{"taxonomy":"category","embeddable":true,"href":"https:\/\/blogdoere.com.br\/index.php?rest_route=%2Fwp%2Fv2%2Fcategories&post=28901"},{"taxonomy":"post_tag","embeddable":true,"href":"https:\/\/blogdoere.com.br\/index.php?rest_route=%2Fwp%2Fv2%2Ftags&post=28901"}],"curies":[{"name":"wp","href":"https:\/\/api.w.org\/{rel}","templated":true}]}}