{"id":28935,"date":"2025-03-15T14:11:57","date_gmt":"2025-03-15T14:11:57","guid":{"rendered":"https:\/\/blogdoere.com.br\/?p=28935"},"modified":"2025-03-15T14:11:57","modified_gmt":"2025-03-15T14:11:57","slug":"almadina-prefeitura-inaugura-mercado-municipal-em-comemoracao-aos-63-anos-de-emancipacao-politica","status":"publish","type":"post","link":"https:\/\/blogdoere.com.br\/?p=28935","title":{"rendered":"Almadina: Prefeitura Inaugura Mercado Municipal em Comemora\u00e7\u00e3o aos 63 Anos de Emancipa\u00e7\u00e3o Pol\u00edtica"},"content":{"rendered":"\n<figure class=\"wp-block-image size-large\"><img decoding=\"async\" width=\"1024\" height=\"869\" src=\"https:\/\/blogdoere.com.br\/wp-content\/uploads\/2025\/03\/IMG-20250315-WA0044-1024x869.jpg\" alt=\"\" class=\"wp-image-28936\" srcset=\"https:\/\/blogdoere.com.br\/wp-content\/uploads\/2025\/03\/IMG-20250315-WA0044-1024x869.jpg 1024w, https:\/\/blogdoere.com.br\/wp-content\/uploads\/2025\/03\/IMG-20250315-WA0044-300x254.jpg 300w, https:\/\/blogdoere.com.br\/wp-content\/uploads\/2025\/03\/IMG-20250315-WA0044-768x651.jpg 768w, https:\/\/blogdoere.com.br\/wp-content\/uploads\/2025\/03\/IMG-20250315-WA0044.jpg 1080w\" sizes=\"(max-width: 1024px) 100vw, 1024px\" \/><\/figure>\n\n\n\n<p>Na manh\u00e3 deste s\u00e1bado, 15 de mar\u00e7o, a prefeitura de Almadina celebrou o 63\u00ba anivers\u00e1rio de emancipa\u00e7\u00e3o pol\u00edtica do munic\u00edpio com a inaugura\u00e7\u00e3o do novo mercado municipal. O evento contou com a presen\u00e7a do prefeito Maciel Pinheiro, do governador Jer\u00f4nimo Rodrigues, al\u00e9m de deputados e diversas lideran\u00e7as regionais e locais.<\/p>\n\n\n\n<p>Com uma popula\u00e7\u00e3o de 5.218 habitantes, Almadina agora oferece aos feirantes um espa\u00e7o adequado para a comercializa\u00e7\u00e3o de seus produtos, promovendo o fortalecimento da economia local e a valoriza\u00e7\u00e3o do com\u00e9rcio do munic\u00edpio. A nova estrutura representa um marco importante para a comunidade, que pode desfrutar de um ambiente mais organizado e atrativo para as compras.<\/p>\n\n\n\n<p>A cerim\u00f4nia de inaugura\u00e7\u00e3o foi marcada por discursos que destacaram a import\u00e2ncia do mercado n\u00e3o apenas para os comerciantes, mas tamb\u00e9m para os consumidores, que agora contar\u00e3o com uma variedade maior de produtos frescos e locais.<\/p>\n","protected":false},"excerpt":{"rendered":"<p>Na manh\u00e3 deste s\u00e1bado, 15 de mar\u00e7o, a prefeitura de Almadina celebrou o 63\u00ba anivers\u00e1rio de emancipa\u00e7\u00e3o pol\u00edtica do munic\u00edpio com a inaugura\u00e7\u00e3o do novo mercado municipal. O evento contou&#8230;<\/p>\n","protected":false},"author":1,"featured_media":28936,"comment_status":"open","ping_status":"open","sticky":false,"template":"","format":"standard","meta":{"_editorskit_title_hidden":false,"_editorskit_reading_time":0,"_editorskit_is_block_options_detached":false,"_editorskit_block_options_position":"{}","om_disable_all_campaigns":false,"_mi_skip_tracking":false,"_kad_post_transparent":"","_kad_post_title":"","_kad_post_layout":"","_kad_post_sidebar_id":"","_kad_post_content_style":"","_kad_post_vertical_padding":"","_kad_post_feature":"","_kad_post_feature_position":"","_kad_post_header":false,"_kad_post_footer":false,"footnotes":""},"categories":[71],"tags":[],"class_list":["post-28935","post","type-post","status-publish","format-standard","has-post-thumbnail","hentry","category-gestao-e-inovacao"],"yoast_head":"<!-- This site is optimized with the Yoast SEO plugin v20.5 - https:\/\/yoast.com\/wordpress\/plugins\/seo\/ -->\n<title>Almadina: Prefeitura Inaugura Mercado Municipal em Comemora\u00e7\u00e3o aos 63 Anos de Emancipa\u00e7\u00e3o Pol\u00edtica - blog do er\u00ea<\/title>\n<meta name=\"robots\" content=\"index, follow, max-snippet:-1, max-image-preview:large, max-video-preview:-1\" \/>\n<link rel=\"canonical\" href=\"https:\/\/blogdoere.com.br\/?p=28935\" \/>\n<meta property=\"og:locale\" content=\"pt_PT\" \/>\n<meta property=\"og:type\" content=\"article\" \/>\n<meta property=\"og:title\" content=\"Almadina: Prefeitura Inaugura Mercado Municipal em Comemora\u00e7\u00e3o aos 63 Anos de Emancipa\u00e7\u00e3o Pol\u00edtica - blog do er\u00ea\" \/>\n<meta property=\"og:description\" content=\"Na manh\u00e3 deste s\u00e1bado, 15 de mar\u00e7o, a prefeitura de Almadina celebrou o 63\u00ba anivers\u00e1rio de emancipa\u00e7\u00e3o pol\u00edtica do munic\u00edpio com a inaugura\u00e7\u00e3o do novo mercado municipal. O evento contou...\" \/>\n<meta property=\"og:url\" content=\"https:\/\/blogdoere.com.br\/?p=28935\" \/>\n<meta property=\"og:site_name\" content=\"blog do er\u00ea\" \/>\n<meta property=\"article:published_time\" content=\"2025-03-15T14:11:57+00:00\" \/>\n<meta property=\"og:image\" content=\"https:\/\/blogdoere.com.br\/wp-content\/uploads\/2025\/03\/IMG-20250315-WA0044.jpg\" \/>\n\t<meta property=\"og:image:width\" content=\"1080\" \/>\n\t<meta property=\"og:image:height\" content=\"916\" \/>\n\t<meta property=\"og:image:type\" content=\"image\/jpeg\" \/>\n<meta name=\"author\" content=\"blogdoere@hotmail.com\" \/>\n<meta name=\"twitter:card\" content=\"summary_large_image\" \/>\n<meta name=\"twitter:label1\" content=\"Escrito por\" \/>\n\t<meta name=\"twitter:data1\" content=\"blogdoere@hotmail.com\" \/>\n\t<meta name=\"twitter:label2\" content=\"Tempo estimado de leitura\" \/>\n\t<meta name=\"twitter:data2\" content=\"1 minuto\" \/>\n<script type=\"application\/ld+json\" class=\"yoast-schema-graph\">{\"@context\":\"https:\/\/schema.org\",\"@graph\":[{\"@type\":\"Article\",\"@id\":\"https:\/\/blogdoere.com.br\/?p=28935#article\",\"isPartOf\":{\"@id\":\"https:\/\/blogdoere.com.br\/?p=28935\"},\"author\":{\"name\":\"blogdoere@hotmail.com\",\"@id\":\"https:\/\/blogdoere.com.br\/#\/schema\/person\/c4f6d566a44c7bacdda563667715d18b\"},\"headline\":\"Almadina: Prefeitura Inaugura Mercado Municipal em Comemora\u00e7\u00e3o aos 63 Anos de Emancipa\u00e7\u00e3o Pol\u00edtica\",\"datePublished\":\"2025-03-15T14:11:57+00:00\",\"dateModified\":\"2025-03-15T14:11:57+00:00\",\"mainEntityOfPage\":{\"@id\":\"https:\/\/blogdoere.com.br\/?p=28935\"},\"wordCount\":177,\"commentCount\":0,\"publisher\":{\"@id\":\"https:\/\/blogdoere.com.br\/#organization\"},\"articleSection\":[\"Gest\u00e3o e Inova\u00e7\u00e3o\"],\"inLanguage\":\"pt-PT\",\"potentialAction\":[{\"@type\":\"CommentAction\",\"name\":\"Comment\",\"target\":[\"https:\/\/blogdoere.com.br\/?p=28935#respond\"]}]},{\"@type\":\"WebPage\",\"@id\":\"https:\/\/blogdoere.com.br\/?p=28935\",\"url\":\"https:\/\/blogdoere.com.br\/?p=28935\",\"name\":\"Almadina: Prefeitura Inaugura Mercado Municipal em Comemora\u00e7\u00e3o aos 63 Anos de Emancipa\u00e7\u00e3o Pol\u00edtica - blog do er\u00ea\",\"isPartOf\":{\"@id\":\"https:\/\/blogdoere.com.br\/#website\"},\"datePublished\":\"2025-03-15T14:11:57+00:00\",\"dateModified\":\"2025-03-15T14:11:57+00:00\",\"breadcrumb\":{\"@id\":\"https:\/\/blogdoere.com.br\/?p=28935#breadcrumb\"},\"inLanguage\":\"pt-PT\",\"potentialAction\":[{\"@type\":\"ReadAction\",\"target\":[\"https:\/\/blogdoere.com.br\/?p=28935\"]}]},{\"@type\":\"BreadcrumbList\",\"@id\":\"https:\/\/blogdoere.com.br\/?p=28935#breadcrumb\",\"itemListElement\":[{\"@type\":\"ListItem\",\"position\":1,\"name\":\"In\u00edcio\",\"item\":\"https:\/\/blogdoere.com.br\/\"},{\"@type\":\"ListItem\",\"position\":2,\"name\":\"Almadina: Prefeitura Inaugura Mercado Municipal em Comemora\u00e7\u00e3o aos 63 Anos de Emancipa\u00e7\u00e3o Pol\u00edtica\"}]},{\"@type\":\"WebSite\",\"@id\":\"https:\/\/blogdoere.com.br\/#website\",\"url\":\"https:\/\/blogdoere.com.br\/\",\"name\":\"blog do er\u00ea\",\"description\":\"\",\"publisher\":{\"@id\":\"https:\/\/blogdoere.com.br\/#organization\"},\"potentialAction\":[{\"@type\":\"SearchAction\",\"target\":{\"@type\":\"EntryPoint\",\"urlTemplate\":\"https:\/\/blogdoere.com.br\/?s={search_term_string}\"},\"query-input\":\"required name=search_term_string\"}],\"inLanguage\":\"pt-PT\"},{\"@type\":\"Organization\",\"@id\":\"https:\/\/blogdoere.com.br\/#organization\",\"name\":\"Blog do Er\u00ea\",\"url\":\"https:\/\/blogdoere.com.br\/\",\"logo\":{\"@type\":\"ImageObject\",\"inLanguage\":\"pt-PT\",\"@id\":\"https:\/\/blogdoere.com.br\/#\/schema\/logo\/image\/\",\"url\":\"https:\/\/blogdoere.com.br\/wp-content\/uploads\/2021\/11\/Logo-Ere-1.png\",\"contentUrl\":\"https:\/\/blogdoere.com.br\/wp-content\/uploads\/2021\/11\/Logo-Ere-1.png\",\"width\":1261,\"height\":1330,\"caption\":\"Blog do Er\u00ea\"},\"image\":{\"@id\":\"https:\/\/blogdoere.com.br\/#\/schema\/logo\/image\/\"}},{\"@type\":\"Person\",\"@id\":\"https:\/\/blogdoere.com.br\/#\/schema\/person\/c4f6d566a44c7bacdda563667715d18b\",\"name\":\"blogdoere@hotmail.com\",\"image\":{\"@type\":\"ImageObject\",\"inLanguage\":\"pt-PT\",\"@id\":\"https:\/\/blogdoere.com.br\/#\/schema\/person\/image\/\",\"url\":\"https:\/\/secure.gravatar.com\/avatar\/5684bd39df1289cb639b4ab539d6fcad69420e4a29521548fc078c58ed122fe6?s=96&d=mm&r=g\",\"contentUrl\":\"https:\/\/secure.gravatar.com\/avatar\/5684bd39df1289cb639b4ab539d6fcad69420e4a29521548fc078c58ed122fe6?s=96&d=mm&r=g\",\"caption\":\"blogdoere@hotmail.com\"},\"sameAs\":[\"http:\/\/blogdoere.com.br\"]}]}<\/script>\n<!-- \/ Yoast SEO plugin. -->","yoast_head_json":{"title":"Almadina: Prefeitura Inaugura Mercado Municipal em Comemora\u00e7\u00e3o aos 63 Anos de Emancipa\u00e7\u00e3o Pol\u00edtica - blog do er\u00ea","robots":{"index":"index","follow":"follow","max-snippet":"max-snippet:-1","max-image-preview":"max-image-preview:large","max-video-preview":"max-video-preview:-1"},"canonical":"https:\/\/blogdoere.com.br\/?p=28935","og_locale":"pt_PT","og_type":"article","og_title":"Almadina: Prefeitura Inaugura Mercado Municipal em Comemora\u00e7\u00e3o aos 63 Anos de Emancipa\u00e7\u00e3o Pol\u00edtica - blog do er\u00ea","og_description":"Na manh\u00e3 deste s\u00e1bado, 15 de mar\u00e7o, a prefeitura de Almadina celebrou o 63\u00ba anivers\u00e1rio de emancipa\u00e7\u00e3o pol\u00edtica do munic\u00edpio com a inaugura\u00e7\u00e3o do novo mercado municipal. O evento contou...","og_url":"https:\/\/blogdoere.com.br\/?p=28935","og_site_name":"blog do er\u00ea","article_published_time":"2025-03-15T14:11:57+00:00","og_image":[{"width":1080,"height":916,"url":"https:\/\/blogdoere.com.br\/wp-content\/uploads\/2025\/03\/IMG-20250315-WA0044.jpg","type":"image\/jpeg"}],"author":"blogdoere@hotmail.com","twitter_card":"summary_large_image","twitter_misc":{"Escrito por":"blogdoere@hotmail.com","Tempo estimado de leitura":"1 minuto"},"schema":{"@context":"https:\/\/schema.org","@graph":[{"@type":"Article","@id":"https:\/\/blogdoere.com.br\/?p=28935#article","isPartOf":{"@id":"https:\/\/blogdoere.com.br\/?p=28935"},"author":{"name":"blogdoere@hotmail.com","@id":"https:\/\/blogdoere.com.br\/#\/schema\/person\/c4f6d566a44c7bacdda563667715d18b"},"headline":"Almadina: Prefeitura Inaugura Mercado Municipal em Comemora\u00e7\u00e3o aos 63 Anos de Emancipa\u00e7\u00e3o Pol\u00edtica","datePublished":"2025-03-15T14:11:57+00:00","dateModified":"2025-03-15T14:11:57+00:00","mainEntityOfPage":{"@id":"https:\/\/blogdoere.com.br\/?p=28935"},"wordCount":177,"commentCount":0,"publisher":{"@id":"https:\/\/blogdoere.com.br\/#organization"},"articleSection":["Gest\u00e3o e Inova\u00e7\u00e3o"],"inLanguage":"pt-PT","potentialAction":[{"@type":"CommentAction","name":"Comment","target":["https:\/\/blogdoere.com.br\/?p=28935#respond"]}]},{"@type":"WebPage","@id":"https:\/\/blogdoere.com.br\/?p=28935","url":"https:\/\/blogdoere.com.br\/?p=28935","name":"Almadina: Prefeitura Inaugura Mercado Municipal em Comemora\u00e7\u00e3o aos 63 Anos de Emancipa\u00e7\u00e3o Pol\u00edtica - blog do er\u00ea","isPartOf":{"@id":"https:\/\/blogdoere.com.br\/#website"},"datePublished":"2025-03-15T14:11:57+00:00","dateModified":"2025-03-15T14:11:57+00:00","breadcrumb":{"@id":"https:\/\/blogdoere.com.br\/?p=28935#breadcrumb"},"inLanguage":"pt-PT","potentialAction":[{"@type":"ReadAction","target":["https:\/\/blogdoere.com.br\/?p=28935"]}]},{"@type":"BreadcrumbList","@id":"https:\/\/blogdoere.com.br\/?p=28935#breadcrumb","itemListElement":[{"@type":"ListItem","position":1,"name":"In\u00edcio","item":"https:\/\/blogdoere.com.br\/"},{"@type":"ListItem","position":2,"name":"Almadina: Prefeitura Inaugura Mercado Municipal em Comemora\u00e7\u00e3o aos 63 Anos de Emancipa\u00e7\u00e3o Pol\u00edtica"}]},{"@type":"WebSite","@id":"https:\/\/blogdoere.com.br\/#website","url":"https:\/\/blogdoere.com.br\/","name":"blog do er\u00ea","description":"","publisher":{"@id":"https:\/\/blogdoere.com.br\/#organization"},"potentialAction":[{"@type":"SearchAction","target":{"@type":"EntryPoint","urlTemplate":"https:\/\/blogdoere.com.br\/?s={search_term_string}"},"query-input":"required name=search_term_string"}],"inLanguage":"pt-PT"},{"@type":"Organization","@id":"https:\/\/blogdoere.com.br\/#organization","name":"Blog do Er\u00ea","url":"https:\/\/blogdoere.com.br\/","logo":{"@type":"ImageObject","inLanguage":"pt-PT","@id":"https:\/\/blogdoere.com.br\/#\/schema\/logo\/image\/","url":"https:\/\/blogdoere.com.br\/wp-content\/uploads\/2021\/11\/Logo-Ere-1.png","contentUrl":"https:\/\/blogdoere.com.br\/wp-content\/uploads\/2021\/11\/Logo-Ere-1.png","width":1261,"height":1330,"caption":"Blog do Er\u00ea"},"image":{"@id":"https:\/\/blogdoere.com.br\/#\/schema\/logo\/image\/"}},{"@type":"Person","@id":"https:\/\/blogdoere.com.br\/#\/schema\/person\/c4f6d566a44c7bacdda563667715d18b","name":"blogdoere@hotmail.com","image":{"@type":"ImageObject","inLanguage":"pt-PT","@id":"https:\/\/blogdoere.com.br\/#\/schema\/person\/image\/","url":"https:\/\/secure.gravatar.com\/avatar\/5684bd39df1289cb639b4ab539d6fcad69420e4a29521548fc078c58ed122fe6?s=96&d=mm&r=g","contentUrl":"https:\/\/secure.gravatar.com\/avatar\/5684bd39df1289cb639b4ab539d6fcad69420e4a29521548fc078c58ed122fe6?s=96&d=mm&r=g","caption":"blogdoere@hotmail.com"},"sameAs":["http:\/\/blogdoere.com.br"]}]}},"featured_image_urls":{"full":["https:\/\/blogdoere.com.br\/wp-content\/uploads\/2025\/03\/IMG-20250315-WA0044.jpg",1080,916,false],"thumbnail":["https:\/\/blogdoere.com.br\/wp-content\/uploads\/2025\/03\/IMG-20250315-WA0044-150x150.jpg",150,150,true],"medium":["https:\/\/blogdoere.com.br\/wp-content\/uploads\/2025\/03\/IMG-20250315-WA0044-300x254.jpg",300,254,true],"medium_large":["https:\/\/blogdoere.com.br\/wp-content\/uploads\/2025\/03\/IMG-20250315-WA0044-768x651.jpg",768,651,true],"large":["https:\/\/blogdoere.com.br\/wp-content\/uploads\/2025\/03\/IMG-20250315-WA0044-1024x869.jpg",1024,869,true],"1536x1536":["https:\/\/blogdoere.com.br\/wp-content\/uploads\/2025\/03\/IMG-20250315-WA0044.jpg",1080,916,false],"2048x2048":["https:\/\/blogdoere.com.br\/wp-content\/uploads\/2025\/03\/IMG-20250315-WA0044.jpg",1080,916,false]},"author_info":{"display_name":"blogdoere@hotmail.com","author_link":"https:\/\/blogdoere.com.br\/?author=1"},"category_info":"<a href=\"https:\/\/blogdoere.com.br\/?cat=71\" rel=\"category\">Gest\u00e3o e Inova\u00e7\u00e3o<\/a>","tag_info":"Gest\u00e3o e Inova\u00e7\u00e3o","comment_count":"0","_links":{"self":[{"href":"https:\/\/blogdoere.com.br\/index.php?rest_route=\/wp\/v2\/posts\/28935","targetHints":{"allow":["GET"]}}],"collection":[{"href":"https:\/\/blogdoere.com.br\/index.php?rest_route=\/wp\/v2\/posts"}],"about":[{"href":"https:\/\/blogdoere.com.br\/index.php?rest_route=\/wp\/v2\/types\/post"}],"author":[{"embeddable":true,"href":"https:\/\/blogdoere.com.br\/index.php?rest_route=\/wp\/v2\/users\/1"}],"replies":[{"embeddable":true,"href":"https:\/\/blogdoere.com.br\/index.php?rest_route=%2Fwp%2Fv2%2Fcomments&post=28935"}],"version-history":[{"count":1,"href":"https:\/\/blogdoere.com.br\/index.php?rest_route=\/wp\/v2\/posts\/28935\/revisions"}],"predecessor-version":[{"id":28937,"href":"https:\/\/blogdoere.com.br\/index.php?rest_route=\/wp\/v2\/posts\/28935\/revisions\/28937"}],"wp:featuredmedia":[{"embeddable":true,"href":"https:\/\/blogdoere.com.br\/index.php?rest_route=\/wp\/v2\/media\/28936"}],"wp:attachment":[{"href":"https:\/\/blogdoere.com.br\/index.php?rest_route=%2Fwp%2Fv2%2Fmedia&parent=28935"}],"wp:term":[{"taxonomy":"category","embeddable":true,"href":"https:\/\/blogdoere.com.br\/index.php?rest_route=%2Fwp%2Fv2%2Fcategories&post=28935"},{"taxonomy":"post_tag","embeddable":true,"href":"https:\/\/blogdoere.com.br\/index.php?rest_route=%2Fwp%2Fv2%2Ftags&post=28935"}],"curies":[{"name":"wp","href":"https:\/\/api.w.org\/{rel}","templated":true}]}}