{"id":28941,"date":"2025-03-16T17:55:28","date_gmt":"2025-03-16T17:55:28","guid":{"rendered":"https:\/\/blogdoere.com.br\/?p=28941"},"modified":"2025-03-16T22:19:14","modified_gmt":"2025-03-16T22:19:14","slug":"buerarema-prefeito-gel-da-farmacia-se-junta-ao-governador-jeronimo-rodrigues","status":"publish","type":"post","link":"https:\/\/blogdoere.com.br\/?p=28941","title":{"rendered":"Buerarema: Prefeito Gel da Farm\u00e1cia se junta ao Governador Jer\u00f4nimo Rodrigues"},"content":{"rendered":"\n<figure class=\"wp-block-image size-large\"><img decoding=\"async\" width=\"1024\" height=\"788\" src=\"https:\/\/blogdoere.com.br\/wp-content\/uploads\/2025\/03\/IMG-20250316-WA0083-1024x788.jpg\" alt=\"\" class=\"wp-image-28942\" srcset=\"https:\/\/blogdoere.com.br\/wp-content\/uploads\/2025\/03\/IMG-20250316-WA0083-1024x788.jpg 1024w, https:\/\/blogdoere.com.br\/wp-content\/uploads\/2025\/03\/IMG-20250316-WA0083-300x231.jpg 300w, https:\/\/blogdoere.com.br\/wp-content\/uploads\/2025\/03\/IMG-20250316-WA0083-768x591.jpg 768w, https:\/\/blogdoere.com.br\/wp-content\/uploads\/2025\/03\/IMG-20250316-WA0083.jpg 1080w\" sizes=\"(max-width: 1024px) 100vw, 1024px\" \/><\/figure>\n\n\n\n<p>Neste domingo, 16 de mar\u00e7o, a pol\u00edtica regional de Buerarema passou por uma reviravolta significativa com a ades\u00e3o do prefeito Gel da Farm\u00e1cia (Uni\u00e3o Brasil) ao grupo do governador Jer\u00f4nimo Rodrigues (PT). O an\u00fancio foi feito durante um evento em pra\u00e7a p\u00fablica, que contou com a presen\u00e7a do governador Jer\u00f4nimo,  secret\u00e1rios estaduais, deputados, vereadores e lideran\u00e7a regionais e locais. <\/p>\n\n\n\n<p>Gel, que foi eleito na \u00faltima elei\u00e7\u00e3o com o apoio do ex-prefeito bolsonarista e netista Vinicius Ibrann (Uni\u00e3o Brasil), atualmente secret\u00e1rio de governo no munic\u00edpio de Ilh\u00e9us, fez um discurso acalorado durante a cerim\u00f4nia. Em suas palavras, o prefeito deixou claro que aqueles secret\u00e1rios de governo que n\u00e3o se sentirem confort\u00e1veis com sua nova alian\u00e7a pol\u00edtica teriam a liberdade de pedir para deixar suas fun\u00e7\u00f5es.<\/p>\n\n\n\n<p>A mudan\u00e7a de lado de Gel da Farm\u00e1cia, que j\u00e1 havia sido um importante aliado do governo anterior, levanta quest\u00f5es sobre o futuro pol\u00edtico na regi\u00e3o e as repercuss\u00f5es dessa nova alian\u00e7a. A ades\u00e3o ao grupo de Jer\u00f4nimo Rodrigues \u00e9 vista como uma estrat\u00e9gia para fortalecer sua posi\u00e7\u00e3o e buscar novos apoios em um cen\u00e1rio pol\u00edtico em constante transforma\u00e7\u00e3o.<\/p>\n","protected":false},"excerpt":{"rendered":"<p>Neste domingo, 16 de mar\u00e7o, a pol\u00edtica regional de Buerarema passou por uma reviravolta significativa com a ades\u00e3o do prefeito Gel da Farm\u00e1cia (Uni\u00e3o Brasil) ao grupo do governador Jer\u00f4nimo&#8230;<\/p>\n","protected":false},"author":1,"featured_media":28942,"comment_status":"open","ping_status":"open","sticky":false,"template":"","format":"standard","meta":{"_editorskit_title_hidden":false,"_editorskit_reading_time":0,"_editorskit_is_block_options_detached":false,"_editorskit_block_options_position":"{}","om_disable_all_campaigns":false,"_mi_skip_tracking":false,"_kad_post_transparent":"","_kad_post_title":"","_kad_post_layout":"","_kad_post_sidebar_id":"","_kad_post_content_style":"","_kad_post_vertical_padding":"","_kad_post_feature":"","_kad_post_feature_position":"","_kad_post_header":false,"_kad_post_footer":false,"footnotes":""},"categories":[32],"tags":[],"class_list":["post-28941","post","type-post","status-publish","format-standard","has-post-thumbnail","hentry","category-politica"],"yoast_head":"<!-- This site is optimized with the Yoast SEO plugin v20.5 - https:\/\/yoast.com\/wordpress\/plugins\/seo\/ -->\n<title>Buerarema: Prefeito Gel da Farm\u00e1cia se junta ao Governador Jer\u00f4nimo Rodrigues - blog do er\u00ea<\/title>\n<meta name=\"robots\" content=\"index, follow, max-snippet:-1, max-image-preview:large, max-video-preview:-1\" \/>\n<link rel=\"canonical\" href=\"https:\/\/blogdoere.com.br\/?p=28941\" \/>\n<meta property=\"og:locale\" content=\"pt_PT\" \/>\n<meta property=\"og:type\" content=\"article\" \/>\n<meta property=\"og:title\" content=\"Buerarema: Prefeito Gel da Farm\u00e1cia se junta ao Governador Jer\u00f4nimo Rodrigues - blog do er\u00ea\" \/>\n<meta property=\"og:description\" content=\"Neste domingo, 16 de mar\u00e7o, a pol\u00edtica regional de Buerarema passou por uma reviravolta significativa com a ades\u00e3o do prefeito Gel da Farm\u00e1cia (Uni\u00e3o Brasil) ao grupo do governador Jer\u00f4nimo...\" \/>\n<meta property=\"og:url\" content=\"https:\/\/blogdoere.com.br\/?p=28941\" \/>\n<meta property=\"og:site_name\" content=\"blog do er\u00ea\" \/>\n<meta property=\"article:published_time\" content=\"2025-03-16T17:55:28+00:00\" \/>\n<meta property=\"article:modified_time\" content=\"2025-03-16T22:19:14+00:00\" \/>\n<meta property=\"og:image\" content=\"https:\/\/blogdoere.com.br\/wp-content\/uploads\/2025\/03\/IMG-20250316-WA0083.jpg\" \/>\n\t<meta property=\"og:image:width\" content=\"1080\" \/>\n\t<meta property=\"og:image:height\" content=\"831\" \/>\n\t<meta property=\"og:image:type\" content=\"image\/jpeg\" \/>\n<meta name=\"author\" content=\"blogdoere@hotmail.com\" \/>\n<meta name=\"twitter:card\" content=\"summary_large_image\" \/>\n<meta name=\"twitter:label1\" content=\"Escrito por\" \/>\n\t<meta name=\"twitter:data1\" content=\"blogdoere@hotmail.com\" \/>\n\t<meta name=\"twitter:label2\" content=\"Tempo estimado de leitura\" \/>\n\t<meta name=\"twitter:data2\" content=\"2 minutos\" \/>\n<script type=\"application\/ld+json\" class=\"yoast-schema-graph\">{\"@context\":\"https:\/\/schema.org\",\"@graph\":[{\"@type\":\"Article\",\"@id\":\"https:\/\/blogdoere.com.br\/?p=28941#article\",\"isPartOf\":{\"@id\":\"https:\/\/blogdoere.com.br\/?p=28941\"},\"author\":{\"name\":\"blogdoere@hotmail.com\",\"@id\":\"https:\/\/blogdoere.com.br\/#\/schema\/person\/c4f6d566a44c7bacdda563667715d18b\"},\"headline\":\"Buerarema: Prefeito Gel da Farm\u00e1cia se junta ao Governador Jer\u00f4nimo Rodrigues\",\"datePublished\":\"2025-03-16T17:55:28+00:00\",\"dateModified\":\"2025-03-16T22:19:14+00:00\",\"mainEntityOfPage\":{\"@id\":\"https:\/\/blogdoere.com.br\/?p=28941\"},\"wordCount\":233,\"commentCount\":0,\"publisher\":{\"@id\":\"https:\/\/blogdoere.com.br\/#organization\"},\"articleSection\":[\"Pol\u00edtica\"],\"inLanguage\":\"pt-PT\",\"potentialAction\":[{\"@type\":\"CommentAction\",\"name\":\"Comment\",\"target\":[\"https:\/\/blogdoere.com.br\/?p=28941#respond\"]}]},{\"@type\":\"WebPage\",\"@id\":\"https:\/\/blogdoere.com.br\/?p=28941\",\"url\":\"https:\/\/blogdoere.com.br\/?p=28941\",\"name\":\"Buerarema: Prefeito Gel da Farm\u00e1cia se junta ao Governador Jer\u00f4nimo Rodrigues - blog do er\u00ea\",\"isPartOf\":{\"@id\":\"https:\/\/blogdoere.com.br\/#website\"},\"datePublished\":\"2025-03-16T17:55:28+00:00\",\"dateModified\":\"2025-03-16T22:19:14+00:00\",\"breadcrumb\":{\"@id\":\"https:\/\/blogdoere.com.br\/?p=28941#breadcrumb\"},\"inLanguage\":\"pt-PT\",\"potentialAction\":[{\"@type\":\"ReadAction\",\"target\":[\"https:\/\/blogdoere.com.br\/?p=28941\"]}]},{\"@type\":\"BreadcrumbList\",\"@id\":\"https:\/\/blogdoere.com.br\/?p=28941#breadcrumb\",\"itemListElement\":[{\"@type\":\"ListItem\",\"position\":1,\"name\":\"In\u00edcio\",\"item\":\"https:\/\/blogdoere.com.br\/\"},{\"@type\":\"ListItem\",\"position\":2,\"name\":\"Buerarema: Prefeito Gel da Farm\u00e1cia se junta ao Governador Jer\u00f4nimo Rodrigues\"}]},{\"@type\":\"WebSite\",\"@id\":\"https:\/\/blogdoere.com.br\/#website\",\"url\":\"https:\/\/blogdoere.com.br\/\",\"name\":\"blog do er\u00ea\",\"description\":\"\",\"publisher\":{\"@id\":\"https:\/\/blogdoere.com.br\/#organization\"},\"potentialAction\":[{\"@type\":\"SearchAction\",\"target\":{\"@type\":\"EntryPoint\",\"urlTemplate\":\"https:\/\/blogdoere.com.br\/?s={search_term_string}\"},\"query-input\":\"required name=search_term_string\"}],\"inLanguage\":\"pt-PT\"},{\"@type\":\"Organization\",\"@id\":\"https:\/\/blogdoere.com.br\/#organization\",\"name\":\"Blog do Er\u00ea\",\"url\":\"https:\/\/blogdoere.com.br\/\",\"logo\":{\"@type\":\"ImageObject\",\"inLanguage\":\"pt-PT\",\"@id\":\"https:\/\/blogdoere.com.br\/#\/schema\/logo\/image\/\",\"url\":\"https:\/\/blogdoere.com.br\/wp-content\/uploads\/2021\/11\/Logo-Ere-1.png\",\"contentUrl\":\"https:\/\/blogdoere.com.br\/wp-content\/uploads\/2021\/11\/Logo-Ere-1.png\",\"width\":1261,\"height\":1330,\"caption\":\"Blog do Er\u00ea\"},\"image\":{\"@id\":\"https:\/\/blogdoere.com.br\/#\/schema\/logo\/image\/\"}},{\"@type\":\"Person\",\"@id\":\"https:\/\/blogdoere.com.br\/#\/schema\/person\/c4f6d566a44c7bacdda563667715d18b\",\"name\":\"blogdoere@hotmail.com\",\"image\":{\"@type\":\"ImageObject\",\"inLanguage\":\"pt-PT\",\"@id\":\"https:\/\/blogdoere.com.br\/#\/schema\/person\/image\/\",\"url\":\"https:\/\/secure.gravatar.com\/avatar\/5684bd39df1289cb639b4ab539d6fcad69420e4a29521548fc078c58ed122fe6?s=96&d=mm&r=g\",\"contentUrl\":\"https:\/\/secure.gravatar.com\/avatar\/5684bd39df1289cb639b4ab539d6fcad69420e4a29521548fc078c58ed122fe6?s=96&d=mm&r=g\",\"caption\":\"blogdoere@hotmail.com\"},\"sameAs\":[\"http:\/\/blogdoere.com.br\"]}]}<\/script>\n<!-- \/ Yoast SEO plugin. -->","yoast_head_json":{"title":"Buerarema: Prefeito Gel da Farm\u00e1cia se junta ao Governador Jer\u00f4nimo Rodrigues - blog do er\u00ea","robots":{"index":"index","follow":"follow","max-snippet":"max-snippet:-1","max-image-preview":"max-image-preview:large","max-video-preview":"max-video-preview:-1"},"canonical":"https:\/\/blogdoere.com.br\/?p=28941","og_locale":"pt_PT","og_type":"article","og_title":"Buerarema: Prefeito Gel da Farm\u00e1cia se junta ao Governador Jer\u00f4nimo Rodrigues - blog do er\u00ea","og_description":"Neste domingo, 16 de mar\u00e7o, a pol\u00edtica regional de Buerarema passou por uma reviravolta significativa com a ades\u00e3o do prefeito Gel da Farm\u00e1cia (Uni\u00e3o Brasil) ao grupo do governador Jer\u00f4nimo...","og_url":"https:\/\/blogdoere.com.br\/?p=28941","og_site_name":"blog do er\u00ea","article_published_time":"2025-03-16T17:55:28+00:00","article_modified_time":"2025-03-16T22:19:14+00:00","og_image":[{"width":1080,"height":831,"url":"https:\/\/blogdoere.com.br\/wp-content\/uploads\/2025\/03\/IMG-20250316-WA0083.jpg","type":"image\/jpeg"}],"author":"blogdoere@hotmail.com","twitter_card":"summary_large_image","twitter_misc":{"Escrito por":"blogdoere@hotmail.com","Tempo estimado de leitura":"2 minutos"},"schema":{"@context":"https:\/\/schema.org","@graph":[{"@type":"Article","@id":"https:\/\/blogdoere.com.br\/?p=28941#article","isPartOf":{"@id":"https:\/\/blogdoere.com.br\/?p=28941"},"author":{"name":"blogdoere@hotmail.com","@id":"https:\/\/blogdoere.com.br\/#\/schema\/person\/c4f6d566a44c7bacdda563667715d18b"},"headline":"Buerarema: Prefeito Gel da Farm\u00e1cia se junta ao Governador Jer\u00f4nimo Rodrigues","datePublished":"2025-03-16T17:55:28+00:00","dateModified":"2025-03-16T22:19:14+00:00","mainEntityOfPage":{"@id":"https:\/\/blogdoere.com.br\/?p=28941"},"wordCount":233,"commentCount":0,"publisher":{"@id":"https:\/\/blogdoere.com.br\/#organization"},"articleSection":["Pol\u00edtica"],"inLanguage":"pt-PT","potentialAction":[{"@type":"CommentAction","name":"Comment","target":["https:\/\/blogdoere.com.br\/?p=28941#respond"]}]},{"@type":"WebPage","@id":"https:\/\/blogdoere.com.br\/?p=28941","url":"https:\/\/blogdoere.com.br\/?p=28941","name":"Buerarema: Prefeito Gel da Farm\u00e1cia se junta ao Governador Jer\u00f4nimo Rodrigues - blog do er\u00ea","isPartOf":{"@id":"https:\/\/blogdoere.com.br\/#website"},"datePublished":"2025-03-16T17:55:28+00:00","dateModified":"2025-03-16T22:19:14+00:00","breadcrumb":{"@id":"https:\/\/blogdoere.com.br\/?p=28941#breadcrumb"},"inLanguage":"pt-PT","potentialAction":[{"@type":"ReadAction","target":["https:\/\/blogdoere.com.br\/?p=28941"]}]},{"@type":"BreadcrumbList","@id":"https:\/\/blogdoere.com.br\/?p=28941#breadcrumb","itemListElement":[{"@type":"ListItem","position":1,"name":"In\u00edcio","item":"https:\/\/blogdoere.com.br\/"},{"@type":"ListItem","position":2,"name":"Buerarema: Prefeito Gel da Farm\u00e1cia se junta ao Governador Jer\u00f4nimo Rodrigues"}]},{"@type":"WebSite","@id":"https:\/\/blogdoere.com.br\/#website","url":"https:\/\/blogdoere.com.br\/","name":"blog do er\u00ea","description":"","publisher":{"@id":"https:\/\/blogdoere.com.br\/#organization"},"potentialAction":[{"@type":"SearchAction","target":{"@type":"EntryPoint","urlTemplate":"https:\/\/blogdoere.com.br\/?s={search_term_string}"},"query-input":"required name=search_term_string"}],"inLanguage":"pt-PT"},{"@type":"Organization","@id":"https:\/\/blogdoere.com.br\/#organization","name":"Blog do Er\u00ea","url":"https:\/\/blogdoere.com.br\/","logo":{"@type":"ImageObject","inLanguage":"pt-PT","@id":"https:\/\/blogdoere.com.br\/#\/schema\/logo\/image\/","url":"https:\/\/blogdoere.com.br\/wp-content\/uploads\/2021\/11\/Logo-Ere-1.png","contentUrl":"https:\/\/blogdoere.com.br\/wp-content\/uploads\/2021\/11\/Logo-Ere-1.png","width":1261,"height":1330,"caption":"Blog do Er\u00ea"},"image":{"@id":"https:\/\/blogdoere.com.br\/#\/schema\/logo\/image\/"}},{"@type":"Person","@id":"https:\/\/blogdoere.com.br\/#\/schema\/person\/c4f6d566a44c7bacdda563667715d18b","name":"blogdoere@hotmail.com","image":{"@type":"ImageObject","inLanguage":"pt-PT","@id":"https:\/\/blogdoere.com.br\/#\/schema\/person\/image\/","url":"https:\/\/secure.gravatar.com\/avatar\/5684bd39df1289cb639b4ab539d6fcad69420e4a29521548fc078c58ed122fe6?s=96&d=mm&r=g","contentUrl":"https:\/\/secure.gravatar.com\/avatar\/5684bd39df1289cb639b4ab539d6fcad69420e4a29521548fc078c58ed122fe6?s=96&d=mm&r=g","caption":"blogdoere@hotmail.com"},"sameAs":["http:\/\/blogdoere.com.br"]}]}},"featured_image_urls":{"full":["https:\/\/blogdoere.com.br\/wp-content\/uploads\/2025\/03\/IMG-20250316-WA0083.jpg",1080,831,false],"thumbnail":["https:\/\/blogdoere.com.br\/wp-content\/uploads\/2025\/03\/IMG-20250316-WA0083-150x150.jpg",150,150,true],"medium":["https:\/\/blogdoere.com.br\/wp-content\/uploads\/2025\/03\/IMG-20250316-WA0083-300x231.jpg",300,231,true],"medium_large":["https:\/\/blogdoere.com.br\/wp-content\/uploads\/2025\/03\/IMG-20250316-WA0083-768x591.jpg",768,591,true],"large":["https:\/\/blogdoere.com.br\/wp-content\/uploads\/2025\/03\/IMG-20250316-WA0083-1024x788.jpg",1024,788,true],"1536x1536":["https:\/\/blogdoere.com.br\/wp-content\/uploads\/2025\/03\/IMG-20250316-WA0083.jpg",1080,831,false],"2048x2048":["https:\/\/blogdoere.com.br\/wp-content\/uploads\/2025\/03\/IMG-20250316-WA0083.jpg",1080,831,false]},"author_info":{"display_name":"blogdoere@hotmail.com","author_link":"https:\/\/blogdoere.com.br\/?author=1"},"category_info":"<a href=\"https:\/\/blogdoere.com.br\/?cat=32\" rel=\"category\">Pol\u00edtica<\/a>","tag_info":"Pol\u00edtica","comment_count":"0","_links":{"self":[{"href":"https:\/\/blogdoere.com.br\/index.php?rest_route=\/wp\/v2\/posts\/28941","targetHints":{"allow":["GET"]}}],"collection":[{"href":"https:\/\/blogdoere.com.br\/index.php?rest_route=\/wp\/v2\/posts"}],"about":[{"href":"https:\/\/blogdoere.com.br\/index.php?rest_route=\/wp\/v2\/types\/post"}],"author":[{"embeddable":true,"href":"https:\/\/blogdoere.com.br\/index.php?rest_route=\/wp\/v2\/users\/1"}],"replies":[{"embeddable":true,"href":"https:\/\/blogdoere.com.br\/index.php?rest_route=%2Fwp%2Fv2%2Fcomments&post=28941"}],"version-history":[{"count":2,"href":"https:\/\/blogdoere.com.br\/index.php?rest_route=\/wp\/v2\/posts\/28941\/revisions"}],"predecessor-version":[{"id":28944,"href":"https:\/\/blogdoere.com.br\/index.php?rest_route=\/wp\/v2\/posts\/28941\/revisions\/28944"}],"wp:featuredmedia":[{"embeddable":true,"href":"https:\/\/blogdoere.com.br\/index.php?rest_route=\/wp\/v2\/media\/28942"}],"wp:attachment":[{"href":"https:\/\/blogdoere.com.br\/index.php?rest_route=%2Fwp%2Fv2%2Fmedia&parent=28941"}],"wp:term":[{"taxonomy":"category","embeddable":true,"href":"https:\/\/blogdoere.com.br\/index.php?rest_route=%2Fwp%2Fv2%2Fcategories&post=28941"},{"taxonomy":"post_tag","embeddable":true,"href":"https:\/\/blogdoere.com.br\/index.php?rest_route=%2Fwp%2Fv2%2Ftags&post=28941"}],"curies":[{"name":"wp","href":"https:\/\/api.w.org\/{rel}","templated":true}]}}