{"id":28945,"date":"2025-03-19T14:48:54","date_gmt":"2025-03-19T14:48:54","guid":{"rendered":"https:\/\/blogdoere.com.br\/?p=28945"},"modified":"2025-03-19T14:48:55","modified_gmt":"2025-03-19T14:48:55","slug":"itajuipe-camara-de-vereadores-inova-com-contratacao-de-empresa-para-gestao-veicular","status":"publish","type":"post","link":"https:\/\/blogdoere.com.br\/?p=28945","title":{"rendered":"Itaju\u00edpe: C\u00e2mara de Vereadores inova com contrata\u00e7\u00e3o de empresa para gest\u00e3o veicular"},"content":{"rendered":"\n<figure class=\"wp-block-image size-full\"><img decoding=\"async\" width=\"317\" height=\"352\" src=\"https:\/\/blogdoere.com.br\/wp-content\/uploads\/2025\/03\/IMG-20250319-WA0055.jpg\" alt=\"\" class=\"wp-image-28947\" srcset=\"https:\/\/blogdoere.com.br\/wp-content\/uploads\/2025\/03\/IMG-20250319-WA0055.jpg 317w, https:\/\/blogdoere.com.br\/wp-content\/uploads\/2025\/03\/IMG-20250319-WA0055-270x300.jpg 270w\" sizes=\"(max-width: 317px) 100vw, 317px\" \/><\/figure>\n\n\n\n<p>O presidente da C\u00e2mara de Vereadores de Itaju\u00edpe, vereador Ivan J\u00fanior, implementou uma medida inovadora ao contratar uma empresa especializada em gest\u00e3o veicular. O objetivo deste contrato, firmado na modalidade de dispensa de licita\u00e7\u00e3o, \u00e9 o controle e acompanhamento documental dos ve\u00edculos oficiais locados \u00e0 C\u00e2mara.<\/p>\n\n\n\n<p>De acordo com os termos do contrato, que totaliza R$ 30 mil e tem dura\u00e7\u00e3o de dez meses, a empresa tamb\u00e9m fornecer\u00e1 assessoria t\u00e9cnica especializada nas \u00e1reas de mobilidade urbana e seguran\u00e7a vi\u00e1ria, visando atender as demandas do Legislativo. Conforme contrato, a  iniciativa busca otimizar a utiliza\u00e7\u00e3o dos recursos e garantir maior efici\u00eancia na gest\u00e3o dos ve\u00edculos, refletindo o compromisso da atual administra\u00e7\u00e3o em promover melhorias na infraestrutura e servi\u00e7os p\u00fablicos da cidade.<\/p>\n","protected":false},"excerpt":{"rendered":"<p>O presidente da C\u00e2mara de Vereadores de Itaju\u00edpe, vereador Ivan J\u00fanior, implementou uma medida inovadora ao contratar uma empresa especializada em gest\u00e3o veicular. O objetivo deste contrato, firmado na modalidade&#8230;<\/p>\n","protected":false},"author":1,"featured_media":28947,"comment_status":"open","ping_status":"open","sticky":false,"template":"","format":"standard","meta":{"_editorskit_title_hidden":false,"_editorskit_reading_time":0,"_editorskit_is_block_options_detached":false,"_editorskit_block_options_position":"{}","om_disable_all_campaigns":false,"_mi_skip_tracking":false,"_kad_post_transparent":"","_kad_post_title":"","_kad_post_layout":"","_kad_post_sidebar_id":"","_kad_post_content_style":"","_kad_post_vertical_padding":"","_kad_post_feature":"","_kad_post_feature_position":"","_kad_post_header":false,"_kad_post_footer":false,"footnotes":""},"categories":[32],"tags":[42,80],"class_list":["post-28945","post","type-post","status-publish","format-standard","has-post-thumbnail","hentry","category-politica","tag-bahia","tag-itajuipe"],"yoast_head":"<!-- This site is optimized with the Yoast SEO plugin v20.5 - https:\/\/yoast.com\/wordpress\/plugins\/seo\/ -->\n<title>Itaju\u00edpe: C\u00e2mara de Vereadores inova com contrata\u00e7\u00e3o de empresa para gest\u00e3o veicular - blog do er\u00ea<\/title>\n<meta name=\"robots\" content=\"index, follow, max-snippet:-1, max-image-preview:large, max-video-preview:-1\" \/>\n<link rel=\"canonical\" href=\"https:\/\/blogdoere.com.br\/?p=28945\" \/>\n<meta property=\"og:locale\" content=\"pt_PT\" \/>\n<meta property=\"og:type\" content=\"article\" \/>\n<meta property=\"og:title\" content=\"Itaju\u00edpe: C\u00e2mara de Vereadores inova com contrata\u00e7\u00e3o de empresa para gest\u00e3o veicular - blog do er\u00ea\" \/>\n<meta property=\"og:description\" content=\"O presidente da C\u00e2mara de Vereadores de Itaju\u00edpe, vereador Ivan J\u00fanior, implementou uma medida inovadora ao contratar uma empresa especializada em gest\u00e3o veicular. O objetivo deste contrato, firmado na modalidade...\" \/>\n<meta property=\"og:url\" content=\"https:\/\/blogdoere.com.br\/?p=28945\" \/>\n<meta property=\"og:site_name\" content=\"blog do er\u00ea\" \/>\n<meta property=\"article:published_time\" content=\"2025-03-19T14:48:54+00:00\" \/>\n<meta property=\"article:modified_time\" content=\"2025-03-19T14:48:55+00:00\" \/>\n<meta property=\"og:image\" content=\"https:\/\/blogdoere.com.br\/wp-content\/uploads\/2025\/03\/IMG-20250319-WA0055.jpg\" \/>\n\t<meta property=\"og:image:width\" content=\"317\" \/>\n\t<meta property=\"og:image:height\" content=\"352\" \/>\n\t<meta property=\"og:image:type\" content=\"image\/jpeg\" \/>\n<meta name=\"author\" content=\"blogdoere@hotmail.com\" \/>\n<meta name=\"twitter:card\" content=\"summary_large_image\" \/>\n<meta name=\"twitter:label1\" content=\"Escrito por\" \/>\n\t<meta name=\"twitter:data1\" content=\"blogdoere@hotmail.com\" \/>\n\t<meta name=\"twitter:label2\" content=\"Tempo estimado de leitura\" \/>\n\t<meta name=\"twitter:data2\" content=\"1 minuto\" \/>\n<script type=\"application\/ld+json\" class=\"yoast-schema-graph\">{\"@context\":\"https:\/\/schema.org\",\"@graph\":[{\"@type\":\"Article\",\"@id\":\"https:\/\/blogdoere.com.br\/?p=28945#article\",\"isPartOf\":{\"@id\":\"https:\/\/blogdoere.com.br\/?p=28945\"},\"author\":{\"name\":\"blogdoere@hotmail.com\",\"@id\":\"https:\/\/blogdoere.com.br\/#\/schema\/person\/c4f6d566a44c7bacdda563667715d18b\"},\"headline\":\"Itaju\u00edpe: C\u00e2mara de Vereadores inova com contrata\u00e7\u00e3o de empresa para gest\u00e3o veicular\",\"datePublished\":\"2025-03-19T14:48:54+00:00\",\"dateModified\":\"2025-03-19T14:48:55+00:00\",\"mainEntityOfPage\":{\"@id\":\"https:\/\/blogdoere.com.br\/?p=28945\"},\"wordCount\":151,\"commentCount\":1,\"publisher\":{\"@id\":\"https:\/\/blogdoere.com.br\/#organization\"},\"keywords\":[\"Bahia\",\"itajuipe\"],\"articleSection\":[\"Pol\u00edtica\"],\"inLanguage\":\"pt-PT\",\"potentialAction\":[{\"@type\":\"CommentAction\",\"name\":\"Comment\",\"target\":[\"https:\/\/blogdoere.com.br\/?p=28945#respond\"]}]},{\"@type\":\"WebPage\",\"@id\":\"https:\/\/blogdoere.com.br\/?p=28945\",\"url\":\"https:\/\/blogdoere.com.br\/?p=28945\",\"name\":\"Itaju\u00edpe: C\u00e2mara de Vereadores inova com contrata\u00e7\u00e3o de empresa para gest\u00e3o veicular - blog do er\u00ea\",\"isPartOf\":{\"@id\":\"https:\/\/blogdoere.com.br\/#website\"},\"datePublished\":\"2025-03-19T14:48:54+00:00\",\"dateModified\":\"2025-03-19T14:48:55+00:00\",\"breadcrumb\":{\"@id\":\"https:\/\/blogdoere.com.br\/?p=28945#breadcrumb\"},\"inLanguage\":\"pt-PT\",\"potentialAction\":[{\"@type\":\"ReadAction\",\"target\":[\"https:\/\/blogdoere.com.br\/?p=28945\"]}]},{\"@type\":\"BreadcrumbList\",\"@id\":\"https:\/\/blogdoere.com.br\/?p=28945#breadcrumb\",\"itemListElement\":[{\"@type\":\"ListItem\",\"position\":1,\"name\":\"In\u00edcio\",\"item\":\"https:\/\/blogdoere.com.br\/\"},{\"@type\":\"ListItem\",\"position\":2,\"name\":\"Itaju\u00edpe: C\u00e2mara de Vereadores inova com contrata\u00e7\u00e3o de empresa para gest\u00e3o veicular\"}]},{\"@type\":\"WebSite\",\"@id\":\"https:\/\/blogdoere.com.br\/#website\",\"url\":\"https:\/\/blogdoere.com.br\/\",\"name\":\"blog do er\u00ea\",\"description\":\"\",\"publisher\":{\"@id\":\"https:\/\/blogdoere.com.br\/#organization\"},\"potentialAction\":[{\"@type\":\"SearchAction\",\"target\":{\"@type\":\"EntryPoint\",\"urlTemplate\":\"https:\/\/blogdoere.com.br\/?s={search_term_string}\"},\"query-input\":\"required name=search_term_string\"}],\"inLanguage\":\"pt-PT\"},{\"@type\":\"Organization\",\"@id\":\"https:\/\/blogdoere.com.br\/#organization\",\"name\":\"Blog do Er\u00ea\",\"url\":\"https:\/\/blogdoere.com.br\/\",\"logo\":{\"@type\":\"ImageObject\",\"inLanguage\":\"pt-PT\",\"@id\":\"https:\/\/blogdoere.com.br\/#\/schema\/logo\/image\/\",\"url\":\"https:\/\/blogdoere.com.br\/wp-content\/uploads\/2021\/11\/Logo-Ere-1.png\",\"contentUrl\":\"https:\/\/blogdoere.com.br\/wp-content\/uploads\/2021\/11\/Logo-Ere-1.png\",\"width\":1261,\"height\":1330,\"caption\":\"Blog do Er\u00ea\"},\"image\":{\"@id\":\"https:\/\/blogdoere.com.br\/#\/schema\/logo\/image\/\"}},{\"@type\":\"Person\",\"@id\":\"https:\/\/blogdoere.com.br\/#\/schema\/person\/c4f6d566a44c7bacdda563667715d18b\",\"name\":\"blogdoere@hotmail.com\",\"image\":{\"@type\":\"ImageObject\",\"inLanguage\":\"pt-PT\",\"@id\":\"https:\/\/blogdoere.com.br\/#\/schema\/person\/image\/\",\"url\":\"https:\/\/secure.gravatar.com\/avatar\/5684bd39df1289cb639b4ab539d6fcad69420e4a29521548fc078c58ed122fe6?s=96&d=mm&r=g\",\"contentUrl\":\"https:\/\/secure.gravatar.com\/avatar\/5684bd39df1289cb639b4ab539d6fcad69420e4a29521548fc078c58ed122fe6?s=96&d=mm&r=g\",\"caption\":\"blogdoere@hotmail.com\"},\"sameAs\":[\"http:\/\/blogdoere.com.br\"]}]}<\/script>\n<!-- \/ Yoast SEO plugin. -->","yoast_head_json":{"title":"Itaju\u00edpe: C\u00e2mara de Vereadores inova com contrata\u00e7\u00e3o de empresa para gest\u00e3o veicular - blog do er\u00ea","robots":{"index":"index","follow":"follow","max-snippet":"max-snippet:-1","max-image-preview":"max-image-preview:large","max-video-preview":"max-video-preview:-1"},"canonical":"https:\/\/blogdoere.com.br\/?p=28945","og_locale":"pt_PT","og_type":"article","og_title":"Itaju\u00edpe: C\u00e2mara de Vereadores inova com contrata\u00e7\u00e3o de empresa para gest\u00e3o veicular - blog do er\u00ea","og_description":"O presidente da C\u00e2mara de Vereadores de Itaju\u00edpe, vereador Ivan J\u00fanior, implementou uma medida inovadora ao contratar uma empresa especializada em gest\u00e3o veicular. O objetivo deste contrato, firmado na modalidade...","og_url":"https:\/\/blogdoere.com.br\/?p=28945","og_site_name":"blog do er\u00ea","article_published_time":"2025-03-19T14:48:54+00:00","article_modified_time":"2025-03-19T14:48:55+00:00","og_image":[{"width":317,"height":352,"url":"https:\/\/blogdoere.com.br\/wp-content\/uploads\/2025\/03\/IMG-20250319-WA0055.jpg","type":"image\/jpeg"}],"author":"blogdoere@hotmail.com","twitter_card":"summary_large_image","twitter_misc":{"Escrito por":"blogdoere@hotmail.com","Tempo estimado de leitura":"1 minuto"},"schema":{"@context":"https:\/\/schema.org","@graph":[{"@type":"Article","@id":"https:\/\/blogdoere.com.br\/?p=28945#article","isPartOf":{"@id":"https:\/\/blogdoere.com.br\/?p=28945"},"author":{"name":"blogdoere@hotmail.com","@id":"https:\/\/blogdoere.com.br\/#\/schema\/person\/c4f6d566a44c7bacdda563667715d18b"},"headline":"Itaju\u00edpe: C\u00e2mara de Vereadores inova com contrata\u00e7\u00e3o de empresa para gest\u00e3o veicular","datePublished":"2025-03-19T14:48:54+00:00","dateModified":"2025-03-19T14:48:55+00:00","mainEntityOfPage":{"@id":"https:\/\/blogdoere.com.br\/?p=28945"},"wordCount":151,"commentCount":1,"publisher":{"@id":"https:\/\/blogdoere.com.br\/#organization"},"keywords":["Bahia","itajuipe"],"articleSection":["Pol\u00edtica"],"inLanguage":"pt-PT","potentialAction":[{"@type":"CommentAction","name":"Comment","target":["https:\/\/blogdoere.com.br\/?p=28945#respond"]}]},{"@type":"WebPage","@id":"https:\/\/blogdoere.com.br\/?p=28945","url":"https:\/\/blogdoere.com.br\/?p=28945","name":"Itaju\u00edpe: C\u00e2mara de Vereadores inova com contrata\u00e7\u00e3o de empresa para gest\u00e3o veicular - blog do er\u00ea","isPartOf":{"@id":"https:\/\/blogdoere.com.br\/#website"},"datePublished":"2025-03-19T14:48:54+00:00","dateModified":"2025-03-19T14:48:55+00:00","breadcrumb":{"@id":"https:\/\/blogdoere.com.br\/?p=28945#breadcrumb"},"inLanguage":"pt-PT","potentialAction":[{"@type":"ReadAction","target":["https:\/\/blogdoere.com.br\/?p=28945"]}]},{"@type":"BreadcrumbList","@id":"https:\/\/blogdoere.com.br\/?p=28945#breadcrumb","itemListElement":[{"@type":"ListItem","position":1,"name":"In\u00edcio","item":"https:\/\/blogdoere.com.br\/"},{"@type":"ListItem","position":2,"name":"Itaju\u00edpe: C\u00e2mara de Vereadores inova com contrata\u00e7\u00e3o de empresa para gest\u00e3o veicular"}]},{"@type":"WebSite","@id":"https:\/\/blogdoere.com.br\/#website","url":"https:\/\/blogdoere.com.br\/","name":"blog do er\u00ea","description":"","publisher":{"@id":"https:\/\/blogdoere.com.br\/#organization"},"potentialAction":[{"@type":"SearchAction","target":{"@type":"EntryPoint","urlTemplate":"https:\/\/blogdoere.com.br\/?s={search_term_string}"},"query-input":"required name=search_term_string"}],"inLanguage":"pt-PT"},{"@type":"Organization","@id":"https:\/\/blogdoere.com.br\/#organization","name":"Blog do Er\u00ea","url":"https:\/\/blogdoere.com.br\/","logo":{"@type":"ImageObject","inLanguage":"pt-PT","@id":"https:\/\/blogdoere.com.br\/#\/schema\/logo\/image\/","url":"https:\/\/blogdoere.com.br\/wp-content\/uploads\/2021\/11\/Logo-Ere-1.png","contentUrl":"https:\/\/blogdoere.com.br\/wp-content\/uploads\/2021\/11\/Logo-Ere-1.png","width":1261,"height":1330,"caption":"Blog do Er\u00ea"},"image":{"@id":"https:\/\/blogdoere.com.br\/#\/schema\/logo\/image\/"}},{"@type":"Person","@id":"https:\/\/blogdoere.com.br\/#\/schema\/person\/c4f6d566a44c7bacdda563667715d18b","name":"blogdoere@hotmail.com","image":{"@type":"ImageObject","inLanguage":"pt-PT","@id":"https:\/\/blogdoere.com.br\/#\/schema\/person\/image\/","url":"https:\/\/secure.gravatar.com\/avatar\/5684bd39df1289cb639b4ab539d6fcad69420e4a29521548fc078c58ed122fe6?s=96&d=mm&r=g","contentUrl":"https:\/\/secure.gravatar.com\/avatar\/5684bd39df1289cb639b4ab539d6fcad69420e4a29521548fc078c58ed122fe6?s=96&d=mm&r=g","caption":"blogdoere@hotmail.com"},"sameAs":["http:\/\/blogdoere.com.br"]}]}},"featured_image_urls":{"full":["https:\/\/blogdoere.com.br\/wp-content\/uploads\/2025\/03\/IMG-20250319-WA0055.jpg",317,352,false],"thumbnail":["https:\/\/blogdoere.com.br\/wp-content\/uploads\/2025\/03\/IMG-20250319-WA0055-150x150.jpg",150,150,true],"medium":["https:\/\/blogdoere.com.br\/wp-content\/uploads\/2025\/03\/IMG-20250319-WA0055-270x300.jpg",270,300,true],"medium_large":["https:\/\/blogdoere.com.br\/wp-content\/uploads\/2025\/03\/IMG-20250319-WA0055.jpg",317,352,false],"large":["https:\/\/blogdoere.com.br\/wp-content\/uploads\/2025\/03\/IMG-20250319-WA0055.jpg",317,352,false],"1536x1536":["https:\/\/blogdoere.com.br\/wp-content\/uploads\/2025\/03\/IMG-20250319-WA0055.jpg",317,352,false],"2048x2048":["https:\/\/blogdoere.com.br\/wp-content\/uploads\/2025\/03\/IMG-20250319-WA0055.jpg",317,352,false]},"author_info":{"display_name":"blogdoere@hotmail.com","author_link":"https:\/\/blogdoere.com.br\/?author=1"},"category_info":"<a href=\"https:\/\/blogdoere.com.br\/?cat=32\" rel=\"category\">Pol\u00edtica<\/a>","tag_info":"Pol\u00edtica","comment_count":"1","_links":{"self":[{"href":"https:\/\/blogdoere.com.br\/index.php?rest_route=\/wp\/v2\/posts\/28945","targetHints":{"allow":["GET"]}}],"collection":[{"href":"https:\/\/blogdoere.com.br\/index.php?rest_route=\/wp\/v2\/posts"}],"about":[{"href":"https:\/\/blogdoere.com.br\/index.php?rest_route=\/wp\/v2\/types\/post"}],"author":[{"embeddable":true,"href":"https:\/\/blogdoere.com.br\/index.php?rest_route=\/wp\/v2\/users\/1"}],"replies":[{"embeddable":true,"href":"https:\/\/blogdoere.com.br\/index.php?rest_route=%2Fwp%2Fv2%2Fcomments&post=28945"}],"version-history":[{"count":1,"href":"https:\/\/blogdoere.com.br\/index.php?rest_route=\/wp\/v2\/posts\/28945\/revisions"}],"predecessor-version":[{"id":28948,"href":"https:\/\/blogdoere.com.br\/index.php?rest_route=\/wp\/v2\/posts\/28945\/revisions\/28948"}],"wp:featuredmedia":[{"embeddable":true,"href":"https:\/\/blogdoere.com.br\/index.php?rest_route=\/wp\/v2\/media\/28947"}],"wp:attachment":[{"href":"https:\/\/blogdoere.com.br\/index.php?rest_route=%2Fwp%2Fv2%2Fmedia&parent=28945"}],"wp:term":[{"taxonomy":"category","embeddable":true,"href":"https:\/\/blogdoere.com.br\/index.php?rest_route=%2Fwp%2Fv2%2Fcategories&post=28945"},{"taxonomy":"post_tag","embeddable":true,"href":"https:\/\/blogdoere.com.br\/index.php?rest_route=%2Fwp%2Fv2%2Ftags&post=28945"}],"curies":[{"name":"wp","href":"https:\/\/api.w.org\/{rel}","templated":true}]}}