{"id":28949,"date":"2025-03-19T15:56:49","date_gmt":"2025-03-19T15:56:49","guid":{"rendered":"https:\/\/blogdoere.com.br\/?p=28949"},"modified":"2025-03-19T16:04:14","modified_gmt":"2025-03-19T16:04:14","slug":"itajuipeparoquia-do-sagrado-coracao-de-jesus-celebra-100-anos-com-grande-festividade","status":"publish","type":"post","link":"https:\/\/blogdoere.com.br\/?p=28949","title":{"rendered":"Itaju\u00edpe:Par\u00f3quia do Sagrado Cora\u00e7\u00e3o de Jesus Celebra 100 Anos com Grande Festividade"},"content":{"rendered":"\n<figure class=\"wp-block-image size-full\"><img decoding=\"async\" width=\"844\" height=\"705\" src=\"https:\/\/blogdoere.com.br\/wp-content\/uploads\/2025\/03\/IMG-20250319-WA0068.jpg\" alt=\"\" class=\"wp-image-28950\" srcset=\"https:\/\/blogdoere.com.br\/wp-content\/uploads\/2025\/03\/IMG-20250319-WA0068.jpg 844w, https:\/\/blogdoere.com.br\/wp-content\/uploads\/2025\/03\/IMG-20250319-WA0068-300x251.jpg 300w, https:\/\/blogdoere.com.br\/wp-content\/uploads\/2025\/03\/IMG-20250319-WA0068-768x642.jpg 768w\" sizes=\"(max-width: 844px) 100vw, 844px\" \/><\/figure>\n\n\n\n<p>Nesta quinta-feira, 20 de mar\u00e7o, a Par\u00f3quia do Sagrado Cora\u00e7\u00e3o de Jesus, localizada em Itaju\u00edpe, comemora um marco significativo em sua hist\u00f3ria: o centen\u00e1rio de funda\u00e7\u00e3o. A celebra\u00e7\u00e3o promete ser um evento memor\u00e1vel, reunindo a comunidade local e regional em uma programa\u00e7\u00e3o diversificada e repleta de atividades religiosas.<\/p>\n\n\n\n<p>O destaque do dia ser\u00e1 a celebra\u00e7\u00e3o eucar\u00edstica, que ocorrer\u00e1 \u00e0s 19 horas, sob a condu\u00e7\u00e3o do padre Jos\u00e9 Nilton, carinhosamente conhecido como padre Zezinho. Ele convida todos os cat\u00f3licos a se unirem em ora\u00e7\u00e3o e gratid\u00e3o por um s\u00e9culo de f\u00e9 e dedica\u00e7\u00e3o \u00e0 comunidade.<\/p>\n\n\n\n<p>Antes da missa, os fi\u00e9is poder\u00e3o desfrutar de um momento musical \u00e0s 18 horas, que promete aquecer os cora\u00e7\u00f5es e preparar o esp\u00edrito para a celebra\u00e7\u00e3o. Al\u00e9m disso, um momento c\u00edvico est\u00e1 agendado para \u00e0s 16 horas, no audit\u00f3rio do Col\u00e9gio Polivalente onde a comunidade poder\u00e1 refletir sobre a import\u00e2ncia da par\u00f3quia na vida social e espiritual no munic\u00edpio.<\/p>\n\n\n\n<p>A festividade come\u00e7a cedo, com uma carreata festiva \u00e0s 8 horas da manh\u00e3, que percorrer\u00e1 as ruas da cidade, celebrando a hist\u00f3ria e a presen\u00e7a da Par\u00f3quia do Sagrado Cora\u00e7\u00e3o de Jesus na vida dos itajuipenses. A expectativa \u00e9 que a programa\u00e7\u00e3o atraia um grande n\u00famero de participantes, refor\u00e7ando os la\u00e7os de uni\u00e3o e f\u00e9 entre os membros da par\u00f3quia e a comunidade em geral.<\/p>\n","protected":false},"excerpt":{"rendered":"<p>Nesta quinta-feira, 20 de mar\u00e7o, a Par\u00f3quia do Sagrado Cora\u00e7\u00e3o de Jesus, localizada em Itaju\u00edpe, comemora um marco significativo em sua hist\u00f3ria: o centen\u00e1rio de funda\u00e7\u00e3o. A celebra\u00e7\u00e3o promete ser&#8230;<\/p>\n","protected":false},"author":1,"featured_media":28950,"comment_status":"open","ping_status":"open","sticky":false,"template":"","format":"standard","meta":{"_editorskit_title_hidden":false,"_editorskit_reading_time":0,"_editorskit_is_block_options_detached":false,"_editorskit_block_options_position":"{}","om_disable_all_campaigns":false,"_mi_skip_tracking":false,"_kad_post_transparent":"","_kad_post_title":"","_kad_post_layout":"","_kad_post_sidebar_id":"","_kad_post_content_style":"","_kad_post_vertical_padding":"","_kad_post_feature":"","_kad_post_feature_position":"","_kad_post_header":false,"_kad_post_footer":false,"footnotes":""},"categories":[77],"tags":[42,80],"class_list":["post-28949","post","type-post","status-publish","format-standard","has-post-thumbnail","hentry","category-religiao","tag-bahia","tag-itajuipe"],"yoast_head":"<!-- This site is optimized with the Yoast SEO plugin v20.5 - https:\/\/yoast.com\/wordpress\/plugins\/seo\/ -->\n<title>Itaju\u00edpe:Par\u00f3quia do Sagrado Cora\u00e7\u00e3o de Jesus Celebra 100 Anos com Grande Festividade - blog do er\u00ea<\/title>\n<meta name=\"robots\" content=\"index, follow, max-snippet:-1, max-image-preview:large, max-video-preview:-1\" \/>\n<link rel=\"canonical\" href=\"https:\/\/blogdoere.com.br\/?p=28949\" \/>\n<meta property=\"og:locale\" content=\"pt_PT\" \/>\n<meta property=\"og:type\" content=\"article\" \/>\n<meta property=\"og:title\" content=\"Itaju\u00edpe:Par\u00f3quia do Sagrado Cora\u00e7\u00e3o de Jesus Celebra 100 Anos com Grande Festividade - blog do er\u00ea\" \/>\n<meta property=\"og:description\" content=\"Nesta quinta-feira, 20 de mar\u00e7o, a Par\u00f3quia do Sagrado Cora\u00e7\u00e3o de Jesus, localizada em Itaju\u00edpe, comemora um marco significativo em sua hist\u00f3ria: o centen\u00e1rio de funda\u00e7\u00e3o. A celebra\u00e7\u00e3o promete ser...\" \/>\n<meta property=\"og:url\" content=\"https:\/\/blogdoere.com.br\/?p=28949\" \/>\n<meta property=\"og:site_name\" content=\"blog do er\u00ea\" \/>\n<meta property=\"article:published_time\" content=\"2025-03-19T15:56:49+00:00\" \/>\n<meta property=\"article:modified_time\" content=\"2025-03-19T16:04:14+00:00\" \/>\n<meta property=\"og:image\" content=\"https:\/\/blogdoere.com.br\/wp-content\/uploads\/2025\/03\/IMG-20250319-WA0068.jpg\" \/>\n\t<meta property=\"og:image:width\" content=\"844\" \/>\n\t<meta property=\"og:image:height\" content=\"705\" \/>\n\t<meta property=\"og:image:type\" content=\"image\/jpeg\" \/>\n<meta name=\"author\" content=\"blogdoere@hotmail.com\" \/>\n<meta name=\"twitter:card\" content=\"summary_large_image\" \/>\n<meta name=\"twitter:label1\" content=\"Escrito por\" \/>\n\t<meta name=\"twitter:data1\" content=\"blogdoere@hotmail.com\" \/>\n\t<meta name=\"twitter:label2\" content=\"Tempo estimado de leitura\" \/>\n\t<meta name=\"twitter:data2\" content=\"2 minutos\" \/>\n<script type=\"application\/ld+json\" class=\"yoast-schema-graph\">{\"@context\":\"https:\/\/schema.org\",\"@graph\":[{\"@type\":\"Article\",\"@id\":\"https:\/\/blogdoere.com.br\/?p=28949#article\",\"isPartOf\":{\"@id\":\"https:\/\/blogdoere.com.br\/?p=28949\"},\"author\":{\"name\":\"blogdoere@hotmail.com\",\"@id\":\"https:\/\/blogdoere.com.br\/#\/schema\/person\/c4f6d566a44c7bacdda563667715d18b\"},\"headline\":\"Itaju\u00edpe:Par\u00f3quia do Sagrado Cora\u00e7\u00e3o de Jesus Celebra 100 Anos com Grande Festividade\",\"datePublished\":\"2025-03-19T15:56:49+00:00\",\"dateModified\":\"2025-03-19T16:04:14+00:00\",\"mainEntityOfPage\":{\"@id\":\"https:\/\/blogdoere.com.br\/?p=28949\"},\"wordCount\":267,\"commentCount\":1,\"publisher\":{\"@id\":\"https:\/\/blogdoere.com.br\/#organization\"},\"keywords\":[\"Bahia\",\"itajuipe\"],\"articleSection\":[\"Religi\u00e3o\"],\"inLanguage\":\"pt-PT\",\"potentialAction\":[{\"@type\":\"CommentAction\",\"name\":\"Comment\",\"target\":[\"https:\/\/blogdoere.com.br\/?p=28949#respond\"]}]},{\"@type\":\"WebPage\",\"@id\":\"https:\/\/blogdoere.com.br\/?p=28949\",\"url\":\"https:\/\/blogdoere.com.br\/?p=28949\",\"name\":\"Itaju\u00edpe:Par\u00f3quia do Sagrado Cora\u00e7\u00e3o de Jesus Celebra 100 Anos com Grande Festividade - blog do er\u00ea\",\"isPartOf\":{\"@id\":\"https:\/\/blogdoere.com.br\/#website\"},\"datePublished\":\"2025-03-19T15:56:49+00:00\",\"dateModified\":\"2025-03-19T16:04:14+00:00\",\"breadcrumb\":{\"@id\":\"https:\/\/blogdoere.com.br\/?p=28949#breadcrumb\"},\"inLanguage\":\"pt-PT\",\"potentialAction\":[{\"@type\":\"ReadAction\",\"target\":[\"https:\/\/blogdoere.com.br\/?p=28949\"]}]},{\"@type\":\"BreadcrumbList\",\"@id\":\"https:\/\/blogdoere.com.br\/?p=28949#breadcrumb\",\"itemListElement\":[{\"@type\":\"ListItem\",\"position\":1,\"name\":\"In\u00edcio\",\"item\":\"https:\/\/blogdoere.com.br\/\"},{\"@type\":\"ListItem\",\"position\":2,\"name\":\"Itaju\u00edpe:Par\u00f3quia do Sagrado Cora\u00e7\u00e3o de Jesus Celebra 100 Anos com Grande Festividade\"}]},{\"@type\":\"WebSite\",\"@id\":\"https:\/\/blogdoere.com.br\/#website\",\"url\":\"https:\/\/blogdoere.com.br\/\",\"name\":\"blog do er\u00ea\",\"description\":\"\",\"publisher\":{\"@id\":\"https:\/\/blogdoere.com.br\/#organization\"},\"potentialAction\":[{\"@type\":\"SearchAction\",\"target\":{\"@type\":\"EntryPoint\",\"urlTemplate\":\"https:\/\/blogdoere.com.br\/?s={search_term_string}\"},\"query-input\":\"required name=search_term_string\"}],\"inLanguage\":\"pt-PT\"},{\"@type\":\"Organization\",\"@id\":\"https:\/\/blogdoere.com.br\/#organization\",\"name\":\"Blog do Er\u00ea\",\"url\":\"https:\/\/blogdoere.com.br\/\",\"logo\":{\"@type\":\"ImageObject\",\"inLanguage\":\"pt-PT\",\"@id\":\"https:\/\/blogdoere.com.br\/#\/schema\/logo\/image\/\",\"url\":\"https:\/\/blogdoere.com.br\/wp-content\/uploads\/2021\/11\/Logo-Ere-1.png\",\"contentUrl\":\"https:\/\/blogdoere.com.br\/wp-content\/uploads\/2021\/11\/Logo-Ere-1.png\",\"width\":1261,\"height\":1330,\"caption\":\"Blog do Er\u00ea\"},\"image\":{\"@id\":\"https:\/\/blogdoere.com.br\/#\/schema\/logo\/image\/\"}},{\"@type\":\"Person\",\"@id\":\"https:\/\/blogdoere.com.br\/#\/schema\/person\/c4f6d566a44c7bacdda563667715d18b\",\"name\":\"blogdoere@hotmail.com\",\"image\":{\"@type\":\"ImageObject\",\"inLanguage\":\"pt-PT\",\"@id\":\"https:\/\/blogdoere.com.br\/#\/schema\/person\/image\/\",\"url\":\"https:\/\/secure.gravatar.com\/avatar\/5684bd39df1289cb639b4ab539d6fcad69420e4a29521548fc078c58ed122fe6?s=96&d=mm&r=g\",\"contentUrl\":\"https:\/\/secure.gravatar.com\/avatar\/5684bd39df1289cb639b4ab539d6fcad69420e4a29521548fc078c58ed122fe6?s=96&d=mm&r=g\",\"caption\":\"blogdoere@hotmail.com\"},\"sameAs\":[\"http:\/\/blogdoere.com.br\"]}]}<\/script>\n<!-- \/ Yoast SEO plugin. -->","yoast_head_json":{"title":"Itaju\u00edpe:Par\u00f3quia do Sagrado Cora\u00e7\u00e3o de Jesus Celebra 100 Anos com Grande Festividade - blog do er\u00ea","robots":{"index":"index","follow":"follow","max-snippet":"max-snippet:-1","max-image-preview":"max-image-preview:large","max-video-preview":"max-video-preview:-1"},"canonical":"https:\/\/blogdoere.com.br\/?p=28949","og_locale":"pt_PT","og_type":"article","og_title":"Itaju\u00edpe:Par\u00f3quia do Sagrado Cora\u00e7\u00e3o de Jesus Celebra 100 Anos com Grande Festividade - blog do er\u00ea","og_description":"Nesta quinta-feira, 20 de mar\u00e7o, a Par\u00f3quia do Sagrado Cora\u00e7\u00e3o de Jesus, localizada em Itaju\u00edpe, comemora um marco significativo em sua hist\u00f3ria: o centen\u00e1rio de funda\u00e7\u00e3o. A celebra\u00e7\u00e3o promete ser...","og_url":"https:\/\/blogdoere.com.br\/?p=28949","og_site_name":"blog do er\u00ea","article_published_time":"2025-03-19T15:56:49+00:00","article_modified_time":"2025-03-19T16:04:14+00:00","og_image":[{"width":844,"height":705,"url":"https:\/\/blogdoere.com.br\/wp-content\/uploads\/2025\/03\/IMG-20250319-WA0068.jpg","type":"image\/jpeg"}],"author":"blogdoere@hotmail.com","twitter_card":"summary_large_image","twitter_misc":{"Escrito por":"blogdoere@hotmail.com","Tempo estimado de leitura":"2 minutos"},"schema":{"@context":"https:\/\/schema.org","@graph":[{"@type":"Article","@id":"https:\/\/blogdoere.com.br\/?p=28949#article","isPartOf":{"@id":"https:\/\/blogdoere.com.br\/?p=28949"},"author":{"name":"blogdoere@hotmail.com","@id":"https:\/\/blogdoere.com.br\/#\/schema\/person\/c4f6d566a44c7bacdda563667715d18b"},"headline":"Itaju\u00edpe:Par\u00f3quia do Sagrado Cora\u00e7\u00e3o de Jesus Celebra 100 Anos com Grande Festividade","datePublished":"2025-03-19T15:56:49+00:00","dateModified":"2025-03-19T16:04:14+00:00","mainEntityOfPage":{"@id":"https:\/\/blogdoere.com.br\/?p=28949"},"wordCount":267,"commentCount":1,"publisher":{"@id":"https:\/\/blogdoere.com.br\/#organization"},"keywords":["Bahia","itajuipe"],"articleSection":["Religi\u00e3o"],"inLanguage":"pt-PT","potentialAction":[{"@type":"CommentAction","name":"Comment","target":["https:\/\/blogdoere.com.br\/?p=28949#respond"]}]},{"@type":"WebPage","@id":"https:\/\/blogdoere.com.br\/?p=28949","url":"https:\/\/blogdoere.com.br\/?p=28949","name":"Itaju\u00edpe:Par\u00f3quia do Sagrado Cora\u00e7\u00e3o de Jesus Celebra 100 Anos com Grande Festividade - blog do er\u00ea","isPartOf":{"@id":"https:\/\/blogdoere.com.br\/#website"},"datePublished":"2025-03-19T15:56:49+00:00","dateModified":"2025-03-19T16:04:14+00:00","breadcrumb":{"@id":"https:\/\/blogdoere.com.br\/?p=28949#breadcrumb"},"inLanguage":"pt-PT","potentialAction":[{"@type":"ReadAction","target":["https:\/\/blogdoere.com.br\/?p=28949"]}]},{"@type":"BreadcrumbList","@id":"https:\/\/blogdoere.com.br\/?p=28949#breadcrumb","itemListElement":[{"@type":"ListItem","position":1,"name":"In\u00edcio","item":"https:\/\/blogdoere.com.br\/"},{"@type":"ListItem","position":2,"name":"Itaju\u00edpe:Par\u00f3quia do Sagrado Cora\u00e7\u00e3o de Jesus Celebra 100 Anos com Grande Festividade"}]},{"@type":"WebSite","@id":"https:\/\/blogdoere.com.br\/#website","url":"https:\/\/blogdoere.com.br\/","name":"blog do er\u00ea","description":"","publisher":{"@id":"https:\/\/blogdoere.com.br\/#organization"},"potentialAction":[{"@type":"SearchAction","target":{"@type":"EntryPoint","urlTemplate":"https:\/\/blogdoere.com.br\/?s={search_term_string}"},"query-input":"required name=search_term_string"}],"inLanguage":"pt-PT"},{"@type":"Organization","@id":"https:\/\/blogdoere.com.br\/#organization","name":"Blog do Er\u00ea","url":"https:\/\/blogdoere.com.br\/","logo":{"@type":"ImageObject","inLanguage":"pt-PT","@id":"https:\/\/blogdoere.com.br\/#\/schema\/logo\/image\/","url":"https:\/\/blogdoere.com.br\/wp-content\/uploads\/2021\/11\/Logo-Ere-1.png","contentUrl":"https:\/\/blogdoere.com.br\/wp-content\/uploads\/2021\/11\/Logo-Ere-1.png","width":1261,"height":1330,"caption":"Blog do Er\u00ea"},"image":{"@id":"https:\/\/blogdoere.com.br\/#\/schema\/logo\/image\/"}},{"@type":"Person","@id":"https:\/\/blogdoere.com.br\/#\/schema\/person\/c4f6d566a44c7bacdda563667715d18b","name":"blogdoere@hotmail.com","image":{"@type":"ImageObject","inLanguage":"pt-PT","@id":"https:\/\/blogdoere.com.br\/#\/schema\/person\/image\/","url":"https:\/\/secure.gravatar.com\/avatar\/5684bd39df1289cb639b4ab539d6fcad69420e4a29521548fc078c58ed122fe6?s=96&d=mm&r=g","contentUrl":"https:\/\/secure.gravatar.com\/avatar\/5684bd39df1289cb639b4ab539d6fcad69420e4a29521548fc078c58ed122fe6?s=96&d=mm&r=g","caption":"blogdoere@hotmail.com"},"sameAs":["http:\/\/blogdoere.com.br"]}]}},"featured_image_urls":{"full":["https:\/\/blogdoere.com.br\/wp-content\/uploads\/2025\/03\/IMG-20250319-WA0068.jpg",844,705,false],"thumbnail":["https:\/\/blogdoere.com.br\/wp-content\/uploads\/2025\/03\/IMG-20250319-WA0068-150x150.jpg",150,150,true],"medium":["https:\/\/blogdoere.com.br\/wp-content\/uploads\/2025\/03\/IMG-20250319-WA0068-300x251.jpg",300,251,true],"medium_large":["https:\/\/blogdoere.com.br\/wp-content\/uploads\/2025\/03\/IMG-20250319-WA0068-768x642.jpg",768,642,true],"large":["https:\/\/blogdoere.com.br\/wp-content\/uploads\/2025\/03\/IMG-20250319-WA0068.jpg",844,705,false],"1536x1536":["https:\/\/blogdoere.com.br\/wp-content\/uploads\/2025\/03\/IMG-20250319-WA0068.jpg",844,705,false],"2048x2048":["https:\/\/blogdoere.com.br\/wp-content\/uploads\/2025\/03\/IMG-20250319-WA0068.jpg",844,705,false]},"author_info":{"display_name":"blogdoere@hotmail.com","author_link":"https:\/\/blogdoere.com.br\/?author=1"},"category_info":"<a href=\"https:\/\/blogdoere.com.br\/?cat=77\" rel=\"category\">Religi\u00e3o<\/a>","tag_info":"Religi\u00e3o","comment_count":"1","_links":{"self":[{"href":"https:\/\/blogdoere.com.br\/index.php?rest_route=\/wp\/v2\/posts\/28949","targetHints":{"allow":["GET"]}}],"collection":[{"href":"https:\/\/blogdoere.com.br\/index.php?rest_route=\/wp\/v2\/posts"}],"about":[{"href":"https:\/\/blogdoere.com.br\/index.php?rest_route=\/wp\/v2\/types\/post"}],"author":[{"embeddable":true,"href":"https:\/\/blogdoere.com.br\/index.php?rest_route=\/wp\/v2\/users\/1"}],"replies":[{"embeddable":true,"href":"https:\/\/blogdoere.com.br\/index.php?rest_route=%2Fwp%2Fv2%2Fcomments&post=28949"}],"version-history":[{"count":2,"href":"https:\/\/blogdoere.com.br\/index.php?rest_route=\/wp\/v2\/posts\/28949\/revisions"}],"predecessor-version":[{"id":28952,"href":"https:\/\/blogdoere.com.br\/index.php?rest_route=\/wp\/v2\/posts\/28949\/revisions\/28952"}],"wp:featuredmedia":[{"embeddable":true,"href":"https:\/\/blogdoere.com.br\/index.php?rest_route=\/wp\/v2\/media\/28950"}],"wp:attachment":[{"href":"https:\/\/blogdoere.com.br\/index.php?rest_route=%2Fwp%2Fv2%2Fmedia&parent=28949"}],"wp:term":[{"taxonomy":"category","embeddable":true,"href":"https:\/\/blogdoere.com.br\/index.php?rest_route=%2Fwp%2Fv2%2Fcategories&post=28949"},{"taxonomy":"post_tag","embeddable":true,"href":"https:\/\/blogdoere.com.br\/index.php?rest_route=%2Fwp%2Fv2%2Ftags&post=28949"}],"curies":[{"name":"wp","href":"https:\/\/api.w.org\/{rel}","templated":true}]}}