{"id":28953,"date":"2025-03-19T16:57:54","date_gmt":"2025-03-19T16:57:54","guid":{"rendered":"https:\/\/blogdoere.com.br\/?p=28953"},"modified":"2025-03-19T16:58:17","modified_gmt":"2025-03-19T16:58:17","slug":"lidice-da-mata-e-escolhida-titular-da-ccj-da-camara-dos-deputados","status":"publish","type":"post","link":"https:\/\/blogdoere.com.br\/?p=28953","title":{"rendered":"L\u00eddice da Mata \u00e9 escolhida titular da CCJ da C\u00e2mara dos Deputados"},"content":{"rendered":"\n<figure class=\"wp-block-image size-full\"><img decoding=\"async\" width=\"720\" height=\"673\" src=\"https:\/\/blogdoere.com.br\/wp-content\/uploads\/2025\/03\/IMG-20250319-WA0073.jpg\" alt=\"\" class=\"wp-image-28954\" srcset=\"https:\/\/blogdoere.com.br\/wp-content\/uploads\/2025\/03\/IMG-20250319-WA0073.jpg 720w, https:\/\/blogdoere.com.br\/wp-content\/uploads\/2025\/03\/IMG-20250319-WA0073-300x280.jpg 300w\" sizes=\"(max-width: 720px) 100vw, 720px\" \/><\/figure>\n\n\n\n<p>A deputada federal L\u00eddice da Mata (PSB-BA) foi designada, nesta quarta-feira (19), como titular da Comiss\u00e3o de Constitui\u00e7\u00e3o e Justi\u00e7a e de Cidadania (CCJ) da C\u00e2mara dos Deputados, a mais importante da Casa. A escolha segue o princ\u00edpio da proporcionalidade partid\u00e1ria, refletindo os resultados da \u00faltima elei\u00e7\u00e3o.<\/p>\n\n\n\n<p>A CCJ \u00e9 respons\u00e1vel por analisar a constitucionalidade e a legalidade de propostas legislativas, al\u00e9m de abordar temas cruciais como a organiza\u00e7\u00e3o do Estado e direitos pol\u00edticos. A comiss\u00e3o ser\u00e1 presidida pelo deputado federal Paulo Azi (Uni\u00e3o Brasil), tamb\u00e9m da Bahia.<\/p>\n\n\n\n<p>Em sua declara\u00e7\u00e3o, L\u00eddice destacou a import\u00e2ncia do desafio que se apresenta: &#8220;O presidente da C\u00e2mara, Hugo Mota, j\u00e1 disse que as comiss\u00f5es ter\u00e3o protagonismo durante a sua gest\u00e3o. A CCJ ser\u00e1 fundamental para que aprovemos as mat\u00e9rias com mais discuss\u00e3o.&#8221;Al\u00e9m da CCJ, L\u00eddice foi escolhida como suplente nas Comiss\u00f5es de Educa\u00e7\u00e3o (CE) e de Cultura (CCULT). <\/p>\n\n\n\n<p>Reconhecida por sua trajet\u00f3ria pol\u00edtica, L\u00eddice da Mata foi a primeira prefeita de Salvador e a primeira mulher a ocupar uma vaga no Senado pela Bahia. Atualmente, ela \u00e9 vice-l\u00edder do governo Lula na C\u00e2mara e coordenadora da Bancada Baiana.<\/p>\n","protected":false},"excerpt":{"rendered":"<p>A deputada federal L\u00eddice da Mata (PSB-BA) foi designada, nesta quarta-feira (19), como titular da Comiss\u00e3o de Constitui\u00e7\u00e3o e Justi\u00e7a e de Cidadania (CCJ) da C\u00e2mara dos Deputados, a mais&#8230;<\/p>\n","protected":false},"author":1,"featured_media":28954,"comment_status":"open","ping_status":"open","sticky":false,"template":"","format":"standard","meta":{"_editorskit_title_hidden":false,"_editorskit_reading_time":0,"_editorskit_is_block_options_detached":false,"_editorskit_block_options_position":"{}","om_disable_all_campaigns":false,"_mi_skip_tracking":false,"_kad_post_transparent":"","_kad_post_title":"","_kad_post_layout":"","_kad_post_sidebar_id":"","_kad_post_content_style":"","_kad_post_vertical_padding":"","_kad_post_feature":"","_kad_post_feature_position":"","_kad_post_header":false,"_kad_post_footer":false,"footnotes":""},"categories":[32],"tags":[42],"class_list":["post-28953","post","type-post","status-publish","format-standard","has-post-thumbnail","hentry","category-politica","tag-bahia"],"yoast_head":"<!-- This site is optimized with the Yoast SEO plugin v20.5 - https:\/\/yoast.com\/wordpress\/plugins\/seo\/ -->\n<title>L\u00eddice da Mata \u00e9 escolhida titular da CCJ da C\u00e2mara dos Deputados - blog do er\u00ea<\/title>\n<meta name=\"robots\" content=\"index, follow, max-snippet:-1, max-image-preview:large, max-video-preview:-1\" \/>\n<link rel=\"canonical\" href=\"https:\/\/blogdoere.com.br\/?p=28953\" \/>\n<meta property=\"og:locale\" content=\"pt_PT\" \/>\n<meta property=\"og:type\" content=\"article\" \/>\n<meta property=\"og:title\" content=\"L\u00eddice da Mata \u00e9 escolhida titular da CCJ da C\u00e2mara dos Deputados - blog do er\u00ea\" \/>\n<meta property=\"og:description\" content=\"A deputada federal L\u00eddice da Mata (PSB-BA) foi designada, nesta quarta-feira (19), como titular da Comiss\u00e3o de Constitui\u00e7\u00e3o e Justi\u00e7a e de Cidadania (CCJ) da C\u00e2mara dos Deputados, a mais...\" \/>\n<meta property=\"og:url\" content=\"https:\/\/blogdoere.com.br\/?p=28953\" \/>\n<meta property=\"og:site_name\" content=\"blog do er\u00ea\" \/>\n<meta property=\"article:published_time\" content=\"2025-03-19T16:57:54+00:00\" \/>\n<meta property=\"article:modified_time\" content=\"2025-03-19T16:58:17+00:00\" \/>\n<meta property=\"og:image\" content=\"https:\/\/blogdoere.com.br\/wp-content\/uploads\/2025\/03\/IMG-20250319-WA0073.jpg\" \/>\n\t<meta property=\"og:image:width\" content=\"720\" \/>\n\t<meta property=\"og:image:height\" content=\"673\" \/>\n\t<meta property=\"og:image:type\" content=\"image\/jpeg\" \/>\n<meta name=\"author\" content=\"blogdoere@hotmail.com\" \/>\n<meta name=\"twitter:card\" content=\"summary_large_image\" \/>\n<meta name=\"twitter:label1\" content=\"Escrito por\" \/>\n\t<meta name=\"twitter:data1\" content=\"blogdoere@hotmail.com\" \/>\n\t<meta name=\"twitter:label2\" content=\"Tempo estimado de leitura\" \/>\n\t<meta name=\"twitter:data2\" content=\"2 minutos\" \/>\n<script type=\"application\/ld+json\" class=\"yoast-schema-graph\">{\"@context\":\"https:\/\/schema.org\",\"@graph\":[{\"@type\":\"Article\",\"@id\":\"https:\/\/blogdoere.com.br\/?p=28953#article\",\"isPartOf\":{\"@id\":\"https:\/\/blogdoere.com.br\/?p=28953\"},\"author\":{\"name\":\"blogdoere@hotmail.com\",\"@id\":\"https:\/\/blogdoere.com.br\/#\/schema\/person\/c4f6d566a44c7bacdda563667715d18b\"},\"headline\":\"L\u00eddice da Mata \u00e9 escolhida titular da CCJ da C\u00e2mara dos Deputados\",\"datePublished\":\"2025-03-19T16:57:54+00:00\",\"dateModified\":\"2025-03-19T16:58:17+00:00\",\"mainEntityOfPage\":{\"@id\":\"https:\/\/blogdoere.com.br\/?p=28953\"},\"wordCount\":229,\"commentCount\":0,\"publisher\":{\"@id\":\"https:\/\/blogdoere.com.br\/#organization\"},\"keywords\":[\"Bahia\"],\"articleSection\":[\"Pol\u00edtica\"],\"inLanguage\":\"pt-PT\",\"potentialAction\":[{\"@type\":\"CommentAction\",\"name\":\"Comment\",\"target\":[\"https:\/\/blogdoere.com.br\/?p=28953#respond\"]}]},{\"@type\":\"WebPage\",\"@id\":\"https:\/\/blogdoere.com.br\/?p=28953\",\"url\":\"https:\/\/blogdoere.com.br\/?p=28953\",\"name\":\"L\u00eddice da Mata \u00e9 escolhida titular da CCJ da C\u00e2mara dos Deputados - blog do er\u00ea\",\"isPartOf\":{\"@id\":\"https:\/\/blogdoere.com.br\/#website\"},\"datePublished\":\"2025-03-19T16:57:54+00:00\",\"dateModified\":\"2025-03-19T16:58:17+00:00\",\"breadcrumb\":{\"@id\":\"https:\/\/blogdoere.com.br\/?p=28953#breadcrumb\"},\"inLanguage\":\"pt-PT\",\"potentialAction\":[{\"@type\":\"ReadAction\",\"target\":[\"https:\/\/blogdoere.com.br\/?p=28953\"]}]},{\"@type\":\"BreadcrumbList\",\"@id\":\"https:\/\/blogdoere.com.br\/?p=28953#breadcrumb\",\"itemListElement\":[{\"@type\":\"ListItem\",\"position\":1,\"name\":\"In\u00edcio\",\"item\":\"https:\/\/blogdoere.com.br\/\"},{\"@type\":\"ListItem\",\"position\":2,\"name\":\"L\u00eddice da Mata \u00e9 escolhida titular da CCJ da C\u00e2mara dos Deputados\"}]},{\"@type\":\"WebSite\",\"@id\":\"https:\/\/blogdoere.com.br\/#website\",\"url\":\"https:\/\/blogdoere.com.br\/\",\"name\":\"blog do er\u00ea\",\"description\":\"\",\"publisher\":{\"@id\":\"https:\/\/blogdoere.com.br\/#organization\"},\"potentialAction\":[{\"@type\":\"SearchAction\",\"target\":{\"@type\":\"EntryPoint\",\"urlTemplate\":\"https:\/\/blogdoere.com.br\/?s={search_term_string}\"},\"query-input\":\"required name=search_term_string\"}],\"inLanguage\":\"pt-PT\"},{\"@type\":\"Organization\",\"@id\":\"https:\/\/blogdoere.com.br\/#organization\",\"name\":\"Blog do Er\u00ea\",\"url\":\"https:\/\/blogdoere.com.br\/\",\"logo\":{\"@type\":\"ImageObject\",\"inLanguage\":\"pt-PT\",\"@id\":\"https:\/\/blogdoere.com.br\/#\/schema\/logo\/image\/\",\"url\":\"https:\/\/blogdoere.com.br\/wp-content\/uploads\/2021\/11\/Logo-Ere-1.png\",\"contentUrl\":\"https:\/\/blogdoere.com.br\/wp-content\/uploads\/2021\/11\/Logo-Ere-1.png\",\"width\":1261,\"height\":1330,\"caption\":\"Blog do Er\u00ea\"},\"image\":{\"@id\":\"https:\/\/blogdoere.com.br\/#\/schema\/logo\/image\/\"}},{\"@type\":\"Person\",\"@id\":\"https:\/\/blogdoere.com.br\/#\/schema\/person\/c4f6d566a44c7bacdda563667715d18b\",\"name\":\"blogdoere@hotmail.com\",\"image\":{\"@type\":\"ImageObject\",\"inLanguage\":\"pt-PT\",\"@id\":\"https:\/\/blogdoere.com.br\/#\/schema\/person\/image\/\",\"url\":\"https:\/\/secure.gravatar.com\/avatar\/5684bd39df1289cb639b4ab539d6fcad69420e4a29521548fc078c58ed122fe6?s=96&d=mm&r=g\",\"contentUrl\":\"https:\/\/secure.gravatar.com\/avatar\/5684bd39df1289cb639b4ab539d6fcad69420e4a29521548fc078c58ed122fe6?s=96&d=mm&r=g\",\"caption\":\"blogdoere@hotmail.com\"},\"sameAs\":[\"http:\/\/blogdoere.com.br\"]}]}<\/script>\n<!-- \/ Yoast SEO plugin. -->","yoast_head_json":{"title":"L\u00eddice da Mata \u00e9 escolhida titular da CCJ da C\u00e2mara dos Deputados - blog do er\u00ea","robots":{"index":"index","follow":"follow","max-snippet":"max-snippet:-1","max-image-preview":"max-image-preview:large","max-video-preview":"max-video-preview:-1"},"canonical":"https:\/\/blogdoere.com.br\/?p=28953","og_locale":"pt_PT","og_type":"article","og_title":"L\u00eddice da Mata \u00e9 escolhida titular da CCJ da C\u00e2mara dos Deputados - blog do er\u00ea","og_description":"A deputada federal L\u00eddice da Mata (PSB-BA) foi designada, nesta quarta-feira (19), como titular da Comiss\u00e3o de Constitui\u00e7\u00e3o e Justi\u00e7a e de Cidadania (CCJ) da C\u00e2mara dos Deputados, a mais...","og_url":"https:\/\/blogdoere.com.br\/?p=28953","og_site_name":"blog do er\u00ea","article_published_time":"2025-03-19T16:57:54+00:00","article_modified_time":"2025-03-19T16:58:17+00:00","og_image":[{"width":720,"height":673,"url":"https:\/\/blogdoere.com.br\/wp-content\/uploads\/2025\/03\/IMG-20250319-WA0073.jpg","type":"image\/jpeg"}],"author":"blogdoere@hotmail.com","twitter_card":"summary_large_image","twitter_misc":{"Escrito por":"blogdoere@hotmail.com","Tempo estimado de leitura":"2 minutos"},"schema":{"@context":"https:\/\/schema.org","@graph":[{"@type":"Article","@id":"https:\/\/blogdoere.com.br\/?p=28953#article","isPartOf":{"@id":"https:\/\/blogdoere.com.br\/?p=28953"},"author":{"name":"blogdoere@hotmail.com","@id":"https:\/\/blogdoere.com.br\/#\/schema\/person\/c4f6d566a44c7bacdda563667715d18b"},"headline":"L\u00eddice da Mata \u00e9 escolhida titular da CCJ da C\u00e2mara dos Deputados","datePublished":"2025-03-19T16:57:54+00:00","dateModified":"2025-03-19T16:58:17+00:00","mainEntityOfPage":{"@id":"https:\/\/blogdoere.com.br\/?p=28953"},"wordCount":229,"commentCount":0,"publisher":{"@id":"https:\/\/blogdoere.com.br\/#organization"},"keywords":["Bahia"],"articleSection":["Pol\u00edtica"],"inLanguage":"pt-PT","potentialAction":[{"@type":"CommentAction","name":"Comment","target":["https:\/\/blogdoere.com.br\/?p=28953#respond"]}]},{"@type":"WebPage","@id":"https:\/\/blogdoere.com.br\/?p=28953","url":"https:\/\/blogdoere.com.br\/?p=28953","name":"L\u00eddice da Mata \u00e9 escolhida titular da CCJ da C\u00e2mara dos Deputados - blog do er\u00ea","isPartOf":{"@id":"https:\/\/blogdoere.com.br\/#website"},"datePublished":"2025-03-19T16:57:54+00:00","dateModified":"2025-03-19T16:58:17+00:00","breadcrumb":{"@id":"https:\/\/blogdoere.com.br\/?p=28953#breadcrumb"},"inLanguage":"pt-PT","potentialAction":[{"@type":"ReadAction","target":["https:\/\/blogdoere.com.br\/?p=28953"]}]},{"@type":"BreadcrumbList","@id":"https:\/\/blogdoere.com.br\/?p=28953#breadcrumb","itemListElement":[{"@type":"ListItem","position":1,"name":"In\u00edcio","item":"https:\/\/blogdoere.com.br\/"},{"@type":"ListItem","position":2,"name":"L\u00eddice da Mata \u00e9 escolhida titular da CCJ da C\u00e2mara dos Deputados"}]},{"@type":"WebSite","@id":"https:\/\/blogdoere.com.br\/#website","url":"https:\/\/blogdoere.com.br\/","name":"blog do er\u00ea","description":"","publisher":{"@id":"https:\/\/blogdoere.com.br\/#organization"},"potentialAction":[{"@type":"SearchAction","target":{"@type":"EntryPoint","urlTemplate":"https:\/\/blogdoere.com.br\/?s={search_term_string}"},"query-input":"required name=search_term_string"}],"inLanguage":"pt-PT"},{"@type":"Organization","@id":"https:\/\/blogdoere.com.br\/#organization","name":"Blog do Er\u00ea","url":"https:\/\/blogdoere.com.br\/","logo":{"@type":"ImageObject","inLanguage":"pt-PT","@id":"https:\/\/blogdoere.com.br\/#\/schema\/logo\/image\/","url":"https:\/\/blogdoere.com.br\/wp-content\/uploads\/2021\/11\/Logo-Ere-1.png","contentUrl":"https:\/\/blogdoere.com.br\/wp-content\/uploads\/2021\/11\/Logo-Ere-1.png","width":1261,"height":1330,"caption":"Blog do Er\u00ea"},"image":{"@id":"https:\/\/blogdoere.com.br\/#\/schema\/logo\/image\/"}},{"@type":"Person","@id":"https:\/\/blogdoere.com.br\/#\/schema\/person\/c4f6d566a44c7bacdda563667715d18b","name":"blogdoere@hotmail.com","image":{"@type":"ImageObject","inLanguage":"pt-PT","@id":"https:\/\/blogdoere.com.br\/#\/schema\/person\/image\/","url":"https:\/\/secure.gravatar.com\/avatar\/5684bd39df1289cb639b4ab539d6fcad69420e4a29521548fc078c58ed122fe6?s=96&d=mm&r=g","contentUrl":"https:\/\/secure.gravatar.com\/avatar\/5684bd39df1289cb639b4ab539d6fcad69420e4a29521548fc078c58ed122fe6?s=96&d=mm&r=g","caption":"blogdoere@hotmail.com"},"sameAs":["http:\/\/blogdoere.com.br"]}]}},"featured_image_urls":{"full":["https:\/\/blogdoere.com.br\/wp-content\/uploads\/2025\/03\/IMG-20250319-WA0073.jpg",720,673,false],"thumbnail":["https:\/\/blogdoere.com.br\/wp-content\/uploads\/2025\/03\/IMG-20250319-WA0073-150x150.jpg",150,150,true],"medium":["https:\/\/blogdoere.com.br\/wp-content\/uploads\/2025\/03\/IMG-20250319-WA0073-300x280.jpg",300,280,true],"medium_large":["https:\/\/blogdoere.com.br\/wp-content\/uploads\/2025\/03\/IMG-20250319-WA0073.jpg",720,673,false],"large":["https:\/\/blogdoere.com.br\/wp-content\/uploads\/2025\/03\/IMG-20250319-WA0073.jpg",720,673,false],"1536x1536":["https:\/\/blogdoere.com.br\/wp-content\/uploads\/2025\/03\/IMG-20250319-WA0073.jpg",720,673,false],"2048x2048":["https:\/\/blogdoere.com.br\/wp-content\/uploads\/2025\/03\/IMG-20250319-WA0073.jpg",720,673,false]},"author_info":{"display_name":"blogdoere@hotmail.com","author_link":"https:\/\/blogdoere.com.br\/?author=1"},"category_info":"<a href=\"https:\/\/blogdoere.com.br\/?cat=32\" rel=\"category\">Pol\u00edtica<\/a>","tag_info":"Pol\u00edtica","comment_count":"0","_links":{"self":[{"href":"https:\/\/blogdoere.com.br\/index.php?rest_route=\/wp\/v2\/posts\/28953","targetHints":{"allow":["GET"]}}],"collection":[{"href":"https:\/\/blogdoere.com.br\/index.php?rest_route=\/wp\/v2\/posts"}],"about":[{"href":"https:\/\/blogdoere.com.br\/index.php?rest_route=\/wp\/v2\/types\/post"}],"author":[{"embeddable":true,"href":"https:\/\/blogdoere.com.br\/index.php?rest_route=\/wp\/v2\/users\/1"}],"replies":[{"embeddable":true,"href":"https:\/\/blogdoere.com.br\/index.php?rest_route=%2Fwp%2Fv2%2Fcomments&post=28953"}],"version-history":[{"count":1,"href":"https:\/\/blogdoere.com.br\/index.php?rest_route=\/wp\/v2\/posts\/28953\/revisions"}],"predecessor-version":[{"id":28955,"href":"https:\/\/blogdoere.com.br\/index.php?rest_route=\/wp\/v2\/posts\/28953\/revisions\/28955"}],"wp:featuredmedia":[{"embeddable":true,"href":"https:\/\/blogdoere.com.br\/index.php?rest_route=\/wp\/v2\/media\/28954"}],"wp:attachment":[{"href":"https:\/\/blogdoere.com.br\/index.php?rest_route=%2Fwp%2Fv2%2Fmedia&parent=28953"}],"wp:term":[{"taxonomy":"category","embeddable":true,"href":"https:\/\/blogdoere.com.br\/index.php?rest_route=%2Fwp%2Fv2%2Fcategories&post=28953"},{"taxonomy":"post_tag","embeddable":true,"href":"https:\/\/blogdoere.com.br\/index.php?rest_route=%2Fwp%2Fv2%2Ftags&post=28953"}],"curies":[{"name":"wp","href":"https:\/\/api.w.org\/{rel}","templated":true}]}}