{"id":28963,"date":"2025-03-27T00:18:22","date_gmt":"2025-03-27T00:18:22","guid":{"rendered":"https:\/\/blogdoere.com.br\/?p=28963"},"modified":"2025-03-27T00:18:22","modified_gmt":"2025-03-27T00:18:22","slug":"itajuipe-novo-promotor-de-justica-assume-comarca","status":"publish","type":"post","link":"https:\/\/blogdoere.com.br\/?p=28963","title":{"rendered":"Itaju\u00edpe: Novo Promotor de Justi\u00e7a Assume Comarca"},"content":{"rendered":"\n<figure class=\"wp-block-image size-full\"><img decoding=\"async\" width=\"600\" height=\"400\" src=\"https:\/\/blogdoere.com.br\/wp-content\/uploads\/2025\/03\/DSC_0007.jpg\" alt=\"\" class=\"wp-image-28964\" srcset=\"https:\/\/blogdoere.com.br\/wp-content\/uploads\/2025\/03\/DSC_0007.jpg 600w, https:\/\/blogdoere.com.br\/wp-content\/uploads\/2025\/03\/DSC_0007-300x200.jpg 300w\" sizes=\"(max-width: 600px) 100vw, 600px\" \/><\/figure>\n\n\n\n<p>A Comarca de Itaju\u00edpe tem um novo promotor de justi\u00e7a. Marco Aur\u00e9lio Rubick da Silva foi empossado em seu cargo, substituindo o promotor Ot\u00e1vio Alla. <\/p>\n\n\n\n<p>Graduado em Direito pela Universidade Regional de Blumenau (FURB), Marco Aur\u00e9lio traz consigo uma vasta experi\u00eancia e especializa\u00e7\u00e3o no campo jur\u00eddico, o que promete contribuir significativamente para a atua\u00e7\u00e3o do Minist\u00e9rio P\u00fablico no munic\u00edpio.<\/p>\n\n\n\n<p> O Minist\u00e9rio P\u00fablico Estadual desempenha um papel fundamental na defesa da ordem jur\u00eddica, dos direitos sociais e individuais, al\u00e9m de zelar pelo regime democr\u00e1tico. A chegada de Marco Aur\u00e9lio \u00e0 Comarca de Itaju\u00edpe refor\u00e7a o compromisso da institui\u00e7\u00e3o em garantir a justi\u00e7a e a legalidade na sociedade local. <\/p>\n\n\n\n<p>Com a nova lideran\u00e7a, espera-se que a promo\u00e7\u00e3o dos direitos e a prote\u00e7\u00e3o da comunidade ganhem ainda mais impulso, garantindo um ambiente mais seguro e justo para todos os cidad\u00e3os.<\/p>\n","protected":false},"excerpt":{"rendered":"<p>A Comarca de Itaju\u00edpe tem um novo promotor de justi\u00e7a. Marco Aur\u00e9lio Rubick da Silva foi empossado em seu cargo, substituindo o promotor Ot\u00e1vio Alla. Graduado em Direito pela Universidade&#8230;<\/p>\n","protected":false},"author":1,"featured_media":28964,"comment_status":"open","ping_status":"open","sticky":false,"template":"","format":"standard","meta":{"_editorskit_title_hidden":false,"_editorskit_reading_time":0,"_editorskit_is_block_options_detached":false,"_editorskit_block_options_position":"{}","om_disable_all_campaigns":false,"_mi_skip_tracking":false,"_kad_post_transparent":"","_kad_post_title":"","_kad_post_layout":"","_kad_post_sidebar_id":"","_kad_post_content_style":"","_kad_post_vertical_padding":"","_kad_post_feature":"","_kad_post_feature_position":"","_kad_post_header":false,"_kad_post_footer":false,"footnotes":""},"categories":[74],"tags":[],"class_list":["post-28963","post","type-post","status-publish","format-standard","has-post-thumbnail","hentry","category-direito"],"yoast_head":"<!-- This site is optimized with the Yoast SEO plugin v20.5 - https:\/\/yoast.com\/wordpress\/plugins\/seo\/ -->\n<title>Itaju\u00edpe: Novo Promotor de Justi\u00e7a Assume Comarca - blog do er\u00ea<\/title>\n<meta name=\"robots\" content=\"index, follow, max-snippet:-1, max-image-preview:large, max-video-preview:-1\" \/>\n<link rel=\"canonical\" href=\"https:\/\/blogdoere.com.br\/?p=28963\" \/>\n<meta property=\"og:locale\" content=\"pt_PT\" \/>\n<meta property=\"og:type\" content=\"article\" \/>\n<meta property=\"og:title\" content=\"Itaju\u00edpe: Novo Promotor de Justi\u00e7a Assume Comarca - blog do er\u00ea\" \/>\n<meta property=\"og:description\" content=\"A Comarca de Itaju\u00edpe tem um novo promotor de justi\u00e7a. Marco Aur\u00e9lio Rubick da Silva foi empossado em seu cargo, substituindo o promotor Ot\u00e1vio Alla. Graduado em Direito pela Universidade...\" \/>\n<meta property=\"og:url\" content=\"https:\/\/blogdoere.com.br\/?p=28963\" \/>\n<meta property=\"og:site_name\" content=\"blog do er\u00ea\" \/>\n<meta property=\"article:published_time\" content=\"2025-03-27T00:18:22+00:00\" \/>\n<meta property=\"og:image\" content=\"https:\/\/blogdoere.com.br\/wp-content\/uploads\/2025\/03\/DSC_0007.jpg\" \/>\n\t<meta property=\"og:image:width\" content=\"600\" \/>\n\t<meta property=\"og:image:height\" content=\"400\" \/>\n\t<meta property=\"og:image:type\" content=\"image\/jpeg\" \/>\n<meta name=\"author\" content=\"blogdoere@hotmail.com\" \/>\n<meta name=\"twitter:card\" content=\"summary_large_image\" \/>\n<meta name=\"twitter:label1\" content=\"Escrito por\" \/>\n\t<meta name=\"twitter:data1\" content=\"blogdoere@hotmail.com\" \/>\n\t<meta name=\"twitter:label2\" content=\"Tempo estimado de leitura\" \/>\n\t<meta name=\"twitter:data2\" content=\"1 minuto\" \/>\n<script type=\"application\/ld+json\" class=\"yoast-schema-graph\">{\"@context\":\"https:\/\/schema.org\",\"@graph\":[{\"@type\":\"Article\",\"@id\":\"https:\/\/blogdoere.com.br\/?p=28963#article\",\"isPartOf\":{\"@id\":\"https:\/\/blogdoere.com.br\/?p=28963\"},\"author\":{\"name\":\"blogdoere@hotmail.com\",\"@id\":\"https:\/\/blogdoere.com.br\/#\/schema\/person\/c4f6d566a44c7bacdda563667715d18b\"},\"headline\":\"Itaju\u00edpe: Novo Promotor de Justi\u00e7a Assume Comarca\",\"datePublished\":\"2025-03-27T00:18:22+00:00\",\"dateModified\":\"2025-03-27T00:18:22+00:00\",\"mainEntityOfPage\":{\"@id\":\"https:\/\/blogdoere.com.br\/?p=28963\"},\"wordCount\":171,\"commentCount\":0,\"publisher\":{\"@id\":\"https:\/\/blogdoere.com.br\/#organization\"},\"articleSection\":[\"Direito\"],\"inLanguage\":\"pt-PT\",\"potentialAction\":[{\"@type\":\"CommentAction\",\"name\":\"Comment\",\"target\":[\"https:\/\/blogdoere.com.br\/?p=28963#respond\"]}]},{\"@type\":\"WebPage\",\"@id\":\"https:\/\/blogdoere.com.br\/?p=28963\",\"url\":\"https:\/\/blogdoere.com.br\/?p=28963\",\"name\":\"Itaju\u00edpe: Novo Promotor de Justi\u00e7a Assume Comarca - blog do er\u00ea\",\"isPartOf\":{\"@id\":\"https:\/\/blogdoere.com.br\/#website\"},\"datePublished\":\"2025-03-27T00:18:22+00:00\",\"dateModified\":\"2025-03-27T00:18:22+00:00\",\"breadcrumb\":{\"@id\":\"https:\/\/blogdoere.com.br\/?p=28963#breadcrumb\"},\"inLanguage\":\"pt-PT\",\"potentialAction\":[{\"@type\":\"ReadAction\",\"target\":[\"https:\/\/blogdoere.com.br\/?p=28963\"]}]},{\"@type\":\"BreadcrumbList\",\"@id\":\"https:\/\/blogdoere.com.br\/?p=28963#breadcrumb\",\"itemListElement\":[{\"@type\":\"ListItem\",\"position\":1,\"name\":\"In\u00edcio\",\"item\":\"https:\/\/blogdoere.com.br\/\"},{\"@type\":\"ListItem\",\"position\":2,\"name\":\"Itaju\u00edpe: Novo Promotor de Justi\u00e7a Assume Comarca\"}]},{\"@type\":\"WebSite\",\"@id\":\"https:\/\/blogdoere.com.br\/#website\",\"url\":\"https:\/\/blogdoere.com.br\/\",\"name\":\"blog do er\u00ea\",\"description\":\"\",\"publisher\":{\"@id\":\"https:\/\/blogdoere.com.br\/#organization\"},\"potentialAction\":[{\"@type\":\"SearchAction\",\"target\":{\"@type\":\"EntryPoint\",\"urlTemplate\":\"https:\/\/blogdoere.com.br\/?s={search_term_string}\"},\"query-input\":\"required name=search_term_string\"}],\"inLanguage\":\"pt-PT\"},{\"@type\":\"Organization\",\"@id\":\"https:\/\/blogdoere.com.br\/#organization\",\"name\":\"Blog do Er\u00ea\",\"url\":\"https:\/\/blogdoere.com.br\/\",\"logo\":{\"@type\":\"ImageObject\",\"inLanguage\":\"pt-PT\",\"@id\":\"https:\/\/blogdoere.com.br\/#\/schema\/logo\/image\/\",\"url\":\"https:\/\/blogdoere.com.br\/wp-content\/uploads\/2021\/11\/Logo-Ere-1.png\",\"contentUrl\":\"https:\/\/blogdoere.com.br\/wp-content\/uploads\/2021\/11\/Logo-Ere-1.png\",\"width\":1261,\"height\":1330,\"caption\":\"Blog do Er\u00ea\"},\"image\":{\"@id\":\"https:\/\/blogdoere.com.br\/#\/schema\/logo\/image\/\"}},{\"@type\":\"Person\",\"@id\":\"https:\/\/blogdoere.com.br\/#\/schema\/person\/c4f6d566a44c7bacdda563667715d18b\",\"name\":\"blogdoere@hotmail.com\",\"image\":{\"@type\":\"ImageObject\",\"inLanguage\":\"pt-PT\",\"@id\":\"https:\/\/blogdoere.com.br\/#\/schema\/person\/image\/\",\"url\":\"https:\/\/secure.gravatar.com\/avatar\/5684bd39df1289cb639b4ab539d6fcad69420e4a29521548fc078c58ed122fe6?s=96&d=mm&r=g\",\"contentUrl\":\"https:\/\/secure.gravatar.com\/avatar\/5684bd39df1289cb639b4ab539d6fcad69420e4a29521548fc078c58ed122fe6?s=96&d=mm&r=g\",\"caption\":\"blogdoere@hotmail.com\"},\"sameAs\":[\"http:\/\/blogdoere.com.br\"]}]}<\/script>\n<!-- \/ Yoast SEO plugin. -->","yoast_head_json":{"title":"Itaju\u00edpe: Novo Promotor de Justi\u00e7a Assume Comarca - blog do er\u00ea","robots":{"index":"index","follow":"follow","max-snippet":"max-snippet:-1","max-image-preview":"max-image-preview:large","max-video-preview":"max-video-preview:-1"},"canonical":"https:\/\/blogdoere.com.br\/?p=28963","og_locale":"pt_PT","og_type":"article","og_title":"Itaju\u00edpe: Novo Promotor de Justi\u00e7a Assume Comarca - blog do er\u00ea","og_description":"A Comarca de Itaju\u00edpe tem um novo promotor de justi\u00e7a. Marco Aur\u00e9lio Rubick da Silva foi empossado em seu cargo, substituindo o promotor Ot\u00e1vio Alla. Graduado em Direito pela Universidade...","og_url":"https:\/\/blogdoere.com.br\/?p=28963","og_site_name":"blog do er\u00ea","article_published_time":"2025-03-27T00:18:22+00:00","og_image":[{"width":600,"height":400,"url":"https:\/\/blogdoere.com.br\/wp-content\/uploads\/2025\/03\/DSC_0007.jpg","type":"image\/jpeg"}],"author":"blogdoere@hotmail.com","twitter_card":"summary_large_image","twitter_misc":{"Escrito por":"blogdoere@hotmail.com","Tempo estimado de leitura":"1 minuto"},"schema":{"@context":"https:\/\/schema.org","@graph":[{"@type":"Article","@id":"https:\/\/blogdoere.com.br\/?p=28963#article","isPartOf":{"@id":"https:\/\/blogdoere.com.br\/?p=28963"},"author":{"name":"blogdoere@hotmail.com","@id":"https:\/\/blogdoere.com.br\/#\/schema\/person\/c4f6d566a44c7bacdda563667715d18b"},"headline":"Itaju\u00edpe: Novo Promotor de Justi\u00e7a Assume Comarca","datePublished":"2025-03-27T00:18:22+00:00","dateModified":"2025-03-27T00:18:22+00:00","mainEntityOfPage":{"@id":"https:\/\/blogdoere.com.br\/?p=28963"},"wordCount":171,"commentCount":0,"publisher":{"@id":"https:\/\/blogdoere.com.br\/#organization"},"articleSection":["Direito"],"inLanguage":"pt-PT","potentialAction":[{"@type":"CommentAction","name":"Comment","target":["https:\/\/blogdoere.com.br\/?p=28963#respond"]}]},{"@type":"WebPage","@id":"https:\/\/blogdoere.com.br\/?p=28963","url":"https:\/\/blogdoere.com.br\/?p=28963","name":"Itaju\u00edpe: Novo Promotor de Justi\u00e7a Assume Comarca - blog do er\u00ea","isPartOf":{"@id":"https:\/\/blogdoere.com.br\/#website"},"datePublished":"2025-03-27T00:18:22+00:00","dateModified":"2025-03-27T00:18:22+00:00","breadcrumb":{"@id":"https:\/\/blogdoere.com.br\/?p=28963#breadcrumb"},"inLanguage":"pt-PT","potentialAction":[{"@type":"ReadAction","target":["https:\/\/blogdoere.com.br\/?p=28963"]}]},{"@type":"BreadcrumbList","@id":"https:\/\/blogdoere.com.br\/?p=28963#breadcrumb","itemListElement":[{"@type":"ListItem","position":1,"name":"In\u00edcio","item":"https:\/\/blogdoere.com.br\/"},{"@type":"ListItem","position":2,"name":"Itaju\u00edpe: Novo Promotor de Justi\u00e7a Assume Comarca"}]},{"@type":"WebSite","@id":"https:\/\/blogdoere.com.br\/#website","url":"https:\/\/blogdoere.com.br\/","name":"blog do er\u00ea","description":"","publisher":{"@id":"https:\/\/blogdoere.com.br\/#organization"},"potentialAction":[{"@type":"SearchAction","target":{"@type":"EntryPoint","urlTemplate":"https:\/\/blogdoere.com.br\/?s={search_term_string}"},"query-input":"required name=search_term_string"}],"inLanguage":"pt-PT"},{"@type":"Organization","@id":"https:\/\/blogdoere.com.br\/#organization","name":"Blog do Er\u00ea","url":"https:\/\/blogdoere.com.br\/","logo":{"@type":"ImageObject","inLanguage":"pt-PT","@id":"https:\/\/blogdoere.com.br\/#\/schema\/logo\/image\/","url":"https:\/\/blogdoere.com.br\/wp-content\/uploads\/2021\/11\/Logo-Ere-1.png","contentUrl":"https:\/\/blogdoere.com.br\/wp-content\/uploads\/2021\/11\/Logo-Ere-1.png","width":1261,"height":1330,"caption":"Blog do Er\u00ea"},"image":{"@id":"https:\/\/blogdoere.com.br\/#\/schema\/logo\/image\/"}},{"@type":"Person","@id":"https:\/\/blogdoere.com.br\/#\/schema\/person\/c4f6d566a44c7bacdda563667715d18b","name":"blogdoere@hotmail.com","image":{"@type":"ImageObject","inLanguage":"pt-PT","@id":"https:\/\/blogdoere.com.br\/#\/schema\/person\/image\/","url":"https:\/\/secure.gravatar.com\/avatar\/5684bd39df1289cb639b4ab539d6fcad69420e4a29521548fc078c58ed122fe6?s=96&d=mm&r=g","contentUrl":"https:\/\/secure.gravatar.com\/avatar\/5684bd39df1289cb639b4ab539d6fcad69420e4a29521548fc078c58ed122fe6?s=96&d=mm&r=g","caption":"blogdoere@hotmail.com"},"sameAs":["http:\/\/blogdoere.com.br"]}]}},"featured_image_urls":{"full":["https:\/\/blogdoere.com.br\/wp-content\/uploads\/2025\/03\/DSC_0007.jpg",600,400,false],"thumbnail":["https:\/\/blogdoere.com.br\/wp-content\/uploads\/2025\/03\/DSC_0007-150x150.jpg",150,150,true],"medium":["https:\/\/blogdoere.com.br\/wp-content\/uploads\/2025\/03\/DSC_0007-300x200.jpg",300,200,true],"medium_large":["https:\/\/blogdoere.com.br\/wp-content\/uploads\/2025\/03\/DSC_0007.jpg",600,400,false],"large":["https:\/\/blogdoere.com.br\/wp-content\/uploads\/2025\/03\/DSC_0007.jpg",600,400,false],"1536x1536":["https:\/\/blogdoere.com.br\/wp-content\/uploads\/2025\/03\/DSC_0007.jpg",600,400,false],"2048x2048":["https:\/\/blogdoere.com.br\/wp-content\/uploads\/2025\/03\/DSC_0007.jpg",600,400,false]},"author_info":{"display_name":"blogdoere@hotmail.com","author_link":"https:\/\/blogdoere.com.br\/?author=1"},"category_info":"<a href=\"https:\/\/blogdoere.com.br\/?cat=74\" rel=\"category\">Direito<\/a>","tag_info":"Direito","comment_count":"0","_links":{"self":[{"href":"https:\/\/blogdoere.com.br\/index.php?rest_route=\/wp\/v2\/posts\/28963","targetHints":{"allow":["GET"]}}],"collection":[{"href":"https:\/\/blogdoere.com.br\/index.php?rest_route=\/wp\/v2\/posts"}],"about":[{"href":"https:\/\/blogdoere.com.br\/index.php?rest_route=\/wp\/v2\/types\/post"}],"author":[{"embeddable":true,"href":"https:\/\/blogdoere.com.br\/index.php?rest_route=\/wp\/v2\/users\/1"}],"replies":[{"embeddable":true,"href":"https:\/\/blogdoere.com.br\/index.php?rest_route=%2Fwp%2Fv2%2Fcomments&post=28963"}],"version-history":[{"count":1,"href":"https:\/\/blogdoere.com.br\/index.php?rest_route=\/wp\/v2\/posts\/28963\/revisions"}],"predecessor-version":[{"id":28965,"href":"https:\/\/blogdoere.com.br\/index.php?rest_route=\/wp\/v2\/posts\/28963\/revisions\/28965"}],"wp:featuredmedia":[{"embeddable":true,"href":"https:\/\/blogdoere.com.br\/index.php?rest_route=\/wp\/v2\/media\/28964"}],"wp:attachment":[{"href":"https:\/\/blogdoere.com.br\/index.php?rest_route=%2Fwp%2Fv2%2Fmedia&parent=28963"}],"wp:term":[{"taxonomy":"category","embeddable":true,"href":"https:\/\/blogdoere.com.br\/index.php?rest_route=%2Fwp%2Fv2%2Fcategories&post=28963"},{"taxonomy":"post_tag","embeddable":true,"href":"https:\/\/blogdoere.com.br\/index.php?rest_route=%2Fwp%2Fv2%2Ftags&post=28963"}],"curies":[{"name":"wp","href":"https:\/\/api.w.org\/{rel}","templated":true}]}}