{"id":28966,"date":"2025-03-28T14:13:28","date_gmt":"2025-03-28T14:13:28","guid":{"rendered":"https:\/\/blogdoere.com.br\/?p=28966"},"modified":"2025-03-28T19:43:07","modified_gmt":"2025-03-28T19:43:07","slug":"itabuna-afro-encantarte-celebra-25-anos-de-cultura-com-evento-gratuito","status":"publish","type":"post","link":"https:\/\/blogdoere.com.br\/?p=28966","title":{"rendered":"Itabuna:  Afro Encantarte celebra 25 anos de cultura com evento gratuito"},"content":{"rendered":"\n<figure class=\"wp-block-image size-full\"><img decoding=\"async\" width=\"636\" height=\"424\" src=\"https:\/\/blogdoere.com.br\/wp-content\/uploads\/2025\/03\/EGNALDO-FRANCA-636x424-1.jpg\" alt=\"\" class=\"wp-image-28967\" srcset=\"https:\/\/blogdoere.com.br\/wp-content\/uploads\/2025\/03\/EGNALDO-FRANCA-636x424-1.jpg 636w, https:\/\/blogdoere.com.br\/wp-content\/uploads\/2025\/03\/EGNALDO-FRANCA-636x424-1-300x200.jpg 300w\" sizes=\"(max-width: 636px) 100vw, 636px\" \/><\/figure>\n\n\n\n<p>No pr\u00f3ximo s\u00e1bado, 29 de mar\u00e7o, \u00e0s 17h, o Centro de Cultura Adonias Filho, em Itabuna, ser\u00e1 palco das comemora\u00e7\u00f5es do 25\u00ba anivers\u00e1rio do Afro Encantarte. O evento, que promete ser uma celebra\u00e7\u00e3o vibrante da cultura afro-brasileira, contar\u00e1 com uma programa\u00e7\u00e3o diversificada e a participa\u00e7\u00e3o especial do Bloco Afro Encantarte, conhecido por sua presen\u00e7a marcante nos eventos culturais da cidade.<\/p>\n\n\n\n<p>Egnaldo Fran\u00e7a, representante do Afro Encantarte, destacou que a festa ser\u00e1 gratuita, permitindo que todos os interessados possam prestigiar as atividades. &#8220;Queremos celebrar esses 25 anos de hist\u00f3ria e resist\u00eancia cultural, e convidamos a todos para se juntarem a n\u00f3s nessa festa&#8221;, afirmou Fran\u00e7a.<\/p>\n\n\n\n<p>Ao longo de mais de duas d\u00e9cadas, o Bloco Afro Encantarte tem sido uma refer\u00eancia em Itabuna, participando ativamente de diversas festividades e promovendo a valoriza\u00e7\u00e3o da cultura afro. A expectativa \u00e9 que a celebra\u00e7\u00e3o atraia um grande p\u00fablico e reforce a import\u00e2ncia da cultura negra na regi\u00e3o ao som da percuss\u00e3o do Bloco Afro Encantarte, Negras Perfumadas e DJ Blcksh. <\/p>\n","protected":false},"excerpt":{"rendered":"<p>No pr\u00f3ximo s\u00e1bado, 29 de mar\u00e7o, \u00e0s 17h, o Centro de Cultura Adonias Filho, em Itabuna, ser\u00e1 palco das comemora\u00e7\u00f5es do 25\u00ba anivers\u00e1rio do Afro Encantarte. O evento, que promete&#8230;<\/p>\n","protected":false},"author":1,"featured_media":28967,"comment_status":"open","ping_status":"open","sticky":false,"template":"","format":"standard","meta":{"_editorskit_title_hidden":false,"_editorskit_reading_time":0,"_editorskit_is_block_options_detached":false,"_editorskit_block_options_position":"{}","om_disable_all_campaigns":false,"_mi_skip_tracking":false,"_kad_post_transparent":"","_kad_post_title":"","_kad_post_layout":"","_kad_post_sidebar_id":"","_kad_post_content_style":"","_kad_post_vertical_padding":"","_kad_post_feature":"","_kad_post_feature_position":"","_kad_post_header":false,"_kad_post_footer":false,"footnotes":""},"categories":[37],"tags":[],"class_list":["post-28966","post","type-post","status-publish","format-standard","has-post-thumbnail","hentry","category-cultura"],"yoast_head":"<!-- This site is optimized with the Yoast SEO plugin v20.5 - https:\/\/yoast.com\/wordpress\/plugins\/seo\/ -->\n<title>Itabuna: Afro Encantarte celebra 25 anos de cultura com evento gratuito - blog do er\u00ea<\/title>\n<meta name=\"robots\" content=\"index, follow, max-snippet:-1, max-image-preview:large, max-video-preview:-1\" \/>\n<link rel=\"canonical\" href=\"https:\/\/blogdoere.com.br\/?p=28966\" \/>\n<meta property=\"og:locale\" content=\"pt_PT\" \/>\n<meta property=\"og:type\" content=\"article\" \/>\n<meta property=\"og:title\" content=\"Itabuna: Afro Encantarte celebra 25 anos de cultura com evento gratuito - blog do er\u00ea\" \/>\n<meta property=\"og:description\" content=\"No pr\u00f3ximo s\u00e1bado, 29 de mar\u00e7o, \u00e0s 17h, o Centro de Cultura Adonias Filho, em Itabuna, ser\u00e1 palco das comemora\u00e7\u00f5es do 25\u00ba anivers\u00e1rio do Afro Encantarte. O evento, que promete...\" \/>\n<meta property=\"og:url\" content=\"https:\/\/blogdoere.com.br\/?p=28966\" \/>\n<meta property=\"og:site_name\" content=\"blog do er\u00ea\" \/>\n<meta property=\"article:published_time\" content=\"2025-03-28T14:13:28+00:00\" \/>\n<meta property=\"article:modified_time\" content=\"2025-03-28T19:43:07+00:00\" \/>\n<meta property=\"og:image\" content=\"https:\/\/blogdoere.com.br\/wp-content\/uploads\/2025\/03\/EGNALDO-FRANCA-636x424-1.jpg\" \/>\n\t<meta property=\"og:image:width\" content=\"636\" \/>\n\t<meta property=\"og:image:height\" content=\"424\" \/>\n\t<meta property=\"og:image:type\" content=\"image\/jpeg\" \/>\n<meta name=\"author\" content=\"blogdoere@hotmail.com\" \/>\n<meta name=\"twitter:card\" content=\"summary_large_image\" \/>\n<meta name=\"twitter:label1\" content=\"Escrito por\" \/>\n\t<meta name=\"twitter:data1\" content=\"blogdoere@hotmail.com\" \/>\n\t<meta name=\"twitter:label2\" content=\"Tempo estimado de leitura\" \/>\n\t<meta name=\"twitter:data2\" content=\"2 minutos\" \/>\n<script type=\"application\/ld+json\" class=\"yoast-schema-graph\">{\"@context\":\"https:\/\/schema.org\",\"@graph\":[{\"@type\":\"Article\",\"@id\":\"https:\/\/blogdoere.com.br\/?p=28966#article\",\"isPartOf\":{\"@id\":\"https:\/\/blogdoere.com.br\/?p=28966\"},\"author\":{\"name\":\"blogdoere@hotmail.com\",\"@id\":\"https:\/\/blogdoere.com.br\/#\/schema\/person\/c4f6d566a44c7bacdda563667715d18b\"},\"headline\":\"Itabuna: Afro Encantarte celebra 25 anos de cultura com evento gratuito\",\"datePublished\":\"2025-03-28T14:13:28+00:00\",\"dateModified\":\"2025-03-28T19:43:07+00:00\",\"mainEntityOfPage\":{\"@id\":\"https:\/\/blogdoere.com.br\/?p=28966\"},\"wordCount\":193,\"commentCount\":0,\"publisher\":{\"@id\":\"https:\/\/blogdoere.com.br\/#organization\"},\"articleSection\":[\"Cultura\"],\"inLanguage\":\"pt-PT\",\"potentialAction\":[{\"@type\":\"CommentAction\",\"name\":\"Comment\",\"target\":[\"https:\/\/blogdoere.com.br\/?p=28966#respond\"]}]},{\"@type\":\"WebPage\",\"@id\":\"https:\/\/blogdoere.com.br\/?p=28966\",\"url\":\"https:\/\/blogdoere.com.br\/?p=28966\",\"name\":\"Itabuna: Afro Encantarte celebra 25 anos de cultura com evento gratuito - blog do er\u00ea\",\"isPartOf\":{\"@id\":\"https:\/\/blogdoere.com.br\/#website\"},\"datePublished\":\"2025-03-28T14:13:28+00:00\",\"dateModified\":\"2025-03-28T19:43:07+00:00\",\"breadcrumb\":{\"@id\":\"https:\/\/blogdoere.com.br\/?p=28966#breadcrumb\"},\"inLanguage\":\"pt-PT\",\"potentialAction\":[{\"@type\":\"ReadAction\",\"target\":[\"https:\/\/blogdoere.com.br\/?p=28966\"]}]},{\"@type\":\"BreadcrumbList\",\"@id\":\"https:\/\/blogdoere.com.br\/?p=28966#breadcrumb\",\"itemListElement\":[{\"@type\":\"ListItem\",\"position\":1,\"name\":\"In\u00edcio\",\"item\":\"https:\/\/blogdoere.com.br\/\"},{\"@type\":\"ListItem\",\"position\":2,\"name\":\"Itabuna: Afro Encantarte celebra 25 anos de cultura com evento gratuito\"}]},{\"@type\":\"WebSite\",\"@id\":\"https:\/\/blogdoere.com.br\/#website\",\"url\":\"https:\/\/blogdoere.com.br\/\",\"name\":\"blog do er\u00ea\",\"description\":\"\",\"publisher\":{\"@id\":\"https:\/\/blogdoere.com.br\/#organization\"},\"potentialAction\":[{\"@type\":\"SearchAction\",\"target\":{\"@type\":\"EntryPoint\",\"urlTemplate\":\"https:\/\/blogdoere.com.br\/?s={search_term_string}\"},\"query-input\":\"required name=search_term_string\"}],\"inLanguage\":\"pt-PT\"},{\"@type\":\"Organization\",\"@id\":\"https:\/\/blogdoere.com.br\/#organization\",\"name\":\"Blog do Er\u00ea\",\"url\":\"https:\/\/blogdoere.com.br\/\",\"logo\":{\"@type\":\"ImageObject\",\"inLanguage\":\"pt-PT\",\"@id\":\"https:\/\/blogdoere.com.br\/#\/schema\/logo\/image\/\",\"url\":\"https:\/\/blogdoere.com.br\/wp-content\/uploads\/2021\/11\/Logo-Ere-1.png\",\"contentUrl\":\"https:\/\/blogdoere.com.br\/wp-content\/uploads\/2021\/11\/Logo-Ere-1.png\",\"width\":1261,\"height\":1330,\"caption\":\"Blog do Er\u00ea\"},\"image\":{\"@id\":\"https:\/\/blogdoere.com.br\/#\/schema\/logo\/image\/\"}},{\"@type\":\"Person\",\"@id\":\"https:\/\/blogdoere.com.br\/#\/schema\/person\/c4f6d566a44c7bacdda563667715d18b\",\"name\":\"blogdoere@hotmail.com\",\"image\":{\"@type\":\"ImageObject\",\"inLanguage\":\"pt-PT\",\"@id\":\"https:\/\/blogdoere.com.br\/#\/schema\/person\/image\/\",\"url\":\"https:\/\/secure.gravatar.com\/avatar\/5684bd39df1289cb639b4ab539d6fcad69420e4a29521548fc078c58ed122fe6?s=96&d=mm&r=g\",\"contentUrl\":\"https:\/\/secure.gravatar.com\/avatar\/5684bd39df1289cb639b4ab539d6fcad69420e4a29521548fc078c58ed122fe6?s=96&d=mm&r=g\",\"caption\":\"blogdoere@hotmail.com\"},\"sameAs\":[\"http:\/\/blogdoere.com.br\"]}]}<\/script>\n<!-- \/ Yoast SEO plugin. -->","yoast_head_json":{"title":"Itabuna: Afro Encantarte celebra 25 anos de cultura com evento gratuito - blog do er\u00ea","robots":{"index":"index","follow":"follow","max-snippet":"max-snippet:-1","max-image-preview":"max-image-preview:large","max-video-preview":"max-video-preview:-1"},"canonical":"https:\/\/blogdoere.com.br\/?p=28966","og_locale":"pt_PT","og_type":"article","og_title":"Itabuna: Afro Encantarte celebra 25 anos de cultura com evento gratuito - blog do er\u00ea","og_description":"No pr\u00f3ximo s\u00e1bado, 29 de mar\u00e7o, \u00e0s 17h, o Centro de Cultura Adonias Filho, em Itabuna, ser\u00e1 palco das comemora\u00e7\u00f5es do 25\u00ba anivers\u00e1rio do Afro Encantarte. O evento, que promete...","og_url":"https:\/\/blogdoere.com.br\/?p=28966","og_site_name":"blog do er\u00ea","article_published_time":"2025-03-28T14:13:28+00:00","article_modified_time":"2025-03-28T19:43:07+00:00","og_image":[{"width":636,"height":424,"url":"https:\/\/blogdoere.com.br\/wp-content\/uploads\/2025\/03\/EGNALDO-FRANCA-636x424-1.jpg","type":"image\/jpeg"}],"author":"blogdoere@hotmail.com","twitter_card":"summary_large_image","twitter_misc":{"Escrito por":"blogdoere@hotmail.com","Tempo estimado de leitura":"2 minutos"},"schema":{"@context":"https:\/\/schema.org","@graph":[{"@type":"Article","@id":"https:\/\/blogdoere.com.br\/?p=28966#article","isPartOf":{"@id":"https:\/\/blogdoere.com.br\/?p=28966"},"author":{"name":"blogdoere@hotmail.com","@id":"https:\/\/blogdoere.com.br\/#\/schema\/person\/c4f6d566a44c7bacdda563667715d18b"},"headline":"Itabuna: Afro Encantarte celebra 25 anos de cultura com evento gratuito","datePublished":"2025-03-28T14:13:28+00:00","dateModified":"2025-03-28T19:43:07+00:00","mainEntityOfPage":{"@id":"https:\/\/blogdoere.com.br\/?p=28966"},"wordCount":193,"commentCount":0,"publisher":{"@id":"https:\/\/blogdoere.com.br\/#organization"},"articleSection":["Cultura"],"inLanguage":"pt-PT","potentialAction":[{"@type":"CommentAction","name":"Comment","target":["https:\/\/blogdoere.com.br\/?p=28966#respond"]}]},{"@type":"WebPage","@id":"https:\/\/blogdoere.com.br\/?p=28966","url":"https:\/\/blogdoere.com.br\/?p=28966","name":"Itabuna: Afro Encantarte celebra 25 anos de cultura com evento gratuito - blog do er\u00ea","isPartOf":{"@id":"https:\/\/blogdoere.com.br\/#website"},"datePublished":"2025-03-28T14:13:28+00:00","dateModified":"2025-03-28T19:43:07+00:00","breadcrumb":{"@id":"https:\/\/blogdoere.com.br\/?p=28966#breadcrumb"},"inLanguage":"pt-PT","potentialAction":[{"@type":"ReadAction","target":["https:\/\/blogdoere.com.br\/?p=28966"]}]},{"@type":"BreadcrumbList","@id":"https:\/\/blogdoere.com.br\/?p=28966#breadcrumb","itemListElement":[{"@type":"ListItem","position":1,"name":"In\u00edcio","item":"https:\/\/blogdoere.com.br\/"},{"@type":"ListItem","position":2,"name":"Itabuna: Afro Encantarte celebra 25 anos de cultura com evento gratuito"}]},{"@type":"WebSite","@id":"https:\/\/blogdoere.com.br\/#website","url":"https:\/\/blogdoere.com.br\/","name":"blog do er\u00ea","description":"","publisher":{"@id":"https:\/\/blogdoere.com.br\/#organization"},"potentialAction":[{"@type":"SearchAction","target":{"@type":"EntryPoint","urlTemplate":"https:\/\/blogdoere.com.br\/?s={search_term_string}"},"query-input":"required name=search_term_string"}],"inLanguage":"pt-PT"},{"@type":"Organization","@id":"https:\/\/blogdoere.com.br\/#organization","name":"Blog do Er\u00ea","url":"https:\/\/blogdoere.com.br\/","logo":{"@type":"ImageObject","inLanguage":"pt-PT","@id":"https:\/\/blogdoere.com.br\/#\/schema\/logo\/image\/","url":"https:\/\/blogdoere.com.br\/wp-content\/uploads\/2021\/11\/Logo-Ere-1.png","contentUrl":"https:\/\/blogdoere.com.br\/wp-content\/uploads\/2021\/11\/Logo-Ere-1.png","width":1261,"height":1330,"caption":"Blog do Er\u00ea"},"image":{"@id":"https:\/\/blogdoere.com.br\/#\/schema\/logo\/image\/"}},{"@type":"Person","@id":"https:\/\/blogdoere.com.br\/#\/schema\/person\/c4f6d566a44c7bacdda563667715d18b","name":"blogdoere@hotmail.com","image":{"@type":"ImageObject","inLanguage":"pt-PT","@id":"https:\/\/blogdoere.com.br\/#\/schema\/person\/image\/","url":"https:\/\/secure.gravatar.com\/avatar\/5684bd39df1289cb639b4ab539d6fcad69420e4a29521548fc078c58ed122fe6?s=96&d=mm&r=g","contentUrl":"https:\/\/secure.gravatar.com\/avatar\/5684bd39df1289cb639b4ab539d6fcad69420e4a29521548fc078c58ed122fe6?s=96&d=mm&r=g","caption":"blogdoere@hotmail.com"},"sameAs":["http:\/\/blogdoere.com.br"]}]}},"featured_image_urls":{"full":["https:\/\/blogdoere.com.br\/wp-content\/uploads\/2025\/03\/EGNALDO-FRANCA-636x424-1.jpg",636,424,false],"thumbnail":["https:\/\/blogdoere.com.br\/wp-content\/uploads\/2025\/03\/EGNALDO-FRANCA-636x424-1-150x150.jpg",150,150,true],"medium":["https:\/\/blogdoere.com.br\/wp-content\/uploads\/2025\/03\/EGNALDO-FRANCA-636x424-1-300x200.jpg",300,200,true],"medium_large":["https:\/\/blogdoere.com.br\/wp-content\/uploads\/2025\/03\/EGNALDO-FRANCA-636x424-1.jpg",636,424,false],"large":["https:\/\/blogdoere.com.br\/wp-content\/uploads\/2025\/03\/EGNALDO-FRANCA-636x424-1.jpg",636,424,false],"1536x1536":["https:\/\/blogdoere.com.br\/wp-content\/uploads\/2025\/03\/EGNALDO-FRANCA-636x424-1.jpg",636,424,false],"2048x2048":["https:\/\/blogdoere.com.br\/wp-content\/uploads\/2025\/03\/EGNALDO-FRANCA-636x424-1.jpg",636,424,false]},"author_info":{"display_name":"blogdoere@hotmail.com","author_link":"https:\/\/blogdoere.com.br\/?author=1"},"category_info":"<a href=\"https:\/\/blogdoere.com.br\/?cat=37\" rel=\"category\">Cultura<\/a>","tag_info":"Cultura","comment_count":"0","_links":{"self":[{"href":"https:\/\/blogdoere.com.br\/index.php?rest_route=\/wp\/v2\/posts\/28966","targetHints":{"allow":["GET"]}}],"collection":[{"href":"https:\/\/blogdoere.com.br\/index.php?rest_route=\/wp\/v2\/posts"}],"about":[{"href":"https:\/\/blogdoere.com.br\/index.php?rest_route=\/wp\/v2\/types\/post"}],"author":[{"embeddable":true,"href":"https:\/\/blogdoere.com.br\/index.php?rest_route=\/wp\/v2\/users\/1"}],"replies":[{"embeddable":true,"href":"https:\/\/blogdoere.com.br\/index.php?rest_route=%2Fwp%2Fv2%2Fcomments&post=28966"}],"version-history":[{"count":2,"href":"https:\/\/blogdoere.com.br\/index.php?rest_route=\/wp\/v2\/posts\/28966\/revisions"}],"predecessor-version":[{"id":28970,"href":"https:\/\/blogdoere.com.br\/index.php?rest_route=\/wp\/v2\/posts\/28966\/revisions\/28970"}],"wp:featuredmedia":[{"embeddable":true,"href":"https:\/\/blogdoere.com.br\/index.php?rest_route=\/wp\/v2\/media\/28967"}],"wp:attachment":[{"href":"https:\/\/blogdoere.com.br\/index.php?rest_route=%2Fwp%2Fv2%2Fmedia&parent=28966"}],"wp:term":[{"taxonomy":"category","embeddable":true,"href":"https:\/\/blogdoere.com.br\/index.php?rest_route=%2Fwp%2Fv2%2Fcategories&post=28966"},{"taxonomy":"post_tag","embeddable":true,"href":"https:\/\/blogdoere.com.br\/index.php?rest_route=%2Fwp%2Fv2%2Ftags&post=28966"}],"curies":[{"name":"wp","href":"https:\/\/api.w.org\/{rel}","templated":true}]}}