{"id":28975,"date":"2025-04-04T13:43:54","date_gmt":"2025-04-04T13:43:54","guid":{"rendered":"https:\/\/blogdoere.com.br\/?p=28975"},"modified":"2025-04-04T13:49:02","modified_gmt":"2025-04-04T13:49:02","slug":"itajuipe-vereador-cassado-pelo-regime-militar-pode-ter-mandato-devolvido","status":"publish","type":"post","link":"https:\/\/blogdoere.com.br\/?p=28975","title":{"rendered":"Itaju\u00edpe: Vereador cassado pelo Regime Militar  pode ter mandato devolvido"},"content":{"rendered":"\n<figure class=\"wp-block-image size-large\"><img decoding=\"async\" width=\"934\" height=\"1024\" src=\"https:\/\/blogdoere.com.br\/wp-content\/uploads\/2025\/04\/IMG-20250404-WA0048-934x1024.jpg\" alt=\"\" class=\"wp-image-28977\" srcset=\"https:\/\/blogdoere.com.br\/wp-content\/uploads\/2025\/04\/IMG-20250404-WA0048-934x1024.jpg 934w, https:\/\/blogdoere.com.br\/wp-content\/uploads\/2025\/04\/IMG-20250404-WA0048-274x300.jpg 274w, https:\/\/blogdoere.com.br\/wp-content\/uploads\/2025\/04\/IMG-20250404-WA0048-768x842.jpg 768w, https:\/\/blogdoere.com.br\/wp-content\/uploads\/2025\/04\/IMG-20250404-WA0048.jpg 1080w\" sizes=\"(max-width: 934px) 100vw, 934px\" \/><\/figure>\n\n\n\n<p>Em uma proposta inovadora, o mestre em hist\u00f3ria Igor G\u00f3es (foto), sugeriu aos vereadores de Itaju\u00edpe a devolu\u00e7\u00e3o simb\u00f3lica do mandato do saudoso vereador Clodualdo Cardoso, cassado durante o regime militar em 1964. Clodualdo, que foi eleito de forma democr\u00e1tica em 1962 pelo Partido Trabalhista Brasileiro (PTB), representava os interesses dos trabalhadores e das camadas populares da sociedade.<\/p>\n\n\n\n<p>Segundo G\u00f3es, a interrup\u00e7\u00e3o do mandato de Clodualdo Cardoso e sua pris\u00e3o foram eventos marcantes e injustos que precisam ser reparados. A devolu\u00e7\u00e3o simb\u00f3lica do mandato, conforme argumenta, visa realizar um ato de repara\u00e7\u00e3o hist\u00f3rica, alinhando-se a iniciativas semelhantes que t\u00eam sido adotadas em diversas esferas legislativas do Brasil em reconhecimento a outros injusti\u00e7ados pela ditadura.<\/p>\n\n\n\n<p>O historiador destaca a import\u00e2ncia desse gesto para a preserva\u00e7\u00e3o da mem\u00f3ria pol\u00edtica de Itaju\u00edpe, considerando-o fundamental para a constru\u00e7\u00e3o de uma mem\u00f3ria coletiva mais justa e coerente com os valores democr\u00e1ticos.Clodualdo Cardoso, al\u00e9m de sua atua\u00e7\u00e3o pol\u00edtica, foi um dos fundadores da Sociedade Alian\u00e7a dos Artistas e Oper\u00e1rios de Pirangi em 1930, uma entidade sem fins lucrativos dedicada a atividades culturais e sociais no munic\u00edpio.<\/p>\n\n\n\n<p>A proposta de Igor G\u00f3es poder\u00e1 abrir um precedente para discuss\u00f5es sobre a repara\u00e7\u00e3o hist\u00f3rica e a import\u00e2ncia de reconhecer e valorizar a luta de figuras que, como Clodualdo Cardoso, se dedicaram ao bem-estar da popula\u00e7\u00e3o em tempos dif\u00edceis.<\/p>\n","protected":false},"excerpt":{"rendered":"<p>Em uma proposta inovadora, o mestre em hist\u00f3ria Igor G\u00f3es (foto), sugeriu aos vereadores de Itaju\u00edpe a devolu\u00e7\u00e3o simb\u00f3lica do mandato do saudoso vereador Clodualdo Cardoso, cassado durante o regime&#8230;<\/p>\n","protected":false},"author":1,"featured_media":28977,"comment_status":"open","ping_status":"open","sticky":false,"template":"","format":"standard","meta":{"_editorskit_title_hidden":false,"_editorskit_reading_time":0,"_editorskit_is_block_options_detached":false,"_editorskit_block_options_position":"{}","om_disable_all_campaigns":false,"_mi_skip_tracking":false,"_kad_post_transparent":"","_kad_post_title":"","_kad_post_layout":"","_kad_post_sidebar_id":"","_kad_post_content_style":"","_kad_post_vertical_padding":"","_kad_post_feature":"","_kad_post_feature_position":"","_kad_post_header":false,"_kad_post_footer":false,"footnotes":""},"categories":[74],"tags":[],"class_list":["post-28975","post","type-post","status-publish","format-standard","has-post-thumbnail","hentry","category-direito"],"yoast_head":"<!-- This site is optimized with the Yoast SEO plugin v20.5 - https:\/\/yoast.com\/wordpress\/plugins\/seo\/ -->\n<title>Itaju\u00edpe: Vereador cassado pelo Regime Militar pode ter mandato devolvido - blog do er\u00ea<\/title>\n<meta name=\"robots\" content=\"index, follow, max-snippet:-1, max-image-preview:large, max-video-preview:-1\" \/>\n<link rel=\"canonical\" href=\"https:\/\/blogdoere.com.br\/?p=28975\" \/>\n<meta property=\"og:locale\" content=\"pt_PT\" \/>\n<meta property=\"og:type\" content=\"article\" \/>\n<meta property=\"og:title\" content=\"Itaju\u00edpe: Vereador cassado pelo Regime Militar pode ter mandato devolvido - blog do er\u00ea\" \/>\n<meta property=\"og:description\" content=\"Em uma proposta inovadora, o mestre em hist\u00f3ria Igor G\u00f3es (foto), sugeriu aos vereadores de Itaju\u00edpe a devolu\u00e7\u00e3o simb\u00f3lica do mandato do saudoso vereador Clodualdo Cardoso, cassado durante o regime...\" \/>\n<meta property=\"og:url\" content=\"https:\/\/blogdoere.com.br\/?p=28975\" \/>\n<meta property=\"og:site_name\" content=\"blog do er\u00ea\" \/>\n<meta property=\"article:published_time\" content=\"2025-04-04T13:43:54+00:00\" \/>\n<meta property=\"article:modified_time\" content=\"2025-04-04T13:49:02+00:00\" \/>\n<meta property=\"og:image\" content=\"https:\/\/blogdoere.com.br\/wp-content\/uploads\/2025\/04\/IMG-20250404-WA0048.jpg\" \/>\n\t<meta property=\"og:image:width\" content=\"1080\" \/>\n\t<meta property=\"og:image:height\" content=\"1184\" \/>\n\t<meta property=\"og:image:type\" content=\"image\/jpeg\" \/>\n<meta name=\"author\" content=\"blogdoere@hotmail.com\" \/>\n<meta name=\"twitter:card\" content=\"summary_large_image\" \/>\n<meta name=\"twitter:label1\" content=\"Escrito por\" \/>\n\t<meta name=\"twitter:data1\" content=\"blogdoere@hotmail.com\" \/>\n\t<meta name=\"twitter:label2\" content=\"Tempo estimado de leitura\" \/>\n\t<meta name=\"twitter:data2\" content=\"2 minutos\" \/>\n<script type=\"application\/ld+json\" class=\"yoast-schema-graph\">{\"@context\":\"https:\/\/schema.org\",\"@graph\":[{\"@type\":\"Article\",\"@id\":\"https:\/\/blogdoere.com.br\/?p=28975#article\",\"isPartOf\":{\"@id\":\"https:\/\/blogdoere.com.br\/?p=28975\"},\"author\":{\"name\":\"blogdoere@hotmail.com\",\"@id\":\"https:\/\/blogdoere.com.br\/#\/schema\/person\/c4f6d566a44c7bacdda563667715d18b\"},\"headline\":\"Itaju\u00edpe: Vereador cassado pelo Regime Militar pode ter mandato devolvido\",\"datePublished\":\"2025-04-04T13:43:54+00:00\",\"dateModified\":\"2025-04-04T13:49:02+00:00\",\"mainEntityOfPage\":{\"@id\":\"https:\/\/blogdoere.com.br\/?p=28975\"},\"wordCount\":264,\"commentCount\":0,\"publisher\":{\"@id\":\"https:\/\/blogdoere.com.br\/#organization\"},\"articleSection\":[\"Direito\"],\"inLanguage\":\"pt-PT\",\"potentialAction\":[{\"@type\":\"CommentAction\",\"name\":\"Comment\",\"target\":[\"https:\/\/blogdoere.com.br\/?p=28975#respond\"]}]},{\"@type\":\"WebPage\",\"@id\":\"https:\/\/blogdoere.com.br\/?p=28975\",\"url\":\"https:\/\/blogdoere.com.br\/?p=28975\",\"name\":\"Itaju\u00edpe: Vereador cassado pelo Regime Militar pode ter mandato devolvido - blog do er\u00ea\",\"isPartOf\":{\"@id\":\"https:\/\/blogdoere.com.br\/#website\"},\"datePublished\":\"2025-04-04T13:43:54+00:00\",\"dateModified\":\"2025-04-04T13:49:02+00:00\",\"breadcrumb\":{\"@id\":\"https:\/\/blogdoere.com.br\/?p=28975#breadcrumb\"},\"inLanguage\":\"pt-PT\",\"potentialAction\":[{\"@type\":\"ReadAction\",\"target\":[\"https:\/\/blogdoere.com.br\/?p=28975\"]}]},{\"@type\":\"BreadcrumbList\",\"@id\":\"https:\/\/blogdoere.com.br\/?p=28975#breadcrumb\",\"itemListElement\":[{\"@type\":\"ListItem\",\"position\":1,\"name\":\"In\u00edcio\",\"item\":\"https:\/\/blogdoere.com.br\/\"},{\"@type\":\"ListItem\",\"position\":2,\"name\":\"Itaju\u00edpe: Vereador cassado pelo Regime Militar pode ter mandato devolvido\"}]},{\"@type\":\"WebSite\",\"@id\":\"https:\/\/blogdoere.com.br\/#website\",\"url\":\"https:\/\/blogdoere.com.br\/\",\"name\":\"blog do er\u00ea\",\"description\":\"\",\"publisher\":{\"@id\":\"https:\/\/blogdoere.com.br\/#organization\"},\"potentialAction\":[{\"@type\":\"SearchAction\",\"target\":{\"@type\":\"EntryPoint\",\"urlTemplate\":\"https:\/\/blogdoere.com.br\/?s={search_term_string}\"},\"query-input\":\"required name=search_term_string\"}],\"inLanguage\":\"pt-PT\"},{\"@type\":\"Organization\",\"@id\":\"https:\/\/blogdoere.com.br\/#organization\",\"name\":\"Blog do Er\u00ea\",\"url\":\"https:\/\/blogdoere.com.br\/\",\"logo\":{\"@type\":\"ImageObject\",\"inLanguage\":\"pt-PT\",\"@id\":\"https:\/\/blogdoere.com.br\/#\/schema\/logo\/image\/\",\"url\":\"https:\/\/blogdoere.com.br\/wp-content\/uploads\/2021\/11\/Logo-Ere-1.png\",\"contentUrl\":\"https:\/\/blogdoere.com.br\/wp-content\/uploads\/2021\/11\/Logo-Ere-1.png\",\"width\":1261,\"height\":1330,\"caption\":\"Blog do Er\u00ea\"},\"image\":{\"@id\":\"https:\/\/blogdoere.com.br\/#\/schema\/logo\/image\/\"}},{\"@type\":\"Person\",\"@id\":\"https:\/\/blogdoere.com.br\/#\/schema\/person\/c4f6d566a44c7bacdda563667715d18b\",\"name\":\"blogdoere@hotmail.com\",\"image\":{\"@type\":\"ImageObject\",\"inLanguage\":\"pt-PT\",\"@id\":\"https:\/\/blogdoere.com.br\/#\/schema\/person\/image\/\",\"url\":\"https:\/\/secure.gravatar.com\/avatar\/5684bd39df1289cb639b4ab539d6fcad69420e4a29521548fc078c58ed122fe6?s=96&d=mm&r=g\",\"contentUrl\":\"https:\/\/secure.gravatar.com\/avatar\/5684bd39df1289cb639b4ab539d6fcad69420e4a29521548fc078c58ed122fe6?s=96&d=mm&r=g\",\"caption\":\"blogdoere@hotmail.com\"},\"sameAs\":[\"http:\/\/blogdoere.com.br\"]}]}<\/script>\n<!-- \/ Yoast SEO plugin. -->","yoast_head_json":{"title":"Itaju\u00edpe: Vereador cassado pelo Regime Militar pode ter mandato devolvido - blog do er\u00ea","robots":{"index":"index","follow":"follow","max-snippet":"max-snippet:-1","max-image-preview":"max-image-preview:large","max-video-preview":"max-video-preview:-1"},"canonical":"https:\/\/blogdoere.com.br\/?p=28975","og_locale":"pt_PT","og_type":"article","og_title":"Itaju\u00edpe: Vereador cassado pelo Regime Militar pode ter mandato devolvido - blog do er\u00ea","og_description":"Em uma proposta inovadora, o mestre em hist\u00f3ria Igor G\u00f3es (foto), sugeriu aos vereadores de Itaju\u00edpe a devolu\u00e7\u00e3o simb\u00f3lica do mandato do saudoso vereador Clodualdo Cardoso, cassado durante o regime...","og_url":"https:\/\/blogdoere.com.br\/?p=28975","og_site_name":"blog do er\u00ea","article_published_time":"2025-04-04T13:43:54+00:00","article_modified_time":"2025-04-04T13:49:02+00:00","og_image":[{"width":1080,"height":1184,"url":"https:\/\/blogdoere.com.br\/wp-content\/uploads\/2025\/04\/IMG-20250404-WA0048.jpg","type":"image\/jpeg"}],"author":"blogdoere@hotmail.com","twitter_card":"summary_large_image","twitter_misc":{"Escrito por":"blogdoere@hotmail.com","Tempo estimado de leitura":"2 minutos"},"schema":{"@context":"https:\/\/schema.org","@graph":[{"@type":"Article","@id":"https:\/\/blogdoere.com.br\/?p=28975#article","isPartOf":{"@id":"https:\/\/blogdoere.com.br\/?p=28975"},"author":{"name":"blogdoere@hotmail.com","@id":"https:\/\/blogdoere.com.br\/#\/schema\/person\/c4f6d566a44c7bacdda563667715d18b"},"headline":"Itaju\u00edpe: Vereador cassado pelo Regime Militar pode ter mandato devolvido","datePublished":"2025-04-04T13:43:54+00:00","dateModified":"2025-04-04T13:49:02+00:00","mainEntityOfPage":{"@id":"https:\/\/blogdoere.com.br\/?p=28975"},"wordCount":264,"commentCount":0,"publisher":{"@id":"https:\/\/blogdoere.com.br\/#organization"},"articleSection":["Direito"],"inLanguage":"pt-PT","potentialAction":[{"@type":"CommentAction","name":"Comment","target":["https:\/\/blogdoere.com.br\/?p=28975#respond"]}]},{"@type":"WebPage","@id":"https:\/\/blogdoere.com.br\/?p=28975","url":"https:\/\/blogdoere.com.br\/?p=28975","name":"Itaju\u00edpe: Vereador cassado pelo Regime Militar pode ter mandato devolvido - blog do er\u00ea","isPartOf":{"@id":"https:\/\/blogdoere.com.br\/#website"},"datePublished":"2025-04-04T13:43:54+00:00","dateModified":"2025-04-04T13:49:02+00:00","breadcrumb":{"@id":"https:\/\/blogdoere.com.br\/?p=28975#breadcrumb"},"inLanguage":"pt-PT","potentialAction":[{"@type":"ReadAction","target":["https:\/\/blogdoere.com.br\/?p=28975"]}]},{"@type":"BreadcrumbList","@id":"https:\/\/blogdoere.com.br\/?p=28975#breadcrumb","itemListElement":[{"@type":"ListItem","position":1,"name":"In\u00edcio","item":"https:\/\/blogdoere.com.br\/"},{"@type":"ListItem","position":2,"name":"Itaju\u00edpe: Vereador cassado pelo Regime Militar pode ter mandato devolvido"}]},{"@type":"WebSite","@id":"https:\/\/blogdoere.com.br\/#website","url":"https:\/\/blogdoere.com.br\/","name":"blog do er\u00ea","description":"","publisher":{"@id":"https:\/\/blogdoere.com.br\/#organization"},"potentialAction":[{"@type":"SearchAction","target":{"@type":"EntryPoint","urlTemplate":"https:\/\/blogdoere.com.br\/?s={search_term_string}"},"query-input":"required name=search_term_string"}],"inLanguage":"pt-PT"},{"@type":"Organization","@id":"https:\/\/blogdoere.com.br\/#organization","name":"Blog do Er\u00ea","url":"https:\/\/blogdoere.com.br\/","logo":{"@type":"ImageObject","inLanguage":"pt-PT","@id":"https:\/\/blogdoere.com.br\/#\/schema\/logo\/image\/","url":"https:\/\/blogdoere.com.br\/wp-content\/uploads\/2021\/11\/Logo-Ere-1.png","contentUrl":"https:\/\/blogdoere.com.br\/wp-content\/uploads\/2021\/11\/Logo-Ere-1.png","width":1261,"height":1330,"caption":"Blog do Er\u00ea"},"image":{"@id":"https:\/\/blogdoere.com.br\/#\/schema\/logo\/image\/"}},{"@type":"Person","@id":"https:\/\/blogdoere.com.br\/#\/schema\/person\/c4f6d566a44c7bacdda563667715d18b","name":"blogdoere@hotmail.com","image":{"@type":"ImageObject","inLanguage":"pt-PT","@id":"https:\/\/blogdoere.com.br\/#\/schema\/person\/image\/","url":"https:\/\/secure.gravatar.com\/avatar\/5684bd39df1289cb639b4ab539d6fcad69420e4a29521548fc078c58ed122fe6?s=96&d=mm&r=g","contentUrl":"https:\/\/secure.gravatar.com\/avatar\/5684bd39df1289cb639b4ab539d6fcad69420e4a29521548fc078c58ed122fe6?s=96&d=mm&r=g","caption":"blogdoere@hotmail.com"},"sameAs":["http:\/\/blogdoere.com.br"]}]}},"featured_image_urls":{"full":["https:\/\/blogdoere.com.br\/wp-content\/uploads\/2025\/04\/IMG-20250404-WA0048.jpg",1080,1184,false],"thumbnail":["https:\/\/blogdoere.com.br\/wp-content\/uploads\/2025\/04\/IMG-20250404-WA0048-150x150.jpg",150,150,true],"medium":["https:\/\/blogdoere.com.br\/wp-content\/uploads\/2025\/04\/IMG-20250404-WA0048-274x300.jpg",274,300,true],"medium_large":["https:\/\/blogdoere.com.br\/wp-content\/uploads\/2025\/04\/IMG-20250404-WA0048-768x842.jpg",768,842,true],"large":["https:\/\/blogdoere.com.br\/wp-content\/uploads\/2025\/04\/IMG-20250404-WA0048-934x1024.jpg",934,1024,true],"1536x1536":["https:\/\/blogdoere.com.br\/wp-content\/uploads\/2025\/04\/IMG-20250404-WA0048.jpg",1080,1184,false],"2048x2048":["https:\/\/blogdoere.com.br\/wp-content\/uploads\/2025\/04\/IMG-20250404-WA0048.jpg",1080,1184,false]},"author_info":{"display_name":"blogdoere@hotmail.com","author_link":"https:\/\/blogdoere.com.br\/?author=1"},"category_info":"<a href=\"https:\/\/blogdoere.com.br\/?cat=74\" rel=\"category\">Direito<\/a>","tag_info":"Direito","comment_count":"0","_links":{"self":[{"href":"https:\/\/blogdoere.com.br\/index.php?rest_route=\/wp\/v2\/posts\/28975","targetHints":{"allow":["GET"]}}],"collection":[{"href":"https:\/\/blogdoere.com.br\/index.php?rest_route=\/wp\/v2\/posts"}],"about":[{"href":"https:\/\/blogdoere.com.br\/index.php?rest_route=\/wp\/v2\/types\/post"}],"author":[{"embeddable":true,"href":"https:\/\/blogdoere.com.br\/index.php?rest_route=\/wp\/v2\/users\/1"}],"replies":[{"embeddable":true,"href":"https:\/\/blogdoere.com.br\/index.php?rest_route=%2Fwp%2Fv2%2Fcomments&post=28975"}],"version-history":[{"count":2,"href":"https:\/\/blogdoere.com.br\/index.php?rest_route=\/wp\/v2\/posts\/28975\/revisions"}],"predecessor-version":[{"id":28979,"href":"https:\/\/blogdoere.com.br\/index.php?rest_route=\/wp\/v2\/posts\/28975\/revisions\/28979"}],"wp:featuredmedia":[{"embeddable":true,"href":"https:\/\/blogdoere.com.br\/index.php?rest_route=\/wp\/v2\/media\/28977"}],"wp:attachment":[{"href":"https:\/\/blogdoere.com.br\/index.php?rest_route=%2Fwp%2Fv2%2Fmedia&parent=28975"}],"wp:term":[{"taxonomy":"category","embeddable":true,"href":"https:\/\/blogdoere.com.br\/index.php?rest_route=%2Fwp%2Fv2%2Fcategories&post=28975"},{"taxonomy":"post_tag","embeddable":true,"href":"https:\/\/blogdoere.com.br\/index.php?rest_route=%2Fwp%2Fv2%2Ftags&post=28975"}],"curies":[{"name":"wp","href":"https:\/\/api.w.org\/{rel}","templated":true}]}}