{"id":28992,"date":"2025-04-08T16:13:11","date_gmt":"2025-04-08T16:13:11","guid":{"rendered":"https:\/\/blogdoere.com.br\/?p=28992"},"modified":"2025-04-08T18:27:31","modified_gmt":"2025-04-08T18:27:31","slug":"itajuipe-camara-de-vereadores-discute-plano-de-cargo-e-salario-da-saude","status":"publish","type":"post","link":"https:\/\/blogdoere.com.br\/?p=28992","title":{"rendered":"Itaju\u00edpe: C\u00e2mara de Vereadores  discute Plano de Cargo e Sal\u00e1rio da Sa\u00fade"},"content":{"rendered":"\n<figure class=\"wp-block-gallery has-nested-images columns-default is-cropped wp-block-gallery-1 is-layout-flex wp-block-gallery-is-layout-flex\">\n<figure class=\"wp-block-image size-large\"><img decoding=\"async\" width=\"1024\" height=\"768\" data-id=\"28995\" src=\"https:\/\/blogdoere.com.br\/wp-content\/uploads\/2025\/04\/IMG_20250408_122223_271-1024x768.jpg\" alt=\"\" class=\"wp-image-28995\" srcset=\"https:\/\/blogdoere.com.br\/wp-content\/uploads\/2025\/04\/IMG_20250408_122223_271-1024x768.jpg 1024w, https:\/\/blogdoere.com.br\/wp-content\/uploads\/2025\/04\/IMG_20250408_122223_271-300x225.jpg 300w, https:\/\/blogdoere.com.br\/wp-content\/uploads\/2025\/04\/IMG_20250408_122223_271-768x576.jpg 768w, https:\/\/blogdoere.com.br\/wp-content\/uploads\/2025\/04\/IMG_20250408_122223_271-1536x1152.jpg 1536w, https:\/\/blogdoere.com.br\/wp-content\/uploads\/2025\/04\/IMG_20250408_122223_271-2048x1536.jpg 2048w\" sizes=\"(max-width: 1024px) 100vw, 1024px\" \/><\/figure>\n<\/figure>\n\n\n\n<p>Na manh\u00e3 desta ter\u00e7a-feira, 8 de mar\u00e7o, a C\u00e2mara de Vereadores de Itaju\u00edpe sediou a segunda reuni\u00e3o dedicada \u00e0 discuss\u00e3o do Plano de Cargo e Sal\u00e1rio da Sa\u00fade. O encontro, que visou aprimorar as condi\u00e7\u00f5es de trabalho e remunera\u00e7\u00e3o dos profissionais da \u00e1rea, resultou na cria\u00e7\u00e3o de uma comiss\u00e3o composta por grupos de trabalho, incluindo representantes do governo e dos servidores da sa\u00fade.<\/p>\n\n\n\n<p>A reuni\u00e3o foi presidida pelo vereador Tenente Portela (MDB), e contou com a participa\u00e7\u00e3o do procurador jur\u00eddico do munic\u00edpio, Dr. Pedro Vivas, al\u00e9m do contador Andr\u00e9 Vinicius e do diretor financeiro da sa\u00fade, Alex Gonzaga. Tamb\u00e9m esteve presente o assessor jur\u00eddico dos servidores da sa\u00fade, Heraldo Fraga e diversos servidores da sa\u00fade. <\/p>\n\n\n\n<p>A secret\u00e1ria de Sa\u00fade, Lucimara Hage; vereadores, Ivan J\u00fanior, Jos\u00e9lia Ribeiro, Lusiane Maia, Adriano dos Santos, Camila Ferrarese, Joacy Caires, P\u00e1dua Galo e Roney Barbosa, marcaram presen\u00e7a, demonstrando o interesse e o comprometimento com a valoriza\u00e7\u00e3o dos profissionais da sa\u00fade.<\/p>\n\n\n\n<p>A cria\u00e7\u00e3o da comiss\u00e3o \u00e9 um passo importante para garantir que as demandas dos servidores sejam ouvidas e que um plano justo e eficaz seja implementado, refletindo a necessidade de uma gest\u00e3o mais eficiente e humana. <\/p>\n","protected":false},"excerpt":{"rendered":"<p>Na manh\u00e3 desta ter\u00e7a-feira, 8 de mar\u00e7o, a C\u00e2mara de Vereadores de Itaju\u00edpe sediou a segunda reuni\u00e3o dedicada \u00e0 discuss\u00e3o do Plano de Cargo e Sal\u00e1rio da Sa\u00fade. O encontro,&#8230;<\/p>\n","protected":false},"author":1,"featured_media":28994,"comment_status":"open","ping_status":"open","sticky":false,"template":"","format":"standard","meta":{"_editorskit_title_hidden":false,"_editorskit_reading_time":0,"_editorskit_is_block_options_detached":false,"_editorskit_block_options_position":"{}","om_disable_all_campaigns":false,"_mi_skip_tracking":false,"_kad_post_transparent":"","_kad_post_title":"","_kad_post_layout":"","_kad_post_sidebar_id":"","_kad_post_content_style":"","_kad_post_vertical_padding":"","_kad_post_feature":"","_kad_post_feature_position":"","_kad_post_header":false,"_kad_post_footer":false,"footnotes":""},"categories":[69],"tags":[42,80,41],"class_list":["post-28992","post","type-post","status-publish","format-standard","has-post-thumbnail","hentry","category-saude-2","tag-bahia","tag-itajuipe","tag-saude"],"yoast_head":"<!-- This site is optimized with the Yoast SEO plugin v20.5 - https:\/\/yoast.com\/wordpress\/plugins\/seo\/ -->\n<title>Itaju\u00edpe: C\u00e2mara de Vereadores discute Plano de Cargo e Sal\u00e1rio da Sa\u00fade - blog do er\u00ea<\/title>\n<meta name=\"robots\" content=\"index, follow, max-snippet:-1, max-image-preview:large, max-video-preview:-1\" \/>\n<link rel=\"canonical\" href=\"https:\/\/blogdoere.com.br\/?p=28992\" \/>\n<meta property=\"og:locale\" content=\"pt_PT\" \/>\n<meta property=\"og:type\" content=\"article\" \/>\n<meta property=\"og:title\" content=\"Itaju\u00edpe: C\u00e2mara de Vereadores discute Plano de Cargo e Sal\u00e1rio da Sa\u00fade - blog do er\u00ea\" \/>\n<meta property=\"og:description\" content=\"Na manh\u00e3 desta ter\u00e7a-feira, 8 de mar\u00e7o, a C\u00e2mara de Vereadores de Itaju\u00edpe sediou a segunda reuni\u00e3o dedicada \u00e0 discuss\u00e3o do Plano de Cargo e Sal\u00e1rio da Sa\u00fade. O encontro,...\" \/>\n<meta property=\"og:url\" content=\"https:\/\/blogdoere.com.br\/?p=28992\" \/>\n<meta property=\"og:site_name\" content=\"blog do er\u00ea\" \/>\n<meta property=\"article:published_time\" content=\"2025-04-08T16:13:11+00:00\" \/>\n<meta property=\"article:modified_time\" content=\"2025-04-08T18:27:31+00:00\" \/>\n<meta property=\"og:image\" content=\"https:\/\/blogdoere.com.br\/wp-content\/uploads\/2025\/04\/IMG_20250408_124549_083-1-scaled.jpg\" \/>\n\t<meta property=\"og:image:width\" content=\"2560\" \/>\n\t<meta property=\"og:image:height\" content=\"1920\" \/>\n\t<meta property=\"og:image:type\" content=\"image\/jpeg\" \/>\n<meta name=\"author\" content=\"blogdoere@hotmail.com\" \/>\n<meta name=\"twitter:card\" content=\"summary_large_image\" \/>\n<meta name=\"twitter:label1\" content=\"Escrito por\" \/>\n\t<meta name=\"twitter:data1\" content=\"blogdoere@hotmail.com\" \/>\n\t<meta name=\"twitter:label2\" content=\"Tempo estimado de leitura\" \/>\n\t<meta name=\"twitter:data2\" content=\"2 minutos\" \/>\n<script type=\"application\/ld+json\" class=\"yoast-schema-graph\">{\"@context\":\"https:\/\/schema.org\",\"@graph\":[{\"@type\":\"Article\",\"@id\":\"https:\/\/blogdoere.com.br\/?p=28992#article\",\"isPartOf\":{\"@id\":\"https:\/\/blogdoere.com.br\/?p=28992\"},\"author\":{\"name\":\"blogdoere@hotmail.com\",\"@id\":\"https:\/\/blogdoere.com.br\/#\/schema\/person\/c4f6d566a44c7bacdda563667715d18b\"},\"headline\":\"Itaju\u00edpe: C\u00e2mara de Vereadores discute Plano de Cargo e Sal\u00e1rio da Sa\u00fade\",\"datePublished\":\"2025-04-08T16:13:11+00:00\",\"dateModified\":\"2025-04-08T18:27:31+00:00\",\"mainEntityOfPage\":{\"@id\":\"https:\/\/blogdoere.com.br\/?p=28992\"},\"wordCount\":238,\"commentCount\":0,\"publisher\":{\"@id\":\"https:\/\/blogdoere.com.br\/#organization\"},\"keywords\":[\"Bahia\",\"itajuipe\",\"Sa\u00fade\"],\"articleSection\":[\"Sa\u00fade\"],\"inLanguage\":\"pt-PT\",\"potentialAction\":[{\"@type\":\"CommentAction\",\"name\":\"Comment\",\"target\":[\"https:\/\/blogdoere.com.br\/?p=28992#respond\"]}]},{\"@type\":\"WebPage\",\"@id\":\"https:\/\/blogdoere.com.br\/?p=28992\",\"url\":\"https:\/\/blogdoere.com.br\/?p=28992\",\"name\":\"Itaju\u00edpe: C\u00e2mara de Vereadores discute Plano de Cargo e Sal\u00e1rio da Sa\u00fade - blog do er\u00ea\",\"isPartOf\":{\"@id\":\"https:\/\/blogdoere.com.br\/#website\"},\"datePublished\":\"2025-04-08T16:13:11+00:00\",\"dateModified\":\"2025-04-08T18:27:31+00:00\",\"breadcrumb\":{\"@id\":\"https:\/\/blogdoere.com.br\/?p=28992#breadcrumb\"},\"inLanguage\":\"pt-PT\",\"potentialAction\":[{\"@type\":\"ReadAction\",\"target\":[\"https:\/\/blogdoere.com.br\/?p=28992\"]}]},{\"@type\":\"BreadcrumbList\",\"@id\":\"https:\/\/blogdoere.com.br\/?p=28992#breadcrumb\",\"itemListElement\":[{\"@type\":\"ListItem\",\"position\":1,\"name\":\"In\u00edcio\",\"item\":\"https:\/\/blogdoere.com.br\/\"},{\"@type\":\"ListItem\",\"position\":2,\"name\":\"Itaju\u00edpe: C\u00e2mara de Vereadores discute Plano de Cargo e Sal\u00e1rio da Sa\u00fade\"}]},{\"@type\":\"WebSite\",\"@id\":\"https:\/\/blogdoere.com.br\/#website\",\"url\":\"https:\/\/blogdoere.com.br\/\",\"name\":\"blog do er\u00ea\",\"description\":\"\",\"publisher\":{\"@id\":\"https:\/\/blogdoere.com.br\/#organization\"},\"potentialAction\":[{\"@type\":\"SearchAction\",\"target\":{\"@type\":\"EntryPoint\",\"urlTemplate\":\"https:\/\/blogdoere.com.br\/?s={search_term_string}\"},\"query-input\":\"required name=search_term_string\"}],\"inLanguage\":\"pt-PT\"},{\"@type\":\"Organization\",\"@id\":\"https:\/\/blogdoere.com.br\/#organization\",\"name\":\"Blog do Er\u00ea\",\"url\":\"https:\/\/blogdoere.com.br\/\",\"logo\":{\"@type\":\"ImageObject\",\"inLanguage\":\"pt-PT\",\"@id\":\"https:\/\/blogdoere.com.br\/#\/schema\/logo\/image\/\",\"url\":\"https:\/\/blogdoere.com.br\/wp-content\/uploads\/2021\/11\/Logo-Ere-1.png\",\"contentUrl\":\"https:\/\/blogdoere.com.br\/wp-content\/uploads\/2021\/11\/Logo-Ere-1.png\",\"width\":1261,\"height\":1330,\"caption\":\"Blog do Er\u00ea\"},\"image\":{\"@id\":\"https:\/\/blogdoere.com.br\/#\/schema\/logo\/image\/\"}},{\"@type\":\"Person\",\"@id\":\"https:\/\/blogdoere.com.br\/#\/schema\/person\/c4f6d566a44c7bacdda563667715d18b\",\"name\":\"blogdoere@hotmail.com\",\"image\":{\"@type\":\"ImageObject\",\"inLanguage\":\"pt-PT\",\"@id\":\"https:\/\/blogdoere.com.br\/#\/schema\/person\/image\/\",\"url\":\"https:\/\/secure.gravatar.com\/avatar\/5684bd39df1289cb639b4ab539d6fcad69420e4a29521548fc078c58ed122fe6?s=96&d=mm&r=g\",\"contentUrl\":\"https:\/\/secure.gravatar.com\/avatar\/5684bd39df1289cb639b4ab539d6fcad69420e4a29521548fc078c58ed122fe6?s=96&d=mm&r=g\",\"caption\":\"blogdoere@hotmail.com\"},\"sameAs\":[\"http:\/\/blogdoere.com.br\"]}]}<\/script>\n<!-- \/ Yoast SEO plugin. -->","yoast_head_json":{"title":"Itaju\u00edpe: C\u00e2mara de Vereadores discute Plano de Cargo e Sal\u00e1rio da Sa\u00fade - blog do er\u00ea","robots":{"index":"index","follow":"follow","max-snippet":"max-snippet:-1","max-image-preview":"max-image-preview:large","max-video-preview":"max-video-preview:-1"},"canonical":"https:\/\/blogdoere.com.br\/?p=28992","og_locale":"pt_PT","og_type":"article","og_title":"Itaju\u00edpe: C\u00e2mara de Vereadores discute Plano de Cargo e Sal\u00e1rio da Sa\u00fade - blog do er\u00ea","og_description":"Na manh\u00e3 desta ter\u00e7a-feira, 8 de mar\u00e7o, a C\u00e2mara de Vereadores de Itaju\u00edpe sediou a segunda reuni\u00e3o dedicada \u00e0 discuss\u00e3o do Plano de Cargo e Sal\u00e1rio da Sa\u00fade. O encontro,...","og_url":"https:\/\/blogdoere.com.br\/?p=28992","og_site_name":"blog do er\u00ea","article_published_time":"2025-04-08T16:13:11+00:00","article_modified_time":"2025-04-08T18:27:31+00:00","og_image":[{"width":2560,"height":1920,"url":"https:\/\/blogdoere.com.br\/wp-content\/uploads\/2025\/04\/IMG_20250408_124549_083-1-scaled.jpg","type":"image\/jpeg"}],"author":"blogdoere@hotmail.com","twitter_card":"summary_large_image","twitter_misc":{"Escrito por":"blogdoere@hotmail.com","Tempo estimado de leitura":"2 minutos"},"schema":{"@context":"https:\/\/schema.org","@graph":[{"@type":"Article","@id":"https:\/\/blogdoere.com.br\/?p=28992#article","isPartOf":{"@id":"https:\/\/blogdoere.com.br\/?p=28992"},"author":{"name":"blogdoere@hotmail.com","@id":"https:\/\/blogdoere.com.br\/#\/schema\/person\/c4f6d566a44c7bacdda563667715d18b"},"headline":"Itaju\u00edpe: C\u00e2mara de Vereadores discute Plano de Cargo e Sal\u00e1rio da Sa\u00fade","datePublished":"2025-04-08T16:13:11+00:00","dateModified":"2025-04-08T18:27:31+00:00","mainEntityOfPage":{"@id":"https:\/\/blogdoere.com.br\/?p=28992"},"wordCount":238,"commentCount":0,"publisher":{"@id":"https:\/\/blogdoere.com.br\/#organization"},"keywords":["Bahia","itajuipe","Sa\u00fade"],"articleSection":["Sa\u00fade"],"inLanguage":"pt-PT","potentialAction":[{"@type":"CommentAction","name":"Comment","target":["https:\/\/blogdoere.com.br\/?p=28992#respond"]}]},{"@type":"WebPage","@id":"https:\/\/blogdoere.com.br\/?p=28992","url":"https:\/\/blogdoere.com.br\/?p=28992","name":"Itaju\u00edpe: C\u00e2mara de Vereadores discute Plano de Cargo e Sal\u00e1rio da Sa\u00fade - blog do er\u00ea","isPartOf":{"@id":"https:\/\/blogdoere.com.br\/#website"},"datePublished":"2025-04-08T16:13:11+00:00","dateModified":"2025-04-08T18:27:31+00:00","breadcrumb":{"@id":"https:\/\/blogdoere.com.br\/?p=28992#breadcrumb"},"inLanguage":"pt-PT","potentialAction":[{"@type":"ReadAction","target":["https:\/\/blogdoere.com.br\/?p=28992"]}]},{"@type":"BreadcrumbList","@id":"https:\/\/blogdoere.com.br\/?p=28992#breadcrumb","itemListElement":[{"@type":"ListItem","position":1,"name":"In\u00edcio","item":"https:\/\/blogdoere.com.br\/"},{"@type":"ListItem","position":2,"name":"Itaju\u00edpe: C\u00e2mara de Vereadores discute Plano de Cargo e Sal\u00e1rio da Sa\u00fade"}]},{"@type":"WebSite","@id":"https:\/\/blogdoere.com.br\/#website","url":"https:\/\/blogdoere.com.br\/","name":"blog do er\u00ea","description":"","publisher":{"@id":"https:\/\/blogdoere.com.br\/#organization"},"potentialAction":[{"@type":"SearchAction","target":{"@type":"EntryPoint","urlTemplate":"https:\/\/blogdoere.com.br\/?s={search_term_string}"},"query-input":"required name=search_term_string"}],"inLanguage":"pt-PT"},{"@type":"Organization","@id":"https:\/\/blogdoere.com.br\/#organization","name":"Blog do Er\u00ea","url":"https:\/\/blogdoere.com.br\/","logo":{"@type":"ImageObject","inLanguage":"pt-PT","@id":"https:\/\/blogdoere.com.br\/#\/schema\/logo\/image\/","url":"https:\/\/blogdoere.com.br\/wp-content\/uploads\/2021\/11\/Logo-Ere-1.png","contentUrl":"https:\/\/blogdoere.com.br\/wp-content\/uploads\/2021\/11\/Logo-Ere-1.png","width":1261,"height":1330,"caption":"Blog do Er\u00ea"},"image":{"@id":"https:\/\/blogdoere.com.br\/#\/schema\/logo\/image\/"}},{"@type":"Person","@id":"https:\/\/blogdoere.com.br\/#\/schema\/person\/c4f6d566a44c7bacdda563667715d18b","name":"blogdoere@hotmail.com","image":{"@type":"ImageObject","inLanguage":"pt-PT","@id":"https:\/\/blogdoere.com.br\/#\/schema\/person\/image\/","url":"https:\/\/secure.gravatar.com\/avatar\/5684bd39df1289cb639b4ab539d6fcad69420e4a29521548fc078c58ed122fe6?s=96&d=mm&r=g","contentUrl":"https:\/\/secure.gravatar.com\/avatar\/5684bd39df1289cb639b4ab539d6fcad69420e4a29521548fc078c58ed122fe6?s=96&d=mm&r=g","caption":"blogdoere@hotmail.com"},"sameAs":["http:\/\/blogdoere.com.br"]}]}},"featured_image_urls":{"full":["https:\/\/blogdoere.com.br\/wp-content\/uploads\/2025\/04\/IMG_20250408_124549_083-1-scaled.jpg",2560,1920,false],"thumbnail":["https:\/\/blogdoere.com.br\/wp-content\/uploads\/2025\/04\/IMG_20250408_124549_083-1-150x150.jpg",150,150,true],"medium":["https:\/\/blogdoere.com.br\/wp-content\/uploads\/2025\/04\/IMG_20250408_124549_083-1-300x225.jpg",300,225,true],"medium_large":["https:\/\/blogdoere.com.br\/wp-content\/uploads\/2025\/04\/IMG_20250408_124549_083-1-768x576.jpg",768,576,true],"large":["https:\/\/blogdoere.com.br\/wp-content\/uploads\/2025\/04\/IMG_20250408_124549_083-1-1024x768.jpg",1024,768,true],"1536x1536":["https:\/\/blogdoere.com.br\/wp-content\/uploads\/2025\/04\/IMG_20250408_124549_083-1-1536x1152.jpg",1536,1152,true],"2048x2048":["https:\/\/blogdoere.com.br\/wp-content\/uploads\/2025\/04\/IMG_20250408_124549_083-1-2048x1536.jpg",2048,1536,true]},"author_info":{"display_name":"blogdoere@hotmail.com","author_link":"https:\/\/blogdoere.com.br\/?author=1"},"category_info":"<a href=\"https:\/\/blogdoere.com.br\/?cat=69\" rel=\"category\">Sa\u00fade<\/a>","tag_info":"Sa\u00fade","comment_count":"0","_links":{"self":[{"href":"https:\/\/blogdoere.com.br\/index.php?rest_route=\/wp\/v2\/posts\/28992","targetHints":{"allow":["GET"]}}],"collection":[{"href":"https:\/\/blogdoere.com.br\/index.php?rest_route=\/wp\/v2\/posts"}],"about":[{"href":"https:\/\/blogdoere.com.br\/index.php?rest_route=\/wp\/v2\/types\/post"}],"author":[{"embeddable":true,"href":"https:\/\/blogdoere.com.br\/index.php?rest_route=\/wp\/v2\/users\/1"}],"replies":[{"embeddable":true,"href":"https:\/\/blogdoere.com.br\/index.php?rest_route=%2Fwp%2Fv2%2Fcomments&post=28992"}],"version-history":[{"count":7,"href":"https:\/\/blogdoere.com.br\/index.php?rest_route=\/wp\/v2\/posts\/28992\/revisions"}],"predecessor-version":[{"id":29006,"href":"https:\/\/blogdoere.com.br\/index.php?rest_route=\/wp\/v2\/posts\/28992\/revisions\/29006"}],"wp:featuredmedia":[{"embeddable":true,"href":"https:\/\/blogdoere.com.br\/index.php?rest_route=\/wp\/v2\/media\/28994"}],"wp:attachment":[{"href":"https:\/\/blogdoere.com.br\/index.php?rest_route=%2Fwp%2Fv2%2Fmedia&parent=28992"}],"wp:term":[{"taxonomy":"category","embeddable":true,"href":"https:\/\/blogdoere.com.br\/index.php?rest_route=%2Fwp%2Fv2%2Fcategories&post=28992"},{"taxonomy":"post_tag","embeddable":true,"href":"https:\/\/blogdoere.com.br\/index.php?rest_route=%2Fwp%2Fv2%2Ftags&post=28992"}],"curies":[{"name":"wp","href":"https:\/\/api.w.org\/{rel}","templated":true}]}}